{"d":{"__metadata":{"id":"https://ws.parlament.ch/OData.svc/Subject(ID=34557L,Language='DE')","uri":"https://ws.parlament.ch/OData.svc/Subject(ID=34557L,Language='DE')","type":"itsystems.Pd.DataServices.DataModel.Subject"},"Meetings":{"__metadata":{"id":"https://ws.parlament.ch/OData.svc/Meeting(ID=1969L,Language='DE')","uri":"https://ws.parlament.ch/OData.svc/Meeting(ID=1969L,Language='DE')","type":"itsystems.Pd.DataServices.DataModel.Meeting"},"Sessions":{"__deferred":{"uri":"https://ws.parlament.ch/OData.svc/Meeting(ID=1969L,Language='DE')/Sessions"}},"Subjects":{"__deferred":{"uri":"https://ws.parlament.ch/OData.svc/Meeting(ID=1969L,Language='DE')/Subjects"}},"ID":"1969","Language":"DE","MeetingNumber":5,"IdSession":4919,"SessionNumber":19,"SessionName":"Sommersession 2015","Council":1,"CouncilName":"Nationalrat","CouncilAbbreviation":"NR","Date":"\/Date(1433376000000)\/","Begin":"0800","Modified":"\/Date(1447070457863)\/","LegislativePeriodNumber":49,"PublicationStatus":"final","MeetingOrderText":"F\u00fcnfte Sitzung","SortOrder":5,"Location":"N"},"SubjectsBusiness":{"results":[{"__metadata":{"id":"https://ws.parlament.ch/OData.svc/SubjectBusiness(BusinessNumber=20120427,IdSubject=34557L,Language='DE')","uri":"https://ws.parlament.ch/OData.svc/SubjectBusiness(BusinessNumber=20120427,IdSubject=34557L,Language='DE')","type":"itsystems.Pd.DataServices.DataModel.SubjectBusiness"},"Subjects":{"__deferred":{"uri":"https://ws.parlament.ch/OData.svc/SubjectBusiness(BusinessNumber=20120427,IdSubject=34557L,Language='DE')/Subjects"}},"Businesses":{"__deferred":{"uri":"https://ws.parlament.ch/OData.svc/SubjectBusiness(BusinessNumber=20120427,IdSubject=34557L,Language='DE')/Businesses"}},"IdSubject":"34557","BusinessNumber":20120427,"Language":"DE","BusinessShortNumber":"12.427","Title":"Legislaturplanungsbericht","SortOrder":1,"PublishedNotes":"Differenzen - Divergences\n","Modified":"\/Date(1447069536876)\/","TitleDE":"Parlamentarische Initiative Fraktion\nder Schweizerischen Volkspartei.\nLegislaturplanungsbericht","TitleFR":"Initiative parlementaire groupe\nde l'Union d\u00e9mocratique du Centre.\nRapport sur le programme\nde la l\u00e9gislature","TitleIT":null},{"__metadata":{"id":"https://ws.parlament.ch/OData.svc/SubjectBusiness(BusinessNumber=20120432,IdSubject=34557L,Language='DE')","uri":"https://ws.parlament.ch/OData.svc/SubjectBusiness(BusinessNumber=20120432,IdSubject=34557L,Language='DE')","type":"itsystems.Pd.DataServices.DataModel.SubjectBusiness"},"Subjects":{"__deferred":{"uri":"https://ws.parlament.ch/OData.svc/SubjectBusiness(BusinessNumber=20120432,IdSubject=34557L,Language='DE')/Subjects"}},"Businesses":{"__deferred":{"uri":"https://ws.parlament.ch/OData.svc/SubjectBusiness(BusinessNumber=20120432,IdSubject=34557L,Language='DE')/Businesses"}},"IdSubject":"34557","BusinessNumber":20120432,"Language":"DE","BusinessShortNumber":"12.432","Title":"Regierungs- statt Legislaturprogramm","SortOrder":2,"PublishedNotes":"Differenzen - Divergences\n","Modified":"\/Date(1447069536973)\/","TitleDE":"Parlamentarische Initiative\nCVP/EVP-Fraktion.\nRegierungs- statt Legislaturprogramm","TitleFR":"Initiative parlementaire\ngroupe PDC/PEV.\nProgramme de gouvernement\nau lieu du programme de la l\u00e9gislature","TitleIT":null}]},"Transcripts":{"results":[{"__metadata":{"id":"https://ws.parlament.ch/OData.svc/Transcript(ID=184272L,Language='DE')","uri":"https://ws.parlament.ch/OData.svc/Transcript(ID=184272L,Language='DE')","type":"itsystems.Pd.DataServices.DataModel.Transcript"},"Subjects":{"__deferred":{"uri":"https://ws.parlament.ch/OData.svc/Transcript(ID=184272L,Language='DE')/Subjects"}},"MembersCouncil":{"__deferred":{"uri":"https://ws.parlament.ch/OData.svc/Transcript(ID=184272L,Language='DE')/MembersCouncil"}},"Businesses":{"__deferred":{"uri":"https://ws.parlament.ch/OData.svc/Transcript(ID=184272L,Language='DE')/Businesses"}},"ID":"184272","Language":"DE","IdSubject":"34557","VoteId":"11936","PersonNumber":null,"Type":2,"Text":"<pd_text><p><i>Abstimmung - Vote</i></p>\n<p>[NAM]</p>\n<p>F\u00fcr den Antrag der Mehrheit ... 87 Stimmen</p>\n<p>F\u00fcr den Antrag der Minderheit ... 69 Stimmen</p>\n<p>(0 Enthaltungen)</p>\n<p>[VS]</p>\n<p><b>Le pr\u00e9sident </b>(Rossini St\u00e9phane, pr\u00e9sident): Le projet 1 retourne au Conseil des Etats. L'examen du projet 2 est suspendu en attendant que la derni\u00e8re divergence avec le Conseil des Etats soit \u00e9limin\u00e9e. [PAGE 874] </p>\n</pd_text>","MeetingCouncilAbbreviation":"N","MeetingDate":"20150604","MeetingVerbalixOid":2608,"IdSession":"4919","SpeakerFirstName":null,"SpeakerLastName":null,"SpeakerFullName":"","SpeakerFunction":null,"CouncilId":null,"CouncilName":null,"CantonId":null,"CantonName":null,"CantonAbbreviation":null,"ParlGroupName":null,"ParlGroupAbbreviation":null,"SortOrder":9,"Start":"\/Date(1433405741164)\/","End":"\/Date(1433405901220)\/","Function":null,"DisplaySpeaker":null,"LanguageOfText":null,"Modified":"\/Date(1774877434799)\/","StartTimeWithTimezone":"\/Date(1433405741163+0120)\/","EndTimeWithTimezone":"\/Date(1433405901220+0120)\/","VoteBusinessNumber":20120427,"VoteBusinessShortNumber":"12.427","VoteBusinessTitle":"Parlamentarische Initiative Fraktion\nder Schweizerischen Volkspartei.\nLegislaturplanungsbericht"},{"__metadata":{"id":"https://ws.parlament.ch/OData.svc/Transcript(ID=184273L,Language='DE')","uri":"https://ws.parlament.ch/OData.svc/Transcript(ID=184273L,Language='DE')","type":"itsystems.Pd.DataServices.DataModel.Transcript"},"Subjects":{"__deferred":{"uri":"https://ws.parlament.ch/OData.svc/Transcript(ID=184273L,Language='DE')/Subjects"}},"MembersCouncil":{"__deferred":{"uri":"https://ws.parlament.ch/OData.svc/Transcript(ID=184273L,Language='DE')/MembersCouncil"}},"Businesses":{"__deferred":{"uri":"https://ws.parlament.ch/OData.svc/Transcript(ID=184273L,Language='DE')/Businesses"}},"ID":"184273","Language":"DE","IdSubject":"34557","VoteId":null,"PersonNumber":1346,"Type":1,"Text":"<pd_text><p>Je vous rappelle que nous allons d\u00e9cider de la mani\u00e8re dont nous allons traiter le programme de la l\u00e9gislature lors du d\u00e9but de la prochaine l\u00e9gislature.</p>\n<p>La solution qui vous est propos\u00e9e par la majorit\u00e9 est nouvelle; en effet, nous ne l'avons jamais appliqu\u00e9e lors du traitement du programme de la l\u00e9gislature. Elle tient compte de toutes les critiques \u00e9mises jusqu'ici. C'est une solution nouvelle mais qui n'est pas inconnue puisque nous l'appliquons d\u00e9j\u00e0 avec succ\u00e8s au plan financier.</p>\n<p>La minorit\u00e9 Schneeberger propose d'appliquer le texte des initiatives \u00e0 la lettre. Cette proposition avait d\u00e9j\u00e0 \u00e9t\u00e9 pr\u00e9sent\u00e9e lors du premier d\u00e9bat devant notre conseil, et elle avait \u00e9t\u00e9 rejet\u00e9e. Cette proposition a ensuite \u00e9t\u00e9 reprise par le Conseil des Etats.</p>\n<p>La commission vous propose, par 15 voix contre 8, de suivre la majorit\u00e9 et de mettre en oeuvre cette solution novatrice.</p>\n</pd_text>","MeetingCouncilAbbreviation":"N","MeetingDate":"20150604","MeetingVerbalixOid":2608,"IdSession":"4919","SpeakerFirstName":"Isabelle","SpeakerLastName":"Moret","SpeakerFullName":"Moret Isabelle","SpeakerFunction":"Mit-F","CouncilId":1,"CouncilName":"Nationalrat","CantonId":22,"CantonName":"Waadt","CantonAbbreviation":"VD","ParlGroupName":"FDP-Liberale Fraktion","ParlGroupAbbreviation":"RL","SortOrder":8,"Start":"\/Date(1433405670844)\/","End":"\/Date(1433405741164)\/","Function":"*","DisplaySpeaker":true,"LanguageOfText":"FR","Modified":"\/Date(1774877434795)\/","StartTimeWithTimezone":"\/Date(1433405670843+0120)\/","EndTimeWithTimezone":"\/Date(1433405741163+0120)\/","VoteBusinessNumber":null,"VoteBusinessShortNumber":null,"VoteBusinessTitle":null},{"__metadata":{"id":"https://ws.parlament.ch/OData.svc/Transcript(ID=184274L,Language='DE')","uri":"https://ws.parlament.ch/OData.svc/Transcript(ID=184274L,Language='DE')","type":"itsystems.Pd.DataServices.DataModel.Transcript"},"Subjects":{"__deferred":{"uri":"https://ws.parlament.ch/OData.svc/Transcript(ID=184274L,Language='DE')/Subjects"}},"MembersCouncil":{"__deferred":{"uri":"https://ws.parlament.ch/OData.svc/Transcript(ID=184274L,Language='DE')/MembersCouncil"}},"Businesses":{"__deferred":{"uri":"https://ws.parlament.ch/OData.svc/Transcript(ID=184274L,Language='DE')/Businesses"}},"ID":"184274","Language":"DE","IdSubject":"34557","VoteId":null,"PersonNumber":478,"Type":1,"Text":"<pd_text><p>Die Fahne sieht kompliziert aus, die Vorlage ist aber einfach. Es geht im Wesentlichen um Artikel 146 des Parlamentsgesetzes. Wir haben zwei Konzepte, das Konzept St\u00e4nderat und das Konzept Nationalrat. Der St\u00e4nderat will einen Bericht, dieser kann nicht zur\u00fcckgewiesen werden. Es findet keine Differenzbereinigung statt, es wird eine Debatte durchgef\u00fchrt, und am Schluss dieser Debatte wird der Bericht ohne M\u00f6glichkeit einer Erg\u00e4nzung bloss zur Kenntnis genommen. Gem\u00e4ss der Version des Nationalrates wird ein einfacher Bundesbeschluss diskutiert; Eintreten ist obligatorisch, es gibt keine R\u00fcckweisung, allenfalls ein Differenzbereinigungsverfahren mit dem St\u00e4nderat. Das Parlament hat die M\u00f6glichkeit, erg\u00e4nzende Auftr\u00e4ge zu erteilen.</p>\n<p>Die vorberatende Kommission bzw. die Mehrheit beantragt Ihnen, das Konzept des Nationalrates aufrechtzuerhalten, dies mit einem Verh\u00e4ltnis von 15 zu 8 Stimmen. Die Kommissionsminderheit beantragt die Unterst\u00fctzung des Beschlusses des St\u00e4nderates. Warum beantragt Ihnen die Kommissionsmehrheit, an unserem Beschluss festzuhalten?</p>\n<p>1. Mehr Effizienz: Ausgangspunkt der Diskussion war die Unzufriedenheit mit der langen und ineffizienten Debatte bei der Beratung dieses Legislaturplanungsbeschlusses am Anfang der Legislatur. Wenn wir jetzt der Version des St\u00e4nderates folgen, bedeutet dies, dass wir im Plenum eine Diskussion f\u00fchren, um am Ende nichts zu entscheiden. Nicht zu entscheiden ist genau das Gegenteil von Effizienz, Frau Schneeberger. Wenn Sie den urspr\u00fcnglichen Geist der parlamentarischen Initiativen aufrechterhalten wollen, mit der Zielsetzung von mehr Effizienz, m\u00fcssen Sie jetzt der Variante Nationalrat zustimmen.</p>\n<p>2. Der St\u00e4nderat will eben nicht, dass das Parlament als gesetzgebende Beh\u00f6rde erg\u00e4nzende Antr\u00e4ge stellen kann. Der St\u00e4nderat will uns praktisch per Gesetz verbieten, Einfluss zu nehmen. Das lehnen wir ab. </p>\n<p>3. Unbeantwortet bleibt insbesondere die Frage, warum der St\u00e4nderat f\u00fcr die Beratung des Finanzplanes genau dem Verfahren zugestimmt hat, das er jetzt f\u00fcr die Beratung der Legislaturplanung ablehnt. Im September 2014 sagte der St\u00e4nderat f\u00fcr den Finanzplan Ja zum Konzept, das er jetzt f\u00fcr die Legislaturplanung ablehnt. Das ist nicht logisch und ist nicht nachvollziehbar. Sachgerecht ist, wenn beide Planungswerke nach dem gleichen Verfahren behandelt werden.</p>\n<p>4. Gem\u00e4ss Bundesverfassung soll das Parlament bei der politischen Planung aktiv mitwirken. Da gen\u00fcgt blosse Kenntnisnahme nicht. Artikel 173 der Bundesverfassung sagt klar, dass die Bundesversammlung bei den wichtigen Planungen der Staatst\u00e4tigkeit mitzuwirken hat. Wir sollten als gesetzgebende Beh\u00f6rde, als oberste Staatsbeh\u00f6rde die Bundesverfassung respektieren.</p>\n<p>5. Es kann niemand gezwungen werden, bei der Legislaturplanung \u00c4nderungen und Erg\u00e4nzungen anzubringen, wenn er dies nicht will. Aber man sollte vorsehen, dass die M\u00f6glichkeit dazu besteht. Es kann nicht sein, dass diese im Gesetz praktisch ausgeschlossen wird, und es kann auch nicht sein, dass uns der St\u00e4nderat auf diesem Wege vorschreibt, wie wir in diesem Rat den Legislaturplanungsbericht zu behandeln haben. Wir als gesetzgebende Beh\u00f6rde sollten bei der Planung der Gesetzgebung etwas zu sagen haben. </p>\n<p>Ich bitte Sie, der Mehrheit zu folgen.</p>\n</pd_text>","MeetingCouncilAbbreviation":"N","MeetingDate":"20150604","MeetingVerbalixOid":2608,"IdSession":"4919","SpeakerFirstName":"Rudolf","SpeakerLastName":"Joder","SpeakerFullName":"Joder Rudolf","SpeakerFunction":"Mit-M","CouncilId":1,"CouncilName":"Nationalrat","CantonId":2,"CantonName":"Bern","CantonAbbreviation":"BE","ParlGroupName":"Fraktion der Schweizerischen Volkspartei","ParlGroupAbbreviation":"V","SortOrder":7,"Start":"\/Date(1433405417155)\/","End":"\/Date(1433405670844)\/","Function":"*","DisplaySpeaker":true,"LanguageOfText":"DE","Modified":"\/Date(1774877434794)\/","StartTimeWithTimezone":"\/Date(1433405417157+0120)\/","EndTimeWithTimezone":"\/Date(1433405670843+0120)\/","VoteBusinessNumber":null,"VoteBusinessShortNumber":null,"VoteBusinessTitle":null},{"__metadata":{"id":"https://ws.parlament.ch/OData.svc/Transcript(ID=184275L,Language='DE')","uri":"https://ws.parlament.ch/OData.svc/Transcript(ID=184275L,Language='DE')","type":"itsystems.Pd.DataServices.DataModel.Transcript"},"Subjects":{"__deferred":{"uri":"https://ws.parlament.ch/OData.svc/Transcript(ID=184275L,Language='DE')/Subjects"}},"MembersCouncil":{"__deferred":{"uri":"https://ws.parlament.ch/OData.svc/Transcript(ID=184275L,Language='DE')/MembersCouncil"}},"Businesses":{"__deferred":{"uri":"https://ws.parlament.ch/OData.svc/Transcript(ID=184275L,Language='DE')/Businesses"}},"ID":"184275","Language":"DE","IdSubject":"34557","VoteId":null,"PersonNumber":504,"Type":1,"Text":"<pd_text><p><b>Le pr\u00e9sident </b>(Rossini St\u00e9phane, pr\u00e9sident): Le groupe vert'lib\u00e9ral soutient la proposition de la majorit\u00e9. Le groupe lib\u00e9ral-radical soutient la proposition de la minorit\u00e9.</p>\n</pd_text>","MeetingCouncilAbbreviation":"N","MeetingDate":"20150604","MeetingVerbalixOid":2608,"IdSession":"4919","SpeakerFirstName":"St\u00e9phane","SpeakerLastName":"Rossini","SpeakerFullName":"Rossini St\u00e9phane","SpeakerFunction":"P-M","CouncilId":1,"CouncilName":"Nationalrat","CantonId":23,"CantonName":"Wallis","CantonAbbreviation":"VS","ParlGroupName":"Sozialdemokratische Fraktion","ParlGroupAbbreviation":"S","SortOrder":6,"Start":"\/Date(1433405405051)\/","End":"\/Date(1433405417155)\/","Function":"P-M","DisplaySpeaker":false,"LanguageOfText":null,"Modified":"\/Date(1774877434791)\/","StartTimeWithTimezone":"\/Date(1433405405050+0120)\/","EndTimeWithTimezone":"\/Date(1433405417157+0120)\/","VoteBusinessNumber":null,"VoteBusinessShortNumber":null,"VoteBusinessTitle":null},{"__metadata":{"id":"https://ws.parlament.ch/OData.svc/Transcript(ID=184276L,Language='DE')","uri":"https://ws.parlament.ch/OData.svc/Transcript(ID=184276L,Language='DE')","type":"itsystems.Pd.DataServices.DataModel.Transcript"},"Subjects":{"__deferred":{"uri":"https://ws.parlament.ch/OData.svc/Transcript(ID=184276L,Language='DE')/Subjects"}},"MembersCouncil":{"__deferred":{"uri":"https://ws.parlament.ch/OData.svc/Transcript(ID=184276L,Language='DE')/MembersCouncil"}},"Businesses":{"__deferred":{"uri":"https://ws.parlament.ch/OData.svc/Transcript(ID=184276L,Language='DE')/Businesses"}},"ID":"184276","Language":"DE","IdSubject":"34557","VoteId":null,"PersonNumber":1310,"Type":1,"Text":"<pd_text><p>Bei der Legislaturplanung gibt der Bundesrat die Hauptstossrichtungen seiner Regierungspolitik f\u00fcr die n\u00e4chsten vier Jahre bekannt. Er bestimmt Leitlinien, Ziele, und er legt in den Massnahmen fest, wie er diese Ziele erreichen m\u00f6chte. Die Mitwirkung des Parlamentes, die in der Bundesverfassung vorgesehen ist, ist dem Bundesrat wichtig. Das soll auch weiterhin stattfinden. Die Frage ist, ob das im Rahmen eines einfachen Bundesbeschlusses oder eines Berichtes sein soll, der zur Kenntnis genommen wird. Wichtig ist, dass der Bundesrat zu allf\u00e4lligen Auftr\u00e4gen, die das Parlament noch erteilt, auch noch Stellung nehmen kann. Das ist f\u00fcr den Bundesrat sehr, sehr wichtig.</p>\n<p>Dem Parlament steht immer die M\u00f6glichkeit offen, mit Motionen Einfluss auf die Planung und auch auf die Projekte des Bundesrates zu nehmen. Der Bundesrat wird in den j\u00e4hrlichen Gesch\u00e4ftsberichten auch immer Bericht \u00fcber seine T\u00e4tigkeiten erstatten. Wichtig ist f\u00fcr den Bundesrat auch, dass es eine Spezialkommission gibt und er von den Vorstellungen, W\u00fcnschen und Anforderungen, die das Parlament an ihn stellt, Kenntnis nehmen kann. </p>\n<p>Der Bundesrat kann jedoch mit beiden Vorschl\u00e4gen leben, mit dem einfachen Bundesbeschluss wie auch mit dem Bericht.</p>\n</pd_text>","MeetingCouncilAbbreviation":"N","MeetingDate":"20150604","MeetingVerbalixOid":2608,"IdSession":"4919","SpeakerFirstName":"Corina","SpeakerLastName":"Casanova","SpeakerFullName":"Casanova Corina","SpeakerFunction":"BK-F","CouncilId":98,"CouncilName":"","CantonId":18,"CantonName":"Graub\u00fcnden","CantonAbbreviation":"GR","ParlGroupName":null,"ParlGroupAbbreviation":null,"SortOrder":5,"Start":"\/Date(1433405309026)\/","End":"\/Date(1433405405051)\/","Function":"BK-F","DisplaySpeaker":true,"LanguageOfText":"DE","Modified":"\/Date(1774877434789)\/","StartTimeWithTimezone":"\/Date(1433405309027+0120)\/","EndTimeWithTimezone":"\/Date(1433405405050+0120)\/","VoteBusinessNumber":null,"VoteBusinessShortNumber":null,"VoteBusinessTitle":null},{"__metadata":{"id":"https://ws.parlament.ch/OData.svc/Transcript(ID=184277L,Language='DE')","uri":"https://ws.parlament.ch/OData.svc/Transcript(ID=184277L,Language='DE')","type":"itsystems.Pd.DataServices.DataModel.Transcript"},"Subjects":{"__deferred":{"uri":"https://ws.parlament.ch/OData.svc/Transcript(ID=184277L,Language='DE')/Subjects"}},"MembersCouncil":{"__deferred":{"uri":"https://ws.parlament.ch/OData.svc/Transcript(ID=184277L,Language='DE')/MembersCouncil"}},"Businesses":{"__deferred":{"uri":"https://ws.parlament.ch/OData.svc/Transcript(ID=184277L,Language='DE')/Businesses"}},"ID":"184277","Language":"DE","IdSubject":"34557","VoteId":null,"PersonNumber":1156,"Type":1,"Text":"<pd_text><p>Die SP-Fraktion empfiehlt Ihnen in allen Punkten Festhalten an der Version, die wir hier im Rat letztes Mal beschlossen haben.</p>\n<p>Die Legislaturplanung besteht aus einer politisch-inhaltlichen und einer finanziellen Planung, dem Finanzplan, der damit verkn\u00fcpft ist. Warum halten wir an der Einsetzung einer Spezialkommission fest? Weil es darum geht, sich politisch mit der Planung der Legislatur auseinanderzusetzen, und zwar anhand der von uns beschlossenen Indikatoren im Bericht. Es geht darum, dass wir uns mit der sozialen und wirtschaftlichen Lage in der Schweiz auseinandersetzen, dass wir sie beurteilen, dass wir unsere Schl\u00fcsse ziehen, miteinander den Handlungsbedarf erkennen, miteinander Priorit\u00e4ten setzen und dem Rat Antr\u00e4ge zur [PAGE 873] Beschlussfassung unterbreiten. Vor allem geht es auch darum, dass die Legislaturplanung des Bundesrates mit Antr\u00e4gen des Parlamentes ge\u00e4ndert und erg\u00e4nzt werden kann. Das heisst, die SP-Fraktion ist f\u00fcr Festhalten der Legislaturplanung in einem Bundesbeschluss.</p>\n<p>Die Bundesverfassung verlangt von uns nicht, dass wir einfach abnicken, was uns die Exekutive vorlegt. Sondern wir sind daf\u00fcr gew\u00e4hlt, mitzugestalten, mitzuwirken und mitzubestimmen. Der St\u00e4nderat will lediglich einen Beschluss zum Finanzplan. Nat\u00fcrlich sind die Finanzen etwas ganz Wichtiges, sie sind zentral. Aber ebenso zentral ist die politische Gestaltung unserer Zukunft, die politische Gestaltung der Legislatur, und da braucht es eine Beschlussfassung. Wir k\u00f6nnen nicht einfach nur abnicken. </p>\n<p>Ich bitte Sie also, an der Version Nationalrat festzuhalten und den Antrag der Minderheit Schneeberger abzulehnen.</p>\n</pd_text>","MeetingCouncilAbbreviation":"N","MeetingDate":"20150604","MeetingVerbalixOid":2608,"IdSession":"4919","SpeakerFirstName":"Bea","SpeakerLastName":"Heim","SpeakerFullName":"Heim Bea","SpeakerFunction":"Mit-F","CouncilId":1,"CouncilName":"Nationalrat","CantonId":11,"CantonName":"Solothurn","CantonAbbreviation":"SO","ParlGroupName":"Sozialdemokratische Fraktion","ParlGroupAbbreviation":"S","SortOrder":4,"Start":"\/Date(1433405151535)\/","End":"\/Date(1433405300298)\/","Function":"Mit-F","DisplaySpeaker":true,"LanguageOfText":"DE","Modified":"\/Date(1774877434788)\/","StartTimeWithTimezone":"\/Date(1433405151537+0120)\/","EndTimeWithTimezone":"\/Date(1433405300297+0120)\/","VoteBusinessNumber":null,"VoteBusinessShortNumber":null,"VoteBusinessTitle":null},{"__metadata":{"id":"https://ws.parlament.ch/OData.svc/Transcript(ID=184278L,Language='DE')","uri":"https://ws.parlament.ch/OData.svc/Transcript(ID=184278L,Language='DE')","type":"itsystems.Pd.DataServices.DataModel.Transcript"},"Subjects":{"__deferred":{"uri":"https://ws.parlament.ch/OData.svc/Transcript(ID=184278L,Language='DE')/Subjects"}},"MembersCouncil":{"__deferred":{"uri":"https://ws.parlament.ch/OData.svc/Transcript(ID=184278L,Language='DE')/MembersCouncil"}},"Businesses":{"__deferred":{"uri":"https://ws.parlament.ch/OData.svc/Transcript(ID=184278L,Language='DE')/Businesses"}},"ID":"184278","Language":"DE","IdSubject":"34557","VoteId":null,"PersonNumber":504,"Type":1,"Text":"<pd_text><p><b>Le pr\u00e9sident </b>(Rossini St\u00e9phane, pr\u00e9sident): Le groupe PDC/PEV et le groupe des Verts soutiennent la proposition de la majorit\u00e9. </p>\n</pd_text>","MeetingCouncilAbbreviation":"N","MeetingDate":"20150604","MeetingVerbalixOid":2608,"IdSession":"4919","SpeakerFirstName":"St\u00e9phane","SpeakerLastName":"Rossini","SpeakerFullName":"Rossini St\u00e9phane","SpeakerFunction":"P-M","CouncilId":1,"CouncilName":"Nationalrat","CantonId":23,"CantonName":"Wallis","CantonAbbreviation":"VS","ParlGroupName":"Sozialdemokratische Fraktion","ParlGroupAbbreviation":"S","SortOrder":3,"Start":"\/Date(1433405141407)\/","End":"\/Date(1433405151535)\/","Function":"P-M","DisplaySpeaker":false,"LanguageOfText":null,"Modified":"\/Date(1774877434784)\/","StartTimeWithTimezone":"\/Date(1433405141407+0120)\/","EndTimeWithTimezone":"\/Date(1433405151537+0120)\/","VoteBusinessNumber":null,"VoteBusinessShortNumber":null,"VoteBusinessTitle":null},{"__metadata":{"id":"https://ws.parlament.ch/OData.svc/Transcript(ID=184279L,Language='DE')","uri":"https://ws.parlament.ch/OData.svc/Transcript(ID=184279L,Language='DE')","type":"itsystems.Pd.DataServices.DataModel.Transcript"},"Subjects":{"__deferred":{"uri":"https://ws.parlament.ch/OData.svc/Transcript(ID=184279L,Language='DE')/Subjects"}},"MembersCouncil":{"__deferred":{"uri":"https://ws.parlament.ch/OData.svc/Transcript(ID=184279L,Language='DE')/MembersCouncil"}},"Businesses":{"__deferred":{"uri":"https://ws.parlament.ch/OData.svc/Transcript(ID=184279L,Language='DE')/Businesses"}},"ID":"184279","Language":"DE","IdSubject":"34557","VoteId":null,"PersonNumber":4060,"Type":1,"Text":"<pd_text><p>Namens der FDP-Liberalen Fraktion und der Minderheit bitte ich Sie, der Kommissionsminderheit zu folgen. Im Gegensatz zur Kommissionsmehrheit respektiert die Kommissionsminderheit die Auftr\u00e4ge und Intentionen der beiden parlamentarischen Initiativen, denen Folge gegeben wurde. Wir erinnern den Rat ausdr\u00fccklich daran, dass das Legislaturprogramm in der abschliessenden Kompetenz und Zust\u00e4ndigkeit der Exekutive, also des Bundesrates, liegt. Dies gilt es zu respektieren. Es geht um die Frage der Gewaltenteilung, der Gewaltentrennung. Es ist unserer Meinung nach v\u00f6llig ausreichend, wenn das Parlament seine Meinung zum Programm artikulieren kann; das soll es auch tun. </p>\n<p>Der Antrag der Kommissionsmehrheit f\u00fchrt zu einem unverh\u00e4ltnism\u00e4ssigen Aufwand, und zwar sowohl f\u00fcr die Verwaltung wie auch f\u00fcr uns, f\u00fcr das Parlament. Im Besonderen entspricht der Antrag der Mehrheit nicht mehr dem Geist und den konkreten Forderungen der beiden parlamentarischen Initiativen. </p>\n<p>Das Parlament verf\u00fcgt \u00fcber gen\u00fcgend Mittel und Instrumente, um seine Anliegen einzubringen. Die Zust\u00e4ndigkeiten und Aufgaben der Gewalten d\u00fcrfen nicht durchmischt, nicht vermischt werden. Die Beratung des Legislaturprogramms und entsprechender Berichte sollte im Sinne einer Effizienzsteigerung wirklich auf ein notwendiges Minimum reduziert werden.</p>\n<p>Es ist falsch, wenn das Parlament zu einem Programm, welches von der Regierung stammt, Beschl\u00fcsse fasst, die dann doch keinen bindenden Charakter haben, zumal die in der Legislaturplanung aufgef\u00fchrten Gesch\u00e4fte in der Regel in Form einer Botschaft und eines Gesetzentwurfes dem Parlament unterbreitet werden. Wir sind nach wie vor der Meinung, dass wir die parlamentarische Behandlung der Legislaturplanung sehr pragmatisch und letztlich auch in einer angemessenen Art und Weise effizient handhaben sollten.</p>\n<p>Deshalb bitte ich Sie, der Kommissionsminderheit zu folgen.</p>\n</pd_text>","MeetingCouncilAbbreviation":"N","MeetingDate":"20150604","MeetingVerbalixOid":2608,"IdSession":"4919","SpeakerFirstName":"Daniela","SpeakerLastName":"Schneeberger","SpeakerFullName":"Schneeberger Daniela","SpeakerFunction":"Mit-F","CouncilId":1,"CouncilName":"Nationalrat","CantonId":13,"CantonName":"Basel-Landschaft","CantonAbbreviation":"BL","ParlGroupName":"FDP-Liberale Fraktion","ParlGroupAbbreviation":"RL","SortOrder":2,"Start":"\/Date(1433405007348)\/","End":"\/Date(1433405141407)\/","Function":"Mit-F","DisplaySpeaker":true,"LanguageOfText":"DE","Modified":"\/Date(1774877434783)\/","StartTimeWithTimezone":"\/Date(1433405007347+0120)\/","EndTimeWithTimezone":"\/Date(1433405141407+0120)\/","VoteBusinessNumber":null,"VoteBusinessShortNumber":null,"VoteBusinessTitle":null},{"__metadata":{"id":"https://ws.parlament.ch/OData.svc/Transcript(ID=184280L,Language='DE')","uri":"https://ws.parlament.ch/OData.svc/Transcript(ID=184280L,Language='DE')","type":"itsystems.Pd.DataServices.DataModel.Transcript"},"Subjects":{"__deferred":{"uri":"https://ws.parlament.ch/OData.svc/Transcript(ID=184280L,Language='DE')/Subjects"}},"MembersCouncil":{"__deferred":{"uri":"https://ws.parlament.ch/OData.svc/Transcript(ID=184280L,Language='DE')/MembersCouncil"}},"Businesses":{"__deferred":{"uri":"https://ws.parlament.ch/OData.svc/Transcript(ID=184280L,Language='DE')/Businesses"}},"ID":"184280","Language":"DE","IdSubject":"34557","VoteId":null,"PersonNumber":504,"Type":1,"Text":"<pd_text><p><b>1. Bundesgesetz \u00fcber die Bundesversammlung (Verfahren der Legislaturplanung)</b></p>\n<p><b>1. Loi sur l'Assembl\u00e9e f\u00e9d\u00e9rale (Proc\u00e9dure applicable au programme de la l\u00e9gislature)</b></p>\n<p>[VS]</p>\n<p><b>Art. 74 Abs. 3; 75 Abs. 4; 94a Titel, Abs. 1, 2; 146; 147 Abs. 2</b></p>\n<p><i>Antrag der Mehrheit</i></p>\n<p>Festhalten</p>\n<p>[VS]</p>\n<p><i>Antrag der Minderheit</i></p>\n<p>(Schneeberger, Amaudruz, Bugnon, Fehr Hans, Fluri, Moret, M\u00fcller Philipp, Rutz Gregor)</p>\n<p>Zustimmung zum Beschluss des St\u00e4nderates</p>\n<p>[VS]</p>\n<p><b>Art. 74 al. 3; 75 al. 4; 94a titre, al. 1, 2; 146; 147 al. 2</b></p>\n<p><i>Proposition de la majorit\u00e9</i></p>\n<p>Maintenir</p>\n<p>[VS]</p>\n<p><i>Proposition de la minorit\u00e9</i></p>\n<p>(Schneeberger, Amaudruz, Bugnon, Fehr Hans, Fluri, Moret, M\u00fcller Philipp, Rutz Gregor)</p>\n<p>Adh\u00e9rer \u00e0 la d\u00e9cision du Conseil des Etats</p>\n<p>[VS]</p>\n<p><b>Le pr\u00e9sident </b>(Rossini St\u00e9phane, pr\u00e9sident): Il y aura un seul vote sur la proposition de la minorit\u00e9 Schneeberger \u00e0 ces articles. Si la majorit\u00e9 l'emporte au projet 1, la discussion sur le projet 2 sera suspendue en attendant que la divergence avec le Conseil des Etats soit \u00e9limin\u00e9e.</p>\n</pd_text>","MeetingCouncilAbbreviation":"N","MeetingDate":"20150604","MeetingVerbalixOid":2608,"IdSession":"4919","SpeakerFirstName":"St\u00e9phane","SpeakerLastName":"Rossini","SpeakerFullName":"Rossini St\u00e9phane","SpeakerFunction":"P-M","CouncilId":1,"CouncilName":"Nationalrat","CantonId":23,"CantonName":"Wallis","CantonAbbreviation":"VS","ParlGroupName":"Sozialdemokratische Fraktion","ParlGroupAbbreviation":"S","SortOrder":1,"Start":"\/Date(1433405741164)\/","End":"\/Date(1433405804332)\/","Function":"P-M","DisplaySpeaker":false,"LanguageOfText":"FR","Modified":"\/Date(1774877434779)\/","StartTimeWithTimezone":"\/Date(1433405741163+0120)\/","EndTimeWithTimezone":"\/Date(1433405804333+0120)\/","VoteBusinessNumber":null,"VoteBusinessShortNumber":null,"VoteBusinessTitle":null}]},"ID":"34557","Language":"DE","IdMeeting":"1969","VerbalixOid":465888,"SortOrder":1,"Modified":"\/Date(1447070457983)\/"}}