{"d":{"__metadata":{"id":"https://ws.parlament.ch/OData.svc/Subject(ID=34616L,Language='DE')","uri":"https://ws.parlament.ch/OData.svc/Subject(ID=34616L,Language='DE')","type":"itsystems.Pd.DataServices.DataModel.Subject"},"Meetings":{"__metadata":{"id":"https://ws.parlament.ch/OData.svc/Meeting(ID=1973L,Language='DE')","uri":"https://ws.parlament.ch/OData.svc/Meeting(ID=1973L,Language='DE')","type":"itsystems.Pd.DataServices.DataModel.Meeting"},"Sessions":{"__deferred":{"uri":"https://ws.parlament.ch/OData.svc/Meeting(ID=1973L,Language='DE')/Sessions"}},"Subjects":{"__deferred":{"uri":"https://ws.parlament.ch/OData.svc/Meeting(ID=1973L,Language='DE')/Subjects"}},"ID":"1973","Language":"DE","MeetingNumber":6,"IdSession":4919,"SessionNumber":19,"SessionName":"Sommersession 2015","Council":2,"CouncilName":"St\u00e4nderat","CouncilAbbreviation":"SR","Date":"\/Date(1433808000000)\/","Begin":"0815","Modified":"\/Date(1447070459583)\/","LegislativePeriodNumber":49,"PublicationStatus":"final","MeetingOrderText":"Sechste Sitzung","SortOrder":6,"Location":"S"},"SubjectsBusiness":{"results":[{"__metadata":{"id":"https://ws.parlament.ch/OData.svc/SubjectBusiness(BusinessNumber=20140075,IdSubject=34616L,Language='DE')","uri":"https://ws.parlament.ch/OData.svc/SubjectBusiness(BusinessNumber=20140075,IdSubject=34616L,Language='DE')","type":"itsystems.Pd.DataServices.DataModel.SubjectBusiness"},"Subjects":{"__deferred":{"uri":"https://ws.parlament.ch/OData.svc/SubjectBusiness(BusinessNumber=20140075,IdSubject=34616L,Language='DE')/Subjects"}},"Businesses":{"__deferred":{"uri":"https://ws.parlament.ch/OData.svc/SubjectBusiness(BusinessNumber=20140075,IdSubject=34616L,Language='DE')/Businesses"}},"IdSubject":"34616","BusinessNumber":20140075,"Language":"DE","BusinessShortNumber":"14.075","Title":"Soziale Sicherheit. Abkommen mit Brasilien","SortOrder":1,"PublishedNotes":"Zweitrat - Deuxi\u00e8me Conseil\n","Modified":"\/Date(1447069625320)\/","TitleDE":"Soziale Sicherheit.\nAbkommen mit Brasilien","TitleFR":"S\u00e9curit\u00e9 sociale.\nConvention avec le Br\u00e9sil","TitleIT":null}]},"Transcripts":{"results":[{"__metadata":{"id":"https://ws.parlament.ch/OData.svc/Transcript(ID=184745L,Language='DE')","uri":"https://ws.parlament.ch/OData.svc/Transcript(ID=184745L,Language='DE')","type":"itsystems.Pd.DataServices.DataModel.Transcript"},"Subjects":{"__deferred":{"uri":"https://ws.parlament.ch/OData.svc/Transcript(ID=184745L,Language='DE')/Subjects"}},"MembersCouncil":{"__deferred":{"uri":"https://ws.parlament.ch/OData.svc/Transcript(ID=184745L,Language='DE')/MembersCouncil"}},"Businesses":{"__deferred":{"uri":"https://ws.parlament.ch/OData.svc/Transcript(ID=184745L,Language='DE')/Businesses"}},"ID":"184745","Language":"DE","IdSubject":"34616","VoteId":"846","PersonNumber":null,"Type":2,"Text":"<pd_text><p><i>Gesamtabstimmung - Vote sur l'ensemble</i></p>\n<p>[NAM]</p>\n<p>F\u00fcr Annahme des Entwurfes ... 37 Stimmen</p>\n<p>(Einstimmigkeit)</p>\n<p>(0 Enthaltungen)</p>\n</pd_text>","MeetingCouncilAbbreviation":"S","MeetingDate":"20150609","MeetingVerbalixOid":2613,"IdSession":"4919","SpeakerFirstName":null,"SpeakerLastName":null,"SpeakerFullName":"","SpeakerFunction":null,"CouncilId":null,"CouncilName":null,"CantonId":null,"CantonName":null,"CantonAbbreviation":null,"ParlGroupName":null,"ParlGroupAbbreviation":null,"SortOrder":4,"Start":"\/Date(1433848302190)\/","End":"\/Date(1433848336073)\/","Function":null,"DisplaySpeaker":null,"LanguageOfText":null,"Modified":"\/Date(1510850710963)\/","StartTimeWithTimezone":"\/Date(1433848302190+0120)\/","EndTimeWithTimezone":"\/Date(1433848336073+0120)\/","VoteBusinessNumber":20140075,"VoteBusinessShortNumber":"14.075","VoteBusinessTitle":"Soziale Sicherheit.\nAbkommen mit Brasilien"},{"__metadata":{"id":"https://ws.parlament.ch/OData.svc/Transcript(ID=184746L,Language='DE')","uri":"https://ws.parlament.ch/OData.svc/Transcript(ID=184746L,Language='DE')","type":"itsystems.Pd.DataServices.DataModel.Transcript"},"Subjects":{"__deferred":{"uri":"https://ws.parlament.ch/OData.svc/Transcript(ID=184746L,Language='DE')/Subjects"}},"MembersCouncil":{"__deferred":{"uri":"https://ws.parlament.ch/OData.svc/Transcript(ID=184746L,Language='DE')/MembersCouncil"}},"Businesses":{"__deferred":{"uri":"https://ws.parlament.ch/OData.svc/Transcript(ID=184746L,Language='DE')/Businesses"}},"ID":"184746","Language":"DE","IdSubject":"34616","VoteId":null,"PersonNumber":3916,"Type":1,"Text":"<pd_text><p><i>Eintreten wird ohne Gegenantrag beschlossen</i></p>\n<p><i>L'entr\u00e9e en mati\u00e8re est d\u00e9cid\u00e9e sans opposition</i></p>\n<p>[VS]</p>\n<p>[VS]</p>\n<p><b>Bundesbeschluss \u00fcber die Genehmigung des Abkommens zwischen der Schweiz und Brasilien \u00fcber soziale Sicherheit</b></p>\n<p><b>Arr\u00eat\u00e9 f\u00e9d\u00e9ral portant approbation de la convention de s\u00e9curit\u00e9 sociale entre la Suisse et le Br\u00e9sil</b></p>\n<p>[VS]</p>\n<p><i>Detailberatung - Discussion par article</i></p>\n<p>[VS]</p>\n<p><b>Titel und Ingress, Art. 1, 2</b></p>\n<p><i>Antrag der Kommission</i></p>\n<p>Zustimmung zum Beschluss des Nationalrates</p>\n<p>[VS]</p>\n<p><b>Titre et pr\u00e9ambule, art. 1, 2</b></p>\n<p><i>Proposition de la commission</i></p>\n<p>Adh\u00e9rer \u00e0 la d\u00e9cision du Conseil national</p>\n<p>[VS]</p>\n<p><i>Angenommen - Adopt\u00e9</i></p>\n<p>[VS]</p>\n</pd_text>","MeetingCouncilAbbreviation":"S","MeetingDate":"20150609","MeetingVerbalixOid":2613,"IdSession":"4919","SpeakerFirstName":"Claude","SpeakerLastName":"H\u00eache","SpeakerFullName":"H\u00eache Claude","SpeakerFunction":"P-M","CouncilId":2,"CouncilName":"St\u00e4nderat","CantonId":26,"CantonName":"Jura","CantonAbbreviation":"JU","ParlGroupName":"Sozialdemokratische Fraktion","ParlGroupAbbreviation":"S","SortOrder":3,"Start":"\/Date(1433848264297)\/","End":"\/Date(1433848302190)\/","Function":"P-M","DisplaySpeaker":false,"LanguageOfText":null,"Modified":"\/Date(1510850710963)\/","StartTimeWithTimezone":"\/Date(1433848264297+0120)\/","EndTimeWithTimezone":"\/Date(1433848302190+0120)\/","VoteBusinessNumber":null,"VoteBusinessShortNumber":null,"VoteBusinessTitle":null},{"__metadata":{"id":"https://ws.parlament.ch/OData.svc/Transcript(ID=184747L,Language='DE')","uri":"https://ws.parlament.ch/OData.svc/Transcript(ID=184747L,Language='DE')","type":"itsystems.Pd.DataServices.DataModel.Transcript"},"Subjects":{"__deferred":{"uri":"https://ws.parlament.ch/OData.svc/Transcript(ID=184747L,Language='DE')/Subjects"}},"MembersCouncil":{"__deferred":{"uri":"https://ws.parlament.ch/OData.svc/Transcript(ID=184747L,Language='DE')/MembersCouncil"}},"Businesses":{"__deferred":{"uri":"https://ws.parlament.ch/OData.svc/Transcript(ID=184747L,Language='DE')/Businesses"}},"ID":"184747","Language":"DE","IdSubject":"34616","VoteId":null,"PersonNumber":1161,"Type":1,"Text":"<pd_text><p>C'est vrai, le Br\u00e9sil est notre partenaire le plus important sur le plan \u00e9conomique en Am\u00e9rique latine, devant le Mexique et l'Argentine. De nombreuses personnes sont employ\u00e9es par des entreprises suisses au Br\u00e9sil, plus de 100 000, ce qui repr\u00e9sente beaucoup de monde. Plus de 15 000 personnes de nationalit\u00e9 suisse vivent au Br\u00e9sil et la Suisse compte pr\u00e8s de 20 000 r\u00e9sidents br\u00e9siliens. Nous avons donc des contacts tr\u00e8s importants avec ce pays.</p>\n<p>La Convention de s\u00e9curit\u00e9 sociale avec le Br\u00e9sil permettrait de compl\u00e9ter notre r\u00e9seau de conventions avec le continent sud-am\u00e9ricain. Nous avons d\u00e9j\u00e0 une telle convention avec le Chili, avec l'Argentine des n\u00e9gociations sont en cours et, en ce qui concerne l'Uruguay, cela doit entrer en vigueur. Ce sont donc des choses qui avancent.</p>\n<p>Je ne reviens pas sur l'importance de cette convention, Madame Maury Pasquier l'ayant rappel\u00e9e lors du d\u00e9bat. On pourrait se poser la question de savoir quelles sont les cons\u00e9quences principales sur le plan des co\u00fbts d'une telle convention. Le co\u00fbt principal, c'est le versement des rentes \u00e0 l'\u00e9tranger. Le remboursement des cotisations AVS, qui existe actuellement et qui est propos\u00e9 dans la convention \u00e0 titre d'option, lui, n'engendre aucun co\u00fbt suppl\u00e9mentaire. L'exp\u00e9rience montre aussi que le remboursement des cotisations est majoritairement choisi. Selon notre estimation, nous nous attendons \u00e0 des co\u00fbts annuels \u00e0 long terme d'un peu moins de 6 millions de francs environ. Pour la Caisse suisse de compensation, une hausse de volume de travail \u00e0 long terme pourrait aussi correspondre \u00e0 quelques activit\u00e9s suppl\u00e9mentaires \u00e0 r\u00e9aliser. Ces \u00e9l\u00e9ments, naturellement, sont pris en charge par le fonds AVS.</p>\n<p>Voil\u00e0 ce que je souhaitais encore vous dire, en compl\u00e9ment peut-\u00eatre \u00e0 ce qu'a dit Madame Maury Pasquier au nom de la commission.</p>\n<p>Pour r\u00e9sumer, cette convention est une convention standard, comme la Suisse en a conclu avec beaucoup d'autres Etats. Cela permet de coordonner les questions d'assurance-vieillesse et survivants et d'assurance-invalidit\u00e9, d'am\u00e9liorer la situation des ressortissants des deux Etats ainsi que la pr\u00e9visibilit\u00e9 en mati\u00e8re de s\u00e9curit\u00e9 sociale.</p>\n<p>Au nom du Conseil f\u00e9d\u00e9ral, je vous invite donc, comme le propose d'ailleurs, \u00e0 l'unanimit\u00e9, votre commission, \u00e0 entrer en mati\u00e8re sur le projet de convention et \u00e0 l'approuver tel qu'il vous est pr\u00e9sent\u00e9.</p>\n</pd_text>","MeetingCouncilAbbreviation":"S","MeetingDate":"20150609","MeetingVerbalixOid":2613,"IdSession":"4919","SpeakerFirstName":"Alain","SpeakerLastName":"Berset","SpeakerFullName":"Berset Alain","SpeakerFunction":"BR-M","CouncilId":99,"CouncilName":"Bundesrat","CantonId":10,"CantonName":"Freiburg","CantonAbbreviation":"FR","ParlGroupName":null,"ParlGroupAbbreviation":null,"SortOrder":2,"Start":"\/Date(1433848099077)\/","End":"\/Date(1433848264297)\/","Function":"BR-M","DisplaySpeaker":true,"LanguageOfText":"FR","Modified":"\/Date(1510850710963)\/","StartTimeWithTimezone":"\/Date(1433848099077+0120)\/","EndTimeWithTimezone":"\/Date(1433848264297+0120)\/","VoteBusinessNumber":null,"VoteBusinessShortNumber":null,"VoteBusinessTitle":null},{"__metadata":{"id":"https://ws.parlament.ch/OData.svc/Transcript(ID=184748L,Language='DE')","uri":"https://ws.parlament.ch/OData.svc/Transcript(ID=184748L,Language='DE')","type":"itsystems.Pd.DataServices.DataModel.Transcript"},"Subjects":{"__deferred":{"uri":"https://ws.parlament.ch/OData.svc/Transcript(ID=184748L,Language='DE')/Subjects"}},"MembersCouncil":{"__deferred":{"uri":"https://ws.parlament.ch/OData.svc/Transcript(ID=184748L,Language='DE')/MembersCouncil"}},"Businesses":{"__deferred":{"uri":"https://ws.parlament.ch/OData.svc/Transcript(ID=184748L,Language='DE')/Businesses"}},"ID":"184748","Language":"DE","IdSubject":"34616","VoteId":null,"PersonNumber":341,"Type":1,"Text":"<pd_text><p>Le Conseil f\u00e9d\u00e9ral le rappelle dans son message: le Br\u00e9sil est le plus important partenaire \u00e9conomique de la Suisse en Am\u00e9rique latine. Plusieurs entreprises suisses sont implant\u00e9es au Br\u00e9sil, et plusieurs entreprises br\u00e9siliennes contribuent au d\u00e9veloppement \u00e9conomique de la Suisse. Il y a 15 300 personnes de nationalit\u00e9 suisse qui r\u00e9sident au Br\u00e9sil. Parall\u00e8lement, on compte 19 000 r\u00e9sidents br\u00e9siliens en Suisse.</p>\n<p>La convention que nous examinons aujourd'hui pr\u00e9voit de coordonner les syst\u00e8mes de pr\u00e9voyance vieillesse, survivants et invalidit\u00e9, qui correspondent, en Suisse, \u00e0 notre premier pilier. Elle garantit une \u00e9galit\u00e9 de traitement large entre les ressortissants des deux pays.</p>\n<p>En pratique, la convention devrait faciliter l'exportation des rentes, c'est-\u00e0-dire le versement de rentes br\u00e9siliennes \u00e0 des rentiers en Suisse et inversement. Elle r\u00e9glera de mani\u00e8re claire la question du pays dans lequel les cotisations doivent \u00eatre pay\u00e9es, \u00e9vitant ainsi toute lacune ou tout double assujettissement. Le cas des travailleurs d\u00e9tach\u00e9s est \u00e9galement r\u00e9gl\u00e9 par cette convention, ce qui devrait permettre de faciliter l'envoi, par une entreprise, d'employ\u00e9s dans l'autre pays. Enfin, la convention ne demande aucune modification de notre droit interne et elle correspond largement \u00e0 d'autres conventions ratifi\u00e9es par la Suisse dans ce domaine, notamment avec plusieurs autres pays sud-am\u00e9ricains. A noter que le Br\u00e9sil a, pour sa part, ratifi\u00e9 de nombreuses conventions similaires avec d'autres Etats europ\u00e9ens.</p>\n<p>La commission a relev\u00e9 que cette convention \u00e9tait importante pour nos deux pays. D'une part, elle permettra de consolider nos liens et de faciliter les \u00e9changes entre la Suisse et le Br\u00e9sil, notamment dans l'optique de futurs accords sur des \u00e9changes \u00e9conomiques et commerciaux. D'autre part, elle offrira une meilleure protection aux personnes actives ou renti\u00e8res qui ont cotis\u00e9 dans l'un ou l'autre de ces pays.</p>\n<p>A l'instar du Conseil national, la commission vous propose, \u00e0 l'unanimit\u00e9, d'entrer en mati\u00e8re et d'approuver, lors du vote sur l'ensemble, cette convention, qui renforcera nos liens \u00e9conomiques et sociaux avec le Br\u00e9sil.</p>\n</pd_text>","MeetingCouncilAbbreviation":"S","MeetingDate":"20150609","MeetingVerbalixOid":2613,"IdSession":"4919","SpeakerFirstName":"Liliane","SpeakerLastName":"Maury Pasquier","SpeakerFullName":"Maury Pasquier Liliane","SpeakerFunction":"Mit-F","CouncilId":2,"CouncilName":"St\u00e4nderat","CantonId":25,"CantonName":"Genf","CantonAbbreviation":"GE","ParlGroupName":"Sozialdemokratische Fraktion","ParlGroupAbbreviation":"S","SortOrder":1,"Start":"\/Date(1433847959030)\/","End":"\/Date(1433848099077)\/","Function":"*","DisplaySpeaker":true,"LanguageOfText":"FR","Modified":"\/Date(1510850710963)\/","StartTimeWithTimezone":"\/Date(1433847959030+0120)\/","EndTimeWithTimezone":"\/Date(1433848099077+0120)\/","VoteBusinessNumber":null,"VoteBusinessShortNumber":null,"VoteBusinessTitle":null}]},"ID":"34616","Language":"DE","IdMeeting":"1973","VerbalixOid":466988,"SortOrder":5,"Modified":"\/Date(1510850710947)\/"}}