{"d":{"__metadata":{"id":"https://ws.parlament.ch/OData.svc/Subject(ID=35039L,Language='DE')","uri":"https://ws.parlament.ch/OData.svc/Subject(ID=35039L,Language='DE')","type":"itsystems.Pd.DataServices.DataModel.Subject"},"Meetings":{"__metadata":{"id":"https://ws.parlament.ch/OData.svc/Meeting(ID=2006L,Language='DE')","uri":"https://ws.parlament.ch/OData.svc/Meeting(ID=2006L,Language='DE')","type":"itsystems.Pd.DataServices.DataModel.Meeting"},"Sessions":{"__deferred":{"uri":"https://ws.parlament.ch/OData.svc/Meeting(ID=2006L,Language='DE')/Sessions"}},"Subjects":{"__deferred":{"uri":"https://ws.parlament.ch/OData.svc/Meeting(ID=2006L,Language='DE')/Subjects"}},"ID":"2006","Language":"DE","MeetingNumber":14,"IdSession":4920,"SessionNumber":20,"SessionName":"Herbstsession 2015","Council":2,"CouncilName":"St\u00e4nderat","CouncilAbbreviation":"SR","Date":"\/Date(1443052800000)\/","Begin":"1500","Modified":"\/Date(1447070473290)\/","LegislativePeriodNumber":49,"PublicationStatus":"final","MeetingOrderText":"Vierzehnte Sitzung","SortOrder":14,"Location":"S"},"SubjectsBusiness":{"results":[{"__metadata":{"id":"https://ws.parlament.ch/OData.svc/SubjectBusiness(BusinessNumber=20150019,IdSubject=35039L,Language='DE')","uri":"https://ws.parlament.ch/OData.svc/SubjectBusiness(BusinessNumber=20150019,IdSubject=35039L,Language='DE')","type":"itsystems.Pd.DataServices.DataModel.SubjectBusiness"},"Subjects":{"__deferred":{"uri":"https://ws.parlament.ch/OData.svc/SubjectBusiness(BusinessNumber=20150019,IdSubject=35039L,Language='DE')/Subjects"}},"Businesses":{"__deferred":{"uri":"https://ws.parlament.ch/OData.svc/SubjectBusiness(BusinessNumber=20150019,IdSubject=35039L,Language='DE')/Businesses"}},"IdSubject":"35039","BusinessNumber":20150019,"Language":"DE","BusinessShortNumber":"15.019","Title":"Standortf\u00f6rderung 2016-2019","SortOrder":1,"PublishedNotes":"Differenzen - Divergences\n","Modified":"\/Date(1447069667820)\/","TitleDE":"Standortf\u00f6rderung 2016-2019","TitleFR":"Promotion \u00e9conomique 2016-2019","TitleIT":null}]},"Transcripts":{"results":[{"__metadata":{"id":"https://ws.parlament.ch/OData.svc/Transcript(ID=188389L,Language='DE')","uri":"https://ws.parlament.ch/OData.svc/Transcript(ID=188389L,Language='DE')","type":"itsystems.Pd.DataServices.DataModel.Transcript"},"Subjects":{"__deferred":{"uri":"https://ws.parlament.ch/OData.svc/Transcript(ID=188389L,Language='DE')/Subjects"}},"MembersCouncil":{"__deferred":{"uri":"https://ws.parlament.ch/OData.svc/Transcript(ID=188389L,Language='DE')/MembersCouncil"}},"Businesses":{"__deferred":{"uri":"https://ws.parlament.ch/OData.svc/Transcript(ID=188389L,Language='DE')/Businesses"}},"ID":"188389","Language":"DE","IdSubject":"35039","VoteId":null,"PersonNumber":3916,"Type":1,"Text":"<pd_text><p><i>Angenommen - Adopt\u00e9</i></p>\n</pd_text>","MeetingCouncilAbbreviation":"S","MeetingDate":"20150924","MeetingVerbalixOid":2664,"IdSession":"4920","SpeakerFirstName":"Claude","SpeakerLastName":"H\u00eache","SpeakerFullName":"H\u00eache Claude","SpeakerFunction":"P-M","CouncilId":2,"CouncilName":"St\u00e4nderat","CantonId":26,"CantonName":"Jura","CantonAbbreviation":"JU","ParlGroupName":"Sozialdemokratische Fraktion","ParlGroupAbbreviation":"S","SortOrder":3,"Start":"\/Date(1443113004127)\/","End":"\/Date(1443113022803)\/","Function":"P-M","DisplaySpeaker":false,"LanguageOfText":null,"Modified":"\/Date(1510850704993)\/","StartTimeWithTimezone":"\/Date(1443113004127+0120)\/","EndTimeWithTimezone":"\/Date(1443113022803+0120)\/","VoteBusinessNumber":null,"VoteBusinessShortNumber":null,"VoteBusinessTitle":null},{"__metadata":{"id":"https://ws.parlament.ch/OData.svc/Transcript(ID=188390L,Language='DE')","uri":"https://ws.parlament.ch/OData.svc/Transcript(ID=188390L,Language='DE')","type":"itsystems.Pd.DataServices.DataModel.Transcript"},"Subjects":{"__deferred":{"uri":"https://ws.parlament.ch/OData.svc/Transcript(ID=188390L,Language='DE')/Subjects"}},"MembersCouncil":{"__deferred":{"uri":"https://ws.parlament.ch/OData.svc/Transcript(ID=188390L,Language='DE')/MembersCouncil"}},"Businesses":{"__deferred":{"uri":"https://ws.parlament.ch/OData.svc/Transcript(ID=188390L,Language='DE')/Businesses"}},"ID":"188390","Language":"DE","IdSubject":"35039","VoteId":null,"PersonNumber":4055,"Type":1,"Text":"<pd_text><p>Wir beantragen Ihnen, das Ergebnis der Einigungskonferenz zu akzeptieren. Die Einigungskonferenz hat gem\u00e4ss St\u00e4nderat entschieden. Das bedeutet, dass im Rahmen der Standortf\u00f6rderung f\u00fcr den Bundesbeschluss 1 \u00fcber die Finanzierung der E-Government-Aktivit\u00e4ten f\u00fcr kleine und mittelgrosse Unternehmen f\u00fcr die Jahre 2016-2019 17,7 Millionen Franken zur Verf\u00fcgung stehen sollen. Gegenantrag gibt es keinen. </p>\n</pd_text>","MeetingCouncilAbbreviation":"S","MeetingDate":"20150924","MeetingVerbalixOid":2664,"IdSession":"4920","SpeakerFirstName":"Stefan","SpeakerLastName":"Engler","SpeakerFullName":"Engler Stefan","SpeakerFunction":"Mit-M","CouncilId":2,"CouncilName":"St\u00e4nderat","CantonId":18,"CantonName":"Graub\u00fcnden","CantonAbbreviation":"GR","ParlGroupName":"Fraktion CVP-EVP","ParlGroupAbbreviation":"M-E","SortOrder":2,"Start":"\/Date(1443112969127)\/","End":"\/Date(1443113004127)\/","Function":"*","DisplaySpeaker":true,"LanguageOfText":"DE","Modified":"\/Date(1510850704993)\/","StartTimeWithTimezone":"\/Date(1443112969127+0120)\/","EndTimeWithTimezone":"\/Date(1443113004127+0120)\/","VoteBusinessNumber":null,"VoteBusinessShortNumber":null,"VoteBusinessTitle":null},{"__metadata":{"id":"https://ws.parlament.ch/OData.svc/Transcript(ID=188391L,Language='DE')","uri":"https://ws.parlament.ch/OData.svc/Transcript(ID=188391L,Language='DE')","type":"itsystems.Pd.DataServices.DataModel.Transcript"},"Subjects":{"__deferred":{"uri":"https://ws.parlament.ch/OData.svc/Transcript(ID=188391L,Language='DE')/Subjects"}},"MembersCouncil":{"__deferred":{"uri":"https://ws.parlament.ch/OData.svc/Transcript(ID=188391L,Language='DE')/MembersCouncil"}},"Businesses":{"__deferred":{"uri":"https://ws.parlament.ch/OData.svc/Transcript(ID=188391L,Language='DE')/Businesses"}},"ID":"188391","Language":"DE","IdSubject":"35039","VoteId":null,"PersonNumber":3916,"Type":1,"Text":"<pd_text><p><b>1. Bundesbeschluss \u00fcber die Finanzierung der E-Government-Aktivit\u00e4ten f\u00fcr kleine und mittelgrosse Unternehmen f\u00fcr die Jahre 2016-2019 </b></p>\n<p><b>1. Arr\u00eat\u00e9 f\u00e9d\u00e9ral sur le financement des activit\u00e9s de cyberadministration en faveur des petites et moyennes entreprises pendant les ann\u00e9es 2016-2019</b></p>\n<p>[VS]</p>\n<p><b>Art. 1</b></p>\n<p><i>Antrag der Einigungskonferenz</i></p>\n<p>Zustimmung zum Beschluss des St\u00e4nderates</p>\n<p>[VS]</p>\n<p><b>Art. 1</b></p>\n<p><i>Proposition de la Conf\u00e9rence de conciliation</i></p>\n<p>Adh\u00e9rer \u00e0 la d\u00e9cision du Conseil des Etats</p>\n</pd_text>","MeetingCouncilAbbreviation":"S","MeetingDate":"20150924","MeetingVerbalixOid":2664,"IdSession":"4920","SpeakerFirstName":"Claude","SpeakerLastName":"H\u00eache","SpeakerFullName":"H\u00eache Claude","SpeakerFunction":"P-M","CouncilId":2,"CouncilName":"St\u00e4nderat","CantonId":26,"CantonName":"Jura","CantonAbbreviation":"JU","ParlGroupName":"Sozialdemokratische Fraktion","ParlGroupAbbreviation":"S","SortOrder":1,"Start":"\/Date(1443112927743)\/","End":"\/Date(1443112969127)\/","Function":"P-M","DisplaySpeaker":false,"LanguageOfText":null,"Modified":"\/Date(1510850704977)\/","StartTimeWithTimezone":"\/Date(1443112927743+0120)\/","EndTimeWithTimezone":"\/Date(1443112969127+0120)\/","VoteBusinessNumber":null,"VoteBusinessShortNumber":null,"VoteBusinessTitle":null}]},"ID":"35039","Language":"DE","IdMeeting":"2006","VerbalixOid":481123,"SortOrder":3,"Modified":"\/Date(1510850704977)\/"}}