{"d":{"__metadata":{"id":"https://ws.parlament.ch/OData.svc/Subject(ID=35082L,Language='DE')","uri":"https://ws.parlament.ch/OData.svc/Subject(ID=35082L,Language='DE')","type":"itsystems.Pd.DataServices.DataModel.Subject"},"Meetings":{"__metadata":{"id":"https://ws.parlament.ch/OData.svc/Meeting(ID=2011L,Language='DE')","uri":"https://ws.parlament.ch/OData.svc/Meeting(ID=2011L,Language='DE')","type":"itsystems.Pd.DataServices.DataModel.Meeting"},"Sessions":{"__deferred":{"uri":"https://ws.parlament.ch/OData.svc/Meeting(ID=2011L,Language='DE')/Sessions"}},"Subjects":{"__deferred":{"uri":"https://ws.parlament.ch/OData.svc/Meeting(ID=2011L,Language='DE')/Subjects"}},"ID":"2011","Language":"DE","MeetingNumber":9,"IdSession":4917,"SessionNumber":17,"SessionName":"Fr\u00fchjahrssession 2015","Council":1,"CouncilName":"Nationalrat","CouncilAbbreviation":"NR","Date":"\/Date(1426032000000)\/","Begin":"1500","Modified":"\/Date(1447070474853)\/","LegislativePeriodNumber":49,"PublicationStatus":"final","MeetingOrderText":"Neunte Sitzung","SortOrder":9,"Location":"N"},"SubjectsBusiness":{"results":[{"__metadata":{"id":"https://ws.parlament.ch/OData.svc/SubjectBusiness(BusinessNumber=20143671,IdSubject=35082L,Language='DE')","uri":"https://ws.parlament.ch/OData.svc/SubjectBusiness(BusinessNumber=20143671,IdSubject=35082L,Language='DE')","type":"itsystems.Pd.DataServices.DataModel.SubjectBusiness"},"Subjects":{"__deferred":{"uri":"https://ws.parlament.ch/OData.svc/SubjectBusiness(BusinessNumber=20143671,IdSubject=35082L,Language='DE')/Subjects"}},"Businesses":{"__deferred":{"uri":"https://ws.parlament.ch/OData.svc/SubjectBusiness(BusinessNumber=20143671,IdSubject=35082L,Language='DE')/Businesses"}},"IdSubject":"35082","BusinessNumber":20143671,"Language":"DE","BusinessShortNumber":"14.3671","Title":"Umsetzung des rechtsvergleichenden Berichtes des Bundesrates \u00fcber die Verantwortung von Unternehmen bez\u00fcglich Menschenrechten und Umwelt","SortOrder":1,"PublishedNotes":"Ordnungsantrag - Motion d'ordre\n","Modified":"\/Date(1447069642900)\/","TitleDE":"Motion APK-NR (12.3980).\nUmsetzung des rechtsvergleichenden\nBerichtes des Bundesrates\n\u00fcber die Verantwortung\nvon Unternehmen bez\u00fcglich\nMenschenrechten und Umwelt","TitleFR":"Motion CPE-CN (12.3980).\nMise en oeuvre du rapport\nde droit compar\u00e9 du Conseil f\u00e9d\u00e9ral\nsur la responsabilit\u00e9 des entreprises\nen mati\u00e8re de droits humains\net d'environnement","TitleIT":null}]},"Transcripts":{"results":[{"__metadata":{"id":"https://ws.parlament.ch/OData.svc/Transcript(ID=188829L,Language='DE')","uri":"https://ws.parlament.ch/OData.svc/Transcript(ID=188829L,Language='DE')","type":"itsystems.Pd.DataServices.DataModel.Transcript"},"Subjects":{"__deferred":{"uri":"https://ws.parlament.ch/OData.svc/Transcript(ID=188829L,Language='DE')/Subjects"}},"MembersCouncil":{"__deferred":{"uri":"https://ws.parlament.ch/OData.svc/Transcript(ID=188829L,Language='DE')/MembersCouncil"}},"Businesses":{"__deferred":{"uri":"https://ws.parlament.ch/OData.svc/Transcript(ID=188829L,Language='DE')/Businesses"}},"ID":"188829","Language":"DE","IdSubject":"35082","VoteId":"11554","PersonNumber":null,"Type":2,"Text":"<pd_text><p><b>Le pr\u00e9sident </b>(Rossini St\u00e9phane, pr\u00e9sident): Nous r\u00e9p\u00e9tons donc le vote sur la motion. La majorit\u00e9 de la commission propose d'adopter la motion. Une minorit\u00e9 et le Conseil f\u00e9d\u00e9ral proposent de la rejeter.</p>\n<p>[VS]</p>\n<p><i>Abstimmung - Vote</i></p>\n<p>[NAM]</p>\n<p>F\u00fcr Annahme der Motion ... 86 Stimmen</p>\n<p>Dagegen ... 95 Stimmen</p>\n<p>(5 Enthaltungen)</p>\n<p>[VS]</p>\n<p>[VS]</p>\n<p>[VS]</p>\n<p><i>Schluss der Sitzung um 18.50 Uhr</i></p>\n<p><i>La s\u00e9ance est lev\u00e9e \u00e0 18 h 50</i></p>\n<p><i>[PAGE 308] </i></p>\n<p>[VS]</p>\n<p>[VS]</p>\n<p>[VS]</p>\n<p>[VS]</p>\n<p>[VS]</p>\n</pd_text>","MeetingCouncilAbbreviation":"N","MeetingDate":"20150311","MeetingVerbalixOid":2578,"IdSession":"4917","SpeakerFirstName":null,"SpeakerLastName":null,"SpeakerFullName":"","SpeakerFunction":null,"CouncilId":null,"CouncilName":null,"CantonId":null,"CantonName":null,"CantonAbbreviation":null,"ParlGroupName":null,"ParlGroupAbbreviation":null,"SortOrder":8,"Start":null,"End":null,"Function":null,"DisplaySpeaker":null,"LanguageOfText":null,"Modified":"\/Date(1774877457847)\/","StartTimeWithTimezone":null,"EndTimeWithTimezone":null,"VoteBusinessNumber":20143671,"VoteBusinessShortNumber":"14.3671","VoteBusinessTitle":"Motion APK-NR (12.3980).\nUmsetzung des rechtsvergleichenden\nBerichtes des Bundesrates\n\u00fcber die Verantwortung\nvon Unternehmen bez\u00fcglich\nMenschenrechten und Umwelt"},{"__metadata":{"id":"https://ws.parlament.ch/OData.svc/Transcript(ID=188830L,Language='DE')","uri":"https://ws.parlament.ch/OData.svc/Transcript(ID=188830L,Language='DE')","type":"itsystems.Pd.DataServices.DataModel.Transcript"},"Subjects":{"__deferred":{"uri":"https://ws.parlament.ch/OData.svc/Transcript(ID=188830L,Language='DE')/Subjects"}},"MembersCouncil":{"__deferred":{"uri":"https://ws.parlament.ch/OData.svc/Transcript(ID=188830L,Language='DE')/MembersCouncil"}},"Businesses":{"__deferred":{"uri":"https://ws.parlament.ch/OData.svc/Transcript(ID=188830L,Language='DE')/Businesses"}},"ID":"188830","Language":"DE","IdSubject":"35082","VoteId":"11553","PersonNumber":null,"Type":2,"Text":"<pd_text><p><i>Abstimmung - Vote</i></p>\n<p>[NAM]</p>\n<p>F\u00fcr den Ordnungsantrag Schneider-Schneiter ... 131 Stimmen</p>\n<p>Dagegen ... 35 Stimmen</p>\n<p>(19 Enthaltungen)</p>\n</pd_text>","MeetingCouncilAbbreviation":"N","MeetingDate":"20150311","MeetingVerbalixOid":2578,"IdSession":"4917","SpeakerFirstName":null,"SpeakerLastName":null,"SpeakerFullName":"","SpeakerFunction":null,"CouncilId":null,"CouncilName":null,"CantonId":null,"CantonName":null,"CantonAbbreviation":null,"ParlGroupName":null,"ParlGroupAbbreviation":null,"SortOrder":7,"Start":"\/Date(1426099545882)\/","End":"\/Date(1426099845882)\/","Function":null,"DisplaySpeaker":null,"LanguageOfText":null,"Modified":"\/Date(1774877457844)\/","StartTimeWithTimezone":"\/Date(1426099545883+0060)\/","EndTimeWithTimezone":"\/Date(1426099845883+0060)\/","VoteBusinessNumber":20143671,"VoteBusinessShortNumber":"14.3671","VoteBusinessTitle":"Motion APK-NR (12.3980).\nUmsetzung des rechtsvergleichenden\nBerichtes des Bundesrates\n\u00fcber die Verantwortung\nvon Unternehmen bez\u00fcglich\nMenschenrechten und Umwelt"},{"__metadata":{"id":"https://ws.parlament.ch/OData.svc/Transcript(ID=188831L,Language='DE')","uri":"https://ws.parlament.ch/OData.svc/Transcript(ID=188831L,Language='DE')","type":"itsystems.Pd.DataServices.DataModel.Transcript"},"Subjects":{"__deferred":{"uri":"https://ws.parlament.ch/OData.svc/Transcript(ID=188831L,Language='DE')/Subjects"}},"MembersCouncil":{"__deferred":{"uri":"https://ws.parlament.ch/OData.svc/Transcript(ID=188831L,Language='DE')/MembersCouncil"}},"Businesses":{"__deferred":{"uri":"https://ws.parlament.ch/OData.svc/Transcript(ID=188831L,Language='DE')/Businesses"}},"ID":"188831","Language":"DE","IdSubject":"35082","VoteId":null,"PersonNumber":4040,"Type":1,"Text":"<pd_text><p>Ich fasse das jetzt in die einfachen Worte, welche die Gr\u00fcnen vor zwei Tagen benutzt haben: Einige Ratsmitglieder haben falsch abgestimmt.</p>\n</pd_text>","MeetingCouncilAbbreviation":"N","MeetingDate":"20150311","MeetingVerbalixOid":2578,"IdSession":"4917","SpeakerFirstName":"Elisabeth","SpeakerLastName":"Schneider-Schneiter","SpeakerFullName":"Schneider-Schneiter Elisabeth","SpeakerFunction":"Mit-F","CouncilId":1,"CouncilName":"Nationalrat","CantonId":13,"CantonName":"Basel-Landschaft","CantonAbbreviation":"BL","ParlGroupName":"Fraktion CVP-EVP","ParlGroupAbbreviation":"M-E","SortOrder":6,"Start":"\/Date(1426099534201)\/","End":"\/Date(1426099545882)\/","Function":"Mit-F","DisplaySpeaker":true,"LanguageOfText":"DE","Modified":"\/Date(1774877457842)\/","StartTimeWithTimezone":"\/Date(1426099534200+0060)\/","EndTimeWithTimezone":"\/Date(1426099545883+0060)\/","VoteBusinessNumber":null,"VoteBusinessShortNumber":null,"VoteBusinessTitle":null},{"__metadata":{"id":"https://ws.parlament.ch/OData.svc/Transcript(ID=188832L,Language='DE')","uri":"https://ws.parlament.ch/OData.svc/Transcript(ID=188832L,Language='DE')","type":"itsystems.Pd.DataServices.DataModel.Transcript"},"Subjects":{"__deferred":{"uri":"https://ws.parlament.ch/OData.svc/Transcript(ID=188832L,Language='DE')/Subjects"}},"MembersCouncil":{"__deferred":{"uri":"https://ws.parlament.ch/OData.svc/Transcript(ID=188832L,Language='DE')/MembersCouncil"}},"Businesses":{"__deferred":{"uri":"https://ws.parlament.ch/OData.svc/Transcript(ID=188832L,Language='DE')/Businesses"}},"ID":"188832","Language":"DE","IdSubject":"35082","VoteId":null,"PersonNumber":4045,"Type":1,"Text":"<pd_text><p>K\u00f6nnen Sie mir bitte die Angelegenheit so begr\u00fcnden, dass ich sie nachvollziehen kann? Warum soll die Meinungs\u00e4usserung Ihrer Fraktion nicht dem entsprechen, wie sie vorhin abgestimmt hat? </p>\n</pd_text>","MeetingCouncilAbbreviation":"N","MeetingDate":"20150311","MeetingVerbalixOid":2578,"IdSession":"4917","SpeakerFirstName":"Corrado","SpeakerLastName":"Pardini","SpeakerFullName":"Pardini Corrado","SpeakerFunction":"Mit-M","CouncilId":1,"CouncilName":"Nationalrat","CantonId":2,"CantonName":"Bern","CantonAbbreviation":"BE","ParlGroupName":"Sozialdemokratische Fraktion","ParlGroupAbbreviation":"S","SortOrder":5,"Start":"\/Date(1426099518200)\/","End":"\/Date(1426099534201)\/","Function":"Mit-M","DisplaySpeaker":true,"LanguageOfText":"DE","Modified":"\/Date(1774877457840)\/","StartTimeWithTimezone":"\/Date(1426099518200+0060)\/","EndTimeWithTimezone":"\/Date(1426099534200+0060)\/","VoteBusinessNumber":null,"VoteBusinessShortNumber":null,"VoteBusinessTitle":null},{"__metadata":{"id":"https://ws.parlament.ch/OData.svc/Transcript(ID=188833L,Language='DE')","uri":"https://ws.parlament.ch/OData.svc/Transcript(ID=188833L,Language='DE')","type":"itsystems.Pd.DataServices.DataModel.Transcript"},"Subjects":{"__deferred":{"uri":"https://ws.parlament.ch/OData.svc/Transcript(ID=188833L,Language='DE')/Subjects"}},"MembersCouncil":{"__deferred":{"uri":"https://ws.parlament.ch/OData.svc/Transcript(ID=188833L,Language='DE')/MembersCouncil"}},"Businesses":{"__deferred":{"uri":"https://ws.parlament.ch/OData.svc/Transcript(ID=188833L,Language='DE')/Businesses"}},"ID":"188833","Language":"DE","IdSubject":"35082","VoteId":null,"PersonNumber":4040,"Type":1,"Text":"<pd_text><p>Erst vor zwei Tagen hat es einen \u00e4hnlichen Fall gegeben, bei dem seitens der Gr\u00fcnen offensichtlich falsch abgestimmt wurde. Die Abstimmung wurde wiederholt, und wir m\u00f6chten jetzt vom gleichen Recht Gebrauch machen.</p>\n<p>Ich bitte Sie, dem Ordnungsantrag zuzustimmen.</p>\n</pd_text>","MeetingCouncilAbbreviation":"N","MeetingDate":"20150311","MeetingVerbalixOid":2578,"IdSession":"4917","SpeakerFirstName":"Elisabeth","SpeakerLastName":"Schneider-Schneiter","SpeakerFullName":"Schneider-Schneiter Elisabeth","SpeakerFunction":"Mit-F","CouncilId":1,"CouncilName":"Nationalrat","CantonId":13,"CantonName":"Basel-Landschaft","CantonAbbreviation":"BL","ParlGroupName":"Fraktion CVP-EVP","ParlGroupAbbreviation":"M-E","SortOrder":4,"Start":"\/Date(1426099487921)\/","End":"\/Date(1426099504795)\/","Function":"Mit-F","DisplaySpeaker":true,"LanguageOfText":"DE","Modified":"\/Date(1774877457839)\/","StartTimeWithTimezone":"\/Date(1426099487920+0060)\/","EndTimeWithTimezone":"\/Date(1426099504797+0060)\/","VoteBusinessNumber":null,"VoteBusinessShortNumber":null,"VoteBusinessTitle":null},{"__metadata":{"id":"https://ws.parlament.ch/OData.svc/Transcript(ID=188834L,Language='DE')","uri":"https://ws.parlament.ch/OData.svc/Transcript(ID=188834L,Language='DE')","type":"itsystems.Pd.DataServices.DataModel.Transcript"},"Subjects":{"__deferred":{"uri":"https://ws.parlament.ch/OData.svc/Transcript(ID=188834L,Language='DE')/Subjects"}},"MembersCouncil":{"__deferred":{"uri":"https://ws.parlament.ch/OData.svc/Transcript(ID=188834L,Language='DE')/MembersCouncil"}},"Businesses":{"__deferred":{"uri":"https://ws.parlament.ch/OData.svc/Transcript(ID=188834L,Language='DE')/Businesses"}},"ID":"188834","Language":"DE","IdSubject":"35082","VoteId":null,"PersonNumber":1065,"Type":1,"Text":"<pd_text><p>Madame Schneider-Schneiter, je peux \u00eatre d'accord avec vous ou non, mais ne pensez-vous pas que si nous revotons maintenant, une heure et demie apr\u00e8s la votation que nous avons faite et que la composition du conseil n'est plus la m\u00eame, votre \"Willens\u00e4usserung\" sera aussi falsifi\u00e9e? Je ne comprends pas votre demande.</p>\n</pd_text>","MeetingCouncilAbbreviation":"N","MeetingDate":"20150311","MeetingVerbalixOid":2578,"IdSession":"4917","SpeakerFirstName":"Ueli","SpeakerLastName":"Leuenberger","SpeakerFullName":"Leuenberger Ueli","SpeakerFunction":"Mit-M","CouncilId":1,"CouncilName":"Nationalrat","CantonId":25,"CantonName":"Genf","CantonAbbreviation":"GE","ParlGroupName":"Gr\u00fcne Fraktion","ParlGroupAbbreviation":"G","SortOrder":3,"Start":"\/Date(1426099454265)\/","End":"\/Date(1426099487921)\/","Function":"Mit-M","DisplaySpeaker":true,"LanguageOfText":"FR","Modified":"\/Date(1774877457837)\/","StartTimeWithTimezone":"\/Date(1426099454267+0060)\/","EndTimeWithTimezone":"\/Date(1426099487920+0060)\/","VoteBusinessNumber":null,"VoteBusinessShortNumber":null,"VoteBusinessTitle":null},{"__metadata":{"id":"https://ws.parlament.ch/OData.svc/Transcript(ID=188835L,Language='DE')","uri":"https://ws.parlament.ch/OData.svc/Transcript(ID=188835L,Language='DE')","type":"itsystems.Pd.DataServices.DataModel.Transcript"},"Subjects":{"__deferred":{"uri":"https://ws.parlament.ch/OData.svc/Transcript(ID=188835L,Language='DE')/Subjects"}},"MembersCouncil":{"__deferred":{"uri":"https://ws.parlament.ch/OData.svc/Transcript(ID=188835L,Language='DE')/MembersCouncil"}},"Businesses":{"__deferred":{"uri":"https://ws.parlament.ch/OData.svc/Transcript(ID=188835L,Language='DE')/Businesses"}},"ID":"188835","Language":"DE","IdSubject":"35082","VoteId":null,"PersonNumber":4040,"Type":1,"Text":"<pd_text><p>Man kann bez\u00fcglich einer bestimmten Vorlage unterschiedliche Haltungen haben, wichtig ist aber, dass wir hier unseren Willen kundgeben k\u00f6nnen, und das unverf\u00e4lscht.</p>\n<p>Ich bitte Sie deshalb, auf diese Abstimmung zur\u00fcckzukommen und sie zu wiederholen.</p>\n</pd_text>","MeetingCouncilAbbreviation":"N","MeetingDate":"20150311","MeetingVerbalixOid":2578,"IdSession":"4917","SpeakerFirstName":"Elisabeth","SpeakerLastName":"Schneider-Schneiter","SpeakerFullName":"Schneider-Schneiter Elisabeth","SpeakerFunction":"Mit-F","CouncilId":1,"CouncilName":"Nationalrat","CantonId":13,"CantonName":"Basel-Landschaft","CantonAbbreviation":"BL","ParlGroupName":"Fraktion CVP-EVP","ParlGroupAbbreviation":"M-E","SortOrder":2,"Start":"\/Date(1426099431442)\/","End":"\/Date(1426099454265)\/","Function":"Mit-F","DisplaySpeaker":true,"LanguageOfText":"DE","Modified":"\/Date(1774877457836)\/","StartTimeWithTimezone":"\/Date(1426099431443+0060)\/","EndTimeWithTimezone":"\/Date(1426099454267+0060)\/","VoteBusinessNumber":null,"VoteBusinessShortNumber":null,"VoteBusinessTitle":null},{"__metadata":{"id":"https://ws.parlament.ch/OData.svc/Transcript(ID=188836L,Language='DE')","uri":"https://ws.parlament.ch/OData.svc/Transcript(ID=188836L,Language='DE')","type":"itsystems.Pd.DataServices.DataModel.Transcript"},"Subjects":{"__deferred":{"uri":"https://ws.parlament.ch/OData.svc/Transcript(ID=188836L,Language='DE')/Subjects"}},"MembersCouncil":{"__deferred":{"uri":"https://ws.parlament.ch/OData.svc/Transcript(ID=188836L,Language='DE')/MembersCouncil"}},"Businesses":{"__deferred":{"uri":"https://ws.parlament.ch/OData.svc/Transcript(ID=188836L,Language='DE')/Businesses"}},"ID":"188836","Language":"DE","IdSubject":"35082","VoteId":null,"PersonNumber":504,"Type":1,"Text":"<pd_text><p><b>Le pr\u00e9sident </b>(Rossini St\u00e9phane, pr\u00e9sident): Une motion d'ordre a \u00e9t\u00e9 d\u00e9pos\u00e9e par Madame Schneider-Schneiter. Elle propose d'effectuer une nouvelle fois le vote sur la motion 14.3671. [PAGE 307] </p>\n</pd_text>","MeetingCouncilAbbreviation":"N","MeetingDate":"20150311","MeetingVerbalixOid":2578,"IdSession":"4917","SpeakerFirstName":"St\u00e9phane","SpeakerLastName":"Rossini","SpeakerFullName":"Rossini St\u00e9phane","SpeakerFunction":"P-M","CouncilId":1,"CouncilName":"Nationalrat","CantonId":23,"CantonName":"Wallis","CantonAbbreviation":"VS","ParlGroupName":"Sozialdemokratische Fraktion","ParlGroupAbbreviation":"S","SortOrder":1,"Start":"\/Date(1426099403273)\/","End":"\/Date(1426099431442)\/","Function":"P-M","DisplaySpeaker":false,"LanguageOfText":null,"Modified":"\/Date(1774877457835)\/","StartTimeWithTimezone":"\/Date(1426099403273+0060)\/","EndTimeWithTimezone":"\/Date(1426099431443+0060)\/","VoteBusinessNumber":null,"VoteBusinessShortNumber":null,"VoteBusinessTitle":null}]},"ID":"35082","Language":"DE","IdMeeting":"2011","VerbalixOid":460073,"SortOrder":12,"Modified":"\/Date(1774877457833)\/"}}