{"d":{"__metadata":{"id":"https://ws.parlament.ch/OData.svc/Subject(ID=35306L,Language='DE')","uri":"https://ws.parlament.ch/OData.svc/Subject(ID=35306L,Language='DE')","type":"itsystems.Pd.DataServices.DataModel.Subject"},"Meetings":{"__metadata":{"id":"https://ws.parlament.ch/OData.svc/Meeting(ID=2014L,Language='DE')","uri":"https://ws.parlament.ch/OData.svc/Meeting(ID=2014L,Language='DE')","type":"itsystems.Pd.DataServices.DataModel.Meeting"},"Sessions":{"__deferred":{"uri":"https://ws.parlament.ch/OData.svc/Meeting(ID=2014L,Language='DE')/Sessions"}},"Subjects":{"__deferred":{"uri":"https://ws.parlament.ch/OData.svc/Meeting(ID=2014L,Language='DE')/Subjects"}},"ID":"2014","Language":"DE","MeetingNumber":12,"IdSession":4920,"SessionNumber":20,"SessionName":"Herbstsession 2015","Council":1,"CouncilName":"Nationalrat","CouncilAbbreviation":"NR","Date":"\/Date(1442880000000)\/","Begin":"0800","Modified":"\/Date(1447070477217)\/","LegislativePeriodNumber":49,"PublicationStatus":"final","MeetingOrderText":"Zw\u00f6lfte Sitzung","SortOrder":12,"Location":"N"},"SubjectsBusiness":{"results":[{"__metadata":{"id":"https://ws.parlament.ch/OData.svc/SubjectBusiness(BusinessNumber=20144060,IdSubject=35306L,Language='DE')","uri":"https://ws.parlament.ch/OData.svc/SubjectBusiness(BusinessNumber=20144060,IdSubject=35306L,Language='DE')","type":"itsystems.Pd.DataServices.DataModel.SubjectBusiness"},"Subjects":{"__deferred":{"uri":"https://ws.parlament.ch/OData.svc/SubjectBusiness(BusinessNumber=20144060,IdSubject=35306L,Language='DE')/Subjects"}},"Businesses":{"__deferred":{"uri":"https://ws.parlament.ch/OData.svc/SubjectBusiness(BusinessNumber=20144060,IdSubject=35306L,Language='DE')/Businesses"}},"IdSubject":"35306","BusinessNumber":20144060,"Language":"DE","BusinessShortNumber":"14.4060","Title":"Beschaffung von Transportflugzeugen. Neuevaluation","SortOrder":1,"PublishedNotes":"Ordnungsantrag - Motion d'ordre\n","Modified":"\/Date(1447069650010)\/","TitleDE":"Motion Bieri Peter.\nBeschaffung von Transportflugzeugen.\nNeuevaluation","TitleFR":"Motion Bieri Peter.\nAcquisition d'avions de transport.\nR\u00e9\u00e9valuation","TitleIT":null}]},"Transcripts":{"results":[{"__metadata":{"id":"https://ws.parlament.ch/OData.svc/Transcript(ID=189357L,Language='DE')","uri":"https://ws.parlament.ch/OData.svc/Transcript(ID=189357L,Language='DE')","type":"itsystems.Pd.DataServices.DataModel.Transcript"},"Subjects":{"__deferred":{"uri":"https://ws.parlament.ch/OData.svc/Transcript(ID=189357L,Language='DE')/Subjects"}},"MembersCouncil":{"__deferred":{"uri":"https://ws.parlament.ch/OData.svc/Transcript(ID=189357L,Language='DE')/MembersCouncil"}},"Businesses":{"__deferred":{"uri":"https://ws.parlament.ch/OData.svc/Transcript(ID=189357L,Language='DE')/Businesses"}},"ID":"189357","Language":"DE","IdSubject":"35306","VoteId":"12504","PersonNumber":null,"Type":2,"Text":"<pd_text><p><i>Abstimmung - Vote</i></p>\n<p>[NAM]</p>\n<p>F\u00fcr Annahme der Motion ... 85 Stimmen</p>\n<p>Dagegen ... 98 Stimmen</p>\n<p>(2 Enthaltungen)</p>\n</pd_text>","MeetingCouncilAbbreviation":"N","MeetingDate":"20150922","MeetingVerbalixOid":2655,"IdSession":"4920","SpeakerFirstName":null,"SpeakerLastName":null,"SpeakerFullName":"","SpeakerFunction":null,"CouncilId":null,"CouncilName":null,"CantonId":null,"CantonName":null,"CantonAbbreviation":null,"ParlGroupName":null,"ParlGroupAbbreviation":null,"SortOrder":5,"Start":"\/Date(1442924025320)\/","End":"\/Date(1442924048816)\/","Function":null,"DisplaySpeaker":null,"LanguageOfText":null,"Modified":"\/Date(1774877425770)\/","StartTimeWithTimezone":"\/Date(1442924025320+0120)\/","EndTimeWithTimezone":"\/Date(1442924048817+0120)\/","VoteBusinessNumber":20144060,"VoteBusinessShortNumber":"14.4060","VoteBusinessTitle":"Motion Bieri Peter.\nBeschaffung von Transportflugzeugen.\nNeuevaluation"},{"__metadata":{"id":"https://ws.parlament.ch/OData.svc/Transcript(ID=189358L,Language='DE')","uri":"https://ws.parlament.ch/OData.svc/Transcript(ID=189358L,Language='DE')","type":"itsystems.Pd.DataServices.DataModel.Transcript"},"Subjects":{"__deferred":{"uri":"https://ws.parlament.ch/OData.svc/Transcript(ID=189358L,Language='DE')/Subjects"}},"MembersCouncil":{"__deferred":{"uri":"https://ws.parlament.ch/OData.svc/Transcript(ID=189358L,Language='DE')/MembersCouncil"}},"Businesses":{"__deferred":{"uri":"https://ws.parlament.ch/OData.svc/Transcript(ID=189358L,Language='DE')/Businesses"}},"ID":"189358","Language":"DE","IdSubject":"35306","VoteId":null,"PersonNumber":504,"Type":1,"Text":"<pd_text><p><b>Le pr\u00e9sident </b>(Rossini St\u00e9phane, pr\u00e9sident): Nous r\u00e9p\u00e9tons donc le vote sur la motion 14.4060. La commission propose d'adopter la motion. Une minorit\u00e9 propose de la rejeter. </p>\n</pd_text>","MeetingCouncilAbbreviation":"N","MeetingDate":"20150922","MeetingVerbalixOid":2655,"IdSession":"4920","SpeakerFirstName":"St\u00e9phane","SpeakerLastName":"Rossini","SpeakerFullName":"Rossini St\u00e9phane","SpeakerFunction":"P-M","CouncilId":1,"CouncilName":"Nationalrat","CantonId":23,"CantonName":"Wallis","CantonAbbreviation":"VS","ParlGroupName":"Sozialdemokratische Fraktion","ParlGroupAbbreviation":"S","SortOrder":4,"Start":"\/Date(1442923966888)\/","End":"\/Date(1442924025320)\/","Function":"P-M","DisplaySpeaker":false,"LanguageOfText":null,"Modified":"\/Date(1774877425766)\/","StartTimeWithTimezone":"\/Date(1442923966887+0120)\/","EndTimeWithTimezone":"\/Date(1442924025320+0120)\/","VoteBusinessNumber":null,"VoteBusinessShortNumber":null,"VoteBusinessTitle":null},{"__metadata":{"id":"https://ws.parlament.ch/OData.svc/Transcript(ID=189359L,Language='DE')","uri":"https://ws.parlament.ch/OData.svc/Transcript(ID=189359L,Language='DE')","type":"itsystems.Pd.DataServices.DataModel.Transcript"},"Subjects":{"__deferred":{"uri":"https://ws.parlament.ch/OData.svc/Transcript(ID=189359L,Language='DE')/Subjects"}},"MembersCouncil":{"__deferred":{"uri":"https://ws.parlament.ch/OData.svc/Transcript(ID=189359L,Language='DE')/MembersCouncil"}},"Businesses":{"__deferred":{"uri":"https://ws.parlament.ch/OData.svc/Transcript(ID=189359L,Language='DE')/Businesses"}},"ID":"189359","Language":"DE","IdSubject":"35306","VoteId":"12503","PersonNumber":null,"Type":2,"Text":"<pd_text><p><i>Abstimmung - Vote</i></p>\n<p>[NAM]</p>\n<p>F\u00fcr den Ordnungsantrag Freysinger ... 116 Stimmen</p>\n<p>Dagegen ... 65 Stimmen</p>\n<p>(7 Enthaltungen)</p>\n<p>[PAGE 1741] </p>\n</pd_text>","MeetingCouncilAbbreviation":"N","MeetingDate":"20150922","MeetingVerbalixOid":2655,"IdSession":"4920","SpeakerFirstName":null,"SpeakerLastName":null,"SpeakerFullName":"","SpeakerFunction":null,"CouncilId":null,"CouncilName":null,"CantonId":null,"CantonName":null,"CantonAbbreviation":null,"ParlGroupName":null,"ParlGroupAbbreviation":null,"SortOrder":3,"Start":"\/Date(1442923935948)\/","End":"\/Date(1442923966888)\/","Function":null,"DisplaySpeaker":null,"LanguageOfText":null,"Modified":"\/Date(1774877425764)\/","StartTimeWithTimezone":"\/Date(1442923935947+0120)\/","EndTimeWithTimezone":"\/Date(1442923966887+0120)\/","VoteBusinessNumber":20144060,"VoteBusinessShortNumber":"14.4060","VoteBusinessTitle":"Motion Bieri Peter.\nBeschaffung von Transportflugzeugen.\nNeuevaluation"},{"__metadata":{"id":"https://ws.parlament.ch/OData.svc/Transcript(ID=189360L,Language='DE')","uri":"https://ws.parlament.ch/OData.svc/Transcript(ID=189360L,Language='DE')","type":"itsystems.Pd.DataServices.DataModel.Transcript"},"Subjects":{"__deferred":{"uri":"https://ws.parlament.ch/OData.svc/Transcript(ID=189360L,Language='DE')/Subjects"}},"MembersCouncil":{"__deferred":{"uri":"https://ws.parlament.ch/OData.svc/Transcript(ID=189360L,Language='DE')/MembersCouncil"}},"Businesses":{"__deferred":{"uri":"https://ws.parlament.ch/OData.svc/Transcript(ID=189360L,Language='DE')/Businesses"}},"ID":"189360","Language":"DE","IdSubject":"35306","VoteId":null,"PersonNumber":1127,"Type":1,"Text":"<pd_text><p>Ich m\u00f6chte auf die Motion des St\u00e4nderates, \"Beschaffung von Transportflugzeugen. Neuevaluation\", zur\u00fcckkommen. Es hat ein bisschen Verwirrung gegeben, und Zufallsentscheide sind dieses Parlamentes unw\u00fcrdig. </p>\n<p>Ich beantrage also R\u00fcckkommen auf die Abstimmung.</p>\n</pd_text>","MeetingCouncilAbbreviation":"N","MeetingDate":"20150922","MeetingVerbalixOid":2655,"IdSession":"4920","SpeakerFirstName":"Oskar","SpeakerLastName":"Freysinger","SpeakerFullName":"Freysinger Oskar","SpeakerFunction":"Mit-M","CouncilId":1,"CouncilName":"Nationalrat","CantonId":23,"CantonName":"Wallis","CantonAbbreviation":"VS","ParlGroupName":"Fraktion der Schweizerischen Volkspartei","ParlGroupAbbreviation":"V","SortOrder":2,"Start":"\/Date(1442923917165)\/","End":"\/Date(1442923935948)\/","Function":"Mit-M","DisplaySpeaker":true,"LanguageOfText":"DE","Modified":"\/Date(1774877425762)\/","StartTimeWithTimezone":"\/Date(1442923917167+0120)\/","EndTimeWithTimezone":"\/Date(1442923935947+0120)\/","VoteBusinessNumber":null,"VoteBusinessShortNumber":null,"VoteBusinessTitle":null},{"__metadata":{"id":"https://ws.parlament.ch/OData.svc/Transcript(ID=189361L,Language='DE')","uri":"https://ws.parlament.ch/OData.svc/Transcript(ID=189361L,Language='DE')","type":"itsystems.Pd.DataServices.DataModel.Transcript"},"Subjects":{"__deferred":{"uri":"https://ws.parlament.ch/OData.svc/Transcript(ID=189361L,Language='DE')/Subjects"}},"MembersCouncil":{"__deferred":{"uri":"https://ws.parlament.ch/OData.svc/Transcript(ID=189361L,Language='DE')/MembersCouncil"}},"Businesses":{"__deferred":{"uri":"https://ws.parlament.ch/OData.svc/Transcript(ID=189361L,Language='DE')/Businesses"}},"ID":"189361","Language":"DE","IdSubject":"35306","VoteId":null,"PersonNumber":504,"Type":1,"Text":"<pd_text><p><b>Le pr\u00e9sident </b>(Rossini St\u00e9phane, pr\u00e9sident): La parole est \u00e0 Monsieur Freysinger, pour motiver sa motion d'ordre, qui demande de r\u00e9p\u00e9ter le vote sur la motion 14.4060.</p>\n</pd_text>","MeetingCouncilAbbreviation":"N","MeetingDate":"20150922","MeetingVerbalixOid":2655,"IdSession":"4920","SpeakerFirstName":"St\u00e9phane","SpeakerLastName":"Rossini","SpeakerFullName":"Rossini St\u00e9phane","SpeakerFunction":"P-M","CouncilId":1,"CouncilName":"Nationalrat","CantonId":23,"CantonName":"Wallis","CantonAbbreviation":"VS","ParlGroupName":"Sozialdemokratische Fraktion","ParlGroupAbbreviation":"S","SortOrder":1,"Start":"\/Date(1442923901264)\/","End":"\/Date(1442923917165)\/","Function":"P-M","DisplaySpeaker":false,"LanguageOfText":null,"Modified":"\/Date(1774877425760)\/","StartTimeWithTimezone":"\/Date(1442923901263+0120)\/","EndTimeWithTimezone":"\/Date(1442923917167+0120)\/","VoteBusinessNumber":null,"VoteBusinessShortNumber":null,"VoteBusinessTitle":null}]},"ID":"35306","Language":"DE","IdMeeting":"2014","VerbalixOid":478534,"SortOrder":10,"Modified":"\/Date(1774877425758)\/"}}