{"d":{"__metadata":{"id":"https://ws.parlament.ch/OData.svc/Subject(ID=35906L,Language='DE')","uri":"https://ws.parlament.ch/OData.svc/Subject(ID=35906L,Language='DE')","type":"itsystems.Pd.DataServices.DataModel.Subject"},"Meetings":{"__metadata":{"id":"https://ws.parlament.ch/OData.svc/Meeting(ID=2021L,Language='DE')","uri":"https://ws.parlament.ch/OData.svc/Meeting(ID=2021L,Language='DE')","type":"itsystems.Pd.DataServices.DataModel.Meeting"},"Sessions":{"__deferred":{"uri":"https://ws.parlament.ch/OData.svc/Meeting(ID=2021L,Language='DE')/Sessions"}},"Subjects":{"__deferred":{"uri":"https://ws.parlament.ch/OData.svc/Meeting(ID=2021L,Language='DE')/Subjects"}},"ID":"2021","Language":"DE","MeetingNumber":17,"IdSession":4920,"SessionNumber":20,"SessionName":"Herbstsession 2015","Council":1,"CouncilName":"Nationalrat","CouncilAbbreviation":"NR","Date":"\/Date(1443139200000)\/","Begin":"0800","Modified":"\/Date(1447070482120)\/","LegislativePeriodNumber":49,"PublicationStatus":"final","MeetingOrderText":"Siebzehnte Sitzung","SortOrder":17,"Location":"N"},"SubjectsBusiness":{"results":[{"__metadata":{"id":"https://ws.parlament.ch/OData.svc/SubjectBusiness(BusinessNumber=20130302,IdSubject=35906L,Language='DE')","uri":"https://ws.parlament.ch/OData.svc/SubjectBusiness(BusinessNumber=20130302,IdSubject=35906L,Language='DE')","type":"itsystems.Pd.DataServices.DataModel.SubjectBusiness"},"Subjects":{"__deferred":{"uri":"https://ws.parlament.ch/OData.svc/SubjectBusiness(BusinessNumber=20130302,IdSubject=35906L,Language='DE')/Subjects"}},"Businesses":{"__deferred":{"uri":"https://ws.parlament.ch/OData.svc/SubjectBusiness(BusinessNumber=20130302,IdSubject=35906L,Language='DE')/Businesses"}},"IdSubject":"35906","BusinessNumber":20130302,"Language":"DE","BusinessShortNumber":"13.302","Title":"Mitbestimmungsrechte der Bev\u00f6lkerung beim Bau eines Endlagers f\u00fcr radioaktive Abf\u00e4lle","SortOrder":1,"PublishedNotes":"Vorpr\u00fcfung - Examen pr\u00e9alable\n","Modified":"\/Date(1447069581773)\/","TitleDE":"Standesinitiative Schaffhausen.\nMitbestimmungsrechte\nder Bev\u00f6lkerung\nbeim Bau eines Endlagers\nf\u00fcr radioaktive Abf\u00e4lle","TitleFR":"Initiative cantonale Schaffhouse.\nDroits de cod\u00e9cision\nde la population\nlors de la construction\nd'un site d'entreposage\nde d\u00e9chets radioactifs","TitleIT":null}]},"Transcripts":{"results":[{"__metadata":{"id":"https://ws.parlament.ch/OData.svc/Transcript(ID=190593L,Language='DE')","uri":"https://ws.parlament.ch/OData.svc/Transcript(ID=190593L,Language='DE')","type":"itsystems.Pd.DataServices.DataModel.Transcript"},"Subjects":{"__deferred":{"uri":"https://ws.parlament.ch/OData.svc/Transcript(ID=190593L,Language='DE')/Subjects"}},"MembersCouncil":{"__deferred":{"uri":"https://ws.parlament.ch/OData.svc/Transcript(ID=190593L,Language='DE')/MembersCouncil"}},"Businesses":{"__deferred":{"uri":"https://ws.parlament.ch/OData.svc/Transcript(ID=190593L,Language='DE')/Businesses"}},"ID":"190593","Language":"DE","IdSubject":"35906","VoteId":"12568","PersonNumber":null,"Type":2,"Text":"<pd_text><p><i>Abstimmung - Vote</i></p>\n<p>[NAM]</p>\n<p>F\u00fcr Folgegeben ... 78 Stimmen</p>\n<p>Dagegen ... 112 Stimmen</p>\n<p>(2 Enthaltungen)</p>\n</pd_text>","MeetingCouncilAbbreviation":"N","MeetingDate":"20150925","MeetingVerbalixOid":2665,"IdSession":"4920","SpeakerFirstName":null,"SpeakerLastName":null,"SpeakerFullName":"","SpeakerFunction":null,"CouncilId":null,"CouncilName":null,"CantonId":null,"CantonName":null,"CantonAbbreviation":null,"ParlGroupName":null,"ParlGroupAbbreviation":null,"SortOrder":18,"Start":"\/Date(1443169399600)\/","End":"\/Date(1443169471663)\/","Function":null,"DisplaySpeaker":null,"LanguageOfText":null,"Modified":"\/Date(1774877429939)\/","StartTimeWithTimezone":"\/Date(1443169399600+0120)\/","EndTimeWithTimezone":"\/Date(1443169471663+0120)\/","VoteBusinessNumber":20130302,"VoteBusinessShortNumber":"13.302","VoteBusinessTitle":"Standesinitiative Schaffhausen.\nMitbestimmungsrechte\nder Bev\u00f6lkerung\nbeim Bau eines Endlagers\nf\u00fcr radioaktive Abf\u00e4lle"},{"__metadata":{"id":"https://ws.parlament.ch/OData.svc/Transcript(ID=190594L,Language='DE')","uri":"https://ws.parlament.ch/OData.svc/Transcript(ID=190594L,Language='DE')","type":"itsystems.Pd.DataServices.DataModel.Transcript"},"Subjects":{"__deferred":{"uri":"https://ws.parlament.ch/OData.svc/Transcript(ID=190594L,Language='DE')/Subjects"}},"MembersCouncil":{"__deferred":{"uri":"https://ws.parlament.ch/OData.svc/Transcript(ID=190594L,Language='DE')/MembersCouncil"}},"Businesses":{"__deferred":{"uri":"https://ws.parlament.ch/OData.svc/Transcript(ID=190594L,Language='DE')/Businesses"}},"ID":"190594","Language":"DE","IdSubject":"35906","VoteId":null,"PersonNumber":504,"Type":1,"Text":"<pd_text><p><b>Le pr\u00e9sident </b>(Rossini St\u00e9phane, pr\u00e9sident): Nous passons au vote. La majorit\u00e9 de la commission propose de ne pas donner suite \u00e0 l'initiative, une minorit\u00e9 Chopard-Acklin propose d'y donner suite. </p>\n</pd_text>","MeetingCouncilAbbreviation":"N","MeetingDate":"20150925","MeetingVerbalixOid":2665,"IdSession":"4920","SpeakerFirstName":"St\u00e9phane","SpeakerLastName":"Rossini","SpeakerFullName":"Rossini St\u00e9phane","SpeakerFunction":"P-M","CouncilId":1,"CouncilName":"Nationalrat","CantonId":23,"CantonName":"Wallis","CantonAbbreviation":"VS","ParlGroupName":"Sozialdemokratische Fraktion","ParlGroupAbbreviation":"S","SortOrder":17,"Start":"\/Date(1443169367872)\/","End":"\/Date(1443169399600)\/","Function":"P-M","DisplaySpeaker":false,"LanguageOfText":null,"Modified":"\/Date(1774877429931)\/","StartTimeWithTimezone":"\/Date(1443169367873+0120)\/","EndTimeWithTimezone":"\/Date(1443169399600+0120)\/","VoteBusinessNumber":null,"VoteBusinessShortNumber":null,"VoteBusinessTitle":null},{"__metadata":{"id":"https://ws.parlament.ch/OData.svc/Transcript(ID=190595L,Language='DE')","uri":"https://ws.parlament.ch/OData.svc/Transcript(ID=190595L,Language='DE')","type":"itsystems.Pd.DataServices.DataModel.Transcript"},"Subjects":{"__deferred":{"uri":"https://ws.parlament.ch/OData.svc/Transcript(ID=190595L,Language='DE')/Subjects"}},"MembersCouncil":{"__deferred":{"uri":"https://ws.parlament.ch/OData.svc/Transcript(ID=190595L,Language='DE')/MembersCouncil"}},"Businesses":{"__deferred":{"uri":"https://ws.parlament.ch/OData.svc/Transcript(ID=190595L,Language='DE')/Businesses"}},"ID":"190595","Language":"DE","IdSubject":"35906","VoteId":null,"PersonNumber":4007,"Type":1,"Text":"<pd_text><p>Das ist korrekt, Kollege Guhl. Der St\u00e4nderat hat leider der Standesinitiative Nidwalden keine Folge gegeben. Das soll uns nicht daran hindern, vern\u00fcnftiger zu entscheiden, die Demokratie hier im Nationalrat hochzuhalten und - \u00e4hnlich wie wir das \u00fcbrigens auch im Kanton Aargau, Herr Killer, mit dem alten Kernenergiegesetz beim Zwilag gemacht haben - die \u00f6rtliche Bev\u00f6lkerung dar\u00fcber abstimmen zu lassen. Das Zwilag ist noch nach dem alten Kernenergiegesetz entschieden worden; die Bev\u00f6lkerung wurde befragt, es gab eine Abstimmung, und es gab eine knappe Mehrheit f\u00fcr das Zwilag. Nachher ist ein solcher Entscheid, wie in der Schweiz \u00fcblich, demokratisch legitimiert und akzeptiert.</p>\n<p>Nach dem Nein in Nidwalden hat man die Spielregeln ge\u00e4ndert - \u00fcbrigens gegen den Willen des Bundesrates. Das war ein Fehlentscheid, der korrigiert werden muss. Wir brauchen die demokratische Mitbestimmung der Bev\u00f6lkerung vor Ort.</p>\n</pd_text>","MeetingCouncilAbbreviation":"N","MeetingDate":"20150925","MeetingVerbalixOid":2665,"IdSession":"4920","SpeakerFirstName":"Max","SpeakerLastName":"Chopard-Acklin","SpeakerFullName":"Chopard-Acklin Max","SpeakerFunction":"Mit-M","CouncilId":1,"CouncilName":"Nationalrat","CantonId":19,"CantonName":"Aargau","CantonAbbreviation":"AG","ParlGroupName":"Sozialdemokratische Fraktion","ParlGroupAbbreviation":"S","SortOrder":16,"Start":"\/Date(1443169312152)\/","End":"\/Date(1443169367872)\/","Function":"Mit-M","DisplaySpeaker":true,"LanguageOfText":"DE","Modified":"\/Date(1774877429928)\/","StartTimeWithTimezone":"\/Date(1443169312153+0120)\/","EndTimeWithTimezone":"\/Date(1443169367873+0120)\/","VoteBusinessNumber":null,"VoteBusinessShortNumber":null,"VoteBusinessTitle":null},{"__metadata":{"id":"https://ws.parlament.ch/OData.svc/Transcript(ID=190596L,Language='DE')","uri":"https://ws.parlament.ch/OData.svc/Transcript(ID=190596L,Language='DE')","type":"itsystems.Pd.DataServices.DataModel.Transcript"},"Subjects":{"__deferred":{"uri":"https://ws.parlament.ch/OData.svc/Transcript(ID=190596L,Language='DE')/Subjects"}},"MembersCouncil":{"__deferred":{"uri":"https://ws.parlament.ch/OData.svc/Transcript(ID=190596L,Language='DE')/MembersCouncil"}},"Businesses":{"__deferred":{"uri":"https://ws.parlament.ch/OData.svc/Transcript(ID=190596L,Language='DE')/Businesses"}},"ID":"190596","Language":"DE","IdSubject":"35906","VoteId":null,"PersonNumber":4082,"Type":1,"Text":"<pd_text><p>Herr Chopard-Acklin, Sie haben die Standesinitiative Nidwalden erw\u00e4hnt, wie auch schon eine Vorrednerin, und Sie haben gesagt, dass ihr Folge gegeben worden sei. Aber das Parlament insgesamt hat ja die Standesinitiative abgelehnt, denn der St\u00e4nderat hat ihr meines Wissens keine Folge gegeben. Ist das korrekt?</p>\n</pd_text>","MeetingCouncilAbbreviation":"N","MeetingDate":"20150925","MeetingVerbalixOid":2665,"IdSession":"4920","SpeakerFirstName":"Bernhard","SpeakerLastName":"Guhl","SpeakerFullName":"Guhl Bernhard","SpeakerFunction":"Mit-M","CouncilId":1,"CouncilName":"Nationalrat","CantonId":19,"CantonName":"Aargau","CantonAbbreviation":"AG","ParlGroupName":"Fraktion BD","ParlGroupAbbreviation":"BD","SortOrder":15,"Start":"\/Date(1443169290551)\/","End":"\/Date(1443169312152)\/","Function":"Mit-M","DisplaySpeaker":true,"LanguageOfText":"DE","Modified":"\/Date(1774877429925)\/","StartTimeWithTimezone":"\/Date(1443169290550+0120)\/","EndTimeWithTimezone":"\/Date(1443169312153+0120)\/","VoteBusinessNumber":null,"VoteBusinessShortNumber":null,"VoteBusinessTitle":null},{"__metadata":{"id":"https://ws.parlament.ch/OData.svc/Transcript(ID=190597L,Language='DE')","uri":"https://ws.parlament.ch/OData.svc/Transcript(ID=190597L,Language='DE')","type":"itsystems.Pd.DataServices.DataModel.Transcript"},"Subjects":{"__deferred":{"uri":"https://ws.parlament.ch/OData.svc/Transcript(ID=190597L,Language='DE')/Subjects"}},"MembersCouncil":{"__deferred":{"uri":"https://ws.parlament.ch/OData.svc/Transcript(ID=190597L,Language='DE')/MembersCouncil"}},"Businesses":{"__deferred":{"uri":"https://ws.parlament.ch/OData.svc/Transcript(ID=190597L,Language='DE')/Businesses"}},"ID":"190597","Language":"DE","IdSubject":"35906","VoteId":null,"PersonNumber":4007,"Type":1,"Text":"<pd_text><p>Die Regionalkonferenzen sind, je nach Region, verschieden zusammengesetzt. Die Leute in diesen Regionalkonferenzen hinterfragen die Probleme mehr oder weniger kritisch. Ich finde die Regionalkonferenzen richtig und wichtig. Allerdings k\u00f6nnen sie zum Standort nicht Ja oder Nein sagen. Das ist ein Demokratiedefizit.</p>\n</pd_text>","MeetingCouncilAbbreviation":"N","MeetingDate":"20150925","MeetingVerbalixOid":2665,"IdSession":"4920","SpeakerFirstName":"Max","SpeakerLastName":"Chopard-Acklin","SpeakerFullName":"Chopard-Acklin Max","SpeakerFunction":"Mit-M","CouncilId":1,"CouncilName":"Nationalrat","CantonId":19,"CantonName":"Aargau","CantonAbbreviation":"AG","ParlGroupName":"Sozialdemokratische Fraktion","ParlGroupAbbreviation":"S","SortOrder":14,"Start":"\/Date(1443169266424)\/","End":"\/Date(1443169290551)\/","Function":"Mit-M","DisplaySpeaker":true,"LanguageOfText":"DE","Modified":"\/Date(1774877429922)\/","StartTimeWithTimezone":"\/Date(1443169266423+0120)\/","EndTimeWithTimezone":"\/Date(1443169290550+0120)\/","VoteBusinessNumber":null,"VoteBusinessShortNumber":null,"VoteBusinessTitle":null},{"__metadata":{"id":"https://ws.parlament.ch/OData.svc/Transcript(ID=190598L,Language='DE')","uri":"https://ws.parlament.ch/OData.svc/Transcript(ID=190598L,Language='DE')","type":"itsystems.Pd.DataServices.DataModel.Transcript"},"Subjects":{"__deferred":{"uri":"https://ws.parlament.ch/OData.svc/Transcript(ID=190598L,Language='DE')/Subjects"}},"MembersCouncil":{"__deferred":{"uri":"https://ws.parlament.ch/OData.svc/Transcript(ID=190598L,Language='DE')/MembersCouncil"}},"Businesses":{"__deferred":{"uri":"https://ws.parlament.ch/OData.svc/Transcript(ID=190598L,Language='DE')/Businesses"}},"ID":"190598","Language":"DE","IdSubject":"35906","VoteId":null,"PersonNumber":3892,"Type":1,"Text":"<pd_text><p>Herr Kollege Chopard-Acklin, attestieren Sie den Regionalkonferenzen, die intensiv \u00fcber die Standorte mitdiskutieren, mit ihrem Beitrag die Sorgen der Regionen einzubringen?</p>\n</pd_text>","MeetingCouncilAbbreviation":"N","MeetingDate":"20150925","MeetingVerbalixOid":2665,"IdSession":"4920","SpeakerFirstName":"Hans","SpeakerLastName":"Killer","SpeakerFullName":"Killer Hans","SpeakerFunction":"Mit-M","CouncilId":1,"CouncilName":"Nationalrat","CantonId":19,"CantonName":"Aargau","CantonAbbreviation":"AG","ParlGroupName":"Fraktion der Schweizerischen Volkspartei","ParlGroupAbbreviation":"V","SortOrder":13,"Start":"\/Date(1443169246416)\/","End":"\/Date(1443169266424)\/","Function":"Mit-M","DisplaySpeaker":true,"LanguageOfText":"DE","Modified":"\/Date(1774877429919)\/","StartTimeWithTimezone":"\/Date(1443169246417+0120)\/","EndTimeWithTimezone":"\/Date(1443169266423+0120)\/","VoteBusinessNumber":null,"VoteBusinessShortNumber":null,"VoteBusinessTitle":null},{"__metadata":{"id":"https://ws.parlament.ch/OData.svc/Transcript(ID=190599L,Language='DE')","uri":"https://ws.parlament.ch/OData.svc/Transcript(ID=190599L,Language='DE')","type":"itsystems.Pd.DataServices.DataModel.Transcript"},"Subjects":{"__deferred":{"uri":"https://ws.parlament.ch/OData.svc/Transcript(ID=190599L,Language='DE')/Subjects"}},"MembersCouncil":{"__deferred":{"uri":"https://ws.parlament.ch/OData.svc/Transcript(ID=190599L,Language='DE')/MembersCouncil"}},"Businesses":{"__deferred":{"uri":"https://ws.parlament.ch/OData.svc/Transcript(ID=190599L,Language='DE')/Businesses"}},"ID":"190599","Language":"DE","IdSubject":"35906","VoteId":null,"PersonNumber":null,"Type":3,"Text":"<pd_text><p><i>Antrag der Mehrheit</i></p>\n<p>Der Initiative keine Folge geben</p>\n<p>[VS]</p>\n<p><i>Antrag der Minderheit</i></p>\n<p>(Chopard-Acklin, Badran Jacqueline, B\u00e4umle, Girod, Hadorn, Jans, Nordmann, Semadeni, Thorens Goumaz)</p>\n<p>Der Initiative Folge geben</p>\n<p>[VS]</p>\n<p><i>Proposition de la majorit\u00e9</i></p>\n<p>Ne pas donner suite \u00e0 l'initiative</p>\n<p>[VS]</p>\n<p><i>Proposition de la minorit\u00e9</i></p>\n<p>(Chopard-Acklin, Badran Jacqueline, B\u00e4umle, Girod, Hadorn, Jans, Nordmann, Semadeni, Thorens Goumaz)</p>\n<p>Donner suite \u00e0 l'initiative</p>\n<p>[VS]</p>\n<p><b>Le pr\u00e9sident </b>(Rossini St\u00e9phane, pr\u00e9sident): Vous avez re\u00e7u un rapport \u00e9crit de la commission.</p>\n</pd_text>","MeetingCouncilAbbreviation":"N","MeetingDate":"20150925","MeetingVerbalixOid":2665,"IdSession":"4920","SpeakerFirstName":null,"SpeakerLastName":null,"SpeakerFullName":"","SpeakerFunction":null,"CouncilId":null,"CouncilName":null,"CantonId":null,"CantonName":null,"CantonAbbreviation":null,"ParlGroupName":null,"ParlGroupAbbreviation":null,"SortOrder":1,"Start":null,"End":null,"Function":null,"DisplaySpeaker":null,"LanguageOfText":"DE","Modified":"\/Date(1774877429862)\/","StartTimeWithTimezone":null,"EndTimeWithTimezone":null,"VoteBusinessNumber":null,"VoteBusinessShortNumber":null,"VoteBusinessTitle":null},{"__metadata":{"id":"https://ws.parlament.ch/OData.svc/Transcript(ID=190600L,Language='DE')","uri":"https://ws.parlament.ch/OData.svc/Transcript(ID=190600L,Language='DE')","type":"itsystems.Pd.DataServices.DataModel.Transcript"},"Subjects":{"__deferred":{"uri":"https://ws.parlament.ch/OData.svc/Transcript(ID=190600L,Language='DE')/Subjects"}},"MembersCouncil":{"__deferred":{"uri":"https://ws.parlament.ch/OData.svc/Transcript(ID=190600L,Language='DE')/MembersCouncil"}},"Businesses":{"__deferred":{"uri":"https://ws.parlament.ch/OData.svc/Transcript(ID=190600L,Language='DE')/Businesses"}},"ID":"190600","Language":"DE","IdSubject":"35906","VoteId":null,"PersonNumber":1108,"Type":1,"Text":"<pd_text><p>Par cette initiative, le canton de Schaffhouse demande que la loi sur l'\u00e9nergie nucl\u00e9aire contienne une disposition pr\u00e9voyant l'approbation du canton concern\u00e9 en cas de construction d'un site d'entreposage de d\u00e9chets radioactifs.</p>\n<p>Je pourrais vous renvoyer tout simplement aux d\u00e9bats que nous avons eus sur les initiatives parlementaires d\u00e9pos\u00e9es par le groupe des Verts (10.530) et par Monsieur Hansj\u00f6rg Fehr (10.514), ainsi que sur l'initiative du canton de Nidwald 12.319, vu qu'elles avaient grosso modo le m\u00eame objectif de pr\u00e9voir un droit de veto pour les populations des cantons, voire des r\u00e9gions concern\u00e9es par la construction d'un tel site. Toutes ont \u00e9t\u00e9 rejet\u00e9es par les chambres. </p>\n<p>Constatant que la situation n'avait pas fondamentalement \u00e9volu\u00e9 depuis lors, le Conseil des Etats a d\u00e9cid\u00e9 en d\u00e9cembre 2013 de ne pas donner suite \u00e0 cette nouvelle initiative cantonale. La majorit\u00e9 de la Commission de l'environnement, de l'am\u00e9nagement du territoire et de l'\u00e9nergie du Conseil national fait exactement la m\u00eame analyse.</p>\n<p>La raison principale est toujours la m\u00eame: aucun \u00e9l\u00e9ment nouveau n'est intervenu depuis, qui puisse modifier son appr\u00e9ciation. Pour m\u00e9moire, la proc\u00e9dure menant \u00e0 une d\u00e9cision d\u00e9finitive en la mati\u00e8re a \u00e9t\u00e9 clairement d\u00e9finie par le l\u00e9gislateur dans la loi sur l'\u00e9nergie nucl\u00e9aire, apr\u00e8s d'intenses discussions entre les deux chambres. </p>\n<p>Les cantons d'implantation ont obtenu un droit de participation \u00e9tendu \u00e0 la proc\u00e9dure, un droit de consultation et un droit de recours. Le droit de veto a en revanche \u00e9t\u00e9 biff\u00e9, car il s'agit ici, et on parle de la gestion des d\u00e9chets nucl\u00e9aires suisses, d'une question d'int\u00e9r\u00eat national qui doit trouver une solution dans notre pays et ne pas \u00eatre export\u00e9e ailleurs. </p>\n<p>Toute la proc\u00e9dure complexe mise en oeuvre doit permettre de choisir, sur la base de crit\u00e8res scientifiques et objectifs, un emplacement qui offre sur le plan g\u00e9ologique et technique les meilleures garanties de s\u00e9curit\u00e9, ind\u00e9pendamment de toutes autres consid\u00e9rations.</p>\n<p>Les travaux concernant la s\u00e9lection du site d\u00e9fini par le plan sectoriel intitul\u00e9 \"D\u00e9p\u00f4ts en couches g\u00e9ologiques profondes\" sont d\u00e9j\u00e0 tr\u00e8s avanc\u00e9s. Modifier a posteriori les bases l\u00e9gales reviendrait \u00e0 changer les r\u00e8gles du jeu en cours de partie; cela ne se justifie pas du point de vue de la majorit\u00e9 de la commission, et cela cr\u00e9erait une ins\u00e9curit\u00e9 juridique qui n'est pas souhaitable.</p>\n<p>La d\u00e9cision finale sera de toute fa\u00e7on susceptible d'\u00eatre attaqu\u00e9e par r\u00e9f\u00e9rendum sur le plan national, ce qui pr\u00e9serve les droits populaires. Et le vote issu des urnes aura une l\u00e9gitimit\u00e9 renforc\u00e9e vu qu'il s'agit d'un sujet d'int\u00e9r\u00eat supracantonal.</p>\n<p>Au vote, la commission vous recommande, par 12 voix contre 9 et 2 abstentions, de ne pas donner suite \u00e0 cette initiative du canton de Schaffhouse.</p>\n</pd_text>","MeetingCouncilAbbreviation":"N","MeetingDate":"20150925","MeetingVerbalixOid":2665,"IdSession":"4920","SpeakerFirstName":"Guy","SpeakerLastName":"Parmelin","SpeakerFullName":"Parmelin Guy","SpeakerFunction":"Mit-M","CouncilId":1,"CouncilName":"Nationalrat","CantonId":22,"CantonName":"Waadt","CantonAbbreviation":"VD","ParlGroupName":"Fraktion der Schweizerischen Volkspartei","ParlGroupAbbreviation":"V","SortOrder":2,"Start":"\/Date(1443168087412)\/","End":"\/Date(1443168286826)\/","Function":"*","DisplaySpeaker":true,"LanguageOfText":"FR","Modified":"\/Date(1774877429874)\/","StartTimeWithTimezone":"\/Date(1443168087413+0120)\/","EndTimeWithTimezone":"\/Date(1443168286827+0120)\/","VoteBusinessNumber":null,"VoteBusinessShortNumber":null,"VoteBusinessTitle":null},{"__metadata":{"id":"https://ws.parlament.ch/OData.svc/Transcript(ID=190601L,Language='DE')","uri":"https://ws.parlament.ch/OData.svc/Transcript(ID=190601L,Language='DE')","type":"itsystems.Pd.DataServices.DataModel.Transcript"},"Subjects":{"__deferred":{"uri":"https://ws.parlament.ch/OData.svc/Transcript(ID=190601L,Language='DE')/Subjects"}},"MembersCouncil":{"__deferred":{"uri":"https://ws.parlament.ch/OData.svc/Transcript(ID=190601L,Language='DE')/MembersCouncil"}},"Businesses":{"__deferred":{"uri":"https://ws.parlament.ch/OData.svc/Transcript(ID=190601L,Language='DE')/Businesses"}},"ID":"190601","Language":"DE","IdSubject":"35906","VoteId":null,"PersonNumber":4098,"Type":1,"Text":"<pd_text><p>Diese Standesinitiative will ja eigentlich nichts anderes als eine direktdemokratische, f\u00f6deralistische Mitbestimmung, und wenn ich richtig informiert bin, geh\u00f6ren Sie einer Partei an, die genau diese Prinzipien hochh\u00e4lt. N'y a-t-il donc pas une contradiction fondamentale avec les principes de votre parti, Monsieur Parmelin?</p>\n</pd_text>","MeetingCouncilAbbreviation":"N","MeetingDate":"20150925","MeetingVerbalixOid":2665,"IdSession":"4920","SpeakerFirstName":"Peter","SpeakerLastName":"Keller","SpeakerFullName":"Keller Peter","SpeakerFunction":"Mit-M","CouncilId":1,"CouncilName":"Nationalrat","CantonId":7,"CantonName":"Nidwalden","CantonAbbreviation":"NW","ParlGroupName":"Fraktion der Schweizerischen Volkspartei","ParlGroupAbbreviation":"V","SortOrder":3,"Start":"\/Date(1443168286826)\/","End":"\/Date(1443168331927)\/","Function":"Mit-M","DisplaySpeaker":true,"LanguageOfText":"DE","Modified":"\/Date(1774877429878)\/","StartTimeWithTimezone":"\/Date(1443168286827+0120)\/","EndTimeWithTimezone":"\/Date(1443168331927+0120)\/","VoteBusinessNumber":null,"VoteBusinessShortNumber":null,"VoteBusinessTitle":null},{"__metadata":{"id":"https://ws.parlament.ch/OData.svc/Transcript(ID=190602L,Language='DE')","uri":"https://ws.parlament.ch/OData.svc/Transcript(ID=190602L,Language='DE')","type":"itsystems.Pd.DataServices.DataModel.Transcript"},"Subjects":{"__deferred":{"uri":"https://ws.parlament.ch/OData.svc/Transcript(ID=190602L,Language='DE')/Subjects"}},"MembersCouncil":{"__deferred":{"uri":"https://ws.parlament.ch/OData.svc/Transcript(ID=190602L,Language='DE')/MembersCouncil"}},"Businesses":{"__deferred":{"uri":"https://ws.parlament.ch/OData.svc/Transcript(ID=190602L,Language='DE')/Businesses"}},"ID":"190602","Language":"DE","IdSubject":"35906","VoteId":null,"PersonNumber":1108,"Type":1,"Text":"<pd_text><p>Non, parce que c'est une question d'int\u00e9r\u00eat national. Le d\u00e9bat a eu lieu il y a fort longtemps dans les deux chambres. Il y a toutes sortes de lois f\u00e9d\u00e9rales pour lesquelles on pourrait imaginer la m\u00eame chose. Prenons par exemple celle sur l'am\u00e9nagement du territoire: c'est une loi f\u00e9d\u00e9rale, il y a des d\u00e9cisions prises sur le plan f\u00e9d\u00e9ral, mais on peut naturellement toujours essayer de changer les r\u00e8gles du jeu, comme l'ont fait le canton de Schaffhouse et votre canton, Monsieur Peter Keller, celui de Nidwald. S'il y a une majorit\u00e9, on changera les r\u00e8gles du jeu, mais jusqu'ici il n'y en a pas eu.</p>\n</pd_text>","MeetingCouncilAbbreviation":"N","MeetingDate":"20150925","MeetingVerbalixOid":2665,"IdSession":"4920","SpeakerFirstName":"Guy","SpeakerLastName":"Parmelin","SpeakerFullName":"Parmelin Guy","SpeakerFunction":"Mit-M","CouncilId":1,"CouncilName":"Nationalrat","CantonId":22,"CantonName":"Waadt","CantonAbbreviation":"VD","ParlGroupName":"Fraktion der Schweizerischen Volkspartei","ParlGroupAbbreviation":"V","SortOrder":4,"Start":"\/Date(1443168331927)\/","End":"\/Date(1443168363793)\/","Function":"*","DisplaySpeaker":true,"LanguageOfText":"FR","Modified":"\/Date(1774877429881)\/","StartTimeWithTimezone":"\/Date(1443168331927+0120)\/","EndTimeWithTimezone":"\/Date(1443168363793+0120)\/","VoteBusinessNumber":null,"VoteBusinessShortNumber":null,"VoteBusinessTitle":null},{"__metadata":{"id":"https://ws.parlament.ch/OData.svc/Transcript(ID=190603L,Language='DE')","uri":"https://ws.parlament.ch/OData.svc/Transcript(ID=190603L,Language='DE')","type":"itsystems.Pd.DataServices.DataModel.Transcript"},"Subjects":{"__deferred":{"uri":"https://ws.parlament.ch/OData.svc/Transcript(ID=190603L,Language='DE')/Subjects"}},"MembersCouncil":{"__deferred":{"uri":"https://ws.parlament.ch/OData.svc/Transcript(ID=190603L,Language='DE')/MembersCouncil"}},"Businesses":{"__deferred":{"uri":"https://ws.parlament.ch/OData.svc/Transcript(ID=190603L,Language='DE')/Businesses"}},"ID":"190603","Language":"DE","IdSubject":"35906","VoteId":null,"PersonNumber":3924,"Type":1,"Text":"<pd_text><p>Monsieur Parmelin, vous savez tr\u00e8s bien que les habitants du Tessin, par exemple, seraient tout \u00e0 fait d'accord qu'on enterre des d\u00e9chets dans la r\u00e9gion de Schaffhouse ou de Zurich. Vous savez tr\u00e8s bien que ce sont les populations locales qui, en fin de compte, doivent accepter ce type de projet. Alors pourquoi ne pas donner suite \u00e0 cette initiative cantonale?</p>\n</pd_text>","MeetingCouncilAbbreviation":"N","MeetingDate":"20150925","MeetingVerbalixOid":2665,"IdSession":"4920","SpeakerFirstName":"Christian","SpeakerLastName":"van Singer","SpeakerFullName":"van Singer Christian","SpeakerFunction":"Mit-M","CouncilId":1,"CouncilName":"Nationalrat","CantonId":22,"CantonName":"Waadt","CantonAbbreviation":"VD","ParlGroupName":"Gr\u00fcne Fraktion","ParlGroupAbbreviation":"G","SortOrder":5,"Start":"\/Date(1443168363793)\/","End":"\/Date(1443168395339)\/","Function":"Mit-M","DisplaySpeaker":true,"LanguageOfText":"FR","Modified":"\/Date(1774877429884)\/","StartTimeWithTimezone":"\/Date(1443168363793+0120)\/","EndTimeWithTimezone":"\/Date(1443168395340+0120)\/","VoteBusinessNumber":null,"VoteBusinessShortNumber":null,"VoteBusinessTitle":null},{"__metadata":{"id":"https://ws.parlament.ch/OData.svc/Transcript(ID=190604L,Language='DE')","uri":"https://ws.parlament.ch/OData.svc/Transcript(ID=190604L,Language='DE')","type":"itsystems.Pd.DataServices.DataModel.Transcript"},"Subjects":{"__deferred":{"uri":"https://ws.parlament.ch/OData.svc/Transcript(ID=190604L,Language='DE')/Subjects"}},"MembersCouncil":{"__deferred":{"uri":"https://ws.parlament.ch/OData.svc/Transcript(ID=190604L,Language='DE')/MembersCouncil"}},"Businesses":{"__deferred":{"uri":"https://ws.parlament.ch/OData.svc/Transcript(ID=190604L,Language='DE')/Businesses"}},"ID":"190604","Language":"DE","IdSubject":"35906","VoteId":null,"PersonNumber":1108,"Type":1,"Text":"<pd_text><p>Comme je viens de le dire et comme cela a \u00e9t\u00e9 dit lors des trois d\u00e9bats que nous avons eus sur les trois pr\u00e9c\u00e9dentes initiatives, il y a certains dossiers qui sont d'ordre strat\u00e9gique et d'int\u00e9r\u00eat f\u00e9d\u00e9ral. Dans le cas pr\u00e9cis de l'entreposage de d\u00e9chets radioactifs dans le canton de Schaffhouse, cela touche en outre plusieurs cantons voisins. M\u00eame s'ils ne sont pas directement concern\u00e9s par l'implantation, ils en sont extr\u00eamement proches. Suivant le site qui serait retenu dans la r\u00e9gion zurichoise, donneriez-vous un droit de vote aux trois cantons entourant cette r\u00e9gion? Leur l\u00e9gitimit\u00e9 sera encore bien plus renforc\u00e9e si on consid\u00e8re cela sur un plan national. </p>\n</pd_text>","MeetingCouncilAbbreviation":"N","MeetingDate":"20150925","MeetingVerbalixOid":2665,"IdSession":"4920","SpeakerFirstName":"Guy","SpeakerLastName":"Parmelin","SpeakerFullName":"Parmelin Guy","SpeakerFunction":"Mit-M","CouncilId":1,"CouncilName":"Nationalrat","CantonId":22,"CantonName":"Waadt","CantonAbbreviation":"VD","ParlGroupName":"Fraktion der Schweizerischen Volkspartei","ParlGroupAbbreviation":"V","SortOrder":6,"Start":"\/Date(1443168395339)\/","End":"\/Date(1443168428068)\/","Function":"*","DisplaySpeaker":true,"LanguageOfText":"FR","Modified":"\/Date(1774877429887)\/","StartTimeWithTimezone":"\/Date(1443168395340+0120)\/","EndTimeWithTimezone":"\/Date(1443168428067+0120)\/","VoteBusinessNumber":null,"VoteBusinessShortNumber":null,"VoteBusinessTitle":null},{"__metadata":{"id":"https://ws.parlament.ch/OData.svc/Transcript(ID=190605L,Language='DE')","uri":"https://ws.parlament.ch/OData.svc/Transcript(ID=190605L,Language='DE')","type":"itsystems.Pd.DataServices.DataModel.Transcript"},"Subjects":{"__deferred":{"uri":"https://ws.parlament.ch/OData.svc/Transcript(ID=190605L,Language='DE')/Subjects"}},"MembersCouncil":{"__deferred":{"uri":"https://ws.parlament.ch/OData.svc/Transcript(ID=190605L,Language='DE')/MembersCouncil"}},"Businesses":{"__deferred":{"uri":"https://ws.parlament.ch/OData.svc/Transcript(ID=190605L,Language='DE')/Businesses"}},"ID":"190605","Language":"DE","IdSubject":"35906","VoteId":null,"PersonNumber":3912,"Type":1,"Text":"<pd_text><p>Wie der Kommissionssprecher franz\u00f6sischer Sprache bereits ausgef\u00fchrt hat, ist diese Thematik nicht neu. Wir haben schon einige solche Bestimmungen in diesem Rat behandelt und auch abgelehnt. Ich erinnere an die Standesinitiative [PAGE 1866] Nidwalden 12.319, an die parlamentarische Initiative Fehr Hans-J\u00fcrg 10.514 oder an die parlamentarische Initiative 10.530 der gr\u00fcnen Fraktion. Ich habe damals ziemlich breite Ausf\u00fchrungen gemacht, die immer noch im Amtlichen Bulletin nachlesbar sind. Ich m\u00f6chte mich deshalb bei dieser Initiative, die es nach dem Antrag der Mehrheit der Kommission ebenfalls abzulehnen gilt, auf die eher neueren bzw. aktuelleren Argumente beziehen.</p>\n<p>Auch wenn wir offenbar aus der Kernenergie aussteigen wollen, bleiben uns Abf\u00e4lle aus der Energieproduktion, aus Forschung und Medizin und auch aus dem R\u00fcckbau von Kernanlagen. Deshalb ist es einfach eine Notwendigkeit, dass wir eine L\u00f6sung f\u00fcr ein geologisches Tiefenlager suchen. Es geht nicht darum, dass man zum Beispiel das Zwischenlager in W\u00fcrenlingen dann einfach in ein Dauerzwischenlager bzw. in ein Schattentiefenlager umwandeln wird. Das ist nicht die Idee, die die Nagra verfolgt, und das entspricht auch nicht dem Auftrag, wie man Kernabf\u00e4lle entsorgen sollte. </p>\n<p>Es ist aber so: Wenn man jetzt die Spielregeln w\u00e4hrend des Spiels \u00e4ndert, dann haben wir bei dieser Tiefenlagersuche - die Zahl der Standorte ist jetzt ja auf zwei Standorte, die die besten sind, zusammengeschrumpft - schon gr\u00f6ssere Probleme bei der Umsetzung dieses Tiefenlagerprojekts. Ein Standortkanton soll dem Tiefenlager zustimmen, nicht wahr. Es geht dann um die Frage, die Herr Keller gestellt hat: Was genau ist ein Standortkanton? Eine der zwei letztlich verbliebenen Standortregionen ist zum Beispiel Z\u00fcrich-Nordost. Dort ist der Lagerperimeter im Kanton Z\u00fcrich. Stimmt also nur der Kanton Z\u00fcrich ab? Das Standortgebiet hingegen betrifft die Kantone Z\u00fcrich, Schaffhausen und Thurgau. Stimmt dann wirklich nur noch Z\u00fcrich ab, oder stimmen Thurgau und Schaffhausen sogar auch noch ab? Beim Standort Jura-Ost ist der Kanton Aargau betroffen, beim Lagerperimeter und beim Standortgebiet. Sie sehen also, wenn man drei verschiedene Standortgebiete, also Gebiete, die als Standorte von Tiefenlagern infrage kommen, anschaut, dann ist es alles andere als klar, was wirklich ein Standortkanton ist. Es k\u00f6nnen einzelne Kantone sein, es k\u00f6nnen aber auch mehrere sein. Wenn es mehrere Kantone sind oder wenn es auch nur ein einzelner Kanton ist, stellt sich immer noch das Problem, dass man nicht genau weiss, wie viel Distanz bzw. wie viel Ausdehnung der Lager- und der Standortperimeter dann effektiv haben werden.</p>\n<p>Das sind die guten Argumente, die daf\u00fcr sprechen, das Kernenergiegesetz so zu belassen, wie es ist. Das schl\u00e4gt Ihnen die Kommissionsmehrheit auch vor. Dann ist nach Artikel 49 Absatz 4 des Kernenergiegesetzes n\u00e4mlich auch klar, dass die Standortkantone, die dann jeweils betroffen sind, ein Beschwerderecht haben - das ist eine ganz wichtige Botschaft! Dieses Beschwerderecht war der Kompromiss, den man bei dieser Thematik gefunden hat.</p>\n<p>Ich darf auch darauf hinweisen - dabei geht es genau um die Frage der demokratischen Legitimation einer solchen L\u00f6sung -, dass alle Rahmenbewilligungen f\u00fcr Kernanlagen gem\u00e4ss Kernenergiegesetz dem fakultativen Referendum unterstehen. Das heisst also: Wenn wir eine solche L\u00f6sung finden, z. B. vorgeschlagen durch die Nagra, dann wird hier in diesem Parlament die Frage der Rahmenbewilligung diskutiert. Gegen diese Rahmenbewilligung kann man das Referendum ergreifen. Dann stimmt eben nicht nur ein kleiner Teil der Gesellschaft eines sogenannten Standortkantons dar\u00fcber ab, sondern die ganze Schweiz. Die ganze Schweiz wird also die M\u00f6glichkeit haben, \u00fcber ein Tiefenlager abzustimmen.</p>\n<p>Nicht zuletzt bleibt folgende Problematik: Wenn man die Zustimmung jedes einzelnen Kantons verlangt, dann haben die B\u00fcrgerinnen und B\u00fcrger dieser Kantone ein \u00fcberm\u00e4ssig gr\u00f6sseres Gewicht im demokratischen Prozess als alle anderen. Ein solches Vorgehen ist in unserem Land absolut ungeeignet, um eine nationale Problematik, wie sie die Tiefenlagerung darstellt, wirklich zu l\u00f6sen.</p>\n<p>Dann besteht noch folgendes Problem: Wenn ein Standortkanton gem\u00e4ss dieser Standesinitiative einen Standort f\u00fcr ein Tiefenlager ablehnt, dann m\u00fcssen wir letztlich einfach die zweit-, die dritt- oder die viertbeste geologisch-technische L\u00f6sung in Kauf nehmen. Das ist das gr\u00f6sste Problem dieser Initiative. Wenn alle Standortkantone Nein sagen, dann haben wir sowieso keine L\u00f6sung. Wenn dann irgendwie vielleicht mal der Standortkanton des viert- oder f\u00fcnftbesten Standorts Ja sagt, dann haben wir eine technisch und geologisch minderwertige L\u00f6sung. Das d\u00fcrfen wir aber bei dieser Thematik nicht zulassen! </p>\n<p>Das waren auch die Gr\u00fcnde, warum der St\u00e4nderat am 3. Dezember 2014 mit 23 zu 17 Stimmen der Standesinitiative keine Folge gab und die UREK-NR mit 12 zu 9 Stimmen bei 2 Enthaltungen ebenfalls beantragt, dieser Standesinitiative keine Folge zu geben. </p>\n</pd_text>","MeetingCouncilAbbreviation":"N","MeetingDate":"20150925","MeetingVerbalixOid":2665,"IdSession":"4920","SpeakerFirstName":"Christian","SpeakerLastName":"Wasserfallen","SpeakerFullName":"Wasserfallen Christian","SpeakerFunction":"Mit-M","CouncilId":1,"CouncilName":"Nationalrat","CantonId":2,"CantonName":"Bern","CantonAbbreviation":"BE","ParlGroupName":"FDP-Liberale Fraktion","ParlGroupAbbreviation":"RL","SortOrder":7,"Start":"\/Date(1443168428068)\/","End":"\/Date(1443168778993)\/","Function":"*","DisplaySpeaker":true,"LanguageOfText":"DE","Modified":"\/Date(1774877429893)\/","StartTimeWithTimezone":"\/Date(1443168428067+0120)\/","EndTimeWithTimezone":"\/Date(1443168778993+0120)\/","VoteBusinessNumber":null,"VoteBusinessShortNumber":null,"VoteBusinessTitle":null},{"__metadata":{"id":"https://ws.parlament.ch/OData.svc/Transcript(ID=190606L,Language='DE')","uri":"https://ws.parlament.ch/OData.svc/Transcript(ID=190606L,Language='DE')","type":"itsystems.Pd.DataServices.DataModel.Transcript"},"Subjects":{"__deferred":{"uri":"https://ws.parlament.ch/OData.svc/Transcript(ID=190606L,Language='DE')/Subjects"}},"MembersCouncil":{"__deferred":{"uri":"https://ws.parlament.ch/OData.svc/Transcript(ID=190606L,Language='DE')/MembersCouncil"}},"Businesses":{"__deferred":{"uri":"https://ws.parlament.ch/OData.svc/Transcript(ID=190606L,Language='DE')/Businesses"}},"ID":"190606","Language":"DE","IdSubject":"35906","VoteId":null,"PersonNumber":4134,"Type":1,"Text":"<pd_text><p>Herr Wasserfallen, es geht zuerst um einen Fehler, den ich korrigieren m\u00f6chte. Der Standesinitiative Nidwalden wurde im Nationalrat ja mit 111 zu 68 Stimmen Folge gegeben. Die Leute m\u00fcssten also gute Argumente haben, wenn sie nun unserer Initiative nach dem Sankt-Florians-Prinzip keine Folge geben m\u00f6chten. Meine Frage: Sie haben gesagt, man d\u00fcrfe die Spielregeln w\u00e4hrend des Spiels nicht \u00e4ndern. Ich m\u00f6chte Sie darauf aufmerksam machen: In Etappe 1 konnte Nidwalden dreimal an der Urne \u00fcber ein Atomm\u00fclllager befinden. Es w\u00e4re heute schon im Bau an einem Ort, der nicht sicher ist. Jetzt werden aber tats\u00e4chlich die Spielregeln ge\u00e4ndert. Finden Sie das fair? Sie haben selber gesagt, die Spielregeln w\u00e4hrend des Spiels zu \u00e4ndern, sei nicht fair, und nun wurden sie von Etappe 1 zu Etappe 2 ge\u00e4ndert.</p>\n</pd_text>","MeetingCouncilAbbreviation":"N","MeetingDate":"20150925","MeetingVerbalixOid":2665,"IdSession":"4920","SpeakerFirstName":"Martina","SpeakerLastName":"Munz","SpeakerFullName":"Munz Martina","SpeakerFunction":"Mit-F","CouncilId":1,"CouncilName":"Nationalrat","CantonId":14,"CantonName":"Schaffhausen","CantonAbbreviation":"SH","ParlGroupName":"Sozialdemokratische Fraktion","ParlGroupAbbreviation":"S","SortOrder":8,"Start":"\/Date(1443168778993)\/","End":"\/Date(1443168840666)\/","Function":"Mit-F","DisplaySpeaker":true,"LanguageOfText":"DE","Modified":"\/Date(1774877429896)\/","StartTimeWithTimezone":"\/Date(1443168778993+0120)\/","EndTimeWithTimezone":"\/Date(1443168840667+0120)\/","VoteBusinessNumber":null,"VoteBusinessShortNumber":null,"VoteBusinessTitle":null},{"__metadata":{"id":"https://ws.parlament.ch/OData.svc/Transcript(ID=190607L,Language='DE')","uri":"https://ws.parlament.ch/OData.svc/Transcript(ID=190607L,Language='DE')","type":"itsystems.Pd.DataServices.DataModel.Transcript"},"Subjects":{"__deferred":{"uri":"https://ws.parlament.ch/OData.svc/Transcript(ID=190607L,Language='DE')/Subjects"}},"MembersCouncil":{"__deferred":{"uri":"https://ws.parlament.ch/OData.svc/Transcript(ID=190607L,Language='DE')/MembersCouncil"}},"Businesses":{"__deferred":{"uri":"https://ws.parlament.ch/OData.svc/Transcript(ID=190607L,Language='DE')/Businesses"}},"ID":"190607","Language":"DE","IdSubject":"35906","VoteId":null,"PersonNumber":3912,"Type":1,"Text":"<pd_text><p>Wir haben hier ein Kernenergiegesetz erlassen, gegen welches das Referendum nicht ergriffen wurde. Und was im Kernenergiegesetz steht, ist einerseits richtig, und andererseits gilt das.</p>\n</pd_text>","MeetingCouncilAbbreviation":"N","MeetingDate":"20150925","MeetingVerbalixOid":2665,"IdSession":"4920","SpeakerFirstName":"Christian","SpeakerLastName":"Wasserfallen","SpeakerFullName":"Wasserfallen Christian","SpeakerFunction":"Mit-M","CouncilId":1,"CouncilName":"Nationalrat","CantonId":2,"CantonName":"Bern","CantonAbbreviation":"BE","ParlGroupName":"FDP-Liberale Fraktion","ParlGroupAbbreviation":"RL","SortOrder":9,"Start":"\/Date(1443168840666)\/","End":"\/Date(1443168853218)\/","Function":"*","DisplaySpeaker":true,"LanguageOfText":"DE","Modified":"\/Date(1774877429899)\/","StartTimeWithTimezone":"\/Date(1443168840667+0120)\/","EndTimeWithTimezone":"\/Date(1443168853217+0120)\/","VoteBusinessNumber":null,"VoteBusinessShortNumber":null,"VoteBusinessTitle":null},{"__metadata":{"id":"https://ws.parlament.ch/OData.svc/Transcript(ID=190608L,Language='DE')","uri":"https://ws.parlament.ch/OData.svc/Transcript(ID=190608L,Language='DE')","type":"itsystems.Pd.DataServices.DataModel.Transcript"},"Subjects":{"__deferred":{"uri":"https://ws.parlament.ch/OData.svc/Transcript(ID=190608L,Language='DE')/Subjects"}},"MembersCouncil":{"__deferred":{"uri":"https://ws.parlament.ch/OData.svc/Transcript(ID=190608L,Language='DE')/MembersCouncil"}},"Businesses":{"__deferred":{"uri":"https://ws.parlament.ch/OData.svc/Transcript(ID=190608L,Language='DE')/Businesses"}},"ID":"190608","Language":"DE","IdSubject":"35906","VoteId":null,"PersonNumber":4007,"Type":1,"Text":"<pd_text><p>Die vorliegende Standesinitiative Schaffhausen will, dass betroffene Standortkantone einem Endlager f\u00fcr radioaktive Abf\u00e4lle zustimmen m\u00fcssen. Es geht bei dieser Standesinitiative wie bereits bei der Standesinitiative Nidwalden, welcher der Nationalrat mit 111 zu 68 Stimmen Folge gegeben hat, um die Frage der demokratischen Legitimation und somit der Akzeptanz eines m\u00f6glichen Standorts f\u00fcr Atomm\u00fclllager. </p>\n<p>Die Frage der demokratischen Mitbestimmung der Standortkantone ist ein Anliegen, das seit der Revision des Kernenergiegesetzes im Jahre 2004 immer wieder und berechtigterweise aufs Tapet kommt. Damals wurden die Spielregeln zur demokratischen Mitbestimmung ge\u00e4ndert, Herr Wasserfallen. Die bis dahin geltenden Mitbestimmungsrechte der Standortkantone wurden beschnitten. Die Mitsprache des Volkes wurde auf ein m\u00f6gliches nationales Referendum reduziert. Das war ein Fehler.</p>\n<p>Ich bin wie der Schaffhauser Regierungsrat der Ansicht, dass ein Projekt mit einer solchen r\u00e4umlichen und zeitlichen Dimension, wie es ein geologisches Tiefenlager ist, nicht gegen den Willen der direkt betroffenen Bev\u00f6lkerung verwirklicht werden darf. Es w\u00e4re demokratisch nicht vertretbar, zu versuchen, einer Standortregion ein Atomm\u00fclllager aufzuzwingen. Ein Prozess um eine solch wichtige Frage wird kaum einen vers\u00f6hnlichen Abschluss finden, wenn die direkt betroffene Bev\u00f6lkerung nur dar\u00fcber debattieren darf und nicht abschliessend auch klar und demokratisch mit Ja oder Nein abstimmen kann.</p>\n<p>Belassen wir die Gesetzgebung so, wie sie heute ist, kann einer Region auch gegen deren Willen - weil sie von der Restschweiz \u00fcberstimmt werden kann - ein Tiefenlager f\u00fcr radioaktive Abf\u00e4lle aufgezwungen werden, quasi durch ein Diktat der nicht betroffenen Mehrheit. Wollen wir das wirklich? Ich glaube, das ist der falsche Weg. Wir sollten diese wichtige Frage nicht aus Angst vor dem Volk in einer m\u00f6glichen Standortregion mit einem Demokratiedefizit belasten. Bei der Atomm\u00fcllfrage geht es f\u00fcr eine direkt betroffene Region schliesslich um sicherheitsrelevante Risiken f\u00fcr Jahrtausende, f\u00fcr x Generationen. Statt mit Zwang sollte man da [PAGE 1867] mit Bedacht und vertrauensf\u00f6rdernden Fakten ans Werk gehen.</p>\n<p>Zurzeit spricht die Nagra noch von zwei m\u00f6glichen Standorten. Wir im Aargau - das sage ich als Aargauer - sind direkt betroffen. Es ist Ihnen sicher bekannt, dass auch das Gebiet Jura-Ost, der B\u00f6zberg, zu den Auserkorenen geh\u00f6ren soll. Der B\u00f6zberg im Kanton Aargau steht beispielsweise mitten im Wasserschloss der Schweiz und weist heute schon bekannte geologische Risiken auf. </p>\n<p>Doch ganz unabh\u00e4ngig davon: Einen wirklich erfolgreichen Abschluss werden wir bei der Atomm\u00fcllfrage in der direktdemokratischen Schweiz nur finden, wenn der Weg dazu vollst\u00e4ndig transparent ist und in der betroffenen Region auch auf breite Akzeptanz st\u00f6sst. Die Standesinitiative Schaffhausen bietet uns die M\u00f6glichkeit, den Prozess zu verbessern. Die Standesinitiative ersucht die Bundesversammlung, ins Kernenergiegesetz eine Bestimmung aufzunehmen, die daf\u00fcr sorgt, dass einer Standortregion nicht gegen ihren Willen ein Tiefenlager f\u00fcr radioaktive Abf\u00e4lle aufgezwungen werden kann.</p>\n<p>Ich bitte Sie, diesem Begehren Folge zu geben, so, wie Sie bereits der Standesinitiative Nidwalden Folge gegeben haben. Wir haben in der Schweiz eine lange und bew\u00e4hrte Tradition und Kultur der gegenseitigen R\u00fccksichtnahme, des Dialogs. Wir alle wissen, dass es nicht gut kommt - dass es nicht gut kommt! -, wenn versucht wird, \u00fcber die K\u00f6pfe der Direktbetroffenen hinweg zu entscheiden. Es ist festzuhalten, dass das, was hier gefordert wird, nicht im Widerspruch zu bereits bestehenden Partizipationsprozessen steht. Aber die Prozesse w\u00fcrden damit optimiert und vor Ort auch demokratisch legitimiert. Darum geht es. </p>\n<p>Ich rufe jene 111 Personen auf, die das letzte Mal der Standesinitiative Nidwalden Folge gegeben haben, konsequenterweise auch der Standesinitiative Schaffhausen Folge zu geben. </p>\n</pd_text>","MeetingCouncilAbbreviation":"N","MeetingDate":"20150925","MeetingVerbalixOid":2665,"IdSession":"4920","SpeakerFirstName":"Max","SpeakerLastName":"Chopard-Acklin","SpeakerFullName":"Chopard-Acklin Max","SpeakerFunction":"Mit-M","CouncilId":1,"CouncilName":"Nationalrat","CantonId":19,"CantonName":"Aargau","CantonAbbreviation":"AG","ParlGroupName":"Sozialdemokratische Fraktion","ParlGroupAbbreviation":"S","SortOrder":10,"Start":"\/Date(1443168853218)\/","End":"\/Date(1443169186463)\/","Function":"Mit-M","DisplaySpeaker":true,"LanguageOfText":"DE","Modified":"\/Date(1774877429909)\/","StartTimeWithTimezone":"\/Date(1443168853217+0120)\/","EndTimeWithTimezone":"\/Date(1443169186463+0120)\/","VoteBusinessNumber":null,"VoteBusinessShortNumber":null,"VoteBusinessTitle":null},{"__metadata":{"id":"https://ws.parlament.ch/OData.svc/Transcript(ID=190609L,Language='DE')","uri":"https://ws.parlament.ch/OData.svc/Transcript(ID=190609L,Language='DE')","type":"itsystems.Pd.DataServices.DataModel.Transcript"},"Subjects":{"__deferred":{"uri":"https://ws.parlament.ch/OData.svc/Transcript(ID=190609L,Language='DE')/Subjects"}},"MembersCouncil":{"__deferred":{"uri":"https://ws.parlament.ch/OData.svc/Transcript(ID=190609L,Language='DE')/MembersCouncil"}},"Businesses":{"__deferred":{"uri":"https://ws.parlament.ch/OData.svc/Transcript(ID=190609L,Language='DE')/Businesses"}},"ID":"190609","Language":"DE","IdSubject":"35906","VoteId":null,"PersonNumber":4063,"Type":1,"Text":"<pd_text><p>Kollege Chopard, wir sind uns ja einig bez\u00fcglich der Risiken und der grossen Herausforderung, die wir bei diesem Tiefenlager zu bew\u00e4ltigen haben. Deshalb sind wir uns auch einig \u00fcber das Primat der Sicherheit. Ein Tiefenlager darf nur am sichersten Standort gebaut werden. Wie soll das aber mit Ihren Spielregeln eingehalten werden? Warum soll denn, wenn der sicherste Standort Nein sagt, der zweitsicherste Ja sagen? Und wie kann dieses Primat der Sicherheit mit Ihren Spielregeln noch gelten?</p>\n</pd_text>","MeetingCouncilAbbreviation":"N","MeetingDate":"20150925","MeetingVerbalixOid":2665,"IdSession":"4920","SpeakerFirstName":"Stefan","SpeakerLastName":"M\u00fcller-Altermatt","SpeakerFullName":"M\u00fcller-Altermatt Stefan","SpeakerFunction":"Mit-M","CouncilId":1,"CouncilName":"Nationalrat","CantonId":11,"CantonName":"Solothurn","CantonAbbreviation":"SO","ParlGroupName":"Fraktion CVP-EVP","ParlGroupAbbreviation":"M-E","SortOrder":11,"Start":"\/Date(1443169186463)\/","End":"\/Date(1443169221936)\/","Function":"Mit-M","DisplaySpeaker":true,"LanguageOfText":"DE","Modified":"\/Date(1774877429912)\/","StartTimeWithTimezone":"\/Date(1443169186463+0120)\/","EndTimeWithTimezone":"\/Date(1443169221937+0120)\/","VoteBusinessNumber":null,"VoteBusinessShortNumber":null,"VoteBusinessTitle":null},{"__metadata":{"id":"https://ws.parlament.ch/OData.svc/Transcript(ID=190610L,Language='DE')","uri":"https://ws.parlament.ch/OData.svc/Transcript(ID=190610L,Language='DE')","type":"itsystems.Pd.DataServices.DataModel.Transcript"},"Subjects":{"__deferred":{"uri":"https://ws.parlament.ch/OData.svc/Transcript(ID=190610L,Language='DE')/Subjects"}},"MembersCouncil":{"__deferred":{"uri":"https://ws.parlament.ch/OData.svc/Transcript(ID=190610L,Language='DE')/MembersCouncil"}},"Businesses":{"__deferred":{"uri":"https://ws.parlament.ch/OData.svc/Transcript(ID=190610L,Language='DE')/Businesses"}},"ID":"190610","Language":"DE","IdSubject":"35906","VoteId":null,"PersonNumber":4007,"Type":1,"Text":"<pd_text><p>Besten Dank, Herr M\u00fcller-Altermatt, f\u00fcr Ihre Frage. Ich teile Ihre Ansicht: Es muss der bestm\u00f6gliche, der sicherstm\u00f6gliche Standort sein. Ich bin \u00fcberzeugt, wenn man gute Argumente hat, wenn man mit Bedacht an die Sache herangeht, wenn man die Bev\u00f6lkerung \u00fcberzeugen kann, dass es der sicherste Standort ist, dann wird die Bev\u00f6lkerung den auch mittragen.</p>\n</pd_text>","MeetingCouncilAbbreviation":"N","MeetingDate":"20150925","MeetingVerbalixOid":2665,"IdSession":"4920","SpeakerFirstName":"Max","SpeakerLastName":"Chopard-Acklin","SpeakerFullName":"Chopard-Acklin Max","SpeakerFunction":"Mit-M","CouncilId":1,"CouncilName":"Nationalrat","CantonId":19,"CantonName":"Aargau","CantonAbbreviation":"AG","ParlGroupName":"Sozialdemokratische Fraktion","ParlGroupAbbreviation":"S","SortOrder":12,"Start":"\/Date(1443169221936)\/","End":"\/Date(1443169246416)\/","Function":"Mit-M","DisplaySpeaker":true,"LanguageOfText":"DE","Modified":"\/Date(1774877429915)\/","StartTimeWithTimezone":"\/Date(1443169221937+0120)\/","EndTimeWithTimezone":"\/Date(1443169246417+0120)\/","VoteBusinessNumber":null,"VoteBusinessShortNumber":null,"VoteBusinessTitle":null}]},"ID":"35906","Language":"DE","IdMeeting":"2021","VerbalixOid":481380,"SortOrder":1,"Modified":"\/Date(1447070482390)\/"}}