{"d":{"__metadata":{"id":"https://ws.parlament.ch/OData.svc/Subject(ID=36163L,Language='DE')","uri":"https://ws.parlament.ch/OData.svc/Subject(ID=36163L,Language='DE')","type":"itsystems.Pd.DataServices.DataModel.Subject"},"Meetings":{"__metadata":{"id":"https://ws.parlament.ch/OData.svc/Meeting(ID=3739L,Language='DE')","uri":"https://ws.parlament.ch/OData.svc/Meeting(ID=3739L,Language='DE')","type":"itsystems.Pd.DataServices.DataModel.Meeting"},"Sessions":{"__deferred":{"uri":"https://ws.parlament.ch/OData.svc/Meeting(ID=3739L,Language='DE')/Sessions"}},"Subjects":{"__deferred":{"uri":"https://ws.parlament.ch/OData.svc/Meeting(ID=3739L,Language='DE')/Subjects"}},"ID":"3739","Language":"DE","MeetingNumber":6,"IdSession":5001,"SessionNumber":1,"SessionName":"Wintersession 2015","Council":2,"CouncilName":"St\u00e4nderat","CouncilAbbreviation":"SR","Date":"\/Date(1449532800000)\/","Begin":"0815","Modified":"\/Date(1449563711387)\/","LegislativePeriodNumber":50,"PublicationStatus":"final","MeetingOrderText":"Sechste Sitzung","SortOrder":6,"Location":"S"},"SubjectsBusiness":{"results":[{"__metadata":{"id":"https://ws.parlament.ch/OData.svc/SubjectBusiness(BusinessNumber=20150039,IdSubject=36163L,Language='DE')","uri":"https://ws.parlament.ch/OData.svc/SubjectBusiness(BusinessNumber=20150039,IdSubject=36163L,Language='DE')","type":"itsystems.Pd.DataServices.DataModel.SubjectBusiness"},"Subjects":{"__deferred":{"uri":"https://ws.parlament.ch/OData.svc/SubjectBusiness(BusinessNumber=20150039,IdSubject=36163L,Language='DE')/Subjects"}},"Businesses":{"__deferred":{"uri":"https://ws.parlament.ch/OData.svc/SubjectBusiness(BusinessNumber=20150039,IdSubject=36163L,Language='DE')/Businesses"}},"IdSubject":"36163","BusinessNumber":20150039,"Language":"DE","BusinessShortNumber":"15.039","Title":"Immobilienbotschaft EFD 2015","SortOrder":1,"PublishedNotes":"Zweitrat - Deuxi\u00e8me Conseil\n","Modified":"\/Date(1447069668216)\/","TitleDE":"Immobilienbotschaft EFD 2015","TitleFR":"Message sur les immeubles du DFF 2015","TitleIT":null}]},"Transcripts":{"results":[{"__metadata":{"id":"https://ws.parlament.ch/OData.svc/Transcript(ID=192404L,Language='DE')","uri":"https://ws.parlament.ch/OData.svc/Transcript(ID=192404L,Language='DE')","type":"itsystems.Pd.DataServices.DataModel.Transcript"},"Subjects":{"__deferred":{"uri":"https://ws.parlament.ch/OData.svc/Transcript(ID=192404L,Language='DE')/Subjects"}},"MembersCouncil":{"__deferred":{"uri":"https://ws.parlament.ch/OData.svc/Transcript(ID=192404L,Language='DE')/MembersCouncil"}},"Businesses":{"__deferred":{"uri":"https://ws.parlament.ch/OData.svc/Transcript(ID=192404L,Language='DE')/Businesses"}},"ID":"192404","Language":"DE","IdSubject":"36163","VoteId":"1158","PersonNumber":null,"Type":2,"Text":"<pd_text><p><i>Art. 2 Abs. 1 - Art. 2 al. 1</i></p>\n<p>[VS]</p>\n<p><i>Ausgabenbremse - Frein aux d\u00e9penses</i></p>\n<p>[VS]</p>\n<p><i>Abstimmung - Vote</i></p>\n<p>[NAM]</p>\n<p>F\u00fcr Annahme der Ausgabe ... 42 Stimmen</p>\n<p>(Einstimmigkeit)</p>\n<p>(0 Enthaltungen)</p>\n<p>[VS]</p>\n<p><i>Das qualifizierte Mehr ist erreicht</i></p>\n<p><i>La majorit\u00e9 qualifi\u00e9e est acquise</i></p>\n</pd_text>","MeetingCouncilAbbreviation":"S","MeetingDate":"20151208","MeetingVerbalixOid":2682,"IdSession":"5001","SpeakerFirstName":null,"SpeakerLastName":null,"SpeakerFullName":"","SpeakerFunction":null,"CouncilId":null,"CouncilName":null,"CantonId":null,"CantonName":null,"CantonAbbreviation":null,"ParlGroupName":null,"ParlGroupAbbreviation":null,"SortOrder":4,"Start":"\/Date(1449567437833)\/","End":"\/Date(1449567546410)\/","Function":null,"DisplaySpeaker":null,"LanguageOfText":null,"Modified":"\/Date(1510850606677)\/","StartTimeWithTimezone":"\/Date(1449567437833+0060)\/","EndTimeWithTimezone":"\/Date(1449567546410+0060)\/","VoteBusinessNumber":20150039,"VoteBusinessShortNumber":"15.039","VoteBusinessTitle":"Immobilienbotschaft EFD 2015"},{"__metadata":{"id":"https://ws.parlament.ch/OData.svc/Transcript(ID=192405L,Language='DE')","uri":"https://ws.parlament.ch/OData.svc/Transcript(ID=192405L,Language='DE')","type":"itsystems.Pd.DataServices.DataModel.Transcript"},"Subjects":{"__deferred":{"uri":"https://ws.parlament.ch/OData.svc/Transcript(ID=192405L,Language='DE')/Subjects"}},"MembersCouncil":{"__deferred":{"uri":"https://ws.parlament.ch/OData.svc/Transcript(ID=192405L,Language='DE')/MembersCouncil"}},"Businesses":{"__deferred":{"uri":"https://ws.parlament.ch/OData.svc/Transcript(ID=192405L,Language='DE')/Businesses"}},"ID":"192405","Language":"DE","IdSubject":"36163","VoteId":"1159","PersonNumber":null,"Type":2,"Text":"<pd_text><p><i>Art. 2 Abs. 2 - Art. 2 al. 2</i></p>\n<p>[VS]</p>\n<p><i>Ausgabenbremse - Frein aux d\u00e9penses</i></p>\n<p>[VS]</p>\n<p><i>Abstimmung - Vote</i></p>\n<p>[NAM]</p>\n<p>F\u00fcr Annahme der Ausgabe ... 42 Stimmen</p>\n<p>(Einstimmigkeit)</p>\n<p>(0 Enthaltungen)</p>\n<p>[VS]</p>\n<p><i>Das qualifizierte Mehr ist erreicht</i></p>\n<p><i>La majorit\u00e9 qualifi\u00e9e est acquise</i></p>\n<p>[VS]</p>\n</pd_text>","MeetingCouncilAbbreviation":"S","MeetingDate":"20151208","MeetingVerbalixOid":2682,"IdSession":"5001","SpeakerFirstName":null,"SpeakerLastName":null,"SpeakerFullName":"","SpeakerFunction":null,"CouncilId":null,"CouncilName":null,"CantonId":null,"CantonName":null,"CantonAbbreviation":null,"ParlGroupName":null,"ParlGroupAbbreviation":null,"SortOrder":5,"Start":null,"End":null,"Function":null,"DisplaySpeaker":null,"LanguageOfText":null,"Modified":"\/Date(1510850606693)\/","StartTimeWithTimezone":null,"EndTimeWithTimezone":null,"VoteBusinessNumber":20150039,"VoteBusinessShortNumber":"15.039","VoteBusinessTitle":"Immobilienbotschaft EFD 2015"},{"__metadata":{"id":"https://ws.parlament.ch/OData.svc/Transcript(ID=192406L,Language='DE')","uri":"https://ws.parlament.ch/OData.svc/Transcript(ID=192406L,Language='DE')","type":"itsystems.Pd.DataServices.DataModel.Transcript"},"Subjects":{"__deferred":{"uri":"https://ws.parlament.ch/OData.svc/Transcript(ID=192406L,Language='DE')/Subjects"}},"MembersCouncil":{"__deferred":{"uri":"https://ws.parlament.ch/OData.svc/Transcript(ID=192406L,Language='DE')/MembersCouncil"}},"Businesses":{"__deferred":{"uri":"https://ws.parlament.ch/OData.svc/Transcript(ID=192406L,Language='DE')/Businesses"}},"ID":"192406","Language":"DE","IdSubject":"36163","VoteId":"1160","PersonNumber":null,"Type":2,"Text":"<pd_text><p><i>Gesamtabstimmung - Vote sur l'ensemble</i></p>\n<p>[NAM]</p>\n<p>F\u00fcr Annahme des Entwurfes ... 41 Stimmen</p>\n<p>(Einstimmigkeit)</p>\n<p>(0 Enthaltungen)</p>\n</pd_text>","MeetingCouncilAbbreviation":"S","MeetingDate":"20151208","MeetingVerbalixOid":2682,"IdSession":"5001","SpeakerFirstName":null,"SpeakerLastName":null,"SpeakerFullName":"","SpeakerFunction":null,"CouncilId":null,"CouncilName":null,"CantonId":null,"CantonName":null,"CantonAbbreviation":null,"ParlGroupName":null,"ParlGroupAbbreviation":null,"SortOrder":6,"Start":null,"End":null,"Function":null,"DisplaySpeaker":null,"LanguageOfText":null,"Modified":"\/Date(1510850606693)\/","StartTimeWithTimezone":null,"EndTimeWithTimezone":null,"VoteBusinessNumber":20150039,"VoteBusinessShortNumber":"15.039","VoteBusinessTitle":"Immobilienbotschaft EFD 2015"},{"__metadata":{"id":"https://ws.parlament.ch/OData.svc/Transcript(ID=192408L,Language='DE')","uri":"https://ws.parlament.ch/OData.svc/Transcript(ID=192408L,Language='DE')","type":"itsystems.Pd.DataServices.DataModel.Transcript"},"Subjects":{"__deferred":{"uri":"https://ws.parlament.ch/OData.svc/Transcript(ID=192408L,Language='DE')/Subjects"}},"MembersCouncil":{"__deferred":{"uri":"https://ws.parlament.ch/OData.svc/Transcript(ID=192408L,Language='DE')/MembersCouncil"}},"Businesses":{"__deferred":{"uri":"https://ws.parlament.ch/OData.svc/Transcript(ID=192408L,Language='DE')/Businesses"}},"ID":"192408","Language":"DE","IdSubject":"36163","VoteId":null,"PersonNumber":3934,"Type":1,"Text":"<pd_text><p>Ich muss nicht mehr viel beif\u00fcgen. Herr St\u00e4nderat Germann hat umfassend \u00fcber die Immobilienbotschaft informiert. Es geht eigentlich um zwei Teile: Der eine ist der Gesamtkredit \"Zivile Bauten\" mit drei Verpflichtungskrediten, der zweite ist der Gesamtkredit \"Zumiete\" mit zwei Verpflichtungskrediten. Sie betreffen die Liegenschaften, die erw\u00e4hnt worden sind. Ich denke, ich kann mir - und Ihnen auch - ersparen, das alles nochmals zu erw\u00e4hnen.</p>\n<p>Ich m\u00f6chte Sie bitten, einzutreten und dann die Immobilienbotschaft so, wie sie vorliegt, auch anzunehmen. </p>\n</pd_text>","MeetingCouncilAbbreviation":"S","MeetingDate":"20151208","MeetingVerbalixOid":2682,"IdSession":"5001","SpeakerFirstName":"Eveline","SpeakerLastName":"Widmer-Schlumpf","SpeakerFullName":"Widmer-Schlumpf Eveline","SpeakerFunction":"BR-F","CouncilId":99,"CouncilName":"Bundesrat","CantonId":18,"CantonName":"Graub\u00fcnden","CantonAbbreviation":"GR","ParlGroupName":null,"ParlGroupAbbreviation":null,"SortOrder":2,"Start":"\/Date(1449567345743)\/","End":"\/Date(1449567396967)\/","Function":"BR-F","DisplaySpeaker":true,"LanguageOfText":"DE","Modified":"\/Date(1510850606677)\/","StartTimeWithTimezone":"\/Date(1449567345743+0060)\/","EndTimeWithTimezone":"\/Date(1449567396967+0060)\/","VoteBusinessNumber":null,"VoteBusinessShortNumber":null,"VoteBusinessTitle":null},{"__metadata":{"id":"https://ws.parlament.ch/OData.svc/Transcript(ID=192411L,Language='DE')","uri":"https://ws.parlament.ch/OData.svc/Transcript(ID=192411L,Language='DE')","type":"itsystems.Pd.DataServices.DataModel.Transcript"},"Subjects":{"__deferred":{"uri":"https://ws.parlament.ch/OData.svc/Transcript(ID=192411L,Language='DE')/Subjects"}},"MembersCouncil":{"__deferred":{"uri":"https://ws.parlament.ch/OData.svc/Transcript(ID=192411L,Language='DE')/MembersCouncil"}},"Businesses":{"__deferred":{"uri":"https://ws.parlament.ch/OData.svc/Transcript(ID=192411L,Language='DE')/Businesses"}},"ID":"192411","Language":"DE","IdSubject":"36163","VoteId":null,"PersonNumber":4026,"Type":1,"Text":"<pd_text><p><i>Eintreten wird ohne Gegenantrag beschlossen</i></p>\n<p><i>L'entr\u00e9e en mati\u00e8re est d\u00e9cid\u00e9e sans opposition</i></p>\n<p>[VS]</p>\n<p>[VS]</p>\n<p><b>Bundesbeschluss \u00fcber die Immobilien des EFD f\u00fcr das Jahr 2015</b></p>\n<p><b>Arr\u00eat\u00e9 f\u00e9d\u00e9ral concernant les immeubles du DFF pour l'ann\u00e9e 2015</b></p>\n<p>[VS]</p>\n<p><i>Detailberatung - Discussion par article</i></p>\n<p>[VS]</p>\n<p><b>Titel und Ingress, Art. 1-4</b></p>\n<p><i>Antrag der Kommission</i></p>\n<p>Zustimmung zum Beschluss des Nationalrates</p>\n<p>[VS]</p>\n<p><b>Titre et pr\u00e9ambule, art. 1-4</b></p>\n<p><i>Proposition de la commission</i></p>\n<p>Adh\u00e9rer \u00e0 la d\u00e9cision du Conseil national</p>\n<p>[VS]</p>\n<p><i>Angenommen - Adopt\u00e9</i></p>\n</pd_text>","MeetingCouncilAbbreviation":"S","MeetingDate":"20151208","MeetingVerbalixOid":2682,"IdSession":"5001","SpeakerFirstName":"Rapha\u00ebl","SpeakerLastName":"Comte","SpeakerFullName":"Comte Rapha\u00ebl","SpeakerFunction":"P-M","CouncilId":2,"CouncilName":"St\u00e4nderat","CantonId":24,"CantonName":"Neuenburg","CantonAbbreviation":"NE","ParlGroupName":"FDP-Liberale Fraktion","ParlGroupAbbreviation":"RL","SortOrder":3,"Start":"\/Date(1449567396967)\/","End":"\/Date(1449567437833)\/","Function":"P-M","DisplaySpeaker":false,"LanguageOfText":null,"Modified":"\/Date(1510850606677)\/","StartTimeWithTimezone":"\/Date(1449567396967+0060)\/","EndTimeWithTimezone":"\/Date(1449567437833+0060)\/","VoteBusinessNumber":null,"VoteBusinessShortNumber":null,"VoteBusinessTitle":null},{"__metadata":{"id":"https://ws.parlament.ch/OData.svc/Transcript(ID=192457L,Language='DE')","uri":"https://ws.parlament.ch/OData.svc/Transcript(ID=192457L,Language='DE')","type":"itsystems.Pd.DataServices.DataModel.Transcript"},"Subjects":{"__deferred":{"uri":"https://ws.parlament.ch/OData.svc/Transcript(ID=192457L,Language='DE')/Subjects"}},"MembersCouncil":{"__deferred":{"uri":"https://ws.parlament.ch/OData.svc/Transcript(ID=192457L,Language='DE')/MembersCouncil"}},"Businesses":{"__deferred":{"uri":"https://ws.parlament.ch/OData.svc/Transcript(ID=192457L,Language='DE')/Businesses"}},"ID":"192457","Language":"DE","IdSubject":"36163","VoteId":null,"PersonNumber":825,"Type":1,"Text":"<pd_text><p>Der Bundesrat beantragt mit der Immobilienbotschaft EFD 2015 Verpflichtungskredite im Umfang von insgesamt 253,5 Millionen Franken. Als Vorbemerkung: Der St\u00e4nderat ist Zweitrat, der Nationalrat hat dem Gesch\u00e4ft zugestimmt. Er hat eine Streichung der 50 Millionen Franken f\u00fcr neue Bundeszentren des Staatssekretariates f\u00fcr Migration (SEM) diskutiert, aber letztlich abgelehnt. Wir haben von dieser Streichung ebenfalls abgesehen. Die Vorlage ist im Nationalrat dann einstimmig angenommen worden. Die Finanzkommission Ihres Rates empfiehlt Ihnen ebenfalls einstimmig, auf die Vorlage einzutreten und den Antr\u00e4gen des Bundesrates zuzustimmen.</p>\n<p>Was will der Bundesrat mit der Immobilienbotschaft 2015? Es werden ein Gesamtkredit \"Zivile Bauten\" in der H\u00f6he von 165,4 Millionen Franken und ein Gesamtkredit \"Zumiete\" in der H\u00f6he von 88,1 Millionen Franken beantragt. Der Gesamtkredit \"Zivile Bauten\" setzt sich zusammen aus einem Kredit f\u00fcr den Ersatzneubau von Kanzlei und Residenz in Seoul im Umfang von 15,4 Millionen Franken, einem Rahmenkredit \"Zivile Bundesverwaltung\" von 100 Millionen Franken und einem Rahmenkredit \"Neue Bundeszentren f\u00fcr das SEM\" von 50 Millionen Franken. Der Gesamtkredit \"Zumiete\" ist auf zwei Gesch\u00e4fte aufgeteilt: die Mietkosten f\u00fcr das Bundesgericht in Luzern von 10,5 Millionen Franken und die Mietkosten f\u00fcr Agroscope von 77,6 Millionen Franken.</p>\n<p>Im Gesamtkredit \"Zivile Bauten\" ist nur ein Einzelvorhaben verzeichnet, n\u00e4mlich der bereits erw\u00e4hnte Ersatzneubau von Kanzlei und Residenz in Seoul. Die bestehenden Bauten auf der Parzelle, die der Eidgenossenschaft geh\u00f6rt, haben das Ende des Lebenszyklus erreicht und erf\u00fcllen die Anforderungen an eine Schweizer Vertretung nicht mehr. Zudem w\u00e4ren aufgrund der enormen st\u00e4dtebaulichen Entwicklung des Quartiers gr\u00f6ssere Anpassungsarbeiten n\u00f6tig gewesen, um den reibungslosen Ablauf und die Sicherheit der Vertretung zu gew\u00e4hrleisten. S\u00e4mtliche diplomatischen und konsularischen Dienste sowie die Residenz und die \u00fcbrigen Einheiten der Schweizer Vertretung sollen nun unter einem Dach vereint werden. Angestrebt wird gleichzeitig eine maximale Nutzung von erneuerbarer Energie. Aufgrund des Projektes und des Kostenvoranschlages wird ein Verpflichtungskredit von 15,4 Millionen Franken beantragt. </p>\n<p>F\u00fcr den Rahmenkredit \"Zivile Bundesverwaltung\" beantragt der Bundesrat wie erw\u00e4hnt 100 Millionen Franken. Aus diesem werden Verpflichtungskredite f\u00fcr Planung und Projekte unter 10 Millionen Franken abgetreten. Zum Immobilienportfolio des BBL geh\u00f6ren jene Immobilien, die f\u00fcr die Aufgabenerf\u00fcllung der zivilen Bundesverwaltung, der Bundesversammlung sowie der Parlamentsdienste, der eidgen\u00f6ssischen Gerichte, des Bundes im Ausland und der ausserparlamentarischen Kommissionen bestimmt sind. </p>\n<p>Zum eingangs angesprochenen Rahmenkredit \"Neue Bundeszentren f\u00fcr das Staatssekretariat f\u00fcr Migration\" im Umfang von 50 Millionen Franken: Zuk\u00fcnftig sollen in den Bundeszentren insgesamt 5000 Asylsuchende untergebracht und rund 60 Prozent der Verfahren abgewickelt werden. Dieser Kredit wird in Vorbereitung der Umsetzung des revidierten Asylgesetzes beantragt. Im Hinblick auf eine rasche Umsetzung der Vorhaben sind die neuen Bundeszentren schon in Planung und Vorbereitung. Aus dem beantragten Rahmenkredit von 50 Millionen Franken werden Verpflichtungskredite f\u00fcr die Planung der neuen Bundeszentren des SEM sowie f\u00fcr daraus resultierende Bauvorhaben unter 10 Millionen Franken abgetreten. F\u00fcr Bauvorhaben \u00fcber 10 Millionen Franken wird in k\u00fcnftigen Immobilienbotschaften dann pro Anlage ein Einzelkredit beantragt werden.</p>\n<p>Zum Gesamtkredit \"Zumiete\" in der H\u00f6he von 88,1 Millionen Franken gilt es Folgendes auszuf\u00fchren: Das erste der beiden darunterfallenden Gesch\u00e4fte bezieht sich auf das Bundesgericht am Standort Luzern. Dort wird eine Verl\u00e4ngerung des bestehenden Mietvertrages um f\u00fcnf Jahre beantragt. Am Standort Luzern sind die beiden sozialrechtlichen Abteilungen untergebracht. Das andere Gesch\u00e4ft betrifft Agroscope und das Institut f\u00fcr Lebensmittelwissenschaften (ILM). Grunds\u00e4tzlich strebt Agroscope im Rahmen seiner Strategie an, die Hauptstandorte zu st\u00e4rken. Deshalb stehen der Kanton Freiburg und der Bund seit 2008 in Verhandlungen bez\u00fcglich einer Zusammenf\u00fchrung des ILM mit Agroscope am Standort des Institutes f\u00fcr Nutztierwissenschaften in Posieux. Im Juli 2010 unterbreitete der Freiburger Staatsrat dem Bund ein Angebot, wonach der Kanton den f\u00fcr die Zusammenlegung n\u00f6tigen Bau realisiert und diesen dem Bund dann l\u00e4ngerfristig vermietet. Daraufhin hat im November 2011 der Vorsteher des WBF die Verlegung der T\u00e4tigkeiten des ILM von K\u00f6niz-Liebefeld nach Posieux beschlossen. Ab 2018 sollen die 170 Mitarbeiterinnen und Mitarbeiter in Posieux aufgenommen werden. Der Mietzins betr\u00e4gt bei einer Mietdauer von 25 Jahren 77,6 Millionen Franken.</p>\n<p>In der Diskussion in der Finanzkommission wurden dann vor allem Fragen zum Standort Luzern des Bundesgerichtes betreffend den Mietzins, der doch etwas speziell ist, sowie zur Verlegung von Agroscope nach Posieux gestellt. Zum Bundesgericht in Luzern erhielten wir folgende Antworten: Das Bundesgericht in Luzern ist in einem Mietobjekt am Schweizerhofquai 6 untergebracht. Vermieterin sind die Schweizerischen Bundesbahnen. Der Mietpreis pro Quadratmeter betr\u00e4gt 302 Franken und umfasst alle Fl\u00e4chenarten wie B\u00fcros f\u00fcr Bundesrichter, Vorzimmer, Gerichtss\u00e4le. Die Frage war dann, warum nicht das Vorkaufsrecht genutzt, sondern auf Weiteres mit einer Mietl\u00f6sung gearbeitet werde, und zwar f\u00fcr weitere f\u00fcnf Jahre inklusive zweimaliger Verl\u00e4ngerungsm\u00f6glichkeit f\u00fcr je f\u00fcnf Jahre. Dies h\u00e4ngt mit der Standortwahl zusammen. Im Moment ist das Bundesgericht daran zu kl\u00e4ren, was mit dem Standort Luzern geschehen soll. Daher hat man eigentlich weiterhin auf die Mietvariante gesetzt, man will sich den Handlungsspielraum bewahren. Die Luzerner Standesvertreter werden bei dieser Frage sicher gut hingeh\u00f6rt haben. [PAGE 1219] </p>\n<p>Noch zu Agroscope: Dort kann man beim Projekt in Posieux von einer Public-Public-Partnership sprechen. Kooperiert wird analog zum Bau des Bundesverwaltungsgerichtes in St. Gallen. Der Kanton Freiburg leistet gewisse Standortbeitr\u00e4ge an die Abwicklung des Gesch\u00e4ftes. Mit der festen Bruttorendite \u00fcber 4,5 Prozent f\u00fcr die ganze Laufzeit tr\u00e4gt der Kanton Freiburg das Risiko einer Zins\u00e4nderung. Zus\u00e4tzlich hat der Kanton Freiburg Zusicherungen in der H\u00f6he von 1,22 Millionen Franken gemacht bez\u00fcglich einer Reduktion bei der Anrechnung der Kapitalkosten f\u00fcr die Verzinsung der Investitionen. Zur Berechnung des Restwerts wurde fast linear gerechnet. Wenn man s\u00e4mtliche Kosten nimmt, m\u00fcsste man 20 Millionen Franken bezahlen, der Restwert beliefe sich auf 23 Millionen Franken; dies sind 3 Millionen Franken zugunsten des Bundes, der ja, wie erw\u00e4hnt, nur 20 Millionen Franken bezahlt. </p>\n<p>Eine weitere Frage wurde dann noch in Bezug auf den alten Standort des Instituts in Liebefeld gestellt. Hier erhielten wir vom BBL die Auskunft, dass dieses Gel\u00e4nde f\u00fcr das EDI reserviert sei. In K\u00fcrze wird dort ein grosser Neubau f\u00fcr das Bundesamt f\u00fcr Gesundheit eingeweiht. Das jetzt freiwerdende Areal wird dann f\u00fcr weitere Bauetappen zur Verf\u00fcgung stehen.</p>\n<p>Eintreten wurde ohne Gegenantrag beschlossen. Die Finanzkommission empfiehlt Ihnen mit 13 zu 0 Stimmen die Annahme des Entwurfes. Ich danke Ihnen, wenn Sie diesen Antr\u00e4gen folgen.</p>\n</pd_text>","MeetingCouncilAbbreviation":"S","MeetingDate":"20151208","MeetingVerbalixOid":2682,"IdSession":"5001","SpeakerFirstName":"Hannes","SpeakerLastName":"Germann","SpeakerFullName":"Germann Hannes","SpeakerFunction":"Mit-M","CouncilId":2,"CouncilName":"St\u00e4nderat","CantonId":14,"CantonName":"Schaffhausen","CantonAbbreviation":"SH","ParlGroupName":"Fraktion der Schweizerischen Volkspartei","ParlGroupAbbreviation":"V","SortOrder":1,"Start":"\/Date(1449566728693)\/","End":"\/Date(1449567345743)\/","Function":"*","DisplaySpeaker":true,"LanguageOfText":"DE","Modified":"\/Date(1510850606677)\/","StartTimeWithTimezone":"\/Date(1449566728693+0060)\/","EndTimeWithTimezone":"\/Date(1449567345743+0060)\/","VoteBusinessNumber":null,"VoteBusinessShortNumber":null,"VoteBusinessTitle":null}]},"ID":"36163","Language":"DE","IdMeeting":"3739","VerbalixOid":484276,"SortOrder":5,"Modified":"\/Date(1510850606677)\/"}}