{"d":{"__metadata":{"id":"https://ws.parlament.ch/OData.svc/Subject(ID=36258L,Language='DE')","uri":"https://ws.parlament.ch/OData.svc/Subject(ID=36258L,Language='DE')","type":"itsystems.Pd.DataServices.DataModel.Subject"},"Meetings":{"__metadata":{"id":"https://ws.parlament.ch/OData.svc/Meeting(ID=3743L,Language='DE')","uri":"https://ws.parlament.ch/OData.svc/Meeting(ID=3743L,Language='DE')","type":"itsystems.Pd.DataServices.DataModel.Meeting"},"Sessions":{"__deferred":{"uri":"https://ws.parlament.ch/OData.svc/Meeting(ID=3743L,Language='DE')/Sessions"}},"Subjects":{"__deferred":{"uri":"https://ws.parlament.ch/OData.svc/Meeting(ID=3743L,Language='DE')/Subjects"}},"ID":"3743","Language":"DE","MeetingNumber":8,"IdSession":5001,"SessionNumber":1,"SessionName":"Wintersession 2015","Council":1,"CouncilName":"Nationalrat","CouncilAbbreviation":"NR","Date":"\/Date(1450051200000)\/","Begin":"1430","Modified":"\/Date(1450103743437)\/","LegislativePeriodNumber":50,"PublicationStatus":"final","MeetingOrderText":"Achte Sitzung","SortOrder":8,"Location":"N"},"SubjectsBusiness":{"results":[{"__metadata":{"id":"https://ws.parlament.ch/OData.svc/SubjectBusiness(BusinessNumber=20100052,IdSubject=36258L,Language='DE')","uri":"https://ws.parlament.ch/OData.svc/SubjectBusiness(BusinessNumber=20100052,IdSubject=36258L,Language='DE')","type":"itsystems.Pd.DataServices.DataModel.SubjectBusiness"},"Subjects":{"__deferred":{"uri":"https://ws.parlament.ch/OData.svc/SubjectBusiness(BusinessNumber=20100052,IdSubject=36258L,Language='DE')/Subjects"}},"Businesses":{"__deferred":{"uri":"https://ws.parlament.ch/OData.svc/SubjectBusiness(BusinessNumber=20100052,IdSubject=36258L,Language='DE')/Businesses"}},"IdSubject":"36258","BusinessNumber":20100052,"Language":"DE","BusinessShortNumber":"10.052","Title":"Asylgesetz. \u00c4nderung","SortOrder":1,"PublishedNotes":"Abschreibung - Classement\n","Modified":"\/Date(1447069447233)\/","TitleDE":"Asylgesetz. \u00c4nderung","TitleFR":"Loi sur l'asile. Modification","TitleIT":null}]},"Transcripts":{"results":[{"__metadata":{"id":"https://ws.parlament.ch/OData.svc/Transcript(ID=193085L,Language='DE')","uri":"https://ws.parlament.ch/OData.svc/Transcript(ID=193085L,Language='DE')","type":"itsystems.Pd.DataServices.DataModel.Transcript"},"Subjects":{"__deferred":{"uri":"https://ws.parlament.ch/OData.svc/Transcript(ID=193085L,Language='DE')/Subjects"}},"MembersCouncil":{"__deferred":{"uri":"https://ws.parlament.ch/OData.svc/Transcript(ID=193085L,Language='DE')/MembersCouncil"}},"Businesses":{"__deferred":{"uri":"https://ws.parlament.ch/OData.svc/Transcript(ID=193085L,Language='DE')/Businesses"}},"ID":"193085","Language":"DE","IdSubject":"36258","VoteId":null,"PersonNumber":1139,"Type":1,"Text":"<pd_text><p><b>2. Asylgesetz</b></p>\n<p><b>2. Loi sur l'asile</b></p>\n<p>[VS]</p>\n<p><b>Pr\u00e4sidentin</b> (Markwalder Christa, Pr\u00e4sidentin): Sie haben einen schriftlichen Bericht der Kommission erhalten. Die Kommission beantragt, dem Beschluss des St\u00e4nderates zuzustimmen und die Vorlage 2 des Gesch\u00e4ftes 10.052 abzuschreiben.</p>\n<p>[VS]</p>\n<p><i>Abgeschrieben - Class\u00e9</i></p>\n</pd_text>","MeetingCouncilAbbreviation":"N","MeetingDate":"20151214","MeetingVerbalixOid":2686,"IdSession":"5001","SpeakerFirstName":"Christa","SpeakerLastName":"Markwalder","SpeakerFullName":"Markwalder Christa","SpeakerFunction":"P-F","CouncilId":1,"CouncilName":"Nationalrat","CantonId":2,"CantonName":"Bern","CantonAbbreviation":"BE","ParlGroupName":"FDP-Liberale Fraktion","ParlGroupAbbreviation":"RL","SortOrder":1,"Start":"\/Date(1450115650805)\/","End":"\/Date(1450115688629)\/","Function":"P-F","DisplaySpeaker":false,"LanguageOfText":null,"Modified":"\/Date(1774877410459)\/","StartTimeWithTimezone":"\/Date(1450115650807+0060)\/","EndTimeWithTimezone":"\/Date(1450115688630+0060)\/","VoteBusinessNumber":null,"VoteBusinessShortNumber":null,"VoteBusinessTitle":null}]},"ID":"36258","Language":"DE","IdMeeting":"3743","VerbalixOid":485276,"SortOrder":65,"Modified":"\/Date(1774877410454)\/"}}