{"d":{"__metadata":{"id":"https://ws.parlament.ch/OData.svc/Subject(ID=36336L,Language='DE')","uri":"https://ws.parlament.ch/OData.svc/Subject(ID=36336L,Language='DE')","type":"itsystems.Pd.DataServices.DataModel.Subject"},"Meetings":{"__metadata":{"id":"https://ws.parlament.ch/OData.svc/Meeting(ID=3751L,Language='DE')","uri":"https://ws.parlament.ch/OData.svc/Meeting(ID=3751L,Language='DE')","type":"itsystems.Pd.DataServices.DataModel.Meeting"},"Sessions":{"__deferred":{"uri":"https://ws.parlament.ch/OData.svc/Meeting(ID=3751L,Language='DE')/Sessions"}},"Subjects":{"__deferred":{"uri":"https://ws.parlament.ch/OData.svc/Meeting(ID=3751L,Language='DE')/Subjects"}},"ID":"3751","Language":"DE","MeetingNumber":12,"IdSession":5001,"SessionNumber":1,"SessionName":"Wintersession 2015","Council":1,"CouncilName":"Nationalrat","CouncilAbbreviation":"NR","Date":"\/Date(1450310400000)\/","Begin":"0800","Modified":"\/Date(1450339780123)\/","LegislativePeriodNumber":50,"PublicationStatus":"final","MeetingOrderText":"Zw\u00f6lfte Sitzung","SortOrder":12,"Location":"N"},"SubjectsBusiness":{"results":[{"__metadata":{"id":"https://ws.parlament.ch/OData.svc/SubjectBusiness(BusinessNumber=20150058,IdSubject=36336L,Language='DE')","uri":"https://ws.parlament.ch/OData.svc/SubjectBusiness(BusinessNumber=20150058,IdSubject=36336L,Language='DE')","type":"itsystems.Pd.DataServices.DataModel.SubjectBusiness"},"Subjects":{"__deferred":{"uri":"https://ws.parlament.ch/OData.svc/SubjectBusiness(BusinessNumber=20150058,IdSubject=36336L,Language='DE')/Subjects"}},"Businesses":{"__deferred":{"uri":"https://ws.parlament.ch/OData.svc/SubjectBusiness(BusinessNumber=20150058,IdSubject=36336L,Language='DE')/Businesses"}},"IdSubject":"36336","BusinessNumber":20150058,"Language":"DE","BusinessShortNumber":"15.058","Title":"Elementarschadenversicherung durch private Versicherungsunternehmen. Abkommen mit dem F\u00fcrstentum Liechtenstein","SortOrder":1,"PublishedNotes":"Erstrat - Premier Conseil\n","Modified":"\/Date(1447757215353)\/","TitleDE":"Elementarschadenversicherung\ndurch private\nVersicherungsunternehmen.\nAbkommen\nmit dem F\u00fcrstentum Liechtenstein","TitleFR":"Assurance contre les dommages dus\n\u00e0 des \u00e9v\u00e9nements naturels exploit\u00e9e\npar des entreprises d'assurance\npriv\u00e9es. Accord\navec la Principaut\u00e9 de Liechtenstein","TitleIT":null}]},"Transcripts":{"results":[{"__metadata":{"id":"https://ws.parlament.ch/OData.svc/Transcript(ID=193805L,Language='DE')","uri":"https://ws.parlament.ch/OData.svc/Transcript(ID=193805L,Language='DE')","type":"itsystems.Pd.DataServices.DataModel.Transcript"},"Subjects":{"__deferred":{"uri":"https://ws.parlament.ch/OData.svc/Transcript(ID=193805L,Language='DE')/Subjects"}},"MembersCouncil":{"__deferred":{"uri":"https://ws.parlament.ch/OData.svc/Transcript(ID=193805L,Language='DE')/MembersCouncil"}},"Businesses":{"__deferred":{"uri":"https://ws.parlament.ch/OData.svc/Transcript(ID=193805L,Language='DE')/Businesses"}},"ID":"193805","Language":"DE","IdSubject":"36336","VoteId":"12830","PersonNumber":null,"Type":2,"Text":"<pd_text><p><i>Gesamtabstimmung - Vote sur l'ensemble</i></p>\n<p>[NAM]</p>\n<p>F\u00fcr Annahme des Entwurfes ... 174 Stimmen</p>\n<p>(Einstimmigkeit)</p>\n<p>(0 Enthaltungen)</p>\n</pd_text>","MeetingCouncilAbbreviation":"N","MeetingDate":"20151217","MeetingVerbalixOid":2694,"IdSession":"5001","SpeakerFirstName":null,"SpeakerLastName":null,"SpeakerFullName":"","SpeakerFunction":null,"CouncilId":null,"CouncilName":null,"CantonId":null,"CantonName":null,"CantonAbbreviation":null,"ParlGroupName":null,"ParlGroupAbbreviation":null,"SortOrder":5,"Start":"\/Date(1450343043940)\/","End":"\/Date(1450343087836)\/","Function":null,"DisplaySpeaker":null,"LanguageOfText":null,"Modified":"\/Date(1774877412777)\/","StartTimeWithTimezone":"\/Date(1450343043940+0060)\/","EndTimeWithTimezone":"\/Date(1450343087837+0060)\/","VoteBusinessNumber":20150058,"VoteBusinessShortNumber":"15.058","VoteBusinessTitle":"Elementarschadenversicherung\ndurch private\nVersicherungsunternehmen.\nAbkommen\nmit dem F\u00fcrstentum Liechtenstein"},{"__metadata":{"id":"https://ws.parlament.ch/OData.svc/Transcript(ID=193814L,Language='DE')","uri":"https://ws.parlament.ch/OData.svc/Transcript(ID=193814L,Language='DE')","type":"itsystems.Pd.DataServices.DataModel.Transcript"},"Subjects":{"__deferred":{"uri":"https://ws.parlament.ch/OData.svc/Transcript(ID=193814L,Language='DE')/Subjects"}},"MembersCouncil":{"__deferred":{"uri":"https://ws.parlament.ch/OData.svc/Transcript(ID=193814L,Language='DE')/MembersCouncil"}},"Businesses":{"__deferred":{"uri":"https://ws.parlament.ch/OData.svc/Transcript(ID=193814L,Language='DE')/Businesses"}},"ID":"193814","Language":"DE","IdSubject":"36336","VoteId":null,"PersonNumber":3934,"Type":1,"Text":"<pd_text><p>Das ist ein v\u00f6llig unbestrittenes Abkommen, weshalb ich mich sehr kurz fassen kann. Sie haben es geh\u00f6rt: Der Anwendungsbereich ist eingeschr\u00e4nkt, es geht nur um Fahrhabe und Geb\u00e4ude. Das Abkommen entspricht dem, was wir heute in der Praxis haben, und ist nichts anderes als eine schriftliche Umsetzung dieser Praxis. Es f\u00f6rdert die Schaffung von Transparenz und von Sicherheit im Recht. Es hat keine Auswirkungen finanzieller oder personeller Natur und entspricht der bisherigen Zusammenarbeit. Eigentlich kann man schlicht und einfach sagen: Die Ausgangslage f\u00fcr die Schweiz und die schweizerischen Versicherungsunternehmen bleibt dieselbe, aber es wird etwas mehr Transparenz und Rechtssicherheit geschaffen.</p>\n<p>Darum m\u00f6chte auch ich Sie bitten, diesem Abkommen zuzustimmen.</p>\n</pd_text>","MeetingCouncilAbbreviation":"N","MeetingDate":"20151217","MeetingVerbalixOid":2694,"IdSession":"5001","SpeakerFirstName":"Eveline","SpeakerLastName":"Widmer-Schlumpf","SpeakerFullName":"Widmer-Schlumpf Eveline","SpeakerFunction":"BR-F","CouncilId":99,"CouncilName":"Bundesrat","CantonId":18,"CantonName":"Graub\u00fcnden","CantonAbbreviation":"GR","ParlGroupName":null,"ParlGroupAbbreviation":null,"SortOrder":3,"Start":"\/Date(1450342927780)\/","End":"\/Date(1450342986356)\/","Function":"BR-F","DisplaySpeaker":true,"LanguageOfText":"DE","Modified":"\/Date(1774877412772)\/","StartTimeWithTimezone":"\/Date(1450342927780+0060)\/","EndTimeWithTimezone":"\/Date(1450342986357+0060)\/","VoteBusinessNumber":null,"VoteBusinessShortNumber":null,"VoteBusinessTitle":null},{"__metadata":{"id":"https://ws.parlament.ch/OData.svc/Transcript(ID=193820L,Language='DE')","uri":"https://ws.parlament.ch/OData.svc/Transcript(ID=193820L,Language='DE')","type":"itsystems.Pd.DataServices.DataModel.Transcript"},"Subjects":{"__deferred":{"uri":"https://ws.parlament.ch/OData.svc/Transcript(ID=193820L,Language='DE')/Subjects"}},"MembersCouncil":{"__deferred":{"uri":"https://ws.parlament.ch/OData.svc/Transcript(ID=193820L,Language='DE')/MembersCouncil"}},"Businesses":{"__deferred":{"uri":"https://ws.parlament.ch/OData.svc/Transcript(ID=193820L,Language='DE')/Businesses"}},"ID":"193820","Language":"DE","IdSubject":"36336","VoteId":null,"PersonNumber":1139,"Type":1,"Text":"<pd_text><p><i>Eintreten wird ohne Gegenantrag beschlossen</i></p>\n<p><i>L'entr\u00e9e en mati\u00e8re est d\u00e9cid\u00e9e sans opposition</i></p>\n<p>[VS]</p>\n<p>[VS]</p>\n<p><b>Bundesbeschluss \u00fcber die Genehmigung des Abkommens zwischen der Schweizerischen Eidgenossenschaft und dem F\u00fcrstentum Liechtenstein betreffend die durch private Versicherungsunternehmen betriebene Elementarschadenversicherung</b></p>\n<p><b>Arr\u00eat\u00e9 f\u00e9d\u00e9ral portant approbation de l'Accord entre la Conf\u00e9d\u00e9ration suisse et la Principaut\u00e9 de Liechtenstein sur l'assurance des dommages dus \u00e0 des \u00e9v\u00e9nements naturels exploit\u00e9e par des entreprises d'assurance priv\u00e9es</b></p>\n<p>[VS]</p>\n<p><i>Detailberatung - Discussion par article</i></p>\n<p>[VS]</p>\n<p><b>Titel und Ingress, Art. 1, 2</b></p>\n<p><i>Antrag der Kommission</i></p>\n<p>Zustimmung zum Entwurf des Bundesrates</p>\n<p>[VS]</p>\n<p><b>Titre et pr\u00e9ambule, art. 1, 2</b></p>\n<p><i>Proposition de la commission</i></p>\n<p>Adh\u00e9rer au projet du Conseil f\u00e9d\u00e9ral</p>\n<p>[VS]</p>\n<p><i>Angenommen - Adopt\u00e9</i></p>\n<p>[VS]</p>\n</pd_text>","MeetingCouncilAbbreviation":"N","MeetingDate":"20151217","MeetingVerbalixOid":2694,"IdSession":"5001","SpeakerFirstName":"Christa","SpeakerLastName":"Markwalder","SpeakerFullName":"Markwalder Christa","SpeakerFunction":"P-F","CouncilId":1,"CouncilName":"Nationalrat","CantonId":2,"CantonName":"Bern","CantonAbbreviation":"BE","ParlGroupName":"FDP-Liberale Fraktion","ParlGroupAbbreviation":"RL","SortOrder":4,"Start":"\/Date(1450342986356)\/","End":"\/Date(1450343043940)\/","Function":"P-F","DisplaySpeaker":false,"LanguageOfText":null,"Modified":"\/Date(1774877412773)\/","StartTimeWithTimezone":"\/Date(1450342986357+0060)\/","EndTimeWithTimezone":"\/Date(1450343043940+0060)\/","VoteBusinessNumber":null,"VoteBusinessShortNumber":null,"VoteBusinessTitle":null},{"__metadata":{"id":"https://ws.parlament.ch/OData.svc/Transcript(ID=193835L,Language='DE')","uri":"https://ws.parlament.ch/OData.svc/Transcript(ID=193835L,Language='DE')","type":"itsystems.Pd.DataServices.DataModel.Transcript"},"Subjects":{"__deferred":{"uri":"https://ws.parlament.ch/OData.svc/Transcript(ID=193835L,Language='DE')/Subjects"}},"MembersCouncil":{"__deferred":{"uri":"https://ws.parlament.ch/OData.svc/Transcript(ID=193835L,Language='DE')/MembersCouncil"}},"Businesses":{"__deferred":{"uri":"https://ws.parlament.ch/OData.svc/Transcript(ID=193835L,Language='DE')/Businesses"}},"ID":"193835","Language":"DE","IdSubject":"36336","VoteId":null,"PersonNumber":4056,"Type":1,"Text":"<pd_text><p>Ihre vorberatende Kommission hat bei der Beratung dieser Vorlage ohne Gegenantrag Eintreten beschlossen und dem Entwurf in der Gesamtabstimmung mit 20 zu 0 Stimmen ohne Enthaltungen zugestimmt.</p>\n<p>Worum geht es bei diesem zur Genehmigung vorliegenden Abkommen, das in der Kommission v\u00f6llig unbestritten war? Das Verh\u00e4ltnis zwischen der Schweiz und dem F\u00fcrstentum Liechtenstein im grenz\u00fcberschreitenden Versicherungsgesch\u00e4ft ist im Abkommen betreffend die Direktversicherung sowie die Versicherungsvermittlung vom 19. Dezember 1996 geregelt. Dieses sogenannte Direktversicherungsabkommen gew\u00e4hrleistet, dass sich ein Versicherer, der seinen Sitz in einem der beiden Staaten hat, im jeweils anderen Staat niederlassen kann und grenz\u00fcberschreitende Versicherungsdienstleistungen anbieten darf. Dieses Abkommen von 1996 wurde am 13. M\u00e4rz 2008 im Nationalrat mit nur 2 Gegenstimmen klar und im St\u00e4nderat am 28. Mai 2008 sogar einstimmig gutgeheissen. </p>\n<p>Das am 10. Juli dieses Jahres neu abgeschlossene Abkommen betreffend die durch private Versicherungsunternehmen betriebene Elementarschadenversicherung wird das Direktversicherungsabkommen von 1996 erg\u00e4nzen. Es bezweckt, auch im Bereich der Elementarschadenversicherung im grenz\u00fcberschreitenden Versicherungsgesch\u00e4ft sowohl die Rechtssicherheit als auch die Transparenz zu erh\u00f6hen.</p>\n<p>Elementarsch\u00e4den sind Sch\u00e4den, die durch Naturereignisse an Geb\u00e4uden und an Fahrhabe verursacht werden. In den meisten Kantonen wird die Versicherung gegen solche Sch\u00e4den durch kantonale Geb\u00e4udeversicherer mit Monopolstatus betrieben; nur in den Kantonen Uri, Schwyz, Obwalden, Appenzell Innerrhoden, Tessin, Wallis und Genf wird die Elementarschadenversicherung durch private Unternehmen abgedeckt, gleich wie im F\u00fcrstentum Liechtenstein. Allerdings gibt es in den Kantonen Appenzell Innerrhoden, Tessin, Wallis und Genf f\u00fcr die Elementarsch\u00e4den gar kein Versicherungsobligatorium.</p>\n<p>F\u00fcr die privat organisierte Elementarschadenversicherung sorgt der sogenannte Solidarit\u00e4tskreis daf\u00fcr, dass vergleichbare Gefahren zu einheitlichen Pr\u00e4miens\u00e4tzen versichert werden k\u00f6nnen. Das vorliegende Abkommen nimmt das F\u00fcrstentum Liechtenstein in diesen Solidarit\u00e4tskreis auf. Dieses \u00fcbernimmt im Gegenzug das f\u00fcr diesen Rechtsbereich geltende schweizerische Recht. </p>\n<p>Das Abkommen hat f\u00fcr die Schweizer Versicherungsnehmer keine Tarif\u00e4nderungen zur Folge; der Vollzug des Abkommens erfolgt im Rahmen der bestehenden grenz\u00fcberschreitenden Zusammenarbeit durch die Finma bzw. die Finanzmarktaufsicht Liechtenstein. Das Abkommen vom 10. Juli 2015 zwischen der Schweizerischen Eidgenossenschaft und dem F\u00fcrstentum Liechtenstein betreffend die durch private Versicherungsunternehmen betriebene Elementarschadenversicherung bringt praktisch kaum Auswirkungen, verbessert aber die Rechtssicherheit und die Transparenz. [PAGE 2270] </p>\n<p>Ihre Kommission empfiehlt Ihnen daher ohne Gegenstimme, dieses Abkommen gutzuheissen. </p>\n</pd_text>","MeetingCouncilAbbreviation":"N","MeetingDate":"20151217","MeetingVerbalixOid":2694,"IdSession":"5001","SpeakerFirstName":"Daniel","SpeakerLastName":"F\u00e4ssler","SpeakerFullName":"F\u00e4ssler Daniel","SpeakerFunction":"Mit-M","CouncilId":1,"CouncilName":"Nationalrat","CantonId":16,"CantonName":"Appenzell I.-Rh.","CantonAbbreviation":"AI","ParlGroupName":"CVP-Fraktion","ParlGroupAbbreviation":"M-E","SortOrder":1,"Start":"\/Date(1450342597492)\/","End":"\/Date(1450342819308)\/","Function":"*","DisplaySpeaker":true,"LanguageOfText":"DE","Modified":"\/Date(1774877412769)\/","StartTimeWithTimezone":"\/Date(1450342597493+0060)\/","EndTimeWithTimezone":"\/Date(1450342819307+0060)\/","VoteBusinessNumber":null,"VoteBusinessShortNumber":null,"VoteBusinessTitle":null},{"__metadata":{"id":"https://ws.parlament.ch/OData.svc/Transcript(ID=193869L,Language='DE')","uri":"https://ws.parlament.ch/OData.svc/Transcript(ID=193869L,Language='DE')","type":"itsystems.Pd.DataServices.DataModel.Transcript"},"Subjects":{"__deferred":{"uri":"https://ws.parlament.ch/OData.svc/Transcript(ID=193869L,Language='DE')/Subjects"}},"MembersCouncil":{"__deferred":{"uri":"https://ws.parlament.ch/OData.svc/Transcript(ID=193869L,Language='DE')/MembersCouncil"}},"Businesses":{"__deferred":{"uri":"https://ws.parlament.ch/OData.svc/Transcript(ID=193869L,Language='DE')/Businesses"}},"ID":"193869","Language":"DE","IdSubject":"36336","VoteId":null,"PersonNumber":1279,"Type":1,"Text":"<pd_text><p>Dans le domaine de l'exercice transfrontalier des transactions d'assurances, les relations entre la Suisse et le Liechtenstein sont r\u00e9gl\u00e9es en principe par l'Accord sur l'assurance directe et l'interm\u00e9diation en assurance entre la Conf\u00e9d\u00e9ration suisse et la Principaut\u00e9 de Liechtenstein, conclu le 19 d\u00e9cembre 1996. Je vous confesse que j'ignorais tout de cet accord avant que le dossier arrive en commission. Cet accord garantit aux assureurs, dont le si\u00e8ge social se trouve sur le territoire de l'un des deux Etats, la libert\u00e9 d'\u00e9tablissement et la libert\u00e9 de prestation transfrontali\u00e8re de services sur le territoire de l'autre pays.</p>\n<p>Aujourd'hui, le Conseil f\u00e9d\u00e9ral nous soumet un nouvel accord pour compl\u00e9ter le premier dans le domaine de l'assurance des immeubles contre les d\u00e9g\u00e2ts naturels. Cela ne concerne que les assurances priv\u00e9es. Il faut rappeler \u00e0 cet \u00e9gard que, dans la plupart des cantons, l'assurance contre les dommages dus aux \u00e9v\u00e9nements naturels pour les immeubles est exploit\u00e9e par des \u00e9tablissements cantonaux, qui ont le monopole de cette assurance.</p>\n<p>Pour les cantons o\u00f9 il existe des entreprises d'assurance priv\u00e9es dans le domaine des dommages naturels, la loi pr\u00e9voit un cercle de solidarit\u00e9 qui vise \u00e0 garantir l'uniformit\u00e9 des primes pour des risques comparables. L'accord sur l'assurance contre les dommages naturels, duquel nous discutons aujourd'hui, a pour effet d'int\u00e9grer le Liechtenstein dans le cercle de solidarit\u00e9 de l'assurance suisse de droit priv\u00e9 contre les dommages dus \u00e0 des \u00e9v\u00e9nements naturels.</p>\n<p>Le nouvel accord n'entra\u00eene aucune modification des primes pour les assur\u00e9s suisses. L'ex\u00e9cution de l'accord sera assur\u00e9e par les autorit\u00e9s de surveillance en mati\u00e8re de march\u00e9s financiers dans le cadre de la coop\u00e9ration existant dans ce domaine entre les deux pays.</p>\n<p>Enfin, \u00e0 l'unanimit\u00e9, la commission vous recommande d'accepter cet accord international.</p>\n</pd_text>","MeetingCouncilAbbreviation":"N","MeetingDate":"20151217","MeetingVerbalixOid":2694,"IdSession":"5001","SpeakerFirstName":"Roger","SpeakerLastName":"Nordmann","SpeakerFullName":"Nordmann Roger","SpeakerFunction":"Mit-M","CouncilId":1,"CouncilName":"Nationalrat","CantonId":22,"CantonName":"Waadt","CantonAbbreviation":"VD","ParlGroupName":"Sozialdemokratische Fraktion","ParlGroupAbbreviation":"S","SortOrder":2,"Start":"\/Date(1450342819308)\/","End":"\/Date(1450342927780)\/","Function":"*","DisplaySpeaker":true,"LanguageOfText":"FR","Modified":"\/Date(1774877412770)\/","StartTimeWithTimezone":"\/Date(1450342819307+0060)\/","EndTimeWithTimezone":"\/Date(1450342927780+0060)\/","VoteBusinessNumber":null,"VoteBusinessShortNumber":null,"VoteBusinessTitle":null}]},"ID":"36336","Language":"DE","IdMeeting":"3751","VerbalixOid":486342,"SortOrder":3,"Modified":"\/Date(1774877412767)\/"}}