{"d":{"__metadata":{"id":"https://ws.parlament.ch/OData.svc/Subject(ID=36655L,Language='DE')","uri":"https://ws.parlament.ch/OData.svc/Subject(ID=36655L,Language='DE')","type":"itsystems.Pd.DataServices.DataModel.Subject"},"Meetings":{"__metadata":{"id":"https://ws.parlament.ch/OData.svc/Meeting(ID=3768L,Language='DE')","uri":"https://ws.parlament.ch/OData.svc/Meeting(ID=3768L,Language='DE')","type":"itsystems.Pd.DataServices.DataModel.Meeting"},"Sessions":{"__deferred":{"uri":"https://ws.parlament.ch/OData.svc/Meeting(ID=3768L,Language='DE')/Sessions"}},"Subjects":{"__deferred":{"uri":"https://ws.parlament.ch/OData.svc/Meeting(ID=3768L,Language='DE')/Subjects"}},"ID":"3768","Language":"DE","MeetingNumber":4,"IdSession":5002,"SessionNumber":2,"SessionName":"Fr\u00fchjahrssession 2016","Council":1,"CouncilName":"Nationalrat","CouncilAbbreviation":"NR","Date":"\/Date(1456876800000)\/","Begin":"1500","Modified":"\/Date(1459409197463)\/","LegislativePeriodNumber":50,"PublicationStatus":"final","MeetingOrderText":"Vierte Sitzung","SortOrder":4,"Location":"N"},"SubjectsBusiness":{"results":[{"__metadata":{"id":"https://ws.parlament.ch/OData.svc/SubjectBusiness(BusinessNumber=20154088,IdSubject=36655L,Language='DE')","uri":"https://ws.parlament.ch/OData.svc/SubjectBusiness(BusinessNumber=20154088,IdSubject=36655L,Language='DE')","type":"itsystems.Pd.DataServices.DataModel.SubjectBusiness"},"Subjects":{"__deferred":{"uri":"https://ws.parlament.ch/OData.svc/SubjectBusiness(BusinessNumber=20154088,IdSubject=36655L,Language='DE')/Subjects"}},"Businesses":{"__deferred":{"uri":"https://ws.parlament.ch/OData.svc/SubjectBusiness(BusinessNumber=20154088,IdSubject=36655L,Language='DE')/Businesses"}},"IdSubject":"36655","BusinessNumber":20154088,"Language":"DE","BusinessShortNumber":"15.4088","Title":"Verh\u00e4ltnis des Kulturlandschutzes zu anderen Schutzanspr\u00fcchen","SortOrder":1,"PublishedNotes":null,"Modified":"\/Date(1456926591156)\/","TitleDE":"Postulat GPK-NR.\nVerh\u00e4ltnis\ndes Kulturlandschutzes\nzu anderen Schutzanspr\u00fcchen","TitleFR":"Postulat CdG-CN.\nRapport entre la pr\u00e9servation\ndes terres cultivables\net les autres exigences\nen mati\u00e8re de protection","TitleIT":null}]},"Transcripts":{"results":[{"__metadata":{"id":"https://ws.parlament.ch/OData.svc/Transcript(ID=195085L,Language='DE')","uri":"https://ws.parlament.ch/OData.svc/Transcript(ID=195085L,Language='DE')","type":"itsystems.Pd.DataServices.DataModel.Transcript"},"Subjects":{"__deferred":{"uri":"https://ws.parlament.ch/OData.svc/Transcript(ID=195085L,Language='DE')/Subjects"}},"MembersCouncil":{"__deferred":{"uri":"https://ws.parlament.ch/OData.svc/Transcript(ID=195085L,Language='DE')/MembersCouncil"}},"Businesses":{"__deferred":{"uri":"https://ws.parlament.ch/OData.svc/Transcript(ID=195085L,Language='DE')/Businesses"}},"ID":"195085","Language":"DE","IdSubject":"36655","VoteId":null,"PersonNumber":514,"Type":1,"Text":"<pd_text><p><b>Pr\u00e4sident </b>(Stahl J\u00fcrg, erster Vizepr\u00e4sident): Die Kommission und der Bundesrat beantragen, das Postulat anzunehmen.</p>\n<p>[VS]</p>\n<p><i>Angenommen - Adopt\u00e9</i></p>\n</pd_text>","MeetingCouncilAbbreviation":"N","MeetingDate":"20160302","MeetingVerbalixOid":2711,"IdSession":"5002","SpeakerFirstName":"J\u00fcrg","SpeakerLastName":"Stahl","SpeakerFullName":"Stahl J\u00fcrg","SpeakerFunction":"1VP-M","CouncilId":1,"CouncilName":"Nationalrat","CantonId":1,"CantonName":"Z\u00fcrich","CantonAbbreviation":"ZH","ParlGroupName":"Fraktion der Schweizerischen Volkspartei","ParlGroupAbbreviation":"V","SortOrder":1,"Start":"\/Date(1456941918284)\/","End":"\/Date(1456941949908)\/","Function":"1VP-M","DisplaySpeaker":false,"LanguageOfText":null,"Modified":"\/Date(1774877390298)\/","StartTimeWithTimezone":"\/Date(1456941918283+0060)\/","EndTimeWithTimezone":"\/Date(1456941949907+0060)\/","VoteBusinessNumber":null,"VoteBusinessShortNumber":null,"VoteBusinessTitle":null}]},"ID":"36655","Language":"DE","IdMeeting":"3768","VerbalixOid":488622,"SortOrder":7,"Modified":"\/Date(1774877390295)\/"}}