{"d":{"__metadata":{"id":"https://ws.parlament.ch/OData.svc/Subject(ID=37004L,Language='DE')","uri":"https://ws.parlament.ch/OData.svc/Subject(ID=37004L,Language='DE')","type":"itsystems.Pd.DataServices.DataModel.Subject"},"Meetings":{"__metadata":{"id":"https://ws.parlament.ch/OData.svc/Meeting(ID=3792L,Language='DE')","uri":"https://ws.parlament.ch/OData.svc/Meeting(ID=3792L,Language='DE')","type":"itsystems.Pd.DataServices.DataModel.Meeting"},"Sessions":{"__deferred":{"uri":"https://ws.parlament.ch/OData.svc/Meeting(ID=3792L,Language='DE')/Sessions"}},"Subjects":{"__deferred":{"uri":"https://ws.parlament.ch/OData.svc/Meeting(ID=3792L,Language='DE')/Subjects"}},"ID":"3792","Language":"DE","MeetingNumber":13,"IdSession":5002,"SessionNumber":2,"SessionName":"Fr\u00fchjahrssession 2016","Council":2,"CouncilName":"St\u00e4nderat","CouncilAbbreviation":"SR","Date":"\/Date(1458259200000)\/","Begin":"0815","Modified":"\/Date(1464881344540)\/","LegislativePeriodNumber":50,"PublicationStatus":"final","MeetingOrderText":"Dreizehnte Sitzung","SortOrder":13,"Location":"S"},"SubjectsBusiness":{"results":[{"__metadata":{"id":"https://ws.parlament.ch/OData.svc/SubjectBusiness(BusinessNumber=20130025,IdSubject=37004L,Language='DE')","uri":"https://ws.parlament.ch/OData.svc/SubjectBusiness(BusinessNumber=20130025,IdSubject=37004L,Language='DE')","type":"itsystems.Pd.DataServices.DataModel.SubjectBusiness"},"Subjects":{"__deferred":{"uri":"https://ws.parlament.ch/OData.svc/SubjectBusiness(BusinessNumber=20130025,IdSubject=37004L,Language='DE')/Subjects"}},"Businesses":{"__deferred":{"uri":"https://ws.parlament.ch/OData.svc/SubjectBusiness(BusinessNumber=20130025,IdSubject=37004L,Language='DE')/Businesses"}},"IdSubject":"37004","BusinessNumber":20130025,"Language":"DE","BusinessShortNumber":"13.025","Title":"Bundesgesetz betreffend die \u00dcberwachung des Post- und Fernmeldeverkehrs. \u00c4nderung","SortOrder":1,"PublishedNotes":"Schlussabstimmung - Vote final\n","Modified":"\/Date(1447069578576)\/","TitleDE":"Bundesgesetz\nbetreffend die \u00dcberwachung\ndes Post- und Fernmeldeverkehrs.\n\u00c4nderung","TitleFR":"Loi sur la surveillance\nde la correspondance par poste\net t\u00e9l\u00e9communication.\nModification","TitleIT":null}]},"Transcripts":{"results":[{"__metadata":{"id":"https://ws.parlament.ch/OData.svc/Transcript(ID=197649L,Language='DE')","uri":"https://ws.parlament.ch/OData.svc/Transcript(ID=197649L,Language='DE')","type":"itsystems.Pd.DataServices.DataModel.Transcript"},"Subjects":{"__deferred":{"uri":"https://ws.parlament.ch/OData.svc/Transcript(ID=197649L,Language='DE')/Subjects"}},"MembersCouncil":{"__deferred":{"uri":"https://ws.parlament.ch/OData.svc/Transcript(ID=197649L,Language='DE')/MembersCouncil"}},"Businesses":{"__deferred":{"uri":"https://ws.parlament.ch/OData.svc/Transcript(ID=197649L,Language='DE')/Businesses"}},"ID":"197649","Language":"DE","IdSubject":"37004","VoteId":"1333","PersonNumber":null,"Type":2,"Text":"<pd_text><p><b>Bundesgesetz betreffend die \u00dcberwachung des Post- und Fernmeldeverkehrs</b></p>\n<p><b>Loi f\u00e9d\u00e9rale sur la surveillance de la correspondance par poste et t\u00e9l\u00e9communication</b></p>\n<p>[VS]</p>\n<p><i>Abstimmung - Vote</i></p>\n<p>[NAM]</p>\n<p>F\u00fcr Annahme des Entwurfes ... 41 Stimmen</p>\n<p>Dagegen ... 4 Stimmen</p>\n<p>(0 Enthaltungen)</p>\n</pd_text>","MeetingCouncilAbbreviation":"S","MeetingDate":"20160318","MeetingVerbalixOid":2735,"IdSession":"5002","SpeakerFirstName":null,"SpeakerLastName":null,"SpeakerFullName":"","SpeakerFunction":null,"CouncilId":null,"CouncilName":null,"CantonId":null,"CantonName":null,"CantonAbbreviation":null,"ParlGroupName":null,"ParlGroupAbbreviation":null,"SortOrder":2,"Start":"\/Date(1458289241357)\/","End":"\/Date(1458289241357)\/","Function":null,"DisplaySpeaker":null,"LanguageOfText":null,"Modified":"\/Date(1512565221950)\/","StartTimeWithTimezone":"\/Date(1458289241357+0060)\/","EndTimeWithTimezone":"\/Date(1458289241357+0060)\/","VoteBusinessNumber":20130025,"VoteBusinessShortNumber":"13.025","VoteBusinessTitle":"Bundesgesetz\nbetreffend die \u00dcberwachung\ndes Post- und Fernmeldeverkehrs.\n\u00c4nderung"},{"__metadata":{"id":"https://ws.parlament.ch/OData.svc/Transcript(ID=197861L,Language='DE')","uri":"https://ws.parlament.ch/OData.svc/Transcript(ID=197861L,Language='DE')","type":"itsystems.Pd.DataServices.DataModel.Transcript"},"Subjects":{"__deferred":{"uri":"https://ws.parlament.ch/OData.svc/Transcript(ID=197861L,Language='DE')/Subjects"}},"MembersCouncil":{"__deferred":{"uri":"https://ws.parlament.ch/OData.svc/Transcript(ID=197861L,Language='DE')/MembersCouncil"}},"Businesses":{"__deferred":{"uri":"https://ws.parlament.ch/OData.svc/Transcript(ID=197861L,Language='DE')/Businesses"}},"ID":"197861","Language":"DE","IdSubject":"37004","VoteId":null,"PersonNumber":4112,"Type":1,"Text":"<pd_text><p>Nach Artikel 3 Absatz 3 der Verordnung der Bundesversammlung \u00fcber die Redaktionskommission sind erhebliche Text\u00e4nderungen in den beiden R\u00e4ten durch ein Mitglied der Redaktionskommission vor der Schlussabstimmung zu erl\u00e4utern; das mache ich hier. </p>\n<p>Da das Bundesgesetz betreffend \u00dcberwachung des Post- und Fernmeldeverkehrs und das Nachrichtendienstgesetz aufeinander verweisen, hat der Bundesrat in seiner Botschaft zum Nachrichtendienstgesetz Bestimmungen zur Koordination mit der Teilrevision des B\u00fcpf aufgef\u00fchrt. Im Rahmen der Beratung des Nachrichtendienstgesetzes haben die beiden R\u00e4te diese Koordinationsbestimmungen zum B\u00fcpf ins Nachrichtendienstgesetz aufgenommen und diesem zugestimmt. Da das Nachrichtendienstgesetz bereits in der Herbstsession 2015 in die Schlussabstimmung gelangte, das B\u00fcpf hingegen nicht fertigberaten werden konnte, musste die Koordinationsbestimmung aus dem Nachrichtendienstgesetz herausgenommen und zur\u00fcckgestellt werden. </p>\n<p>Die Redaktionskommission hat nun die damals zur\u00fcckgestellten Koordinationsbestimmungen in das totalrevidierte B\u00fcpf \u00fcbernommen. Sie werden den Beschl\u00fcssen entsprechend angepasst und finden sich nun in Artikel 46. Da diese Bestimmungen durch die beiden R\u00e4te bereits im Nachrichtendienstgesetz beschlossen worden sind, handelt es sich nicht um eine materielle \u00c4nderung.</p>\n<p>[VS]</p>\n</pd_text>","MeetingCouncilAbbreviation":"S","MeetingDate":"20160318","MeetingVerbalixOid":2735,"IdSession":"5002","SpeakerFirstName":"Thomas","SpeakerLastName":"Minder","SpeakerFullName":"Minder Thomas","SpeakerFunction":"Mit-M","CouncilId":2,"CouncilName":"St\u00e4nderat","CantonId":14,"CantonName":"Schaffhausen","CantonAbbreviation":"SH","ParlGroupName":"Fraktion der Schweizerischen Volkspartei","ParlGroupAbbreviation":"V","SortOrder":1,"Start":"\/Date(1458289082400)\/","End":"\/Date(1458289241357)\/","Function":"*","DisplaySpeaker":true,"LanguageOfText":"DE","Modified":"\/Date(1512565221950)\/","StartTimeWithTimezone":"\/Date(1458289082400+0060)\/","EndTimeWithTimezone":"\/Date(1458289241357+0060)\/","VoteBusinessNumber":null,"VoteBusinessShortNumber":null,"VoteBusinessTitle":null}]},"ID":"37004","Language":"DE","IdMeeting":"3792","VerbalixOid":492476,"SortOrder":3,"Modified":"\/Date(1512565221950)\/"}}