{"d":{"__metadata":{"id":"https://ws.parlament.ch/OData.svc/Subject(ID=37008L,Language='DE')","uri":"https://ws.parlament.ch/OData.svc/Subject(ID=37008L,Language='DE')","type":"itsystems.Pd.DataServices.DataModel.Subject"},"Meetings":{"__metadata":{"id":"https://ws.parlament.ch/OData.svc/Meeting(ID=3792L,Language='DE')","uri":"https://ws.parlament.ch/OData.svc/Meeting(ID=3792L,Language='DE')","type":"itsystems.Pd.DataServices.DataModel.Meeting"},"Sessions":{"__deferred":{"uri":"https://ws.parlament.ch/OData.svc/Meeting(ID=3792L,Language='DE')/Sessions"}},"Subjects":{"__deferred":{"uri":"https://ws.parlament.ch/OData.svc/Meeting(ID=3792L,Language='DE')/Subjects"}},"ID":"3792","Language":"DE","MeetingNumber":13,"IdSession":5002,"SessionNumber":2,"SessionName":"Fr\u00fchjahrssession 2016","Council":2,"CouncilName":"St\u00e4nderat","CouncilAbbreviation":"SR","Date":"\/Date(1458259200000)\/","Begin":"0815","Modified":"\/Date(1464881344540)\/","LegislativePeriodNumber":50,"PublicationStatus":"final","MeetingOrderText":"Dreizehnte Sitzung","SortOrder":13,"Location":"S"},"SubjectsBusiness":{"results":[{"__metadata":{"id":"https://ws.parlament.ch/OData.svc/SubjectBusiness(BusinessNumber=20140046,IdSubject=37008L,Language='DE')","uri":"https://ws.parlament.ch/OData.svc/SubjectBusiness(BusinessNumber=20140046,IdSubject=37008L,Language='DE')","type":"itsystems.Pd.DataServices.DataModel.SubjectBusiness"},"Subjects":{"__deferred":{"uri":"https://ws.parlament.ch/OData.svc/SubjectBusiness(BusinessNumber=20140046,IdSubject=37008L,Language='DE')/Subjects"}},"Businesses":{"__deferred":{"uri":"https://ws.parlament.ch/OData.svc/SubjectBusiness(BusinessNumber=20140046,IdSubject=37008L,Language='DE')/Businesses"}},"IdSubject":"37008","BusinessNumber":20140046,"Language":"DE","BusinessShortNumber":"14.046","Title":"Bundesgesetz \u00fcber den Wald. \u00c4nderung","SortOrder":1,"PublishedNotes":"Schlussabstimmung - Vote final\n","Modified":"\/Date(1447069624563)\/","TitleDE":"Bundesgesetz \u00fcber den Wald.\n\u00c4nderung","TitleFR":"Loi sur les for\u00eats.\nModification","TitleIT":null}]},"Transcripts":{"results":[{"__metadata":{"id":"https://ws.parlament.ch/OData.svc/Transcript(ID=197654L,Language='DE')","uri":"https://ws.parlament.ch/OData.svc/Transcript(ID=197654L,Language='DE')","type":"itsystems.Pd.DataServices.DataModel.Transcript"},"Subjects":{"__deferred":{"uri":"https://ws.parlament.ch/OData.svc/Transcript(ID=197654L,Language='DE')/Subjects"}},"MembersCouncil":{"__deferred":{"uri":"https://ws.parlament.ch/OData.svc/Transcript(ID=197654L,Language='DE')/MembersCouncil"}},"Businesses":{"__deferred":{"uri":"https://ws.parlament.ch/OData.svc/Transcript(ID=197654L,Language='DE')/Businesses"}},"ID":"197654","Language":"DE","IdSubject":"37008","VoteId":"1336","PersonNumber":null,"Type":2,"Text":"<pd_text><p><b>Bundesgesetz \u00fcber den Wald</b></p>\n<p><b>Loi f\u00e9d\u00e9rale sur les for\u00eats</b></p>\n<p>[VS]</p>\n<p><i>Abstimmung - Vote</i></p>\n<p>[NAM]</p>\n<p>F\u00fcr Annahme des Entwurfes ... 35 Stimmen</p>\n<p>Dagegen ... 10 Stimmen</p>\n<p>(0 Enthaltungen)</p>\n</pd_text>","MeetingCouncilAbbreviation":"S","MeetingDate":"20160318","MeetingVerbalixOid":2735,"IdSession":"5002","SpeakerFirstName":null,"SpeakerLastName":null,"SpeakerFullName":"","SpeakerFunction":null,"CouncilId":null,"CouncilName":null,"CantonId":null,"CantonName":null,"CantonAbbreviation":null,"ParlGroupName":null,"ParlGroupAbbreviation":null,"SortOrder":1,"Start":null,"End":null,"Function":null,"DisplaySpeaker":null,"LanguageOfText":null,"Modified":"\/Date(1512565221967)\/","StartTimeWithTimezone":null,"EndTimeWithTimezone":null,"VoteBusinessNumber":20140046,"VoteBusinessShortNumber":"14.046","VoteBusinessTitle":"Bundesgesetz \u00fcber den Wald.\n\u00c4nderung"}]},"ID":"37008","Language":"DE","IdMeeting":"3792","VerbalixOid":492489,"SortOrder":6,"Modified":"\/Date(1512565221967)\/"}}