{"d":{"__metadata":{"id":"https://ws.parlament.ch/OData.svc/Subject(ID=37018L,Language='DE')","uri":"https://ws.parlament.ch/OData.svc/Subject(ID=37018L,Language='DE')","type":"itsystems.Pd.DataServices.DataModel.Subject"},"Meetings":{"__metadata":{"id":"https://ws.parlament.ch/OData.svc/Meeting(ID=3792L,Language='DE')","uri":"https://ws.parlament.ch/OData.svc/Meeting(ID=3792L,Language='DE')","type":"itsystems.Pd.DataServices.DataModel.Meeting"},"Sessions":{"__deferred":{"uri":"https://ws.parlament.ch/OData.svc/Meeting(ID=3792L,Language='DE')/Sessions"}},"Subjects":{"__deferred":{"uri":"https://ws.parlament.ch/OData.svc/Meeting(ID=3792L,Language='DE')/Subjects"}},"ID":"3792","Language":"DE","MeetingNumber":13,"IdSession":5002,"SessionNumber":2,"SessionName":"Fr\u00fchjahrssession 2016","Council":2,"CouncilName":"St\u00e4nderat","CouncilAbbreviation":"SR","Date":"\/Date(1458259200000)\/","Begin":"0815","Modified":"\/Date(1464881344540)\/","LegislativePeriodNumber":50,"PublicationStatus":"final","MeetingOrderText":"Dreizehnte Sitzung","SortOrder":13,"Location":"S"},"SubjectsBusiness":{"results":[{"__metadata":{"id":"https://ws.parlament.ch/OData.svc/SubjectBusiness(BusinessNumber=20150058,IdSubject=37018L,Language='DE')","uri":"https://ws.parlament.ch/OData.svc/SubjectBusiness(BusinessNumber=20150058,IdSubject=37018L,Language='DE')","type":"itsystems.Pd.DataServices.DataModel.SubjectBusiness"},"Subjects":{"__deferred":{"uri":"https://ws.parlament.ch/OData.svc/SubjectBusiness(BusinessNumber=20150058,IdSubject=37018L,Language='DE')/Subjects"}},"Businesses":{"__deferred":{"uri":"https://ws.parlament.ch/OData.svc/SubjectBusiness(BusinessNumber=20150058,IdSubject=37018L,Language='DE')/Businesses"}},"IdSubject":"37018","BusinessNumber":20150058,"Language":"DE","BusinessShortNumber":"15.058","Title":"Elementarschadenversicherung durch private Versicherungsunternehmen. Abkommen mit dem F\u00fcrstentum Liechtenstein","SortOrder":1,"PublishedNotes":"Schlussabstimmung - Vote final\n","Modified":"\/Date(1447757215353)\/","TitleDE":"Elementarschadenversicherung\ndurch private\nVersicherungsunternehmen.\nAbkommen\nmit dem F\u00fcrstentum Liechtenstein","TitleFR":"Assurance contre les dommages dus\n\u00e0 des \u00e9v\u00e9nements naturels exploit\u00e9e\npar des entreprises d'assurance\npriv\u00e9es. Accord\navec la Principaut\u00e9 de Liechtenstein","TitleIT":null}]},"Transcripts":{"results":[{"__metadata":{"id":"https://ws.parlament.ch/OData.svc/Transcript(ID=197669L,Language='DE')","uri":"https://ws.parlament.ch/OData.svc/Transcript(ID=197669L,Language='DE')","type":"itsystems.Pd.DataServices.DataModel.Transcript"},"Subjects":{"__deferred":{"uri":"https://ws.parlament.ch/OData.svc/Transcript(ID=197669L,Language='DE')/Subjects"}},"MembersCouncil":{"__deferred":{"uri":"https://ws.parlament.ch/OData.svc/Transcript(ID=197669L,Language='DE')/MembersCouncil"}},"Businesses":{"__deferred":{"uri":"https://ws.parlament.ch/OData.svc/Transcript(ID=197669L,Language='DE')/Businesses"}},"ID":"197669","Language":"DE","IdSubject":"37018","VoteId":"1348","PersonNumber":null,"Type":2,"Text":"<pd_text><p><b>Bundesbeschluss \u00fcber die Genehmigung des Abkommens zwischen der Schweizerischen Eidgenossenschaft und dem F\u00fcrstentum Liechtenstein betreffend die durch private Versicherungsunternehmen betriebene Elementarschadenversicherung</b></p>\n<p><b>Arr\u00eat\u00e9 f\u00e9d\u00e9ral portant approbation de l'Accord entre la Conf\u00e9d\u00e9ration suisse et la Principaut\u00e9 de Liechtenstein sur l'assurance des dommages dus \u00e0 des \u00e9v\u00e9nements naturels exploit\u00e9e par des entreprises d'assurance priv\u00e9es</b></p>\n<p>[VS]</p>\n<p><i>Abstimmung - Vote</i></p>\n<p>[NAM]</p>\n<p>F\u00fcr Annahme des Entwurfes ... 45 Stimmen</p>\n<p>(Einstimmigkeit)</p>\n<p>(0 Enthaltungen)</p>\n<p>[PAGE 241] </p>\n</pd_text>","MeetingCouncilAbbreviation":"S","MeetingDate":"20160318","MeetingVerbalixOid":2735,"IdSession":"5002","SpeakerFirstName":null,"SpeakerLastName":null,"SpeakerFullName":"","SpeakerFunction":null,"CouncilId":null,"CouncilName":null,"CantonId":null,"CantonName":null,"CantonAbbreviation":null,"ParlGroupName":null,"ParlGroupAbbreviation":null,"SortOrder":1,"Start":null,"End":null,"Function":null,"DisplaySpeaker":null,"LanguageOfText":null,"Modified":"\/Date(1512565221997)\/","StartTimeWithTimezone":null,"EndTimeWithTimezone":null,"VoteBusinessNumber":20150058,"VoteBusinessShortNumber":"15.058","VoteBusinessTitle":"Elementarschadenversicherung\ndurch private\nVersicherungsunternehmen.\nAbkommen\nmit dem F\u00fcrstentum Liechtenstein"}]},"ID":"37018","Language":"DE","IdMeeting":"3792","VerbalixOid":492525,"SortOrder":15,"Modified":"\/Date(1512565221997)\/"}}