{"d":{"__metadata":{"id":"https://ws.parlament.ch/OData.svc/Subject(ID=37191L,Language='DE')","uri":"https://ws.parlament.ch/OData.svc/Subject(ID=37191L,Language='DE')","type":"itsystems.Pd.DataServices.DataModel.Subject"},"Meetings":{"__metadata":{"id":"https://ws.parlament.ch/OData.svc/Meeting(ID=3797L,Language='DE')","uri":"https://ws.parlament.ch/OData.svc/Meeting(ID=3797L,Language='DE')","type":"itsystems.Pd.DataServices.DataModel.Meeting"},"Sessions":{"__deferred":{"uri":"https://ws.parlament.ch/OData.svc/Meeting(ID=3797L,Language='DE')/Sessions"}},"Subjects":{"__deferred":{"uri":"https://ws.parlament.ch/OData.svc/Meeting(ID=3797L,Language='DE')/Subjects"}},"ID":"3797","Language":"DE","MeetingNumber":4,"IdSession":5003,"SessionNumber":3,"SessionName":"Sondersession April 2016","Council":1,"CouncilName":"Nationalrat","CouncilAbbreviation":"NR","Date":"\/Date(1461715200000)\/","Begin":"0800","Modified":"\/Date(1463044878373)\/","LegislativePeriodNumber":50,"PublicationStatus":"final","MeetingOrderText":"Vierte Sitzung","SortOrder":4,"Location":"N"},"SubjectsBusiness":{"results":[{"__metadata":{"id":"https://ws.parlament.ch/OData.svc/SubjectBusiness(BusinessNumber=20120308,IdSubject=37191L,Language='DE')","uri":"https://ws.parlament.ch/OData.svc/SubjectBusiness(BusinessNumber=20120308,IdSubject=37191L,Language='DE')","type":"itsystems.Pd.DataServices.DataModel.SubjectBusiness"},"Subjects":{"__deferred":{"uri":"https://ws.parlament.ch/OData.svc/SubjectBusiness(BusinessNumber=20120308,IdSubject=37191L,Language='DE')/Subjects"}},"Businesses":{"__deferred":{"uri":"https://ws.parlament.ch/OData.svc/SubjectBusiness(BusinessNumber=20120308,IdSubject=37191L,Language='DE')/Businesses"}},"IdSubject":"37191","BusinessNumber":20120308,"Language":"DE","BusinessShortNumber":"12.308","Title":"Er\u00f6ffnung neuer Arztpraxen","SortOrder":1,"PublishedNotes":"Vorpr\u00fcfung - Examen pr\u00e9alable\n","Modified":"\/Date(1447069535883)\/","TitleDE":"Standesinitiative Genf.\nEr\u00f6ffnung neuer Arztpraxen","TitleFR":"Initiative cantonale Gen\u00e8ve.\nL'ouverture\nde nouveaux cabinets m\u00e9dicaux","TitleIT":null}]},"Transcripts":{"results":[{"__metadata":{"id":"https://ws.parlament.ch/OData.svc/Transcript(ID=198309L,Language='DE')","uri":"https://ws.parlament.ch/OData.svc/Transcript(ID=198309L,Language='DE')","type":"itsystems.Pd.DataServices.DataModel.Transcript"},"Subjects":{"__deferred":{"uri":"https://ws.parlament.ch/OData.svc/Transcript(ID=198309L,Language='DE')/Subjects"}},"MembersCouncil":{"__deferred":{"uri":"https://ws.parlament.ch/OData.svc/Transcript(ID=198309L,Language='DE')/MembersCouncil"}},"Businesses":{"__deferred":{"uri":"https://ws.parlament.ch/OData.svc/Transcript(ID=198309L,Language='DE')/Businesses"}},"ID":"198309","Language":"DE","IdSubject":"37191","VoteId":"13342","PersonNumber":null,"Type":2,"Text":"<pd_text><p><i>Abstimmung - Vote</i></p>\n<p>[NAM]</p>\n<p>F\u00fcr Folgegeben ... 58 Stimmen</p>\n<p>Dagegen ... 117 Stimmen</p>\n<p>(1 Enthaltung)</p>\n</pd_text>","MeetingCouncilAbbreviation":"N","MeetingDate":"20160427","MeetingVerbalixOid":2740,"IdSession":"5003","SpeakerFirstName":null,"SpeakerLastName":null,"SpeakerFullName":"","SpeakerFunction":null,"CouncilId":null,"CouncilName":null,"CantonId":null,"CantonName":null,"CantonAbbreviation":null,"ParlGroupName":null,"ParlGroupAbbreviation":null,"SortOrder":7,"Start":"\/Date(1461754338934)\/","End":"\/Date(1461754402246)\/","Function":null,"DisplaySpeaker":null,"LanguageOfText":null,"Modified":"\/Date(1774877387049)\/","StartTimeWithTimezone":"\/Date(1461754338933+0120)\/","EndTimeWithTimezone":"\/Date(1461754402247+0120)\/","VoteBusinessNumber":20120308,"VoteBusinessShortNumber":"12.308","VoteBusinessTitle":"Standesinitiative Genf.\nEr\u00f6ffnung neuer Arztpraxen"},{"__metadata":{"id":"https://ws.parlament.ch/OData.svc/Transcript(ID=198311L,Language='DE')","uri":"https://ws.parlament.ch/OData.svc/Transcript(ID=198311L,Language='DE')","type":"itsystems.Pd.DataServices.DataModel.Transcript"},"Subjects":{"__deferred":{"uri":"https://ws.parlament.ch/OData.svc/Transcript(ID=198311L,Language='DE')/Subjects"}},"MembersCouncil":{"__deferred":{"uri":"https://ws.parlament.ch/OData.svc/Transcript(ID=198311L,Language='DE')/MembersCouncil"}},"Businesses":{"__deferred":{"uri":"https://ws.parlament.ch/OData.svc/Transcript(ID=198311L,Language='DE')/Businesses"}},"ID":"198311","Language":"DE","IdSubject":"37191","VoteId":null,"PersonNumber":null,"Type":3,"Text":"<pd_text><p><i>Antrag der Mehrheit</i></p>\n<p>Der Initiative keine Folge geben</p>\n<p>[VS]</p>\n<p><i>Antrag der Minderheit</i></p>\n<p>(Carobbio Guscetti, Feri Yvonne, Gysi, H\u00e4sler, Heim, Schenker Silvia, Steiert)</p>\n<p>Der Initiative Folge geben</p>\n<p>[VS]</p>\n<p><i>Proposition de la majorit\u00e9</i></p>\n<p>Ne pas donner suite \u00e0 l'initiative</p>\n<p>[VS]</p>\n<p><i>Proposition de la minorit\u00e9</i></p>\n<p>(Carobbio Guscetti, Feri Yvonne, Gysi, H\u00e4sler, Heim, Schenker Silvia, Steiert)</p>\n<p>Donner suite \u00e0 l'initiative</p>\n</pd_text>","MeetingCouncilAbbreviation":"N","MeetingDate":"20160427","MeetingVerbalixOid":2740,"IdSession":"5003","SpeakerFirstName":null,"SpeakerLastName":null,"SpeakerFullName":"","SpeakerFunction":null,"CouncilId":null,"CouncilName":null,"CantonId":null,"CantonName":null,"CantonAbbreviation":null,"ParlGroupName":null,"ParlGroupAbbreviation":null,"SortOrder":1,"Start":null,"End":null,"Function":null,"DisplaySpeaker":null,"LanguageOfText":"DE","Modified":"\/Date(1774877387034)\/","StartTimeWithTimezone":null,"EndTimeWithTimezone":null,"VoteBusinessNumber":null,"VoteBusinessShortNumber":null,"VoteBusinessTitle":null},{"__metadata":{"id":"https://ws.parlament.ch/OData.svc/Transcript(ID=198333L,Language='DE')","uri":"https://ws.parlament.ch/OData.svc/Transcript(ID=198333L,Language='DE')","type":"itsystems.Pd.DataServices.DataModel.Transcript"},"Subjects":{"__deferred":{"uri":"https://ws.parlament.ch/OData.svc/Transcript(ID=198333L,Language='DE')/Subjects"}},"MembersCouncil":{"__deferred":{"uri":"https://ws.parlament.ch/OData.svc/Transcript(ID=198333L,Language='DE')/MembersCouncil"}},"Businesses":{"__deferred":{"uri":"https://ws.parlament.ch/OData.svc/Transcript(ID=198333L,Language='DE')/Businesses"}},"ID":"198333","Language":"DE","IdSubject":"37191","VoteId":null,"PersonNumber":4202,"Type":1,"Text":"<pd_text><p>Die vorliegende Standesinitiative muss nun auch im Lichte der soeben gef\u00fchrten Diskussion betrachtet werden. Wir haben eben beschlossen, die in Artikel 55a KVG enthaltene Massnahme fortzuf\u00fchren. Dies wurde so auch in der Kommission diskutiert. Die Kommission beantragt Ihnen mit 16 zu 7 Stimmen, der vorliegenden Standesinitiative keine Folge zu geben.</p>\n<p>Was will diese Standesinitiative Genf? Sie will das Krankenversicherungsgesetz dahingehend \u00e4ndern, dass die Kantone die Kompetenz erhalten, eine Planung f\u00fcr die Er\u00f6ffnung neuer Arztpraxen zu erstellen. Wir haben in der Kommission ausf\u00fchrlich \u00fcber diese Standesinitiative diskutiert. Unsere Schwesterkommission hatte im Jahr 2013 beschlossen, dieser Standesinitiative keine Folge zu geben.</p>\n<p>Mit der Ablehnung des Gesch\u00e4ftes 15.020, \"KVG. Steuerung im ambulanten Bereich\", im Nationalrat in der Wintersession 2015 hat sich die Ausgangslage ge\u00e4ndert. Soeben haben wir beschlossen, diese Massnahme nochmals zu verl\u00e4ngern. Konkret wird damit das nun geltende, auf den 30. Juni 2016 befristete Gesetz nahtlos nochmals um drei Jahre, bis am 30. Juni 2019, verl\u00e4ngert. Diese drei Jahre sollen nun genutzt werden, um andere Massnahmen zu pr\u00fcfen. Genannt werden die Zulassungssteuerung, die Preisflexibilit\u00e4t und die Lockerung des Vertragszwanges.</p>\n<p>Zus\u00e4tzlich beschloss die Kommission mit 18 zu 0 Stimmen bei 6 Enthaltungen, eine Motion einzureichen, die den Bundesrat beauftragt, in Zusammenarbeit mit den Vertragspartnern und den Kantonen zu den drei obenerw\u00e4hnten Varianten Gesetzesvorschl\u00e4ge zu unterbreiten. Die Kommission anerkennt also den Handlungsbedarf. Sie anerkennen ihn auch, wie Sie eben beschlossen haben, und somit wird das Anliegen der Standesinitiative in breiterem Rahmen aufgenommen.</p>\n<p>Deshalb ist der Standesinitiative Genf keine Folge zu geben.</p>\n</pd_text>","MeetingCouncilAbbreviation":"N","MeetingDate":"20160427","MeetingVerbalixOid":2740,"IdSession":"5003","SpeakerFirstName":"Regine","SpeakerLastName":"Sauter","SpeakerFullName":"Sauter Regine","SpeakerFunction":"Mit-F","CouncilId":1,"CouncilName":"Nationalrat","CantonId":1,"CantonName":"Z\u00fcrich","CantonAbbreviation":"ZH","ParlGroupName":"FDP-Liberale Fraktion","ParlGroupAbbreviation":"RL","SortOrder":3,"Start":"\/Date(1461753686151)\/","End":"\/Date(1461753838012)\/","Function":"*","DisplaySpeaker":true,"LanguageOfText":"DE","Modified":"\/Date(1774877387039)\/","StartTimeWithTimezone":"\/Date(1461753686150+0120)\/","EndTimeWithTimezone":"\/Date(1461753838013+0120)\/","VoteBusinessNumber":null,"VoteBusinessShortNumber":null,"VoteBusinessTitle":null},{"__metadata":{"id":"https://ws.parlament.ch/OData.svc/Transcript(ID=198334L,Language='DE')","uri":"https://ws.parlament.ch/OData.svc/Transcript(ID=198334L,Language='DE')","type":"itsystems.Pd.DataServices.DataModel.Transcript"},"Subjects":{"__deferred":{"uri":"https://ws.parlament.ch/OData.svc/Transcript(ID=198334L,Language='DE')/Subjects"}},"MembersCouncil":{"__deferred":{"uri":"https://ws.parlament.ch/OData.svc/Transcript(ID=198334L,Language='DE')/MembersCouncil"}},"Businesses":{"__deferred":{"uri":"https://ws.parlament.ch/OData.svc/Transcript(ID=198334L,Language='DE')/Businesses"}},"ID":"198334","Language":"DE","IdSubject":"37191","VoteId":null,"PersonNumber":1139,"Type":1,"Text":"<pd_text><p><b>Pr\u00e4sidentin</b> (Markwalder Christa, Pr\u00e4sidentin): Sie haben einen schriftlichen Bericht der Kommission erhalten. </p>\n</pd_text>","MeetingCouncilAbbreviation":"N","MeetingDate":"20160427","MeetingVerbalixOid":2740,"IdSession":"5003","SpeakerFirstName":"Christa","SpeakerLastName":"Markwalder","SpeakerFullName":"Markwalder Christa","SpeakerFunction":"P-F","CouncilId":1,"CouncilName":"Nationalrat","CantonId":2,"CantonName":"Bern","CantonAbbreviation":"BE","ParlGroupName":"FDP-Liberale Fraktion","ParlGroupAbbreviation":"RL","SortOrder":2,"Start":"\/Date(1461753650878)\/","End":"\/Date(1461753686151)\/","Function":"P-F","DisplaySpeaker":false,"LanguageOfText":null,"Modified":"\/Date(1774877387036)\/","StartTimeWithTimezone":"\/Date(1461753650877+0120)\/","EndTimeWithTimezone":"\/Date(1461753686150+0120)\/","VoteBusinessNumber":null,"VoteBusinessShortNumber":null,"VoteBusinessTitle":null},{"__metadata":{"id":"https://ws.parlament.ch/OData.svc/Transcript(ID=198335L,Language='DE')","uri":"https://ws.parlament.ch/OData.svc/Transcript(ID=198335L,Language='DE')","type":"itsystems.Pd.DataServices.DataModel.Transcript"},"Subjects":{"__deferred":{"uri":"https://ws.parlament.ch/OData.svc/Transcript(ID=198335L,Language='DE')/Subjects"}},"MembersCouncil":{"__deferred":{"uri":"https://ws.parlament.ch/OData.svc/Transcript(ID=198335L,Language='DE')/MembersCouncil"}},"Businesses":{"__deferred":{"uri":"https://ws.parlament.ch/OData.svc/Transcript(ID=198335L,Language='DE')/Businesses"}},"ID":"198335","Language":"DE","IdSubject":"37191","VoteId":null,"PersonNumber":1139,"Type":1,"Text":"<pd_text><p><b>Pr\u00e4sidentin</b> (Markwalder Christa, Pr\u00e4sidentin): Die Kommissionsmehrheit beantragt, der Initiative keine Folge zu geben. Eine Minderheit beantragt, der Initiative Folge zu geben.</p>\n</pd_text>","MeetingCouncilAbbreviation":"N","MeetingDate":"20160427","MeetingVerbalixOid":2740,"IdSession":"5003","SpeakerFirstName":"Christa","SpeakerLastName":"Markwalder","SpeakerFullName":"Markwalder Christa","SpeakerFunction":"P-F","CouncilId":1,"CouncilName":"Nationalrat","CantonId":2,"CantonName":"Bern","CantonAbbreviation":"BE","ParlGroupName":"FDP-Liberale Fraktion","ParlGroupAbbreviation":"RL","SortOrder":6,"Start":"\/Date(1461754306758)\/","End":"\/Date(1461754338934)\/","Function":"P-F","DisplaySpeaker":false,"LanguageOfText":null,"Modified":"\/Date(1774877387046)\/","StartTimeWithTimezone":"\/Date(1461754306757+0120)\/","EndTimeWithTimezone":"\/Date(1461754338933+0120)\/","VoteBusinessNumber":null,"VoteBusinessShortNumber":null,"VoteBusinessTitle":null},{"__metadata":{"id":"https://ws.parlament.ch/OData.svc/Transcript(ID=198340L,Language='DE')","uri":"https://ws.parlament.ch/OData.svc/Transcript(ID=198340L,Language='DE')","type":"itsystems.Pd.DataServices.DataModel.Transcript"},"Subjects":{"__deferred":{"uri":"https://ws.parlament.ch/OData.svc/Transcript(ID=198340L,Language='DE')/Subjects"}},"MembersCouncil":{"__deferred":{"uri":"https://ws.parlament.ch/OData.svc/Transcript(ID=198340L,Language='DE')/MembersCouncil"}},"Businesses":{"__deferred":{"uri":"https://ws.parlament.ch/OData.svc/Transcript(ID=198340L,Language='DE')/Businesses"}},"ID":"198340","Language":"DE","IdSubject":"37191","VoteId":null,"PersonNumber":4135,"Type":1,"Text":"<pd_text><p>En date du 22 janvier 2016, notre commission a proc\u00e9d\u00e9 \u00e0 l'examen pr\u00e9alable de l'initiative du canton de Gen\u00e8ve, \"L'ouverture de nouveaux cabinets m\u00e9dicaux\". Le but de cette initiative est de modifier la loi sur l'assurance-maladie de sorte que les cantons soient habilit\u00e9s \u00e0 planifier l'ouverture de nouveaux cabinets m\u00e9dicaux. Se fondant sur l'article 160 alin\u00e9a 1 de la Constitution f\u00e9d\u00e9rale, le canton de Gen\u00e8ve invite les Chambres f\u00e9d\u00e9rales \u00e0 permettre aux cantons qui le d\u00e9sirent de pouvoir mettre sur pied une planification portant sur l'ouverture de nouveaux cabinets.</p>\n<p>J'aimerais faire un petit rappel, si vous le permettez. Le 17 octobre 2013, la Commission de la s\u00e9curit\u00e9 sociale et de la sant\u00e9 publique du Conseil des Etats a propos\u00e9, \u00e0 l'unanimit\u00e9, de ne pas donner suite \u00e0 l'initiative. Le 26 septembre 2014, notre conseil a d\u00e9cid\u00e9, \u00e0 l'unanimit\u00e9 et sur la proposition unanime de sa commission, de suspendre l'examen de l'initiative. Il a motiv\u00e9 sa d\u00e9cision par le fait que le projet \"R\u00e9vision partielle de la loi sur l'assurance-maladie. Pilotage du domaine ambulatoire\", mis en consultation par le Conseil f\u00e9d\u00e9ral le 20 juin 2014, pr\u00e9voyait justement des mesures visant \u00e0 emp\u00eacher le surapprovisionnement ou le sous-approvisionnement dans le domaine ambulatoire.</p>\n<p>Sachant que la pr\u00e9sentation des r\u00e9sultats de la consultation sous la forme d'un message devrait prendre plus d'un an, le conseil a estim\u00e9 qu'il y avait lieu d'ajourner l'examen pr\u00e9alable de l'initiative du canton de Gen\u00e8ve jusqu'\u00e0 ce que ce message soit disponible. Le Conseil des Etats s'est ralli\u00e9 \u00e0 cette d\u00e9cision, le 8 d\u00e9cembre 2014, sur proposition de sa commission.</p>\n<p>Plus pr\u00e8s de nous, le 18 d\u00e9cembre 2015, le Parlement a exprim\u00e9 sa volont\u00e9 de ne pas poursuivre avec la limitation de l'ouverture de cabinets m\u00e9dicaux, ce qui a quelque peu chang\u00e9 la situation.</p>\n<p>Apr\u00e8s cette d\u00e9cision, notre commission a d\u00e9cid\u00e9, par 12 voix contre 10 et 2 abstentions, de d\u00e9poser l'initiative de commission 16.401 afin que la validit\u00e9 de l'article 55a LAMal, qui est en vigueur jusqu'au 30 juin prochain, soit prolong\u00e9e sans interruption de trois ans, c'est-\u00e0-dire jusqu'au 30 juin 2019. Vous venez d'accepter \u00e0 une tr\u00e8s forte majorit\u00e9 le projet issu de cette initiative.</p>\n<p>Il s'agit de mettre \u00e0 profit ces trois ann\u00e9es pour \u00e9laborer et mettre en vigueur une nouvelle solution pour ce qui concerne les dispositions r\u00e9gissant la prise en charge des prestations par l'assurance obligatoire des soins dans le domaine ambulatoire, ceci en se fondant sur trois sc\u00e9narios diff\u00e9rents: pilotage des admissions, flexibilit\u00e9 des prix, assouplissement de l'obligation de contracter.</p>\n<p>Dans ce but, la commission a d\u00e9cid\u00e9, par 18 voix contre 0 et 6 abstentions, de d\u00e9poser la motion 16.3001, \"Syst\u00e8me de sant\u00e9. Equilibrer l'offre de soins en diff\u00e9renciant la valeur du point tarifaire\", chargeant ainsi le Conseil f\u00e9d\u00e9ral de pr\u00e9senter, en collaboration avec les parties \u00e0 la convention vis\u00e9e \u00e0 l'article 43 LAMal et, bien s\u00fbr, les cantons, un projet de loi pour chaque sc\u00e9nario susmentionn\u00e9.</p>\n<p>La commission reconna\u00eet donc qu'il est n\u00e9cessaire de prendre des mesures dans ce domaine, m\u00eame si les avis divergent sur le type de mesures \u00e0 prendre. Les travaux y relatifs d\u00e9buteront prochainement, et un d\u00e9lai a \u00e9t\u00e9 fix\u00e9 au Conseil f\u00e9d\u00e9ral.</p>\n<p>L'initiative cantonale de Gen\u00e8ve est donc devenue sans objet. Pour cette raison, la commission recommande, par 16 voix contre 7, de ne pas donner suite \u00e0 cette initiative. Par contre, la proposition de la minorit\u00e9 Carobbio Guscetti vise \u00e0 octroyer le plus rapidement possible la comp\u00e9tence, en mati\u00e8re de planification dans le domaine ambulatoire, aux cantons, frontaliers notamment, afin que ceux-ci puissent piloter l'ouverture de nouveaux cabinets m\u00e9dicaux.</p>\n</pd_text>","MeetingCouncilAbbreviation":"N","MeetingDate":"20160427","MeetingVerbalixOid":2740,"IdSession":"5003","SpeakerFirstName":"Raymond","SpeakerLastName":"Clottu","SpeakerFullName":"Clottu Raymond","SpeakerFunction":"Mit-M","CouncilId":1,"CouncilName":"Nationalrat","CantonId":24,"CantonName":"Neuenburg","CantonAbbreviation":"NE","ParlGroupName":"Fraktion der Schweizerischen Volkspartei","ParlGroupAbbreviation":"V","SortOrder":4,"Start":"\/Date(1461753838012)\/","End":"\/Date(1461754110541)\/","Function":"*","DisplaySpeaker":true,"LanguageOfText":"FR","Modified":"\/Date(1774877387043)\/","StartTimeWithTimezone":"\/Date(1461753838013+0120)\/","EndTimeWithTimezone":"\/Date(1461754110540+0120)\/","VoteBusinessNumber":null,"VoteBusinessShortNumber":null,"VoteBusinessTitle":null},{"__metadata":{"id":"https://ws.parlament.ch/OData.svc/Transcript(ID=198379L,Language='DE')","uri":"https://ws.parlament.ch/OData.svc/Transcript(ID=198379L,Language='DE')","type":"itsystems.Pd.DataServices.DataModel.Transcript"},"Subjects":{"__deferred":{"uri":"https://ws.parlament.ch/OData.svc/Transcript(ID=198379L,Language='DE')/Subjects"}},"MembersCouncil":{"__deferred":{"uri":"https://ws.parlament.ch/OData.svc/Transcript(ID=198379L,Language='DE')/MembersCouncil"}},"Businesses":{"__deferred":{"uri":"https://ws.parlament.ch/OData.svc/Transcript(ID=198379L,Language='DE')/Businesses"}},"ID":"198379","Language":"DE","IdSubject":"37191","VoteId":null,"PersonNumber":3830,"Type":1,"Text":"<pd_text><p>L'iniziativa del canton Ginevra si inserisce nel solco di quanto abbiamo discusso questa mattina, in particolare riguardo all'oggetto precedente sull'articolo 55a della LAMal e sulla continuazione della possibilit\u00e0 di regolare l'apertura degli studi medici. Si tratta anche qui di una discussione sulla gestione dell'offerta di prestazioni nel settore sanitario e, appunto, in particolare modo per quanto riguarda gli studi medici. [PAGE 689] </p>\n<p>In questo contesto la richiesta del canton Ginevra \u00e8 pi\u00f9 che legittima e attuale. Il canton Ginevra vuole dare ai cantoni la possibilit\u00e0 di pianificare l'apertura di nuovi studi medici. Chi meglio dei cantoni conosce la realt\u00e0 per quanto riguarda il settore ambulatoriale medico o il settore ambulatoriale in generale? Quindi, chi meglio dei cantoni pu\u00f2 valutare se c'\u00e8 una sovraofferta ed un eccesso di prestazioni rispettivamente se si aprono troppi studi medici rispetto al reale bisogno o se invece c'\u00e8 una carenza, per esempio nel settore dei medici di base?</p>\n<p>Oggi esiste gi\u00e0 una regolamentazione per quanto riguarda il settore stazionario. Mal si capisce quindi, perch\u00e9 non si possa dare la possibilit\u00e0 ai cantoni di poter agire e regolare anche in questo settore - come lo chiedono in questo caso gli autori dell'iniziativa del canton Ginevra. La risposta della maggioranza, che invita a respingere questa iniziativa, l'abbiamo sentita: chi si oppone all'iniziativa cantonale vuole dare la risposta al problema nell'ambito dell'esame del postulato e della mozione approvati dalle Camere, sperando di trovare una soluzione duratura dopo lo scadere della validit\u00e0 dell'articolo 55a della LAMal che abbiamo appena prorogato fino al 2019. Visto l'aumento dei costi e di conseguenza dei premi, in particolare nei cantoni di frontiera, \u00e8 per\u00f2 anche vero che sarebbe auspicabile poter agire rapidamente anche in questo settore, come ve lo chiedo io con la mia proposta di minoranza e come ve lo chiede chi l'ha sottoscritta. </p>\n<p>Vi invito quindi ad approvare l'iniziativa del canton Ginevra, tenendo cos\u00ec debitamente conto di una richiesta che \u00e8, come ho detto, legittima: \u00e8 infatti necessario attribuire ai cantoni, in particolare a quelli di frontiera, il pi\u00f9 rapidamente possibile una competenza in materia di pianificazione nel settore ambulatoriale al fine, appunto, di poter gestire l'apertura degli studi medici. Adottando questa iniziativa si darebbe un segnale importante anche proprio in vista delle discussioni future, che affronteremo sulla base dei rapporti richiesti al Consiglio federale con il postulato e la mozione che vi sono stati presentati in precedenza.</p>\n</pd_text>","MeetingCouncilAbbreviation":"N","MeetingDate":"20160427","MeetingVerbalixOid":2740,"IdSession":"5003","SpeakerFirstName":"Marina","SpeakerLastName":"Carobbio Guscetti","SpeakerFullName":"Carobbio Guscetti Marina","SpeakerFunction":"Mit-F","CouncilId":1,"CouncilName":"Nationalrat","CantonId":27,"CantonName":"Tessin","CantonAbbreviation":"TI","ParlGroupName":"Sozialdemokratische Fraktion","ParlGroupAbbreviation":"S","SortOrder":5,"Start":"\/Date(1461754125597)\/","End":"\/Date(1461754306758)\/","Function":"Mit-F","DisplaySpeaker":true,"LanguageOfText":"IT","Modified":"\/Date(1774877387044)\/","StartTimeWithTimezone":"\/Date(1461754125597+0120)\/","EndTimeWithTimezone":"\/Date(1461754306757+0120)\/","VoteBusinessNumber":null,"VoteBusinessShortNumber":null,"VoteBusinessTitle":null}]},"ID":"37191","Language":"DE","IdMeeting":"3797","VerbalixOid":493689,"SortOrder":4,"Modified":"\/Date(1774877387033)\/"}}