{"d":{"__metadata":{"id":"https://ws.parlament.ch/OData.svc/Subject(ID=37479L,Language='DE')","uri":"https://ws.parlament.ch/OData.svc/Subject(ID=37479L,Language='DE')","type":"itsystems.Pd.DataServices.DataModel.Subject"},"Meetings":{"__metadata":{"id":"https://ws.parlament.ch/OData.svc/Meeting(ID=3818L,Language='DE')","uri":"https://ws.parlament.ch/OData.svc/Meeting(ID=3818L,Language='DE')","type":"itsystems.Pd.DataServices.DataModel.Meeting"},"Sessions":{"__deferred":{"uri":"https://ws.parlament.ch/OData.svc/Meeting(ID=3818L,Language='DE')/Sessions"}},"Subjects":{"__deferred":{"uri":"https://ws.parlament.ch/OData.svc/Meeting(ID=3818L,Language='DE')/Subjects"}},"ID":"3818","Language":"DE","MeetingNumber":9,"IdSession":5004,"SessionNumber":4,"SessionName":"Sommersession 2016","Council":2,"CouncilName":"St\u00e4nderat","CouncilAbbreviation":"SR","Date":"\/Date(1465862400000)\/","Begin":"0815","Modified":"\/Date(1466774095023)\/","LegislativePeriodNumber":50,"PublicationStatus":"final","MeetingOrderText":"Neunte Sitzung","SortOrder":9,"Location":"S"},"SubjectsBusiness":{"results":[{"__metadata":{"id":"https://ws.parlament.ch/OData.svc/SubjectBusiness(BusinessNumber=20160016,IdSubject=37479L,Language='DE')","uri":"https://ws.parlament.ch/OData.svc/SubjectBusiness(BusinessNumber=20160016,IdSubject=37479L,Language='DE')","type":"itsystems.Pd.DataServices.DataModel.SubjectBusiness"},"Subjects":{"__deferred":{"uri":"https://ws.parlament.ch/OData.svc/SubjectBusiness(BusinessNumber=20160016,IdSubject=37479L,Language='DE')/Subjects"}},"Businesses":{"__deferred":{"uri":"https://ws.parlament.ch/OData.svc/SubjectBusiness(BusinessNumber=20160016,IdSubject=37479L,Language='DE')/Businesses"}},"IdSubject":"37479","BusinessNumber":20160016,"Language":"DE","BusinessShortNumber":"16.016","Title":"Legislaturplanung 2015-2019","SortOrder":1,"PublishedNotes":"Differenzen - Divergences\n","Modified":"\/Date(1454945557653)\/","TitleDE":"Legislaturplanung 2015-2019","TitleFR":"Programme de la l\u00e9gislature 2015-2019","TitleIT":null}]},"Transcripts":{"results":[{"__metadata":{"id":"https://ws.parlament.ch/OData.svc/Transcript(ID=200900L,Language='DE')","uri":"https://ws.parlament.ch/OData.svc/Transcript(ID=200900L,Language='DE')","type":"itsystems.Pd.DataServices.DataModel.Transcript"},"Subjects":{"__deferred":{"uri":"https://ws.parlament.ch/OData.svc/Transcript(ID=200900L,Language='DE')/Subjects"}},"MembersCouncil":{"__deferred":{"uri":"https://ws.parlament.ch/OData.svc/Transcript(ID=200900L,Language='DE')/MembersCouncil"}},"Businesses":{"__deferred":{"uri":"https://ws.parlament.ch/OData.svc/Transcript(ID=200900L,Language='DE')/Businesses"}},"ID":"200900","Language":"DE","IdSubject":"37479","VoteId":"1455","PersonNumber":null,"Type":2,"Text":"<pd_text><p><i>Abstimmung - Vote</i></p>\n<p>F\u00fcr den Antrag der Mehrheit ... 32 Stimmen</p>\n<p>F\u00fcr den Antrag der Minderheit ... 2 Stimmen</p>\n<p>(6 Enthaltungen)</p>\n</pd_text>","MeetingCouncilAbbreviation":"S","MeetingDate":"20160614","MeetingVerbalixOid":2761,"IdSession":"5004","SpeakerFirstName":null,"SpeakerLastName":null,"SpeakerFullName":"","SpeakerFunction":null,"CouncilId":null,"CouncilName":null,"CantonId":null,"CantonName":null,"CantonAbbreviation":null,"ParlGroupName":null,"ParlGroupAbbreviation":null,"SortOrder":5,"Start":"\/Date(1465892525737)\/","End":"\/Date(1465892557710)\/","Function":null,"DisplaySpeaker":null,"LanguageOfText":null,"Modified":"\/Date(1633082132680)\/","StartTimeWithTimezone":"\/Date(1465892525737+0120)\/","EndTimeWithTimezone":"\/Date(1465892557710+0120)\/","VoteBusinessNumber":20160016,"VoteBusinessShortNumber":"16.016","VoteBusinessTitle":"Legislaturplanung 2015-2019"},{"__metadata":{"id":"https://ws.parlament.ch/OData.svc/Transcript(ID=200901L,Language='DE')","uri":"https://ws.parlament.ch/OData.svc/Transcript(ID=200901L,Language='DE')","type":"itsystems.Pd.DataServices.DataModel.Transcript"},"Subjects":{"__deferred":{"uri":"https://ws.parlament.ch/OData.svc/Transcript(ID=200901L,Language='DE')/Subjects"}},"MembersCouncil":{"__deferred":{"uri":"https://ws.parlament.ch/OData.svc/Transcript(ID=200901L,Language='DE')/MembersCouncil"}},"Businesses":{"__deferred":{"uri":"https://ws.parlament.ch/OData.svc/Transcript(ID=200901L,Language='DE')/Businesses"}},"ID":"200901","Language":"DE","IdSubject":"37479","VoteId":"1456","PersonNumber":null,"Type":2,"Text":"<pd_text><p><i>Abstimmung - Vote</i></p>\n<p>F\u00fcr den Antrag der Mehrheit ... 37 Stimmen</p>\n<p>F\u00fcr den Antrag der Minderheit ... 3 Stimmen</p>\n<p>(0 Enthaltungen)</p>\n</pd_text>","MeetingCouncilAbbreviation":"S","MeetingDate":"20160614","MeetingVerbalixOid":2761,"IdSession":"5004","SpeakerFirstName":null,"SpeakerLastName":null,"SpeakerFullName":"","SpeakerFunction":null,"CouncilId":null,"CouncilName":null,"CantonId":null,"CantonName":null,"CantonAbbreviation":null,"ParlGroupName":null,"ParlGroupAbbreviation":null,"SortOrder":10,"Start":"\/Date(1465892667077)\/","End":"\/Date(1465892688770)\/","Function":null,"DisplaySpeaker":null,"LanguageOfText":null,"Modified":"\/Date(1633082132693)\/","StartTimeWithTimezone":"\/Date(1465892667077+0120)\/","EndTimeWithTimezone":"\/Date(1465892688770+0120)\/","VoteBusinessNumber":20160016,"VoteBusinessShortNumber":"16.016","VoteBusinessTitle":"Legislaturplanung 2015-2019"},{"__metadata":{"id":"https://ws.parlament.ch/OData.svc/Transcript(ID=200903L,Language='DE')","uri":"https://ws.parlament.ch/OData.svc/Transcript(ID=200903L,Language='DE')","type":"itsystems.Pd.DataServices.DataModel.Transcript"},"Subjects":{"__deferred":{"uri":"https://ws.parlament.ch/OData.svc/Transcript(ID=200903L,Language='DE')/Subjects"}},"MembersCouncil":{"__deferred":{"uri":"https://ws.parlament.ch/OData.svc/Transcript(ID=200903L,Language='DE')/MembersCouncil"}},"Businesses":{"__deferred":{"uri":"https://ws.parlament.ch/OData.svc/Transcript(ID=200903L,Language='DE')/Businesses"}},"ID":"200903","Language":"DE","IdSubject":"37479","VoteId":null,"PersonNumber":4026,"Type":1,"Text":"<pd_text><p><b>Bundesbeschluss \u00fcber die Legislaturplanung 2015-2019</b></p>\n<p><b>Arr\u00eat\u00e9 f\u00e9d\u00e9ral sur le programme de la l\u00e9gislature 2015-2019</b></p>\n</pd_text>","MeetingCouncilAbbreviation":"S","MeetingDate":"20160614","MeetingVerbalixOid":2761,"IdSession":"5004","SpeakerFirstName":"Rapha\u00ebl","SpeakerLastName":"Comte","SpeakerFullName":"Comte Rapha\u00ebl","SpeakerFunction":"P-M","CouncilId":2,"CouncilName":"St\u00e4nderat","CantonId":24,"CantonName":"Neuenburg","CantonAbbreviation":"NE","ParlGroupName":"FDP-Liberale Fraktion","ParlGroupAbbreviation":"RL","SortOrder":1,"Start":"\/Date(1465892287863)\/","End":"\/Date(1465892296797)\/","Function":"P-M","DisplaySpeaker":false,"LanguageOfText":null,"Modified":"\/Date(1633082132680)\/","StartTimeWithTimezone":"\/Date(1465892287863+0120)\/","EndTimeWithTimezone":"\/Date(1465892296797+0120)\/","VoteBusinessNumber":null,"VoteBusinessShortNumber":null,"VoteBusinessTitle":null},{"__metadata":{"id":"https://ws.parlament.ch/OData.svc/Transcript(ID=200904L,Language='DE')","uri":"https://ws.parlament.ch/OData.svc/Transcript(ID=200904L,Language='DE')","type":"itsystems.Pd.DataServices.DataModel.Transcript"},"Subjects":{"__deferred":{"uri":"https://ws.parlament.ch/OData.svc/Transcript(ID=200904L,Language='DE')/Subjects"}},"MembersCouncil":{"__deferred":{"uri":"https://ws.parlament.ch/OData.svc/Transcript(ID=200904L,Language='DE')/MembersCouncil"}},"Businesses":{"__deferred":{"uri":"https://ws.parlament.ch/OData.svc/Transcript(ID=200904L,Language='DE')/Businesses"}},"ID":"200904","Language":"DE","IdSubject":"37479","VoteId":null,"PersonNumber":4026,"Type":1,"Text":"<pd_text><p><b>Art. 2 Ziff. 1bis, 4bis</b></p>\n<p><i>Antrag der Einigungskonferenz</i></p>\n<p>Zustimmung zum Beschluss des St\u00e4nderates</p>\n<p>[VS]</p>\n<p><b>Art. 2 ch. 1bis, 4bis</b></p>\n<p><i>Proposition de la Conf\u00e9rence de conciliation</i></p>\n<p>Adh\u00e9rer \u00e0 la d\u00e9cision du Conseil des Etats</p>\n<p>[VS]</p>\n<p><i>Angenommen - Adopt\u00e9</i></p>\n<p>[VS]</p>\n<p><b>Art. 2 Ziff. 4</b></p>\n<p><i>Antrag der Einigungskonferenz</i></p>\n<p><i>Mehrheit</i></p>\n<p>Zustimmung zum Beschluss des St\u00e4nderates</p>\n<p>[VS]</p>\n<p><i>Minderheit</i></p>\n<p>(Wermuth, Fricker, Heim, Munz)</p>\n<p>Ablehnung des Antrages der Einigungskonferenz</p>\n<p>[VS]</p>\n<p><b>Art. 2 ch. 4</b></p>\n<p><i>Proposition de la Conf\u00e9rence de conciliation</i></p>\n<p><i>Majorit\u00e9</i></p>\n<p>Adh\u00e9rer \u00e0 la d\u00e9cision du Conseil des Etats</p>\n<p>[VS]</p>\n<p><i>Minorit\u00e9</i></p>\n<p>(Wermuth, Fricker, Heim, Munz)</p>\n<p>Rejeter la proposition de la Conf\u00e9rence de conciliation</p>\n</pd_text>","MeetingCouncilAbbreviation":"S","MeetingDate":"20160614","MeetingVerbalixOid":2761,"IdSession":"5004","SpeakerFirstName":"Rapha\u00ebl","SpeakerLastName":"Comte","SpeakerFullName":"Comte Rapha\u00ebl","SpeakerFunction":"P-M","CouncilId":2,"CouncilName":"St\u00e4nderat","CantonId":24,"CantonName":"Neuenburg","CantonAbbreviation":"NE","ParlGroupName":"FDP-Liberale Fraktion","ParlGroupAbbreviation":"RL","SortOrder":3,"Start":"\/Date(1465892473927)\/","End":"\/Date(1465892497667)\/","Function":"P-M","DisplaySpeaker":false,"LanguageOfText":null,"Modified":"\/Date(1633082132680)\/","StartTimeWithTimezone":"\/Date(1465892473927+0120)\/","EndTimeWithTimezone":"\/Date(1465892497667+0120)\/","VoteBusinessNumber":null,"VoteBusinessShortNumber":null,"VoteBusinessTitle":null},{"__metadata":{"id":"https://ws.parlament.ch/OData.svc/Transcript(ID=200907L,Language='DE')","uri":"https://ws.parlament.ch/OData.svc/Transcript(ID=200907L,Language='DE')","type":"itsystems.Pd.DataServices.DataModel.Transcript"},"Subjects":{"__deferred":{"uri":"https://ws.parlament.ch/OData.svc/Transcript(ID=200907L,Language='DE')/Subjects"}},"MembersCouncil":{"__deferred":{"uri":"https://ws.parlament.ch/OData.svc/Transcript(ID=200907L,Language='DE')/MembersCouncil"}},"Businesses":{"__deferred":{"uri":"https://ws.parlament.ch/OData.svc/Transcript(ID=200907L,Language='DE')/Businesses"}},"ID":"200907","Language":"DE","IdSubject":"37479","VoteId":null,"PersonNumber":4026,"Type":1,"Text":"<pd_text><p><b>Art. 3 Ziff. 5, 10bis, 10quinquies; Art. 3a Einleitung, Ziff. 10septies, 10nonies</b></p>\n<p><i>Antrag der Einigungskonferenz</i></p>\n<p>Zustimmung zum Beschluss des St\u00e4nderates</p>\n<p>[VS]</p>\n<p><b>Art. 3 ch. 5, 10bis, 10quinquies; art. 3a introduction, ch. 10septies, 10nonies</b></p>\n<p><i>Proposition de la Conf\u00e9rence de conciliation</i></p>\n<p>Adh\u00e9rer \u00e0 la d\u00e9cision du Conseil des Etats</p>\n<p>[VS]</p>\n<p><i>Angenommen - Adopt\u00e9</i></p>\n<p>[VS]</p>\n<p><b>Art. 3a Ziff. 10terdecies</b></p>\n<p><i>Antrag der Einigungskonferenz</i></p>\n<p>Zustimmung zum Beschluss des Nationalrates</p>\n<p>[VS]</p>\n<p><b>Art. 3a ch. 10terdecies</b></p>\n<p><i>Proposition de la Conf\u00e9rence de conciliation</i></p>\n<p>Adh\u00e9rer \u00e0 la d\u00e9cision du Conseil national</p>\n</pd_text>","MeetingCouncilAbbreviation":"S","MeetingDate":"20160614","MeetingVerbalixOid":2761,"IdSession":"5004","SpeakerFirstName":"Rapha\u00ebl","SpeakerLastName":"Comte","SpeakerFullName":"Comte Rapha\u00ebl","SpeakerFunction":"P-M","CouncilId":2,"CouncilName":"St\u00e4nderat","CantonId":24,"CantonName":"Neuenburg","CantonAbbreviation":"NE","ParlGroupName":"FDP-Liberale Fraktion","ParlGroupAbbreviation":"RL","SortOrder":6,"Start":"\/Date(1465892557710)\/","End":"\/Date(1465892578937)\/","Function":"P-M","DisplaySpeaker":false,"LanguageOfText":null,"Modified":"\/Date(1633082132680)\/","StartTimeWithTimezone":"\/Date(1465892557710+0120)\/","EndTimeWithTimezone":"\/Date(1465892578937+0120)\/","VoteBusinessNumber":null,"VoteBusinessShortNumber":null,"VoteBusinessTitle":null},{"__metadata":{"id":"https://ws.parlament.ch/OData.svc/Transcript(ID=200908L,Language='DE')","uri":"https://ws.parlament.ch/OData.svc/Transcript(ID=200908L,Language='DE')","type":"itsystems.Pd.DataServices.DataModel.Transcript"},"Subjects":{"__deferred":{"uri":"https://ws.parlament.ch/OData.svc/Transcript(ID=200908L,Language='DE')/Subjects"}},"MembersCouncil":{"__deferred":{"uri":"https://ws.parlament.ch/OData.svc/Transcript(ID=200908L,Language='DE')/MembersCouncil"}},"Businesses":{"__deferred":{"uri":"https://ws.parlament.ch/OData.svc/Transcript(ID=200908L,Language='DE')/Businesses"}},"ID":"200908","Language":"DE","IdSubject":"37479","VoteId":null,"PersonNumber":4026,"Type":1,"Text":"<pd_text><p><i>Angenommen - Adopt\u00e9</i></p>\n<p>[VS]</p>\n<p><b>Art. 4 Ziff. 15bis; 6 Ziff. 21bis</b></p>\n<p><i>Antrag der Einigungskonferenz</i></p>\n<p>Zustimmung zum Beschluss des St\u00e4nderates</p>\n<p>[VS] [PAGE 483] </p>\n<p><b>Art. 4 ch. 15bis; 6 ch. 21bis</b></p>\n<p><i>Proposition de la Conf\u00e9rence de conciliation</i></p>\n<p>Adh\u00e9rer \u00e0 la d\u00e9cision du Conseil des Etats</p>\n<p>[VS]</p>\n<p><i>Angenommen - Adopt\u00e9</i></p>\n<p>[VS]</p>\n<p><b>Art. 10 Ziff. 39</b></p>\n<p><i>Antrag der Einigungskonferenz</i></p>\n<p><i>Mehrheit</i></p>\n<p>Zustimmung zum Beschluss des St\u00e4nderates</p>\n<p>[VS]</p>\n<p><i>Minderheit</i></p>\n<p>(Hess Erich, Amaudruz, de Courten, Feller, Schneeberger, Sollberger, Tuena)</p>\n<p>Ablehnung des Antrages der Einigungskonferenz</p>\n<p>[VS]</p>\n<p><b>Art. 10 ch. 39</b></p>\n<p><i>Proposition de la Conf\u00e9rence de conciliation</i></p>\n<p><i>Majorit\u00e9</i></p>\n<p>Adh\u00e9rer \u00e0 la d\u00e9cision du Conseil des Etats</p>\n<p>[VS]</p>\n<p><i>Minorit\u00e9</i></p>\n<p>(Hess Erich, Amaudruz, de Courten, Feller, Schneeberger, Sollberger, Tuena)</p>\n<p>Rejeter la proposition de la Conf\u00e9rence de conciliation</p>\n</pd_text>","MeetingCouncilAbbreviation":"S","MeetingDate":"20160614","MeetingVerbalixOid":2761,"IdSession":"5004","SpeakerFirstName":"Rapha\u00ebl","SpeakerLastName":"Comte","SpeakerFullName":"Comte Rapha\u00ebl","SpeakerFunction":"P-M","CouncilId":2,"CouncilName":"St\u00e4nderat","CantonId":24,"CantonName":"Neuenburg","CantonAbbreviation":"NE","ParlGroupName":"FDP-Liberale Fraktion","ParlGroupAbbreviation":"RL","SortOrder":8,"Start":"\/Date(1465892618243)\/","End":"\/Date(1465892630913)\/","Function":"P-M","DisplaySpeaker":false,"LanguageOfText":null,"Modified":"\/Date(1633082132693)\/","StartTimeWithTimezone":"\/Date(1465892618243+0120)\/","EndTimeWithTimezone":"\/Date(1465892630913+0120)\/","VoteBusinessNumber":null,"VoteBusinessShortNumber":null,"VoteBusinessTitle":null},{"__metadata":{"id":"https://ws.parlament.ch/OData.svc/Transcript(ID=200910L,Language='DE')","uri":"https://ws.parlament.ch/OData.svc/Transcript(ID=200910L,Language='DE')","type":"itsystems.Pd.DataServices.DataModel.Transcript"},"Subjects":{"__deferred":{"uri":"https://ws.parlament.ch/OData.svc/Transcript(ID=200910L,Language='DE')/Subjects"}},"MembersCouncil":{"__deferred":{"uri":"https://ws.parlament.ch/OData.svc/Transcript(ID=200910L,Language='DE')/MembersCouncil"}},"Businesses":{"__deferred":{"uri":"https://ws.parlament.ch/OData.svc/Transcript(ID=200910L,Language='DE')/Businesses"}},"ID":"200910","Language":"DE","IdSubject":"37479","VoteId":null,"PersonNumber":4026,"Type":1,"Text":"<pd_text><p><b>Art. 12 Ziff. 43bis; 16 Ziff. 54bis; 17 Einleitung, Ziff. 60</b></p>\n<p><i>Antrag der Einigungskonferenz</i></p>\n<p>Zustimmung zum Beschluss des St\u00e4nderates</p>\n<p>[VS]</p>\n<p><b>Art. 12 ch. 43bis; 16 ch. 54bis; 17 introduction, ch. 60</b></p>\n<p><i>Proposition de la Conf\u00e9rence de conciliation</i></p>\n<p>[VS]</p>\n<p><i>Angenommen - Adopt\u00e9</i></p>\n<p>[VS]</p>\n<p><b>Le pr\u00e9sident</b> (Comte Rapha\u00ebl, pr\u00e9sident): L'arr\u00eat\u00e9 est donc adopt\u00e9 d\u00e9finitivement.</p>\n</pd_text>","MeetingCouncilAbbreviation":"S","MeetingDate":"20160614","MeetingVerbalixOid":2761,"IdSession":"5004","SpeakerFirstName":"Rapha\u00ebl","SpeakerLastName":"Comte","SpeakerFullName":"Comte Rapha\u00ebl","SpeakerFunction":"P-M","CouncilId":2,"CouncilName":"St\u00e4nderat","CantonId":24,"CantonName":"Neuenburg","CantonAbbreviation":"NE","ParlGroupName":"FDP-Liberale Fraktion","ParlGroupAbbreviation":"RL","SortOrder":11,"Start":"\/Date(1465892688770)\/","End":"\/Date(1465892725167)\/","Function":"P-M","DisplaySpeaker":false,"LanguageOfText":null,"Modified":"\/Date(1633082132693)\/","StartTimeWithTimezone":"\/Date(1465892688770+0120)\/","EndTimeWithTimezone":"\/Date(1465892725167+0120)\/","VoteBusinessNumber":null,"VoteBusinessShortNumber":null,"VoteBusinessTitle":null},{"__metadata":{"id":"https://ws.parlament.ch/OData.svc/Transcript(ID=200931L,Language='DE')","uri":"https://ws.parlament.ch/OData.svc/Transcript(ID=200931L,Language='DE')","type":"itsystems.Pd.DataServices.DataModel.Transcript"},"Subjects":{"__deferred":{"uri":"https://ws.parlament.ch/OData.svc/Transcript(ID=200931L,Language='DE')/Subjects"}},"MembersCouncil":{"__deferred":{"uri":"https://ws.parlament.ch/OData.svc/Transcript(ID=200931L,Language='DE')/MembersCouncil"}},"Businesses":{"__deferred":{"uri":"https://ws.parlament.ch/OData.svc/Transcript(ID=200931L,Language='DE')/Businesses"}},"ID":"200931","Language":"DE","IdSubject":"37479","VoteId":null,"PersonNumber":4064,"Type":1,"Text":"<pd_text><p>Ich beantrage Ihnen, hier der Mehrheit und damit dem Beschluss unseres Rates zu folgen. Wir haben seinerzeit diese Massnahme mit 25 zu 17 Stimmen beschlossen. Der Nationalrat hat den Antrag der Minderheit Wermuth gestern mit 134 zu 54 Stimmen bei 1 Enthaltung abgelehnt. Ich verzichte auf eine weitere materielle Begr\u00fcndung.</p>\n</pd_text>","MeetingCouncilAbbreviation":"S","MeetingDate":"20160614","MeetingVerbalixOid":2761,"IdSession":"5004","SpeakerFirstName":"Joachim","SpeakerLastName":"Eder","SpeakerFullName":"Eder Joachim","SpeakerFunction":"Mit-M","CouncilId":2,"CouncilName":"St\u00e4nderat","CantonId":9,"CantonName":"Zug","CantonAbbreviation":"ZG","ParlGroupName":"FDP-Liberale Fraktion","ParlGroupAbbreviation":"RL","SortOrder":4,"Start":"\/Date(1465892497667)\/","End":"\/Date(1465892525737)\/","Function":"*","DisplaySpeaker":true,"LanguageOfText":"DE","Modified":"\/Date(1633082132680)\/","StartTimeWithTimezone":"\/Date(1465892497667+0120)\/","EndTimeWithTimezone":"\/Date(1465892525737+0120)\/","VoteBusinessNumber":null,"VoteBusinessShortNumber":null,"VoteBusinessTitle":null},{"__metadata":{"id":"https://ws.parlament.ch/OData.svc/Transcript(ID=200935L,Language='DE')","uri":"https://ws.parlament.ch/OData.svc/Transcript(ID=200935L,Language='DE')","type":"itsystems.Pd.DataServices.DataModel.Transcript"},"Subjects":{"__deferred":{"uri":"https://ws.parlament.ch/OData.svc/Transcript(ID=200935L,Language='DE')/Subjects"}},"MembersCouncil":{"__deferred":{"uri":"https://ws.parlament.ch/OData.svc/Transcript(ID=200935L,Language='DE')/MembersCouncil"}},"Businesses":{"__deferred":{"uri":"https://ws.parlament.ch/OData.svc/Transcript(ID=200935L,Language='DE')/Businesses"}},"ID":"200935","Language":"DE","IdSubject":"37479","VoteId":null,"PersonNumber":4064,"Type":1,"Text":"<pd_text><p>Hier bitte ich Sie auch, der Mehrheit und damit dem urspr\u00fcnglichen Beschluss des St\u00e4nderates zuzustimmen. Ich habe seinerzeit bei der Detailberatung auf diese ordnungspolitische Differenz aufmerksam gemacht. Die Minderheit Hess Erich sah das anders und beantragte Ablehnung des Antrages der Einigungskonferenz. Der Nationalrat ist diesem Antrag der Minderheit gestern nicht gefolgt, er hat mit 108 zu 82 Stimmen bei 2 Enthaltungen die Mehrheit unterst\u00fctzt. Ich bitte Sie, dies auch zu tun.</p>\n</pd_text>","MeetingCouncilAbbreviation":"S","MeetingDate":"20160614","MeetingVerbalixOid":2761,"IdSession":"5004","SpeakerFirstName":"Joachim","SpeakerLastName":"Eder","SpeakerFullName":"Eder Joachim","SpeakerFunction":"Mit-M","CouncilId":2,"CouncilName":"St\u00e4nderat","CantonId":9,"CantonName":"Zug","CantonAbbreviation":"ZG","ParlGroupName":"FDP-Liberale Fraktion","ParlGroupAbbreviation":"RL","SortOrder":9,"Start":"\/Date(1465892630913)\/","End":"\/Date(1465892667077)\/","Function":"*","DisplaySpeaker":true,"LanguageOfText":"DE","Modified":"\/Date(1633082132693)\/","StartTimeWithTimezone":"\/Date(1465892630913+0120)\/","EndTimeWithTimezone":"\/Date(1465892667077+0120)\/","VoteBusinessNumber":null,"VoteBusinessShortNumber":null,"VoteBusinessTitle":null},{"__metadata":{"id":"https://ws.parlament.ch/OData.svc/Transcript(ID=200953L,Language='DE')","uri":"https://ws.parlament.ch/OData.svc/Transcript(ID=200953L,Language='DE')","type":"itsystems.Pd.DataServices.DataModel.Transcript"},"Subjects":{"__deferred":{"uri":"https://ws.parlament.ch/OData.svc/Transcript(ID=200953L,Language='DE')/Subjects"}},"MembersCouncil":{"__deferred":{"uri":"https://ws.parlament.ch/OData.svc/Transcript(ID=200953L,Language='DE')/MembersCouncil"}},"Businesses":{"__deferred":{"uri":"https://ws.parlament.ch/OData.svc/Transcript(ID=200953L,Language='DE')/Businesses"}},"ID":"200953","Language":"DE","IdSubject":"37479","VoteId":null,"PersonNumber":4064,"Type":1,"Text":"<pd_text><p>Die Sitzung der Einigungskonferenz fand am vergangenen Donnerstag, 9. Juni, statt. Nach den ersten Beratungen in den beiden R\u00e4ten bestanden insgesamt 17 Differenzen. Karl Vogler, Pr\u00e4sident der Legislaturplanungskommission des Nationalrates, und ich haben diese Differenzen in drei Bl\u00f6cke aufgeteilt, um einen effizienten Ablauf der Einigungskonferenz zu erm\u00f6glichen. Im ersten Block gab es 3 redaktionelle Differenzen, im zweiten 5 ordnungspolitische Differenzen und im dritten 9 Differenzen inhaltlicher Natur. </p>\n<p>Die Einigungskonferenz schloss sich bei 16 von 17 Differenzen dem St\u00e4nderat an, in der Regel bei klaren Stimmenverh\u00e4ltnissen. Bei Artikel 3a Absatz 10terdecies - diesen finden Sie auf Seite 5 der Fahne - schlossen wir uns dem Nationalrat an. Den Antrag der Kommissionsmehrheit zur Streichung dieser Massnahme, \"Entwicklung einer Strategie zur gemeinsamen Weiterentwicklung des digitalen Bildungsraumes Schweiz\", hatten wir bei uns im St\u00e4nderat mit 19 zu 18 Stimmen nur sehr knapp angenommen, sodass wir hier gegen\u00fcber dem Nationalrat in der Einigungskonferenz ein Zeichen setzen konnten und auch setzen wollten.</p>\n<p>Im Anschluss an die aus Sicht unseres Rates erfreulich verlaufene Einigungskonferenz wurden zwei Minderheitsantr\u00e4ge deponiert, und zwar zu Artikel 2 Ziffer 4 der Minderheitsantrag Wermuth, auf Seite 3 der Fahne, und zu Artikel 10 Ziffer 39 der Minderheitsantrag Hess Erich auf Seite 9 der Fahne. Beide Minderheitsantr\u00e4ge wurden im Nationalrat gestern abgelehnt. Da kein Mitglied des St\u00e4nderates die Antr\u00e4ge unterzeichnete und bei uns auch kein Einzelantrag auf Ablehnung des Antrages der Einigungskonferenz eingereicht wurde, gehe ich davon aus, dass wir die Legislaturplanung 2015-2019 bald, und zwar ohne grosse Diskussion, ad acta legen k\u00f6nnen. Wie wir uns die Zukunft dieses Gesch\u00e4ftes vorstellen, habe ich vor der Detailberatung ausgef\u00fchrt. Ich brauche dies heute nicht mehr zu wiederholen, gehe aber davon aus, dass die diesj\u00e4hrige Beratung die letzte dieser Art gewesen ist.</p>\n</pd_text>","MeetingCouncilAbbreviation":"S","MeetingDate":"20160614","MeetingVerbalixOid":2761,"IdSession":"5004","SpeakerFirstName":"Joachim","SpeakerLastName":"Eder","SpeakerFullName":"Eder Joachim","SpeakerFunction":"Mit-M","CouncilId":2,"CouncilName":"St\u00e4nderat","CantonId":9,"CantonName":"Zug","CantonAbbreviation":"ZG","ParlGroupName":"FDP-Liberale Fraktion","ParlGroupAbbreviation":"RL","SortOrder":2,"Start":"\/Date(1465892296797)\/","End":"\/Date(1465892473927)\/","Function":"*","DisplaySpeaker":true,"LanguageOfText":"DE","Modified":"\/Date(1633082132680)\/","StartTimeWithTimezone":"\/Date(1465892296797+0120)\/","EndTimeWithTimezone":"\/Date(1465892473927+0120)\/","VoteBusinessNumber":null,"VoteBusinessShortNumber":null,"VoteBusinessTitle":null},{"__metadata":{"id":"https://ws.parlament.ch/OData.svc/Transcript(ID=200957L,Language='DE')","uri":"https://ws.parlament.ch/OData.svc/Transcript(ID=200957L,Language='DE')","type":"itsystems.Pd.DataServices.DataModel.Transcript"},"Subjects":{"__deferred":{"uri":"https://ws.parlament.ch/OData.svc/Transcript(ID=200957L,Language='DE')/Subjects"}},"MembersCouncil":{"__deferred":{"uri":"https://ws.parlament.ch/OData.svc/Transcript(ID=200957L,Language='DE')/MembersCouncil"}},"Businesses":{"__deferred":{"uri":"https://ws.parlament.ch/OData.svc/Transcript(ID=200957L,Language='DE')/Businesses"}},"ID":"200957","Language":"DE","IdSubject":"37479","VoteId":null,"PersonNumber":4064,"Type":1,"Text":"<pd_text><p>Das ist der einzige Beschluss der Einigungskonferenz, der, wenn Sie so wollen, zu unseren Ungunsten ausgefallen ist. Ich teile Ihnen aber gerne mit, dass die Vertreterinnen und Vertreter des St\u00e4nderates in der Einigungskonferenz dem Nationalrat hier freiwillig entgegengekommen sind. Ich habe gesagt, dass wir ein Zeichen setzen wollten. Die Abstimmung in unserem Rat war mit 19 zu 18 Stimmen sehr knapp ausgefallen. Die Einigungskonferenz hat mit 24 zu 0 Stimmen entschieden, dem Beschluss des Nationalrates zu folgen.</p>\n</pd_text>","MeetingCouncilAbbreviation":"S","MeetingDate":"20160614","MeetingVerbalixOid":2761,"IdSession":"5004","SpeakerFirstName":"Joachim","SpeakerLastName":"Eder","SpeakerFullName":"Eder Joachim","SpeakerFunction":"Mit-M","CouncilId":2,"CouncilName":"St\u00e4nderat","CantonId":9,"CantonName":"Zug","CantonAbbreviation":"ZG","ParlGroupName":"FDP-Liberale Fraktion","ParlGroupAbbreviation":"RL","SortOrder":7,"Start":"\/Date(1465892578937)\/","End":"\/Date(1465892618243)\/","Function":"*","DisplaySpeaker":true,"LanguageOfText":"DE","Modified":"\/Date(1633082132693)\/","StartTimeWithTimezone":"\/Date(1465892578937+0120)\/","EndTimeWithTimezone":"\/Date(1465892618243+0120)\/","VoteBusinessNumber":null,"VoteBusinessShortNumber":null,"VoteBusinessTitle":null}]},"ID":"37479","Language":"DE","IdMeeting":"3818","VerbalixOid":497471,"SortOrder":1,"Modified":"\/Date(1465897614773)\/"}}