{"d":{"__metadata":{"id":"https://ws.parlament.ch/OData.svc/Subject(ID=37502L,Language='DE')","uri":"https://ws.parlament.ch/OData.svc/Subject(ID=37502L,Language='DE')","type":"itsystems.Pd.DataServices.DataModel.Subject"},"Meetings":{"__metadata":{"id":"https://ws.parlament.ch/OData.svc/Meeting(ID=3818L,Language='DE')","uri":"https://ws.parlament.ch/OData.svc/Meeting(ID=3818L,Language='DE')","type":"itsystems.Pd.DataServices.DataModel.Meeting"},"Sessions":{"__deferred":{"uri":"https://ws.parlament.ch/OData.svc/Meeting(ID=3818L,Language='DE')/Sessions"}},"Subjects":{"__deferred":{"uri":"https://ws.parlament.ch/OData.svc/Meeting(ID=3818L,Language='DE')/Subjects"}},"ID":"3818","Language":"DE","MeetingNumber":9,"IdSession":5004,"SessionNumber":4,"SessionName":"Sommersession 2016","Council":2,"CouncilName":"St\u00e4nderat","CouncilAbbreviation":"SR","Date":"\/Date(1465862400000)\/","Begin":"0815","Modified":"\/Date(1466774095023)\/","LegislativePeriodNumber":50,"PublicationStatus":"final","MeetingOrderText":"Neunte Sitzung","SortOrder":9,"Location":"S"},"SubjectsBusiness":{"results":[{"__metadata":{"id":"https://ws.parlament.ch/OData.svc/SubjectBusiness(BusinessNumber=20140450,IdSubject=37502L,Language='DE')","uri":"https://ws.parlament.ch/OData.svc/SubjectBusiness(BusinessNumber=20140450,IdSubject=37502L,Language='DE')","type":"itsystems.Pd.DataServices.DataModel.SubjectBusiness"},"Subjects":{"__deferred":{"uri":"https://ws.parlament.ch/OData.svc/SubjectBusiness(BusinessNumber=20140450,IdSubject=37502L,Language='DE')/Subjects"}},"Businesses":{"__deferred":{"uri":"https://ws.parlament.ch/OData.svc/SubjectBusiness(BusinessNumber=20140450,IdSubject=37502L,Language='DE')/Businesses"}},"IdSubject":"37502","BusinessNumber":20140450,"Language":"DE","BusinessShortNumber":"14.450","Title":"Entzug des Schweizer B\u00fcrgerrechts f\u00fcr S\u00f6ldner","SortOrder":1,"PublishedNotes":"Vorpr\u00fcfung - Examen pr\u00e9alable\n","Modified":"\/Date(1447069627703)\/","TitleDE":"Parlamentarische Initiative\nBrunner Toni.\nEntzug des Schweizer B\u00fcrgerrechts\nf\u00fcr S\u00f6ldner","TitleFR":"Initiative parlementaire\nBrunner Toni.\nRetirer la nationalit\u00e9 suisse\naux doubles nationaux impliqu\u00e9s\ndans des activit\u00e9s terroristes\nou des op\u00e9rations de combat","TitleIT":null}]},"Transcripts":{"results":[{"__metadata":{"id":"https://ws.parlament.ch/OData.svc/Transcript(ID=201042L,Language='DE')","uri":"https://ws.parlament.ch/OData.svc/Transcript(ID=201042L,Language='DE')","type":"itsystems.Pd.DataServices.DataModel.Transcript"},"Subjects":{"__deferred":{"uri":"https://ws.parlament.ch/OData.svc/Transcript(ID=201042L,Language='DE')/Subjects"}},"MembersCouncil":{"__deferred":{"uri":"https://ws.parlament.ch/OData.svc/Transcript(ID=201042L,Language='DE')/MembersCouncil"}},"Businesses":{"__deferred":{"uri":"https://ws.parlament.ch/OData.svc/Transcript(ID=201042L,Language='DE')/Businesses"}},"ID":"201042","Language":"DE","IdSubject":"37502","VoteId":null,"PersonNumber":4026,"Type":1,"Text":"<pd_text><p><i>Antrag der Mehrheit</i></p>\n<p>Der Initiative keine Folge geben</p>\n<p>[VS]</p>\n<p><i>Antrag der Minderheit</i></p>\n<p>(F\u00f6hn, Minder)</p>\n<p>Der Initiative Folge geben</p>\n<p>[VS]</p>\n<p><i>Proposition de la majorit\u00e9</i></p>\n<p>Ne pas donner suite \u00e0 l'initiative</p>\n<p>[VS]</p>\n<p><i>Proposition de la minorit\u00e9</i></p>\n<p>(F\u00f6hn, Minder)</p>\n<p>Donner suite \u00e0 l'initiative</p>\n<p>[VS]</p>\n<p><b>Le pr\u00e9sident</b> (Comte Rapha\u00ebl, pr\u00e9sident): Vous avez re\u00e7u un rapport \u00e9crit de la commission.</p>\n</pd_text>","MeetingCouncilAbbreviation":"S","MeetingDate":"20160614","MeetingVerbalixOid":2761,"IdSession":"5004","SpeakerFirstName":"Rapha\u00ebl","SpeakerLastName":"Comte","SpeakerFullName":"Comte Rapha\u00ebl","SpeakerFunction":"P-M","CouncilId":2,"CouncilName":"St\u00e4nderat","CantonId":24,"CantonName":"Neuenburg","CantonAbbreviation":"NE","ParlGroupName":"FDP-Liberale Fraktion","ParlGroupAbbreviation":"RL","SortOrder":1,"Start":"\/Date(1465903043607)\/","End":"\/Date(1465903065430)\/","Function":"P-M","DisplaySpeaker":false,"LanguageOfText":null,"Modified":"\/Date(1633082132943)\/","StartTimeWithTimezone":"\/Date(1465903043607+0120)\/","EndTimeWithTimezone":"\/Date(1465903065430+0120)\/","VoteBusinessNumber":null,"VoteBusinessShortNumber":null,"VoteBusinessTitle":null},{"__metadata":{"id":"https://ws.parlament.ch/OData.svc/Transcript(ID=201043L,Language='DE')","uri":"https://ws.parlament.ch/OData.svc/Transcript(ID=201043L,Language='DE')","type":"itsystems.Pd.DataServices.DataModel.Transcript"},"Subjects":{"__deferred":{"uri":"https://ws.parlament.ch/OData.svc/Transcript(ID=201043L,Language='DE')/Subjects"}},"MembersCouncil":{"__deferred":{"uri":"https://ws.parlament.ch/OData.svc/Transcript(ID=201043L,Language='DE')/MembersCouncil"}},"Businesses":{"__deferred":{"uri":"https://ws.parlament.ch/OData.svc/Transcript(ID=201043L,Language='DE')/Businesses"}},"ID":"201043","Language":"DE","IdSubject":"37502","VoteId":"1464","PersonNumber":null,"Type":2,"Text":"<pd_text><p><i>Abstimmung - Vote</i></p>\n<p>F\u00fcr Folgegeben ... 12 Stimmen</p>\n<p>Dagegen ... 27 Stimmen</p>\n<p>(1 Enthaltung)</p>\n<p>[VS]</p>\n<p>[VS]</p>\n<p>[VS]</p>\n<p><i>Schluss der Sitzung um 11.30 Uhr</i></p>\n<p><i>La s\u00e9ance est lev\u00e9e \u00e0 11 h 30</i></p>\n<p><i>[PAGE 506] </i></p>\n<p>[VS]</p>\n<p>[VS]</p>\n<p>[VS]</p>\n<p>[VS]</p>\n<p>[VS]</p>\n</pd_text>","MeetingCouncilAbbreviation":"S","MeetingDate":"20160614","MeetingVerbalixOid":2761,"IdSession":"5004","SpeakerFirstName":null,"SpeakerLastName":null,"SpeakerFullName":"","SpeakerFunction":null,"CouncilId":null,"CouncilName":null,"CantonId":null,"CantonName":null,"CantonAbbreviation":null,"ParlGroupName":null,"ParlGroupAbbreviation":null,"SortOrder":5,"Start":"\/Date(1465903763547)\/","End":"\/Date(1465904063547)\/","Function":null,"DisplaySpeaker":null,"LanguageOfText":null,"Modified":"\/Date(1633082132960)\/","StartTimeWithTimezone":"\/Date(1465903763547+0120)\/","EndTimeWithTimezone":"\/Date(1465904063547+0120)\/","VoteBusinessNumber":20140450,"VoteBusinessShortNumber":"14.450","VoteBusinessTitle":"Parlamentarische Initiative\nBrunner Toni.\nEntzug des Schweizer B\u00fcrgerrechts\nf\u00fcr S\u00f6ldner"},{"__metadata":{"id":"https://ws.parlament.ch/OData.svc/Transcript(ID=201162L,Language='DE')","uri":"https://ws.parlament.ch/OData.svc/Transcript(ID=201162L,Language='DE')","type":"itsystems.Pd.DataServices.DataModel.Transcript"},"Subjects":{"__deferred":{"uri":"https://ws.parlament.ch/OData.svc/Transcript(ID=201162L,Language='DE')/Subjects"}},"MembersCouncil":{"__deferred":{"uri":"https://ws.parlament.ch/OData.svc/Transcript(ID=201162L,Language='DE')/MembersCouncil"}},"Businesses":{"__deferred":{"uri":"https://ws.parlament.ch/OData.svc/Transcript(ID=201162L,Language='DE')/Businesses"}},"ID":"201162","Language":"DE","IdSubject":"37502","VoteId":null,"PersonNumber":321,"Type":1,"Text":"<pd_text><p>Wenn es nur so w\u00e4re, wie der Kommissionssprecher das sagt! Er hofft, dass dieser Artikel nicht wieder verlegt w\u00fcrde: Man hat zwar niemanden ausgeb\u00fcrgert, denn man hat, wie ich jetzt geh\u00f6rt habe, eben nicht gewusst, dass man das machen kann. Es ist so, man darf es machen. Aber man weiss auch, dass sich doch relativ viele Personen aus der Schweiz bzw. von der Schweiz aus an Planung, Vorbereitung und Ausf\u00fchrung terroristischer Aktionen und Kampfhandlungen beteiligen. Es geht hier nicht um einen jugendlichen Bl\u00f6dsinn, wenn also jemand mit 19 Jahren eine Hunderternote, Herr Kommissionssprecher, einer dschihadistischen Gruppe gibt, sondern es geht effektiv um die aktive Teilnahme und Bet\u00e4tigung.</p>\n<p>Der Kommissionssprecher hat es richtig gesagt: Wir sind nur noch zwei Personen in der Minderheit, es haben aber vier Kommissionsmitglieder f\u00fcr Folgegeben gestimmt und sieben dagegen.</p>\n<p>Bei der Beratung in der Kommission, das war Anfang Mai, hat uns der Nachrichtendienst entsprechend orientiert und konnte uns die neuesten Zahlen vom April 2016 vorlegen. Es waren 73 F\u00e4lle in der Schweiz bekannt, davon 28 Personen mit Schweizer B\u00fcrgerrecht und davon eben 16 Doppelb\u00fcrger. Das war jetzt nicht einfach im April, diese F\u00e4lle passierten \u00fcber die letzten Jahre. F\u00fcr mich - und ich nehme an, f\u00fcr uns alle - ist es unvorstellbar, dass 28 Schweizer B\u00fcrger in den letzten Jahren nachgewiesenermassen an terroristischen Aktivit\u00e4ten oder an Kampfhandlungen teilnahmen. Da muss ein Zeichen gesetzt werden, da m\u00fcssen wir h\u00e4rter durchgreifen und wenn m\u00f6glich solche terroristischen Aktionen im Keime ersticken. Da gibt es wohl nichts Besseres und nichts Einfacheres, als dies in der Gesetzgebung auch entsprechend klar zu formulieren - dies zumindest dort, wo es relativ einfach geht, auch, weil man heute schon Personen ausb\u00fcrgern k\u00f6nnte.</p>\n<p>Die parlamentarische Initiative will zwingend bei einer Doppelb\u00fcrgerschaft das Schweizer, Kantons- und Gemeindeb\u00fcrgerrecht entziehen, wenn die betreffende Person im In- oder Ausland an terroristischen Aktivit\u00e4ten oder eben Kampfhandlungen teilnimmt. Solche Leute stellen f\u00fcr Land und Leute eine Bedrohung dar. Sie werfen auch ein \u00e4usserst schlechtes Licht auf unser Land. Diese neue Art von Bedrohung ist ernst zu nehmen. </p>\n<p>Ich bitte Sie, zumindest jetzt in der ersten Phase, in der wir uns befinden, dieser parlamentarischen Initiative Folge zu geben, d. h., der Minderheit zu folgen.</p>\n<p>Noch zwei, drei Worte: Der Kommissionssprecher hat auch gesagt, die Begrifflichkeit sei nicht klar. Ich meine, diese Begriffe sind seit dem letzten Jahr ganz genau umschrieben worden. Wir hatten das Bundesgesetz \u00fcber das Verbot der Gruppierungen Al Kaida und \"Islamischer Staat\" sowie verwandter Organisationen. In diesem Gesetz wurde diese Begrifflichkeit meiner Meinung nach ausreichend gekl\u00e4rt. Ich glaube, wir d\u00fcrfen, wir m\u00fcssen ein Zeichen setzen, denn ich meine auch, dass wir zum Wohle einer m\u00f6glichst sicheren Nation in der Verantwortung stehen.</p>\n<p>In diesem Sinne danke ich f\u00fcr die Zustimmung.</p>\n</pd_text>","MeetingCouncilAbbreviation":"S","MeetingDate":"20160614","MeetingVerbalixOid":2761,"IdSession":"5004","SpeakerFirstName":"Peter","SpeakerLastName":"F\u00f6hn","SpeakerFullName":"F\u00f6hn Peter","SpeakerFunction":"Mit-M","CouncilId":2,"CouncilName":"St\u00e4nderat","CantonId":5,"CantonName":"Schwyz","CantonAbbreviation":"SZ","ParlGroupName":"Fraktion der Schweizerischen Volkspartei","ParlGroupAbbreviation":"V","SortOrder":3,"Start":"\/Date(1465903411500)\/","End":"\/Date(1465903705087)\/","Function":"Mit-M","DisplaySpeaker":true,"LanguageOfText":"DE","Modified":"\/Date(1633082132960)\/","StartTimeWithTimezone":"\/Date(1465903411500+0120)\/","EndTimeWithTimezone":"\/Date(1465903705087+0120)\/","VoteBusinessNumber":null,"VoteBusinessShortNumber":null,"VoteBusinessTitle":null},{"__metadata":{"id":"https://ws.parlament.ch/OData.svc/Transcript(ID=201165L,Language='DE')","uri":"https://ws.parlament.ch/OData.svc/Transcript(ID=201165L,Language='DE')","type":"itsystems.Pd.DataServices.DataModel.Transcript"},"Subjects":{"__deferred":{"uri":"https://ws.parlament.ch/OData.svc/Transcript(ID=201165L,Language='DE')/Subjects"}},"MembersCouncil":{"__deferred":{"uri":"https://ws.parlament.ch/OData.svc/Transcript(ID=201165L,Language='DE')/MembersCouncil"}},"Businesses":{"__deferred":{"uri":"https://ws.parlament.ch/OData.svc/Transcript(ID=201165L,Language='DE')/Businesses"}},"ID":"201165","Language":"DE","IdSubject":"37502","VoteId":null,"PersonNumber":4075,"Type":1,"Text":"<pd_text><p>Wie einige Reiseberichte, von denen wir vorhin h\u00f6rten, handelt auch dieser Vorstoss haupts\u00e4chlich von Reisen, allerdings nicht von solchen von Parlamentariern, sondern von Reisen von Dschihadisten; ich glaube, dass es dabei keine \u00dcberschneidungen gibt.</p>\n<p>Diese parlamentarische Initiative verlangt, dass Doppelb\u00fcrger zwingend ausgeb\u00fcrgert werden, wenn sie sich terroristisch bet\u00e4tigen. Unser Schwesterrat hat dieser Initiative im letzten Dezember mit 102 zu 85 Stimmen bei 4 Enthaltungen, entgegen dem Antrag seiner Kommission, Folge gegeben. Wie die Schwesterkommission beantragt Ihnen auch Ihre Kommission, dieser parlamentarischen Initiative keine Folge zu geben, und zwar mit 7 zu 4 Stimmen. Eine Minderheit, in der sich allerdings nur noch zwei der vier Mitglieder wiederfinden, die f\u00fcr die Initiative gestimmt haben, beantragt Ihnen, der Initiative Folge zu geben.</p>\n<p>Die Gr\u00fcnde f\u00fcr die ablehnende Haltung der Kommissionsmehrheit sind vielf\u00e4ltig: Das Hauptargument ist, dass bereits das geltende Recht die M\u00f6glichkeit kennt, einen Doppelb\u00fcrger auszub\u00fcrgern, wenn er die Interessen oder das Ansehen der Schweiz erheblich beeintr\u00e4chtigt. Diese Bestimmung gab es schon im fr\u00fcheren Recht. Sie findet sich heute in Artikel 48 und bald in Artikel 42 des B\u00fcrgerrechtsgesetzes.</p>\n<p>Zugegeben: In der Kommission haben wir uns etwas gewundert, dass diese Bestimmung seit 1947 nie mehr angewandt worden ist. Zuvor, w\u00e4hrend des Zweiten Weltkriegs, gab es in wenigen Jahren doch 23 F\u00e4lle. Erst 2015 wurde diese Bestimmung dann, so scheint es, wiederentdeckt, und zwar just im Zusammenhang mit dem Thema der Dschihad-Reisenden. Ein Ihnen aus den Medien bekannter Dschihad-Reisender wurde am 10. Mai dieses Jahres im Amtsblatt aufgefordert, Stellung zu seinem neu laufenden Ausb\u00fcrgerungsverfahren zu nehmen. Das Verfahren l\u00e4uft noch. Obschon also diese Norm im Dornr\u00f6schenschlaf schlummerte, ist sie jetzt, da sie wachgek\u00fcsst worden ist, voll einsatzbereit. Wie der h\u00e4ngige Fall zeigt, funktioniert das auch gegen Dschihadisten, die der Initiant ins Visier nehmen will. Es braucht hierf\u00fcr also nach Ansicht der Mehrheit Ihrer Kommission keine neue Norm. Immerhin hat diese Initiative aber das Verdienst, dass die Verwaltung dank diesem Anstoss die Norm wiederentdeckte. Das w\u00e4re sonst vielleicht nicht passiert.</p>\n<p>Das zweite Argument gegen diese Initiative: Der Initiant verlangt einen Automatismus, derweil das geltende Recht eine Kann-Bestimmung beinhaltet. Wie es Ihnen auch noch nach der Abstimmung \u00fcber die Durchsetzungs-Initiative in den Knochen steckt, sind Automatismen rechtsstaatlich bedenklich. Sie berauben n\u00e4mlich das Gericht seiner Kernaufgabe, der Betrachtung des Einzelfalls, und beeintr\u00e4chtigen damit die Gewaltenteilung und die Verh\u00e4ltnism\u00e4ssigkeit.</p>\n<p>Das wiegt drittens umso schwerer, als der Katalog, den der Initiant vorschl\u00e4gt, als Anlass f\u00fcr eine Ausb\u00fcrgerung nicht sehr ausgewogen ist. Es ist nicht einmal ein Katalog, sondern nur eine Konstellation, n\u00e4mlich die, dass sich jemand terroristisch bet\u00e4tigt. Das f\u00fchrt dann zum bizarren Resultat, dass jemand ausgeb\u00fcrgert w\u00fcrde, wenn er mit 19 Jahren in jugendlichem Leichtsinn einmal hundert Franken an eine solche Organisation \u00fcberweist - was zu bestrafen ist, das ist klar -, derweil jemand, der V\u00f6lkermord begeht, seinen Pass behalten k\u00f6nnte.</p>\n<p>Viel methodischer ist der Ansatz, den die Verwaltung nun aufgegleist hat. Es wird n\u00e4mlich eine revidierte Verordnung zum B\u00fcrgerrechtsgesetz geben. Die betreffende Bestimmung war in der alten noch nicht drin, und in der Kommission haben wir zum zweiten Mal zu unserer Verwunderung zur Kenntnis genommen, dass sich hier mehr tut, als wir wussten. Es soll n\u00e4mlich einen neuen Artikel 30 in der B\u00fcrgerrechtsverordnung geben, der einen ganzen Katalog an Ausb\u00fcrgerungsanl\u00e4ssen beinhaltet. Dort drin sind schwere Verbrechen im Rahmen von Terror, aber zum Beispiel auch Spionage oder eben V\u00f6lkermord und Kriegsverbrechen. Es gibt also einen abgerundeten Katalog.</p>\n<p>Als vierten Kritikpunkt sah die Mehrheit der Kommission auch noch an, dass die parlamentarische Initiative sehr vage formuliert ist. Unsere Rechtsordnung kennt den Begriff \"terroristische Aktivit\u00e4ten oder Kampfhandlungen\" eigentlich nicht. Auch hier wird die erw\u00e4hnte Verordnung das Problem l\u00f6sen, weil man sich dort klar auf bestehende Straftatbest\u00e4nde abst\u00fctzt.</p>\n<p>Als Zwischenfazit, wie es jemand in der Kommission auf den Punkt brachte: Diese Initiative wolle eine zwingende Ausb\u00fcrgerung f\u00fcr ein isoliertes Delikt, das nicht einmal genau definiert sei. Derweil sehen das geltende Recht und dann eben die neue Verordnung eine angemessene Ausb\u00fcrgerung f\u00fcr eine Vielzahl von Taten mit Einzelfallbetrachtung vor.</p>\n<p>Zum Abschluss m\u00f6chte ich noch einen grunds\u00e4tzlichen Gedanken zum ganzen Thema mitgeben: Man darf sich schon auch fragen, inwiefern eine solche Ausb\u00fcrgerung die Sicherheit wirklich erh\u00f6ht. Denn zum einen sind ja nur Schweizer Doppelb\u00fcrger betroffen. Gem\u00e4ss Staatssekretariat f\u00fcr Migration w\u00e4re das nur bei 16 von 73 bekannten Personen \u00fcberhaupt m\u00f6glich. Zum andern kann nat\u00fcrlich ein solcher Dschihadist seiner Ausb\u00fcrgerung zuvorkommen, indem er einfach rechtzeitig die andere Staatsb\u00fcrgerschaft abst\u00f6sst. Im gleichen Sinne kann man sich auch fragen: Ist das nicht einfach ein Rennen zwischen zwei Staaten? Denn derjenige, der zuerst ausb\u00fcrgert, gewinnt, und der andere hat dann weiterhin die heisse Kartoffel oder den Dschihadisten. Zudem kann man nat\u00fcrlich auch mit gef\u00e4lschten Dokumenten reisen. </p>\n<p>Aber all diese Einw\u00e4nde haben Ihre Kommission nicht zur Auffassung gebracht, dass man generell auf Ausb\u00fcrgerungen verzichten sollte. Sie will einfach zeigen, dass es ein eingeschr\u00e4nktes Instrument ist. Es ist aber konsequent, dass man ausb\u00fcrgert, denn einb\u00fcrgern tut man ja solche Leute auch nicht. </p>\n<p>Fazit: Ihre Kommission ist wie erw\u00e4hnt der Auffassung, dass man das Instrument weiterhin auf der bestehenden, wieder wachgek\u00fcssten Grundlage anwenden soll. Wir hoffen nun einfach, dass die geplante Verordnung mit diesem Katalog dann auch kommt. Vor allem hoffen wir, dass die Verwaltung [PAGE 505] diese Norm nicht wieder irgendwo verlegt, wo sie sie dann 68 Jahre lang nicht mehr findet.</p>\n<p>Diese parlamentarische Initiative ist aber unn\u00f6tig, zu einseitig und zu starr. Daher bitte ich Sie im Namen der Kommissionsmehrheit, ihr keine Folge zu geben.</p>\n</pd_text>","MeetingCouncilAbbreviation":"S","MeetingDate":"20160614","MeetingVerbalixOid":2761,"IdSession":"5004","SpeakerFirstName":"Andrea","SpeakerLastName":"Caroni","SpeakerFullName":"Caroni Andrea","SpeakerFunction":"Mit-M","CouncilId":2,"CouncilName":"St\u00e4nderat","CantonId":15,"CantonName":"Appenzell A.-Rh.","CantonAbbreviation":"AR","ParlGroupName":"FDP-Liberale Fraktion","ParlGroupAbbreviation":"RL","SortOrder":2,"Start":"\/Date(1465903065430)\/","End":"\/Date(1465903411500)\/","Function":"*","DisplaySpeaker":true,"LanguageOfText":"DE","Modified":"\/Date(1633082132943)\/","StartTimeWithTimezone":"\/Date(1465903065430+0120)\/","EndTimeWithTimezone":"\/Date(1465903411500+0120)\/","VoteBusinessNumber":null,"VoteBusinessShortNumber":null,"VoteBusinessTitle":null},{"__metadata":{"id":"https://ws.parlament.ch/OData.svc/Transcript(ID=201167L,Language='DE')","uri":"https://ws.parlament.ch/OData.svc/Transcript(ID=201167L,Language='DE')","type":"itsystems.Pd.DataServices.DataModel.Transcript"},"Subjects":{"__deferred":{"uri":"https://ws.parlament.ch/OData.svc/Transcript(ID=201167L,Language='DE')/Subjects"}},"MembersCouncil":{"__deferred":{"uri":"https://ws.parlament.ch/OData.svc/Transcript(ID=201167L,Language='DE')/MembersCouncil"}},"Businesses":{"__deferred":{"uri":"https://ws.parlament.ch/OData.svc/Transcript(ID=201167L,Language='DE')/Businesses"}},"ID":"201167","Language":"DE","IdSubject":"37502","VoteId":null,"PersonNumber":4139,"Type":1,"Text":"<pd_text><p>Ich m\u00f6chte nur ganz kurz auf einen Satz aus den Erw\u00e4gungen der Kommission hinweisen: \"Das B\u00fcrgerrechtsgesetz erm\u00f6glicht indessen schon heute, Personen mit einer doppelten Staatsb\u00fcrgerschaft das Schweizer B\u00fcrgerrecht abzuerkennen, wenn sie mit ihrem Verhalten den Interessen des Landes schaden.\" Darum geht es doch. Wir k\u00f6nnen es tun, wenn solche Personen den Interessen des Landes schaden. Wenn jemand unser Land in ein schlechtes Licht r\u00fcckt, wenn er sonst etwas Ung\u00fcnstiges macht, dann kann das B\u00fcrgerrecht aberkannt werden. Es braucht daf\u00fcr nicht eine weitere Grundlage.</p>\n</pd_text>","MeetingCouncilAbbreviation":"S","MeetingDate":"20160614","MeetingVerbalixOid":2761,"IdSession":"5004","SpeakerFirstName":"Thomas","SpeakerLastName":"Hefti","SpeakerFullName":"Hefti Thomas","SpeakerFunction":"Mit-M","CouncilId":2,"CouncilName":"St\u00e4nderat","CantonId":8,"CantonName":"Glarus","CantonAbbreviation":"GL","ParlGroupName":"FDP-Liberale Fraktion","ParlGroupAbbreviation":"RL","SortOrder":4,"Start":"\/Date(1465903705087)\/","End":"\/Date(1465903763547)\/","Function":"Mit-M","DisplaySpeaker":true,"LanguageOfText":"DE","Modified":"\/Date(1633082132960)\/","StartTimeWithTimezone":"\/Date(1465903705087+0120)\/","EndTimeWithTimezone":"\/Date(1465903763547+0120)\/","VoteBusinessNumber":null,"VoteBusinessShortNumber":null,"VoteBusinessTitle":null}]},"ID":"37502","Language":"DE","IdMeeting":"3818","VerbalixOid":497689,"SortOrder":21,"Modified":"\/Date(1633082132943)\/"}}