{"d":{"__metadata":{"id":"https://ws.parlament.ch/OData.svc/Subject(ID=37511L,Language='DE')","uri":"https://ws.parlament.ch/OData.svc/Subject(ID=37511L,Language='DE')","type":"itsystems.Pd.DataServices.DataModel.Subject"},"Meetings":{"__metadata":{"id":"https://ws.parlament.ch/OData.svc/Meeting(ID=3820L,Language='DE')","uri":"https://ws.parlament.ch/OData.svc/Meeting(ID=3820L,Language='DE')","type":"itsystems.Pd.DataServices.DataModel.Meeting"},"Sessions":{"__deferred":{"uri":"https://ws.parlament.ch/OData.svc/Meeting(ID=3820L,Language='DE')/Sessions"}},"Subjects":{"__deferred":{"uri":"https://ws.parlament.ch/OData.svc/Meeting(ID=3820L,Language='DE')/Subjects"}},"ID":"3820","Language":"DE","MeetingNumber":10,"IdSession":5004,"SessionNumber":4,"SessionName":"Sommersession 2016","Council":2,"CouncilName":"St\u00e4nderat","CouncilAbbreviation":"SR","Date":"\/Date(1465948800000)\/","Begin":"0820","Modified":"\/Date(1467124281450)\/","LegislativePeriodNumber":50,"PublicationStatus":"final","MeetingOrderText":"Zehnte Sitzung","SortOrder":10,"Location":"S"},"SubjectsBusiness":{"results":[{"__metadata":{"id":"https://ws.parlament.ch/OData.svc/SubjectBusiness(BusinessNumber=20160002,IdSubject=37511L,Language='DE')","uri":"https://ws.parlament.ch/OData.svc/SubjectBusiness(BusinessNumber=20160002,IdSubject=37511L,Language='DE')","type":"itsystems.Pd.DataServices.DataModel.SubjectBusiness"},"Subjects":{"__deferred":{"uri":"https://ws.parlament.ch/OData.svc/SubjectBusiness(BusinessNumber=20160002,IdSubject=37511L,Language='DE')/Subjects"}},"Businesses":{"__deferred":{"uri":"https://ws.parlament.ch/OData.svc/SubjectBusiness(BusinessNumber=20160002,IdSubject=37511L,Language='DE')/Businesses"}},"IdSubject":"37511","BusinessNumber":20160002,"Language":"DE","BusinessShortNumber":"16.002","Title":"Gesch\u00e4ftsbericht 2015 des Bundesgerichtes","SortOrder":1,"PublishedNotes":"Zweitrat - Deuxi\u00e8me Conseil\n","Modified":"\/Date(1462528022110)\/","TitleDE":"Gesch\u00e4ftsbericht\ndes Bundesgerichtes 2015","TitleFR":"Rapport de gestion\ndu Tribunal f\u00e9d\u00e9ral 2015","TitleIT":null}]},"Transcripts":{"results":[{"__metadata":{"id":"https://ws.parlament.ch/OData.svc/Transcript(ID=201201L,Language='DE')","uri":"https://ws.parlament.ch/OData.svc/Transcript(ID=201201L,Language='DE')","type":"itsystems.Pd.DataServices.DataModel.Transcript"},"Subjects":{"__deferred":{"uri":"https://ws.parlament.ch/OData.svc/Transcript(ID=201201L,Language='DE')/Subjects"}},"MembersCouncil":{"__deferred":{"uri":"https://ws.parlament.ch/OData.svc/Transcript(ID=201201L,Language='DE')/MembersCouncil"}},"Businesses":{"__deferred":{"uri":"https://ws.parlament.ch/OData.svc/Transcript(ID=201201L,Language='DE')/Businesses"}},"ID":"201201","Language":"DE","IdSubject":"37511","VoteId":null,"PersonNumber":4026,"Type":1,"Text":"<pd_text><p><b>Le pr\u00e9sident</b> (Comte Rapha\u00ebl, pr\u00e9sident): J'ai le plaisir de saluer Monsieur Gilbert Kolly, pr\u00e9sident du Tribunal f\u00e9d\u00e9ral.</p>\n</pd_text>","MeetingCouncilAbbreviation":"S","MeetingDate":"20160615","MeetingVerbalixOid":2763,"IdSession":"5004","SpeakerFirstName":"Rapha\u00ebl","SpeakerLastName":"Comte","SpeakerFullName":"Comte Rapha\u00ebl","SpeakerFunction":"P-M","CouncilId":2,"CouncilName":"St\u00e4nderat","CantonId":24,"CantonName":"Neuenburg","CantonAbbreviation":"NE","ParlGroupName":"FDP-Liberale Fraktion","ParlGroupAbbreviation":"RL","SortOrder":1,"Start":"\/Date(1465979039300)\/","End":"\/Date(1465979050233)\/","Function":"P-M","DisplaySpeaker":false,"LanguageOfText":null,"Modified":"\/Date(1512565223973)\/","StartTimeWithTimezone":"\/Date(1465979039300+0120)\/","EndTimeWithTimezone":"\/Date(1465979050233+0120)\/","VoteBusinessNumber":null,"VoteBusinessShortNumber":null,"VoteBusinessTitle":null},{"__metadata":{"id":"https://ws.parlament.ch/OData.svc/Transcript(ID=201211L,Language='DE')","uri":"https://ws.parlament.ch/OData.svc/Transcript(ID=201211L,Language='DE')","type":"itsystems.Pd.DataServices.DataModel.Transcript"},"Subjects":{"__deferred":{"uri":"https://ws.parlament.ch/OData.svc/Transcript(ID=201211L,Language='DE')/Subjects"}},"MembersCouncil":{"__deferred":{"uri":"https://ws.parlament.ch/OData.svc/Transcript(ID=201211L,Language='DE')/MembersCouncil"}},"Businesses":{"__deferred":{"uri":"https://ws.parlament.ch/OData.svc/Transcript(ID=201211L,Language='DE')/Businesses"}},"ID":"201211","Language":"DE","IdSubject":"37511","VoteId":null,"PersonNumber":4026,"Type":1,"Text":"<pd_text><p><b>Kolly </b>Gilbert, pr\u00e9sident du Tribunal f\u00e9d\u00e9ral: Pour le Tribunal f\u00e9d\u00e9ral, l'ann\u00e9e 2015 a \u00e9t\u00e9 une ann\u00e9e sans \u00e9v\u00e9nement particulier \u00e0 \u00e9voquer, si bien que je peux rester succinct.</p>\n<p>La situation est globalement bonne, mais il y a certaines \u00e9volutions qui sont inqui\u00e9tantes et qui demandent \u00e0 ce que des mesures soient prises au plan l\u00e9gal.</p>\n<p>Depuis cinq ans, le Tribunal f\u00e9d\u00e9ral ne r\u00e9ussit pas \u00e0 trancher un nombre d'affaires \u00e9quivalent au nombre d'affaires d\u00e9pos\u00e9es durant l'ann\u00e9e. La cons\u00e9quence en est une augmentation r\u00e9guli\u00e8re du nombre de cas pendants. La situation n'est pas encore critique, mais il n'en demeure pas moins que cette \u00e9volution n\u00e9gative ne saurait persister. La situation, cela vient d'\u00eatre dit, est notamment pr\u00e9occupante en mati\u00e8re p\u00e9nale. De 2011 \u00e0 2015, le nombre d'affaires pendantes devant la Cour de droit p\u00e9nal a plus que doubl\u00e9. Par rapport \u00e0 2014, le nombre des recours d\u00e9pos\u00e9s en 2015 devant cette cour a augment\u00e9 de 10 pour cent. Cette tendance \u00e0 l'augmentation se maintient. Ainsi, durant les cinq premiers mois de cette ann\u00e9e, le nombre de recours devant cette cour a cr\u00fb de 11 pour cent par rapport \u00e0 la m\u00eame p\u00e9riode de l'ann\u00e9e pr\u00e9c\u00e9dente. Rien ne laisse pr\u00e9sager un renversement de cette tendance. Par exemple, prochainement la nouvelle loi de mise en vigueur de la norme constitutionnelle sur le renvoi des \u00e9trangers criminels entrera en vigueur, ce qui g\u00e9n\u00e9rera certainement des recours chez nous.</p>\n<p>Globalement, le Tribunal f\u00e9d\u00e9ral est aujourd'hui saisi d'un nombre de causes trop \u00e9lev\u00e9. Il n'est pas une deuxi\u00e8me instance d'appel. Son r\u00f4le de cour supr\u00eame est de trancher les questions de droit importantes et de rendre des arr\u00eats qui font jurisprudence. Cela exige le temps n\u00e9cessaire \u00e0 la r\u00e9flexion. Agrandir le Tribunal f\u00e9d\u00e9ral, augmenter le nombre des juges n'est pas une solution. Au contraire, plus un tribunal est grand, plus la coordination de la jurisprudence et le [PAGE 507] maintien de l'unit\u00e9 de cette jurisprudence deviennent difficiles. Ce qui est n\u00e9cessaire, c'est une d\u00e9charge effective.</p>\n<p>Madame Seydoux, conseill\u00e8re aux Etats, l'a dit: \"Un projet de loi est actuellement en pr\u00e9paration.\" La proc\u00e9dure de consultation est termin\u00e9e. Cette modification devrait apporter une l\u00e9g\u00e8re d\u00e9charge, par la limitation des possibilit\u00e9s de recours dans certaines causes mineures ou ne soulevant pas de questions juridiques importantes. Mais cette modification ne vise pas uniquement une d\u00e9charge. Elle devrait aussi accorder au Tribunal f\u00e9d\u00e9ral des comp\u00e9tences nouvelles, afin qu'il puisse se prononcer sur toutes les questions juridiques importantes.</p>\n<p>Par une limitation des recours aux cas d'une certaine importance avec, en parall\u00e8le, un \u00e9largissement des possibilit\u00e9s de recours \u00e0 toutes les causes justiciables, le Tribunal f\u00e9d\u00e9ral se verrait renforc\u00e9 dans son r\u00f4le constitutionnel d'autorit\u00e9 judiciaire supr\u00eame de la Conf\u00e9d\u00e9ration. Le Tribunal f\u00e9d\u00e9ral appelle cette r\u00e9forme de ses voeux.</p>\n<p>[VS]</p>\n<p><i>Eintreten ist obligatorisch</i></p>\n<p><i>L'entr\u00e9e en mati\u00e8re est acquise de plein droit</i></p>\n<p>[VS]</p>\n<p>[VS]</p>\n<p><b>Bundesbeschluss \u00fcber den Gesch\u00e4ftsbericht des Bundesgerichtes f\u00fcr das Jahr 2015</b></p>\n<p><b>Arr\u00eat\u00e9 f\u00e9d\u00e9ral approuvant le rapport de gestion du Tribunal f\u00e9d\u00e9ral de l'ann\u00e9e 2015</b></p>\n<p>[VS]</p>\n<p><i>Detailberatung - Discussion par article</i></p>\n<p>[VS]</p>\n<p><b>Titel und Ingress, Art. 1, 2</b></p>\n<p><i>Antrag der Kommission</i></p>\n<p>Zustimmung zum Beschluss des Nationalrates</p>\n<p>[VS]</p>\n<p><b>Titre et pr\u00e9ambule, art. 1, 2</b></p>\n<p><i>Proposition de la commission</i></p>\n<p>Adh\u00e9rer \u00e0 la d\u00e9cision du Conseil national</p>\n<p>[VS]</p>\n<p><i>Angenommen - Adopt\u00e9</i></p>\n<p>[VS]</p>\n<p><b>Le pr\u00e9sident</b> (Comte Rapha\u00ebl, pr\u00e9sident): L'entr\u00e9e en mati\u00e8re \u00e9tant acquise de plein droit, il n'y a pas de vote sur l'ensemble.</p>\n<p>Nous prenons cong\u00e9 du pr\u00e9sident du Tribunal f\u00e9d\u00e9ral, Monsieur Gilbert Kolly.</p>\n</pd_text>","MeetingCouncilAbbreviation":"S","MeetingDate":"20160615","MeetingVerbalixOid":2763,"IdSession":"5004","SpeakerFirstName":"Rapha\u00ebl","SpeakerLastName":"Comte","SpeakerFullName":"Comte Rapha\u00ebl","SpeakerFunction":"P-M","CouncilId":2,"CouncilName":"St\u00e4nderat","CantonId":24,"CantonName":"Neuenburg","CantonAbbreviation":"NE","ParlGroupName":"FDP-Liberale Fraktion","ParlGroupAbbreviation":"RL","SortOrder":3,"Start":"\/Date(1465979304467)\/","End":"\/Date(1465979547003)\/","Function":"P-M","DisplaySpeaker":false,"LanguageOfText":"FR","Modified":"\/Date(1512565223973)\/","StartTimeWithTimezone":"\/Date(1465979304467+0120)\/","EndTimeWithTimezone":"\/Date(1465979547003+0120)\/","VoteBusinessNumber":null,"VoteBusinessShortNumber":null,"VoteBusinessTitle":null},{"__metadata":{"id":"https://ws.parlament.ch/OData.svc/Transcript(ID=201231L,Language='DE')","uri":"https://ws.parlament.ch/OData.svc/Transcript(ID=201231L,Language='DE')","type":"itsystems.Pd.DataServices.DataModel.Transcript"},"Subjects":{"__deferred":{"uri":"https://ws.parlament.ch/OData.svc/Transcript(ID=201231L,Language='DE')/Subjects"}},"MembersCouncil":{"__deferred":{"uri":"https://ws.parlament.ch/OData.svc/Transcript(ID=201231L,Language='DE')/MembersCouncil"}},"Businesses":{"__deferred":{"uri":"https://ws.parlament.ch/OData.svc/Transcript(ID=201231L,Language='DE')/Businesses"}},"ID":"201231","Language":"DE","IdSubject":"37511","VoteId":null,"PersonNumber":3920,"Type":1,"Text":"<pd_text><p>La sous-commission Tribunaux/Minist\u00e8re public de la Conf\u00e9d\u00e9ration s'est rendue au Tribunal f\u00e9d\u00e9ral \u00e0 Lausanne le 18 avril 2016 et s'est entretenue avec les repr\u00e9sentants du Tribunal f\u00e9d\u00e9ral au sujet du rapport de gestion 2015 de celui-ci.</p>\n<p>La charge de pr\u00e9sident du Tribunal f\u00e9d\u00e9ral pendant l'exercice \u00e9coul\u00e9 a \u00e9t\u00e9 assum\u00e9e par Monsieur Gilbert Kolly, ici pr\u00e9sent; celle de vice-pr\u00e9sident par Monsieur Ulrich Meyer. Madame Laura Jacquemoud-Rossari est membre de la Commission administrative avec les juges f\u00e9d\u00e9raux Kolly et Meyer. Le secr\u00e9tariat g\u00e9n\u00e9ral est assur\u00e9 par Monsieur Paul Tsch\u00fcmperlin.</p>\n<p>Selon les dires du pr\u00e9sident Kolly, 2015 a \u00e9t\u00e9 une ann\u00e9e ordinaire pour le Tribunal f\u00e9d\u00e9ral. Le nombre des affaires introduites s'\u00e9l\u00e8ve \u00e0 7853, soit une augmentation de 1,9 pour cent par rapport \u00e0 2014. Le nombre des affaires liquid\u00e9es se monte \u00e0 7695, soit environ 160 affaires de moins que le nombre d'affaires introduites. Sur cinq ans, c'est un ph\u00e9nom\u00e8ne continu. Et le nombre des affaires en suspens augmente: 2811 affaires au 31 d\u00e9cembre 2015 contre 2265 au 31 d\u00e9cembre 2011.</p>\n<p>Il faut relever que 34,8 pour cent des affaires sont liquid\u00e9es par le juge unique pour des raisons d'irrecevabilit\u00e9, et que 13 pour cent environ des recours sont admis. La tendance \u00e0 la hausse des affaires est particuli\u00e8rement marqu\u00e9e au niveau de la Cour de droit p\u00e9nal, principalement dans le secteur francophone. Diff\u00e9rentes mesures ont \u00e9t\u00e9 prises pour am\u00e9liorer cette situation.</p>\n<p>Les repr\u00e9sentants du Tribunal f\u00e9d\u00e9ral esp\u00e8rent que la r\u00e9vision partielle de la loi sur le Tribunal f\u00e9d\u00e9ral, dont la consultation s'est achev\u00e9e en f\u00e9vrier 2016, permettra \"de consolider le Tribunal f\u00e9d\u00e9ral dans sa fonction constitutionnelle d'autorit\u00e9 judiciaire supr\u00eame de la Conf\u00e9d\u00e9ration\", en le d\u00e9chargeant \"des affaires de moindre importance ou r\u00e9p\u00e9titives, qui ne posent pas de questions juridiques de principe ou ne sont pas, pour un autre motif, particuli\u00e8rement importantes\".</p>\n<p>L'introduction du dossier judiciaire \u00e9lectronique a constitu\u00e9 le th\u00e8me central de la conf\u00e9rence annuelle de la justice du 16 octobre 2015, qui a r\u00e9uni le pr\u00e9sident du Tribunal f\u00e9d\u00e9ral et les pr\u00e9sidents des cours supr\u00eames cantonales. En effet, alors que le dossier judiciaire \u00e9lectronique a d\u00e9j\u00e0 \u00e9t\u00e9 introduit dans les Etats voisins, la Suisse est \u00e0 la tra\u00eene. A d\u00e9faut d'une comp\u00e9tence f\u00e9d\u00e9rale permettant de l\u00e9gif\u00e9rer dans ce domaine pour l'ensemble de la justice suisse, le Tribunal f\u00e9d\u00e9ral a d\u00e9cid\u00e9 d'introduire le dossier judiciaire \u00e9lectronique \u00e0 son niveau et de voir avec les milieux concern\u00e9s dans quelle mesure il est possible de coop\u00e9rer pour obtenir une harmonisation en la mati\u00e8re. Il s'agit d'une affaire \u00e0 suivre.</p>\n<p>En page 18 de son rapport, le Tribunal f\u00e9d\u00e9ral donne des indications au l\u00e9gislateur, d'une part s'agissant des personnes physiques domicili\u00e9es \u00e0 l'\u00e9tranger et exer\u00e7ant une activit\u00e9 pour le compte de la Conf\u00e9d\u00e9ration, d'autre part en ce qui concerne la comp\u00e9tence pour le financement des soins non couverts en cas de s\u00e9jour dans un \u00e9tablissement m\u00e9dicosocial extracantonal.</p>\n<p>Enfin, le Tribunal f\u00e9d\u00e9ral est \u00e9galement charg\u00e9 de la surveillance des tribunaux de premi\u00e8re instance de la Conf\u00e9d\u00e9ration. Monsieur le pr\u00e9sident du Tribunal f\u00e9d\u00e9ral Kolly a soulign\u00e9 que l'ambiance \u00e9tait bonne et que tout se passait \u00e0 satisfaction, ce qui a \u00e9t\u00e9 confirm\u00e9 par la suite par les pr\u00e9sidents de ces tribunaux de premi\u00e8re instance. Sur mandat des Commissions de gestion, le Tribunal f\u00e9d\u00e9ral a notamment accompagn\u00e9 le Tribunal administratif f\u00e9d\u00e9ral dans son processus de r\u00e9organisation. Il a fait des propositions qui ont rapidement \u00e9t\u00e9 mises en oeuvre par le Tribunal administratif f\u00e9d\u00e9ral.</p>\n<p>Je vous prie donc de bien vouloir prendre acte de ce rapport et j'imagine que Monsieur le pr\u00e9sident Kolly pourra apporter les compl\u00e9ments n\u00e9cessaires.</p>\n</pd_text>","MeetingCouncilAbbreviation":"S","MeetingDate":"20160615","MeetingVerbalixOid":2763,"IdSession":"5004","SpeakerFirstName":"Anne","SpeakerLastName":"Seydoux-Christe","SpeakerFullName":"Seydoux-Christe Anne","SpeakerFunction":"Mit-F","CouncilId":2,"CouncilName":"St\u00e4nderat","CantonId":26,"CantonName":"Jura","CantonAbbreviation":"JU","ParlGroupName":"CVP-Fraktion","ParlGroupAbbreviation":"M-E","SortOrder":2,"Start":"\/Date(1465979050233)\/","End":"\/Date(1465979292477)\/","Function":"*","DisplaySpeaker":true,"LanguageOfText":"FR","Modified":"\/Date(1512565223973)\/","StartTimeWithTimezone":"\/Date(1465979050233+0120)\/","EndTimeWithTimezone":"\/Date(1465979292477+0120)\/","VoteBusinessNumber":null,"VoteBusinessShortNumber":null,"VoteBusinessTitle":null}]},"ID":"37511","Language":"DE","IdMeeting":"3820","VerbalixOid":497894,"SortOrder":2,"Modified":"\/Date(1512565223973)\/"}}