{"d":{"__metadata":{"id":"https://ws.parlament.ch/OData.svc/Subject(ID=37528L,Language='DE')","uri":"https://ws.parlament.ch/OData.svc/Subject(ID=37528L,Language='DE')","type":"itsystems.Pd.DataServices.DataModel.Subject"},"Meetings":{"__metadata":{"id":"https://ws.parlament.ch/OData.svc/Meeting(ID=3820L,Language='DE')","uri":"https://ws.parlament.ch/OData.svc/Meeting(ID=3820L,Language='DE')","type":"itsystems.Pd.DataServices.DataModel.Meeting"},"Sessions":{"__deferred":{"uri":"https://ws.parlament.ch/OData.svc/Meeting(ID=3820L,Language='DE')/Sessions"}},"Subjects":{"__deferred":{"uri":"https://ws.parlament.ch/OData.svc/Meeting(ID=3820L,Language='DE')/Subjects"}},"ID":"3820","Language":"DE","MeetingNumber":10,"IdSession":5004,"SessionNumber":4,"SessionName":"Sommersession 2016","Council":2,"CouncilName":"St\u00e4nderat","CouncilAbbreviation":"SR","Date":"\/Date(1465948800000)\/","Begin":"0820","Modified":"\/Date(1467124281450)\/","LegislativePeriodNumber":50,"PublicationStatus":"final","MeetingOrderText":"Zehnte Sitzung","SortOrder":10,"Location":"S"},"SubjectsBusiness":{"results":[{"__metadata":{"id":"https://ws.parlament.ch/OData.svc/SubjectBusiness(BusinessNumber=20150025,IdSubject=37528L,Language='DE')","uri":"https://ws.parlament.ch/OData.svc/SubjectBusiness(BusinessNumber=20150025,IdSubject=37528L,Language='DE')","type":"itsystems.Pd.DataServices.DataModel.SubjectBusiness"},"Subjects":{"__deferred":{"uri":"https://ws.parlament.ch/OData.svc/SubjectBusiness(BusinessNumber=20150025,IdSubject=37528L,Language='DE')/Subjects"}},"Businesses":{"__deferred":{"uri":"https://ws.parlament.ch/OData.svc/SubjectBusiness(BusinessNumber=20150025,IdSubject=37528L,Language='DE')/Businesses"}},"IdSubject":"37528","BusinessNumber":20150025,"Language":"DE","BusinessShortNumber":"15.025","Title":"Mehrwertsteuergesetz. Teilrevision","SortOrder":1,"PublishedNotes":"Differenzen - Divergences\n","Modified":"\/Date(1447069667973)\/","TitleDE":"Mehrwertsteuergesetz.\nTeilrevision","TitleFR":"Loi sur la TVA.\nR\u00e9vision partielle","TitleIT":null}]},"Transcripts":{"results":[{"__metadata":{"id":"https://ws.parlament.ch/OData.svc/Transcript(ID=201313L,Language='DE')","uri":"https://ws.parlament.ch/OData.svc/Transcript(ID=201313L,Language='DE')","type":"itsystems.Pd.DataServices.DataModel.Transcript"},"Subjects":{"__deferred":{"uri":"https://ws.parlament.ch/OData.svc/Transcript(ID=201313L,Language='DE')/Subjects"}},"MembersCouncil":{"__deferred":{"uri":"https://ws.parlament.ch/OData.svc/Transcript(ID=201313L,Language='DE')/MembersCouncil"}},"Businesses":{"__deferred":{"uri":"https://ws.parlament.ch/OData.svc/Transcript(ID=201313L,Language='DE')/Businesses"}},"ID":"201313","Language":"DE","IdSubject":"37528","VoteId":null,"PersonNumber":146,"Type":1,"Text":"<pd_text><p>Wir sind mit dem Vorgehen der Kommission einverstanden. Das Problem besteht, es taucht bei der praktischen Handhabung immer wieder auf. Man sollte es tats\u00e4chlich l\u00f6sen. Wir haben aber im Rahmen der Beratungen festgestellt, dass die Sache eigentlich noch nicht reif ist, weil verschiedene Fragen vertieft gekl\u00e4rt werden m\u00fcssen; insbesondere sollten sich auch die Gemeinden und andere Gemeinwesen dazu vernehmen lassen k\u00f6nnen, damit wir eine konsolidierte Haltung dazu haben. So gesehen ist es richtig, dass wir das im Moment wieder streichen, bei der bestehenden Regelung bleiben und dann im Sinne der Motion eine Vorlage ausarbeiten, die wir in eine Vernehmlassung schicken k\u00f6nnen. Gerne nehmen wir die Anregung auf, in der Zwischenzeit keine neue Praxis einzuf\u00fchren, aber im Zweifelsfall zugunsten der Gemeinwesen zu entscheiden. Wir werden auch bem\u00fcht sein, das Problem rasch zu l\u00f6sen, damit diese Unklarheiten, die tats\u00e4chlich bestehen, bereinigt werden k\u00f6nnen. Der Weg \u00fcber eine Kommissionsmotion scheint uns richtig zu sein, das heisst, unsere Meinung deckt sich da vollumf\u00e4nglich mit jener der Kommission.</p>\n</pd_text>","MeetingCouncilAbbreviation":"S","MeetingDate":"20160615","MeetingVerbalixOid":2763,"IdSession":"5004","SpeakerFirstName":"Ueli","SpeakerLastName":"Maurer","SpeakerFullName":"Maurer Ueli","SpeakerFunction":"BR-M","CouncilId":99,"CouncilName":"Bundesrat","CantonId":1,"CantonName":"Z\u00fcrich","CantonAbbreviation":"ZH","ParlGroupName":null,"ParlGroupAbbreviation":null,"SortOrder":3,"Start":"\/Date(1465992635497)\/","End":"\/Date(1465992711947)\/","Function":"BR-M","DisplaySpeaker":true,"LanguageOfText":"DE","Modified":"\/Date(1512565224160)\/","StartTimeWithTimezone":"\/Date(1465992635497+0120)\/","EndTimeWithTimezone":"\/Date(1465992711947+0120)\/","VoteBusinessNumber":null,"VoteBusinessShortNumber":null,"VoteBusinessTitle":null},{"__metadata":{"id":"https://ws.parlament.ch/OData.svc/Transcript(ID=201315L,Language='DE')","uri":"https://ws.parlament.ch/OData.svc/Transcript(ID=201315L,Language='DE')","type":"itsystems.Pd.DataServices.DataModel.Transcript"},"Subjects":{"__deferred":{"uri":"https://ws.parlament.ch/OData.svc/Transcript(ID=201315L,Language='DE')/Subjects"}},"MembersCouncil":{"__deferred":{"uri":"https://ws.parlament.ch/OData.svc/Transcript(ID=201315L,Language='DE')/MembersCouncil"}},"Businesses":{"__deferred":{"uri":"https://ws.parlament.ch/OData.svc/Transcript(ID=201315L,Language='DE')/Businesses"}},"ID":"201315","Language":"DE","IdSubject":"37528","VoteId":null,"PersonNumber":146,"Type":1,"Text":"<pd_text><p>Ich habe meine Aussage, dass wir im Zweifelsfall zugunsten der Gemeinwesen entscheiden werden, auf einen Einzelfall bezogen und nicht generell gemeint. Denn es gibt immer wieder diese Einzelf\u00e4lle; ich bin mit Ihnen durchaus einverstanden. </p>\n</pd_text>","MeetingCouncilAbbreviation":"S","MeetingDate":"20160615","MeetingVerbalixOid":2763,"IdSession":"5004","SpeakerFirstName":"Ueli","SpeakerLastName":"Maurer","SpeakerFullName":"Maurer Ueli","SpeakerFunction":"BR-M","CouncilId":99,"CouncilName":"Bundesrat","CantonId":1,"CantonName":"Z\u00fcrich","CantonAbbreviation":"ZH","ParlGroupName":null,"ParlGroupAbbreviation":null,"SortOrder":5,"Start":"\/Date(1465992815953)\/","End":"\/Date(1465992835027)\/","Function":"BR-M","DisplaySpeaker":true,"LanguageOfText":"DE","Modified":"\/Date(1512565224160)\/","StartTimeWithTimezone":"\/Date(1465992815953+0120)\/","EndTimeWithTimezone":"\/Date(1465992835027+0120)\/","VoteBusinessNumber":null,"VoteBusinessShortNumber":null,"VoteBusinessTitle":null},{"__metadata":{"id":"https://ws.parlament.ch/OData.svc/Transcript(ID=201317L,Language='DE')","uri":"https://ws.parlament.ch/OData.svc/Transcript(ID=201317L,Language='DE')","type":"itsystems.Pd.DataServices.DataModel.Transcript"},"Subjects":{"__deferred":{"uri":"https://ws.parlament.ch/OData.svc/Transcript(ID=201317L,Language='DE')/Subjects"}},"MembersCouncil":{"__deferred":{"uri":"https://ws.parlament.ch/OData.svc/Transcript(ID=201317L,Language='DE')/MembersCouncil"}},"Businesses":{"__deferred":{"uri":"https://ws.parlament.ch/OData.svc/Transcript(ID=201317L,Language='DE')/Businesses"}},"ID":"201317","Language":"DE","IdSubject":"37528","VoteId":null,"PersonNumber":146,"Type":1,"Text":"<pd_text><p>Wir sind auch hier mit Ihrer vorberatenden Kommission einverstanden, die beantragt, dass Sie an Ihrem Beschluss festhalten und damit eine Differenz zum Nationalrat aufrechterhalten.</p>\n<p>In dieser Frage ist es unseres Erachtens weniger klar, was der Nationalrat wirklich wollte. Es bestand eine Konfusion, indem die Bestimmung urspr\u00fcnglich in Artikel 22 enthalten war, dann in Artikel 29 verschoben wurde, und jetzt beraten wir sie wieder bei Artikel 22. Weil es hier um die Vorsteuer geht, die wieder zur\u00fcckerstattet werden muss, wenn sie geltend gemacht wird, kann es hier im schlimmsten Fall zu Steuerausf\u00e4llen von einer Milliarde Franken im ersten Jahr kommen, also gewissermassen zu einer Bugwelle, die wir dann st\u00e4ndig vor uns herschieben.</p>\n<p>Nachdem diese Frage widerspr\u00fcchlich diskutiert wurde, ist es, denke ich, richtig, dass Sie hier festhalten, damit der Nationalrat diese Frage auch noch kl\u00e4rt. Es gab dort gestern ein Resultat von 93 zu 90 Stimmen, und zwar, so w\u00fcrde ich einmal sagen, mit einer gewissen Konfusion bei der Abstimmung. Im Sinne der Klarheit und auch, um hier bei der bisherigen Praxis zu bleiben, scheint es uns sinnvoll zu sein, wenn Sie die Differenz aufrechterhalten. Die Sache verschiebt sich dann halt in die Herbstsession. Nachdem diese Frage auch schon in den Medien diskutiert wurde, braucht es hier auch einen klaren Entscheid des Nationalrates. Ich bin \u00fcberzeugt, dass er dann so ausfallen wird, wie Sie jetzt beschliessen. Es w\u00e4re richtig, dass das noch wissentlich und willentlich passieren k\u00f6nnte.</p>\n</pd_text>","MeetingCouncilAbbreviation":"S","MeetingDate":"20160615","MeetingVerbalixOid":2763,"IdSession":"5004","SpeakerFirstName":"Ueli","SpeakerLastName":"Maurer","SpeakerFullName":"Maurer Ueli","SpeakerFunction":"BR-M","CouncilId":99,"CouncilName":"Bundesrat","CantonId":1,"CantonName":"Z\u00fcrich","CantonAbbreviation":"ZH","ParlGroupName":null,"ParlGroupAbbreviation":null,"SortOrder":10,"Start":"\/Date(1465993164277)\/","End":"\/Date(1465993262627)\/","Function":"BR-M","DisplaySpeaker":true,"LanguageOfText":"DE","Modified":"\/Date(1512565224177)\/","StartTimeWithTimezone":"\/Date(1465993164277+0120)\/","EndTimeWithTimezone":"\/Date(1465993262627+0120)\/","VoteBusinessNumber":null,"VoteBusinessShortNumber":null,"VoteBusinessTitle":null},{"__metadata":{"id":"https://ws.parlament.ch/OData.svc/Transcript(ID=201325L,Language='DE')","uri":"https://ws.parlament.ch/OData.svc/Transcript(ID=201325L,Language='DE')","type":"itsystems.Pd.DataServices.DataModel.Transcript"},"Subjects":{"__deferred":{"uri":"https://ws.parlament.ch/OData.svc/Transcript(ID=201325L,Language='DE')/Subjects"}},"MembersCouncil":{"__deferred":{"uri":"https://ws.parlament.ch/OData.svc/Transcript(ID=201325L,Language='DE')/MembersCouncil"}},"Businesses":{"__deferred":{"uri":"https://ws.parlament.ch/OData.svc/Transcript(ID=201325L,Language='DE')/Businesses"}},"ID":"201325","Language":"DE","IdSubject":"37528","VoteId":null,"PersonNumber":146,"Type":1,"Text":"<pd_text><p>Ich f\u00fchre gerne noch etwas zuhanden der Materialien aus: Wir w\u00e4ren damit wieder beim urspr\u00fcnglichen Antrag des Bundesrates, der hier eigentlich keine \u00c4nderung vorgeschlagen hat, sondern die Praxis, die sich eingeb\u00fcrgert hat, auf den geltenden Gesetzesartikel abst\u00fctzte. Dann kam die Motion Hutter Markus 13.3238, \u00fcbernommen von Frau G\u00f6ssi, die eine \u00c4nderung wollte. Der Bundesrat beantragte die Motion zur Ablehnung, was der St\u00e4nderat auch tat. Um die bisherige Praxis zu festigen, hat der St\u00e4nderat Absatz 8 eingeschoben. In der gestrigen Diskussion im Nationalrat hat aber auch die Kommissionssprecherin zum Ausdruck gebracht, dass der Nationalrat eigentlich keine \u00c4nderung der bisherigen Praxis m\u00f6chte und sich mit dem bisherigen Gesetzestext zufriedengibt. Nachdem diese Frage eigentlich gekl\u00e4rt ist, denke ich, dass man dem Antrag der Kommission folgen und damit beim urspr\u00fcnglichen Gesetzesartikel bleiben kann; dies mit dem ausdr\u00fccklichen Hinweis, dass damit keine \u00c4nderung der bisherigen Praxis stattfindet, sondern wir sie weiterf\u00fchren. Wir verzichten darauf, das ausdr\u00fccklich im Gesetz festzuschreiben, weil nicht auf eine Praxis\u00e4nderung insistiert wurde. Wir bleiben also beim bisherigen Gesetzestext und bei der bisherigen Praxis. Das festzuhalten scheint uns wichtig zu sein. Ich glaube, wenn wir unsere Praxis weiterf\u00fchren, \u00fcbernehmen wir den Willen des Parlamentes. Damit w\u00e4re die Differenz ausger\u00e4umt.</p>\n</pd_text>","MeetingCouncilAbbreviation":"S","MeetingDate":"20160615","MeetingVerbalixOid":2763,"IdSession":"5004","SpeakerFirstName":"Ueli","SpeakerLastName":"Maurer","SpeakerFullName":"Maurer Ueli","SpeakerFunction":"BR-M","CouncilId":99,"CouncilName":"Bundesrat","CantonId":1,"CantonName":"Z\u00fcrich","CantonAbbreviation":"ZH","ParlGroupName":null,"ParlGroupAbbreviation":null,"SortOrder":7,"Start":"\/Date(1465992958593)\/","End":"\/Date(1465993053660)\/","Function":"BR-M","DisplaySpeaker":true,"LanguageOfText":"DE","Modified":"\/Date(1512565224160)\/","StartTimeWithTimezone":"\/Date(1465992958593+0120)\/","EndTimeWithTimezone":"\/Date(1465993053660+0120)\/","VoteBusinessNumber":null,"VoteBusinessShortNumber":null,"VoteBusinessTitle":null},{"__metadata":{"id":"https://ws.parlament.ch/OData.svc/Transcript(ID=201328L,Language='DE')","uri":"https://ws.parlament.ch/OData.svc/Transcript(ID=201328L,Language='DE')","type":"itsystems.Pd.DataServices.DataModel.Transcript"},"Subjects":{"__deferred":{"uri":"https://ws.parlament.ch/OData.svc/Transcript(ID=201328L,Language='DE')/Subjects"}},"MembersCouncil":{"__deferred":{"uri":"https://ws.parlament.ch/OData.svc/Transcript(ID=201328L,Language='DE')/MembersCouncil"}},"Businesses":{"__deferred":{"uri":"https://ws.parlament.ch/OData.svc/Transcript(ID=201328L,Language='DE')/Businesses"}},"ID":"201328","Language":"DE","IdSubject":"37528","VoteId":null,"PersonNumber":4026,"Type":1,"Text":"<pd_text><p><b>Bundesgesetz \u00fcber die Mehrwertsteuer</b></p>\n<p><b>Loi f\u00e9d\u00e9rale r\u00e9gissant la taxe sur la valeur ajout\u00e9e</b></p>\n<p>[VS]</p>\n<p><b>Art. 21 Abs. 2 Ziff. 28 Bst. a, Abs. 8</b></p>\n<p><i>Antrag der Kommission</i></p>\n<p>Zustimmung zum Beschluss des Nationalrates</p>\n<p>[VS]</p>\n<p><b>Art. 21 al. 2 ch. 28 let. a, al. 8</b></p>\n<p><i>Proposition de la commission</i></p>\n<p>Adh\u00e9rer \u00e0 la d\u00e9cision du Conseil national</p>\n</pd_text>","MeetingCouncilAbbreviation":"S","MeetingDate":"20160615","MeetingVerbalixOid":2763,"IdSession":"5004","SpeakerFirstName":"Rapha\u00ebl","SpeakerLastName":"Comte","SpeakerFullName":"Comte Rapha\u00ebl","SpeakerFunction":"P-M","CouncilId":2,"CouncilName":"St\u00e4nderat","CantonId":24,"CantonName":"Neuenburg","CantonAbbreviation":"NE","ParlGroupName":"FDP-Liberale Fraktion","ParlGroupAbbreviation":"RL","SortOrder":1,"Start":"\/Date(1465992381867)\/","End":"\/Date(1465992398100)\/","Function":"P-M","DisplaySpeaker":false,"LanguageOfText":null,"Modified":"\/Date(1512565224160)\/","StartTimeWithTimezone":"\/Date(1465992381867+0120)\/","EndTimeWithTimezone":"\/Date(1465992398100+0120)\/","VoteBusinessNumber":null,"VoteBusinessShortNumber":null,"VoteBusinessTitle":null},{"__metadata":{"id":"https://ws.parlament.ch/OData.svc/Transcript(ID=201331L,Language='DE')","uri":"https://ws.parlament.ch/OData.svc/Transcript(ID=201331L,Language='DE')","type":"itsystems.Pd.DataServices.DataModel.Transcript"},"Subjects":{"__deferred":{"uri":"https://ws.parlament.ch/OData.svc/Transcript(ID=201331L,Language='DE')/Subjects"}},"MembersCouncil":{"__deferred":{"uri":"https://ws.parlament.ch/OData.svc/Transcript(ID=201331L,Language='DE')/MembersCouncil"}},"Businesses":{"__deferred":{"uri":"https://ws.parlament.ch/OData.svc/Transcript(ID=201331L,Language='DE')/Businesses"}},"ID":"201331","Language":"DE","IdSubject":"37528","VoteId":null,"PersonNumber":4026,"Type":1,"Text":"<pd_text><p><i>Angenommen - Adopt\u00e9</i></p>\n<p>[VS]</p>\n<p><b>Art. 22 Abs. 2 Bst. b</b></p>\n<p><i>Antrag der Kommission</i></p>\n<p>Festhalten</p>\n<p>[VS]</p>\n<p><b>Art. 22 al. 2 let. b</b></p>\n<p><i>Proposition de la commission</i></p>\n<p>Maintenir</p>\n</pd_text>","MeetingCouncilAbbreviation":"S","MeetingDate":"20160615","MeetingVerbalixOid":2763,"IdSession":"5004","SpeakerFirstName":"Rapha\u00ebl","SpeakerLastName":"Comte","SpeakerFullName":"Comte Rapha\u00ebl","SpeakerFunction":"P-M","CouncilId":2,"CouncilName":"St\u00e4nderat","CantonId":24,"CantonName":"Neuenburg","CantonAbbreviation":"NE","ParlGroupName":"FDP-Liberale Fraktion","ParlGroupAbbreviation":"RL","SortOrder":8,"Start":"\/Date(1465992835027)\/","End":"\/Date(1465992853587)\/","Function":"P-M","DisplaySpeaker":false,"LanguageOfText":null,"Modified":"\/Date(1512565224177)\/","StartTimeWithTimezone":"\/Date(1465992835027+0120)\/","EndTimeWithTimezone":"\/Date(1465992853587+0120)\/","VoteBusinessNumber":null,"VoteBusinessShortNumber":null,"VoteBusinessTitle":null},{"__metadata":{"id":"https://ws.parlament.ch/OData.svc/Transcript(ID=201333L,Language='DE')","uri":"https://ws.parlament.ch/OData.svc/Transcript(ID=201333L,Language='DE')","type":"itsystems.Pd.DataServices.DataModel.Transcript"},"Subjects":{"__deferred":{"uri":"https://ws.parlament.ch/OData.svc/Transcript(ID=201333L,Language='DE')/Subjects"}},"MembersCouncil":{"__deferred":{"uri":"https://ws.parlament.ch/OData.svc/Transcript(ID=201333L,Language='DE')/MembersCouncil"}},"Businesses":{"__deferred":{"uri":"https://ws.parlament.ch/OData.svc/Transcript(ID=201333L,Language='DE')/Businesses"}},"ID":"201333","Language":"DE","IdSubject":"37528","VoteId":null,"PersonNumber":4026,"Type":1,"Text":"<pd_text><p><i>Angenommen - Adopt\u00e9</i></p>\n</pd_text>","MeetingCouncilAbbreviation":"S","MeetingDate":"20160615","MeetingVerbalixOid":2763,"IdSession":"5004","SpeakerFirstName":"Rapha\u00ebl","SpeakerLastName":"Comte","SpeakerFullName":"Comte Rapha\u00ebl","SpeakerFunction":"P-M","CouncilId":2,"CouncilName":"St\u00e4nderat","CantonId":24,"CantonName":"Neuenburg","CantonAbbreviation":"NE","ParlGroupName":"FDP-Liberale Fraktion","ParlGroupAbbreviation":"RL","SortOrder":11,"Start":"\/Date(1465993262627)\/","End":"\/Date(1465993274380)\/","Function":"P-M","DisplaySpeaker":false,"LanguageOfText":null,"Modified":"\/Date(1512565224177)\/","StartTimeWithTimezone":"\/Date(1465993262627+0120)\/","EndTimeWithTimezone":"\/Date(1465993274380+0120)\/","VoteBusinessNumber":null,"VoteBusinessShortNumber":null,"VoteBusinessTitle":null},{"__metadata":{"id":"https://ws.parlament.ch/OData.svc/Transcript(ID=201404L,Language='DE')","uri":"https://ws.parlament.ch/OData.svc/Transcript(ID=201404L,Language='DE')","type":"itsystems.Pd.DataServices.DataModel.Transcript"},"Subjects":{"__deferred":{"uri":"https://ws.parlament.ch/OData.svc/Transcript(ID=201404L,Language='DE')/Subjects"}},"MembersCouncil":{"__deferred":{"uri":"https://ws.parlament.ch/OData.svc/Transcript(ID=201404L,Language='DE')/MembersCouncil"}},"Businesses":{"__deferred":{"uri":"https://ws.parlament.ch/OData.svc/Transcript(ID=201404L,Language='DE')/Businesses"}},"ID":"201404","Language":"DE","IdSubject":"37528","VoteId":null,"PersonNumber":3871,"Type":1,"Text":"<pd_text><p>Ich unterst\u00fctze die aufgezeigte L\u00f6sung, die darin besteht, dass wir hier keine ausgeweitete Steuerbefreiung einf\u00fcgen, sondern das auf dem Wege der Kommissionsmotion und einer k\u00fcnftigen Gesetzgebung machen. Ich m\u00f6chte einfach zuhanden des Amtlichen Bulletins festhalten: Ich w\u00fcnsche, dass in Zweifelsf\u00e4llen - in F\u00e4llen, in denen die \u00f6ffentliche Hand Private konkurrenziert - keine Steuerbefreiungen zugunsten der Gemeinden eingef\u00fchrt werden. Es kann nicht sein, dass in Bereichen, in denen durchaus auch Private entsprechende Leistungen erbringen k\u00f6nnen und erbringen, einfach eine allgemeine Steuerbefreiung f\u00fcr Leistungen innerhalb oder zwischen Gemeinwesen eingef\u00fchrt wird. Das w\u00fcrde n\u00e4mlich ungleich lange Spiesse schaffen. Denken Sie etwa an das Gesundheitswesen, in dem eine Reihe von Leistungen von Privaten erbracht wird. Wenn in einzelnen Bereichen dann die \u00f6ffentliche Hand steuerbefreit wird und die privaten Konkurrenten besteuert werden, schiessen wir mit unserer Gesetzgebung in die falsche Richtung. Deshalb ist es richtig, hier vorsichtig zu legiferieren. Ich appelliere an den Bundesrat, im Zweifelsfall keine allgemeine Steuerbefreiung f\u00fcr die Gemeinwesen durchzusetzen.</p>\n</pd_text>","MeetingCouncilAbbreviation":"S","MeetingDate":"20160615","MeetingVerbalixOid":2763,"IdSession":"5004","SpeakerFirstName":"Pirmin","SpeakerLastName":"Bischof","SpeakerFullName":"Bischof Pirmin","SpeakerFunction":"Mit-M","CouncilId":2,"CouncilName":"St\u00e4nderat","CantonId":11,"CantonName":"Solothurn","CantonAbbreviation":"SO","ParlGroupName":"CVP-Fraktion","ParlGroupAbbreviation":"M-E","SortOrder":4,"Start":"\/Date(1465992727777)\/","End":"\/Date(1465992815953)\/","Function":"Mit-M","DisplaySpeaker":true,"LanguageOfText":"DE","Modified":"\/Date(1512565224160)\/","StartTimeWithTimezone":"\/Date(1465992727777+0120)\/","EndTimeWithTimezone":"\/Date(1465992815953+0120)\/","VoteBusinessNumber":null,"VoteBusinessShortNumber":null,"VoteBusinessTitle":null},{"__metadata":{"id":"https://ws.parlament.ch/OData.svc/Transcript(ID=201419L,Language='DE')","uri":"https://ws.parlament.ch/OData.svc/Transcript(ID=201419L,Language='DE')","type":"itsystems.Pd.DataServices.DataModel.Transcript"},"Subjects":{"__deferred":{"uri":"https://ws.parlament.ch/OData.svc/Transcript(ID=201419L,Language='DE')/Subjects"}},"MembersCouncil":{"__deferred":{"uri":"https://ws.parlament.ch/OData.svc/Transcript(ID=201419L,Language='DE')/MembersCouncil"}},"Businesses":{"__deferred":{"uri":"https://ws.parlament.ch/OData.svc/Transcript(ID=201419L,Language='DE')/Businesses"}},"ID":"201419","Language":"DE","IdSubject":"37528","VoteId":null,"PersonNumber":4078,"Type":1,"Text":"<pd_text><p>Ich m\u00f6chte zu Artikel 21 Absatz 8 auf Seite 16 der Fahne noch kurz zu Protokoll geben, dass wir uns auch im Bereich der steuerfreien Grundst\u00fcckk\u00e4ufe und der steuerbaren werkvertraglichen Lieferung dem Nationalrat anschliessen. Zuhanden des Amtlichen Bulletins m\u00f6chte ich hier doch den Hinweis machen, dass dieser Anschluss an die nationalr\u00e4tliche L\u00f6sung damit verbunden ist, dass wir die bisherige Praxis best\u00e4tigt haben wollen. Der St\u00e4nderat f\u00fchrte aufgrund der Motion Hutter Markus 13.3238, \u00fcbernommen von Frau G\u00f6ssi, im Bereich der steuerfreien Grundst\u00fcckk\u00e4ufe diese Zusatzbestimmung ein. Wir wollten damit klarmachen, dass wir die bisherige Praxis im Gesetz festgeschrieben haben wollen. Der Nationalrat hat diese Bestimmung abgelehnt, aber auch mit dem Hinweis, dass man an der bisherigen Praxis festhalten m\u00f6chte.</p>\n<p>Unter diesen Voraussetzungen haben diejenigen, die in der Kommission unterlegen sind, darauf verzichtet, einen Minderheitsantrag zu stellen. Die gesamte WAK stellt Ihnen deshalb den Antrag, dem Nationalrat zu folgen, aber unter der Voraussetzung, dass die bisherige Praxis weitergef\u00fchrt wird und dass auch vonseiten der Steuerverwaltung keine Praxisversch\u00e4rfung vorgenommen wird.</p>\n<p>Dieser Hinweis bezieht sich auf Artikel 21 Absatz 8, bei dem wir somit dem Nationalrat folgen.</p>\n</pd_text>","MeetingCouncilAbbreviation":"S","MeetingDate":"20160615","MeetingVerbalixOid":2763,"IdSession":"5004","SpeakerFirstName":"Martin","SpeakerLastName":"Schmid","SpeakerFullName":"Schmid Martin","SpeakerFunction":"Mit-M","CouncilId":2,"CouncilName":"St\u00e4nderat","CantonId":18,"CantonName":"Graub\u00fcnden","CantonAbbreviation":"GR","ParlGroupName":"FDP-Liberale Fraktion","ParlGroupAbbreviation":"RL","SortOrder":6,"Start":"\/Date(1465992853587)\/","End":"\/Date(1465992958593)\/","Function":"*","DisplaySpeaker":true,"LanguageOfText":"DE","Modified":"\/Date(1512565224160)\/","StartTimeWithTimezone":"\/Date(1465992853587+0120)\/","EndTimeWithTimezone":"\/Date(1465992958593+0120)\/","VoteBusinessNumber":null,"VoteBusinessShortNumber":null,"VoteBusinessTitle":null},{"__metadata":{"id":"https://ws.parlament.ch/OData.svc/Transcript(ID=201422L,Language='DE')","uri":"https://ws.parlament.ch/OData.svc/Transcript(ID=201422L,Language='DE')","type":"itsystems.Pd.DataServices.DataModel.Transcript"},"Subjects":{"__deferred":{"uri":"https://ws.parlament.ch/OData.svc/Transcript(ID=201422L,Language='DE')/Subjects"}},"MembersCouncil":{"__deferred":{"uri":"https://ws.parlament.ch/OData.svc/Transcript(ID=201422L,Language='DE')/MembersCouncil"}},"Businesses":{"__deferred":{"uri":"https://ws.parlament.ch/OData.svc/Transcript(ID=201422L,Language='DE')/Businesses"}},"ID":"201422","Language":"DE","IdSubject":"37528","VoteId":null,"PersonNumber":4078,"Type":1,"Text":"<pd_text><p>Ich m\u00f6chte mich jetzt noch zu Artikel 22 \u00e4ussern, wo wir an unserem Beschluss festhalten.</p>\n<p>Zur Frage der R\u00fcckerstattung von Vorsteuern: Wir haben dar\u00fcber diskutiert, ob wir uns hier dem Nationalrat anschliessen wollen oder nicht. Die Kommission beantragt dem Rat, hier an seiner Formulierung bzw. am bundesr\u00e4tlichen Konzept festzuhalten, das vorsieht, dass in diesen F\u00e4llen die R\u00fcckerstattung der Vorsteuern verweigert wird. Es geht um eine grosse Summe und um hohe finanzielle Auswirkungen.</p>\n<p>Wir m\u00f6chten den Nationalrat bitten, sich diese Frage noch einmal anzuschauen. Im Nationalrat wurde gem\u00e4ss den Materialien nicht klar, ob man eine materielle \u00c4nderung will oder ob man an der bisherigen Praxis festhalten will; das muss gekl\u00e4rt werden. Deshalb m\u00f6chte ich dem St\u00e4nderat beliebt machen, hier an unserer Version und damit auch an [PAGE 532] der Version des Bundesrates festzuhalten. Wir geben damit dem Nationalrat nochmals die M\u00f6glichkeit, sich genau anzuschauen, ob er dort eine Praxis\u00e4nderung w\u00fcnscht. Wenn er das will, m\u00fcsste diese Frage in einer allf\u00e4lligen weiteren Runde der Differenzbereinigung gekl\u00e4rt werden.</p>\n<p>Falls der Nationalrat wie der St\u00e4nderat der Meinung w\u00e4re, dass man keine Praxis\u00e4nderung will, sondern die bisherige Praxis festschreiben will, dann wird er einen entsprechenden Beschluss fassen.</p>\n</pd_text>","MeetingCouncilAbbreviation":"S","MeetingDate":"20160615","MeetingVerbalixOid":2763,"IdSession":"5004","SpeakerFirstName":"Martin","SpeakerLastName":"Schmid","SpeakerFullName":"Schmid Martin","SpeakerFunction":"Mit-M","CouncilId":2,"CouncilName":"St\u00e4nderat","CantonId":18,"CantonName":"Graub\u00fcnden","CantonAbbreviation":"GR","ParlGroupName":"FDP-Liberale Fraktion","ParlGroupAbbreviation":"RL","SortOrder":9,"Start":"\/Date(1465993053660)\/","End":"\/Date(1465993164277)\/","Function":"*","DisplaySpeaker":true,"LanguageOfText":"DE","Modified":"\/Date(1512565224177)\/","StartTimeWithTimezone":"\/Date(1465993053660+0120)\/","EndTimeWithTimezone":"\/Date(1465993164277+0120)\/","VoteBusinessNumber":null,"VoteBusinessShortNumber":null,"VoteBusinessTitle":null},{"__metadata":{"id":"https://ws.parlament.ch/OData.svc/Transcript(ID=201424L,Language='DE')","uri":"https://ws.parlament.ch/OData.svc/Transcript(ID=201424L,Language='DE')","type":"itsystems.Pd.DataServices.DataModel.Transcript"},"Subjects":{"__deferred":{"uri":"https://ws.parlament.ch/OData.svc/Transcript(ID=201424L,Language='DE')/Subjects"}},"MembersCouncil":{"__deferred":{"uri":"https://ws.parlament.ch/OData.svc/Transcript(ID=201424L,Language='DE')/MembersCouncil"}},"Businesses":{"__deferred":{"uri":"https://ws.parlament.ch/OData.svc/Transcript(ID=201424L,Language='DE')/Businesses"}},"ID":"201424","Language":"DE","IdSubject":"37528","VoteId":null,"PersonNumber":4078,"Type":1,"Text":"<pd_text><p>Nachdem sich der Nationalrat gestern nochmals mit der Mehrwertsteuergesetzgebung befasst hat, sind drei Differenzen verblieben, die wir heute Morgen in der Kommission besprochen haben. Sie haben zwischenzeitlich die entsprechende Fahne erhalten und sehen, dass wir bei zwei Differenzen beantragen, dem Nationalrat zu folgen, jedoch eine Differenz aufrechterhalten m\u00f6chten.</p>\n<p>Ich komme zu den einzelnen Punkten. Die erste Differenz besteht in Bezug auf die Leistungen zwischen Gemeinwesen. Es geht auch um die Frage der Subventionstatbest\u00e4nde, wie diese im Bereich der Mehrwertsteuer erfasst werden. Sie sehen auf der Fahne, die Differenz besteht bei Artikel 21 Absatz 2 Ziffer 28 Buchstabe a, bei dem es um die Besteuerung von Subventionen und auch um die Steuerausnahmen f\u00fcr Leistungen zwischen Gemeinwesen geht, welche besteuert werden.</p>\n<p>Der St\u00e4nderat hatte ja eine \u00c4nderung gegen\u00fcber der heutigen Praxis, der heutigen Gesetzgebung beschlossen, weil immer wieder im Bereiche der Gemeinwesen kritische Fragen aufgekommen sind, z. B. die Frage, warum dort Leistungen zwischen den Gemeinwesen, die ausgelagert werden, von der Mehrwertsteuer erfasst werden. Es ging beispielsweise um Feuerwehrleistungen oder auch andere \u00f6ffentliche Leistungen im Bereiche der Sicherheit. Der Nationalrat hat dann der vom St\u00e4nderat einstimmig beschlossenen Formulierung nicht zugestimmt und ebenso deutlich eine solche \u00c4nderung verworfen.</p>\n<p>Die Kommission ist heute zum Schluss gekommen, dass diese Frage nicht entscheidungsreif ist, dass teilweise auch die Fakten noch nicht vorliegen, um die Tragweite einer gesetzlichen \u00c4nderung vollumf\u00e4nglich beurteilen zu k\u00f6nnen. Insbesondere geht es darum, dass die Besteuerung nicht nur dann nicht erfolgen sollte, wenn es um hoheitliche Leistungen geht, sondern es gibt auch noch andere [PAGE 531] Sachverhalte, die aus Sicht der Kommission angeschaut werden sollten.</p>\n<p>Wir beantragen Ihnen deshalb, hier dem Nationalrat zu folgen. Wir weisen jedoch darauf hin, dass wir das Anliegen zwischenzeitlich mit einer Kommissionsmotion in die R\u00e4te tragen werden, weil wir das Anliegen als solches als berechtigt anschauen, aber noch keine ad\u00e4quate L\u00f6sung vorlegen k\u00f6nnen. Nach Auffassung der Kommission sollte man sich im Detail mit diesem Thema besch\u00e4ftigen und dann auch eine Vernehmlassung durchf\u00fchren.</p>\n<p>Mit diesen Hinweisen m\u00f6chte ich noch den Wunsch oder die Aufforderung an den Bundesrat und die Verwaltung verbinden, dass die Verwaltung in der Zwischenzeit in Grenzf\u00e4llen das ihr zustehende Ermessen auch zugunsten der Gemeinwesen nutzt und das Gesetz schon so auslegt, dass viele strittige F\u00e4lle ohne Gesetzes\u00e4nderung im Sinne der Gemeinwesen erledigt werden k\u00f6nnen. </p>\n<p>Mit diesen Ausf\u00fchrungen aus Sicht der Kommission m\u00f6chte ich Ihnen hier beliebt machen, dem Nationalrat zu folgen.</p>\n</pd_text>","MeetingCouncilAbbreviation":"S","MeetingDate":"20160615","MeetingVerbalixOid":2763,"IdSession":"5004","SpeakerFirstName":"Martin","SpeakerLastName":"Schmid","SpeakerFullName":"Schmid Martin","SpeakerFunction":"Mit-M","CouncilId":2,"CouncilName":"St\u00e4nderat","CantonId":18,"CantonName":"Graub\u00fcnden","CantonAbbreviation":"GR","ParlGroupName":"FDP-Liberale Fraktion","ParlGroupAbbreviation":"RL","SortOrder":2,"Start":"\/Date(1465992398100)\/","End":"\/Date(1465992635497)\/","Function":"*","DisplaySpeaker":true,"LanguageOfText":"DE","Modified":"\/Date(1512565224160)\/","StartTimeWithTimezone":"\/Date(1465992398100+0120)\/","EndTimeWithTimezone":"\/Date(1465992635497+0120)\/","VoteBusinessNumber":null,"VoteBusinessShortNumber":null,"VoteBusinessTitle":null}]},"ID":"37528","Language":"DE","IdMeeting":"3820","VerbalixOid":498090,"SortOrder":13,"Modified":"\/Date(1512565224160)\/"}}