{"d":{"__metadata":{"id":"https://ws.parlament.ch/OData.svc/Subject(ID=37670L,Language='DE')","uri":"https://ws.parlament.ch/OData.svc/Subject(ID=37670L,Language='DE')","type":"itsystems.Pd.DataServices.DataModel.Subject"},"Meetings":{"__metadata":{"id":"https://ws.parlament.ch/OData.svc/Meeting(ID=3826L,Language='DE')","uri":"https://ws.parlament.ch/OData.svc/Meeting(ID=3826L,Language='DE')","type":"itsystems.Pd.DataServices.DataModel.Meeting"},"Sessions":{"__deferred":{"uri":"https://ws.parlament.ch/OData.svc/Meeting(ID=3826L,Language='DE')/Sessions"}},"Subjects":{"__deferred":{"uri":"https://ws.parlament.ch/OData.svc/Meeting(ID=3826L,Language='DE')/Subjects"}},"ID":"3826","Language":"DE","MeetingNumber":12,"IdSession":5004,"SessionNumber":4,"SessionName":"Sommersession 2016","Council":2,"CouncilName":"St\u00e4nderat","CouncilAbbreviation":"SR","Date":"\/Date(1466121600000)\/","Begin":"0815","Modified":"\/Date(1471416925027)\/","LegislativePeriodNumber":50,"PublicationStatus":"final","MeetingOrderText":"Zw\u00f6lfte Sitzung","SortOrder":12,"Location":"S"},"SubjectsBusiness":{"results":[{"__metadata":{"id":"https://ws.parlament.ch/OData.svc/SubjectBusiness(BusinessNumber=20150081,IdSubject=37670L,Language='DE')","uri":"https://ws.parlament.ch/OData.svc/SubjectBusiness(BusinessNumber=20150081,IdSubject=37670L,Language='DE')","type":"itsystems.Pd.DataServices.DataModel.SubjectBusiness"},"Subjects":{"__deferred":{"uri":"https://ws.parlament.ch/OData.svc/SubjectBusiness(BusinessNumber=20150081,IdSubject=37670L,Language='DE')/Subjects"}},"Businesses":{"__deferred":{"uri":"https://ws.parlament.ch/OData.svc/SubjectBusiness(BusinessNumber=20150081,IdSubject=37670L,Language='DE')/Businesses"}},"IdSubject":"37670","BusinessNumber":20150081,"Language":"DE","BusinessShortNumber":"15.081","Title":"Zinsbesteuerungsabkommen zwischen der Schweiz und der EU. \u00c4nderung","SortOrder":1,"PublishedNotes":"Schlussabstimmung - Vote final\n","Modified":"\/Date(1453366825280)\/","TitleDE":"Zinsbesteuerungsabkommen\nzwischen der Schweiz und der EU.\n\u00c4nderung","TitleFR":"Accord sur la fiscalit\u00e9 de l'\u00e9pargne\nentre la Suisse et l'UE.\nModification","TitleIT":null}]},"Transcripts":{"results":[{"__metadata":{"id":"https://ws.parlament.ch/OData.svc/Transcript(ID=202128L,Language='DE')","uri":"https://ws.parlament.ch/OData.svc/Transcript(ID=202128L,Language='DE')","type":"itsystems.Pd.DataServices.DataModel.Transcript"},"Subjects":{"__deferred":{"uri":"https://ws.parlament.ch/OData.svc/Transcript(ID=202128L,Language='DE')/Subjects"}},"MembersCouncil":{"__deferred":{"uri":"https://ws.parlament.ch/OData.svc/Transcript(ID=202128L,Language='DE')/MembersCouncil"}},"Businesses":{"__deferred":{"uri":"https://ws.parlament.ch/OData.svc/Transcript(ID=202128L,Language='DE')/Businesses"}},"ID":"202128","Language":"DE","IdSubject":"37670","VoteId":"1497","PersonNumber":null,"Type":2,"Text":"<pd_text><p><b>Bundesbeschluss \u00fcber die Genehmigung und die Umsetzung eines Protokolls zur \u00c4nderung des Zinsbesteuerungsabkommens zwischen der Schweiz und der EU</b></p>\n<p><b>Arr\u00eat\u00e9 f\u00e9d\u00e9ral portant approbation et mise en oeuvre d'un protocole modifiant l'accord sur la fiscalit\u00e9 de l'\u00e9pargne entre la Suisse et l'UE</b></p>\n<p>[VS]</p>\n<p><i>Abstimmung - Vote</i></p>\n<p>[NAM]</p>\n<p>F\u00fcr Annahme des Entwurfes ... 42 Stimmen</p>\n<p>(Einstimmigkeit)</p>\n<p>(2 Enthaltungen)</p>\n</pd_text>","MeetingCouncilAbbreviation":"S","MeetingDate":"20160617","MeetingVerbalixOid":2769,"IdSession":"5004","SpeakerFirstName":null,"SpeakerLastName":null,"SpeakerFullName":"","SpeakerFunction":null,"CouncilId":null,"CouncilName":null,"CantonId":null,"CantonName":null,"CantonAbbreviation":null,"ParlGroupName":null,"ParlGroupAbbreviation":null,"SortOrder":1,"Start":null,"End":null,"Function":null,"DisplaySpeaker":null,"LanguageOfText":"DE","Modified":"\/Date(1716917871257)\/","StartTimeWithTimezone":null,"EndTimeWithTimezone":null,"VoteBusinessNumber":20150081,"VoteBusinessShortNumber":"15.081","VoteBusinessTitle":"Zinsbesteuerungsabkommen\nzwischen der Schweiz und der EU.\n\u00c4nderung"}]},"ID":"37670","Language":"DE","IdMeeting":"3826","VerbalixOid":500812,"SortOrder":14,"Modified":"\/Date(1716917871257)\/"}}