{"d":{"__metadata":{"id":"https://ws.parlament.ch/OData.svc/Subject(ID=37711L,Language='DE')","uri":"https://ws.parlament.ch/OData.svc/Subject(ID=37711L,Language='DE')","type":"itsystems.Pd.DataServices.DataModel.Subject"},"Meetings":{"__metadata":{"id":"https://ws.parlament.ch/OData.svc/Meeting(ID=3827L,Language='DE')","uri":"https://ws.parlament.ch/OData.svc/Meeting(ID=3827L,Language='DE')","type":"itsystems.Pd.DataServices.DataModel.Meeting"},"Sessions":{"__deferred":{"uri":"https://ws.parlament.ch/OData.svc/Meeting(ID=3827L,Language='DE')/Sessions"}},"Subjects":{"__deferred":{"uri":"https://ws.parlament.ch/OData.svc/Meeting(ID=3827L,Language='DE')/Subjects"}},"ID":"3827","Language":"DE","MeetingNumber":14,"IdSession":5004,"SessionNumber":4,"SessionName":"Sommersession 2016","Council":1,"CouncilName":"Nationalrat","CouncilAbbreviation":"NR","Date":"\/Date(1466121600000)\/","Begin":"0800","Modified":"\/Date(1467652060677)\/","LegislativePeriodNumber":50,"PublicationStatus":"final","MeetingOrderText":"Vierzehnte Sitzung","SortOrder":14,"Location":"N"},"SubjectsBusiness":{"results":[{"__metadata":{"id":"https://ws.parlament.ch/OData.svc/SubjectBusiness(BusinessNumber=20163187,IdSubject=37711L,Language='DE')","uri":"https://ws.parlament.ch/OData.svc/SubjectBusiness(BusinessNumber=20163187,IdSubject=37711L,Language='DE')","type":"itsystems.Pd.DataServices.DataModel.SubjectBusiness"},"Subjects":{"__deferred":{"uri":"https://ws.parlament.ch/OData.svc/SubjectBusiness(BusinessNumber=20163187,IdSubject=37711L,Language='DE')/Subjects"}},"Businesses":{"__deferred":{"uri":"https://ws.parlament.ch/OData.svc/SubjectBusiness(BusinessNumber=20163187,IdSubject=37711L,Language='DE')/Businesses"}},"IdSubject":"37711","BusinessNumber":20163187,"Language":"DE","BusinessShortNumber":"16.3187","Title":"Die Akkreditierung von Medienschaffenden auch f\u00fcr Teilzeitbesch\u00e4ftigte erm\u00f6glichen","SortOrder":1,"PublishedNotes":null,"Modified":"\/Date(1464084321726)\/","TitleDE":"Motion Pardini Corrado.\nDie Akkreditierung\nvon Medienschaffenden\nauch f\u00fcr Teilzeitbesch\u00e4ftigte\nerm\u00f6glichen","TitleFR":"Motion Pardini Corrado.\nOctroi d'accr\u00e9ditations\naux journalistes travaillant\n\u00e0 temps partiel","TitleIT":null}]},"Transcripts":{"results":[{"__metadata":{"id":"https://ws.parlament.ch/OData.svc/Transcript(ID=202203L,Language='DE')","uri":"https://ws.parlament.ch/OData.svc/Transcript(ID=202203L,Language='DE')","type":"itsystems.Pd.DataServices.DataModel.Transcript"},"Subjects":{"__deferred":{"uri":"https://ws.parlament.ch/OData.svc/Transcript(ID=202203L,Language='DE')/Subjects"}},"MembersCouncil":{"__deferred":{"uri":"https://ws.parlament.ch/OData.svc/Transcript(ID=202203L,Language='DE')/MembersCouncil"}},"Businesses":{"__deferred":{"uri":"https://ws.parlament.ch/OData.svc/Transcript(ID=202203L,Language='DE')/Businesses"}},"ID":"202203","Language":"DE","IdSubject":"37711","VoteId":null,"PersonNumber":null,"Type":3,"Text":"<pd_text><p><i>Abgelehnt - Rejet\u00e9</i></p>\n</pd_text>","MeetingCouncilAbbreviation":"N","MeetingDate":"20160617","MeetingVerbalixOid":2770,"IdSession":"5004","SpeakerFirstName":null,"SpeakerLastName":null,"SpeakerFullName":"","SpeakerFunction":null,"CouncilId":null,"CouncilName":null,"CantonId":null,"CantonName":null,"CantonAbbreviation":null,"ParlGroupName":null,"ParlGroupAbbreviation":null,"SortOrder":1,"Start":null,"End":null,"Function":null,"DisplaySpeaker":null,"LanguageOfText":"DE","Modified":"\/Date(1774877383578)\/","StartTimeWithTimezone":null,"EndTimeWithTimezone":null,"VoteBusinessNumber":null,"VoteBusinessShortNumber":null,"VoteBusinessTitle":null}]},"ID":"37711","Language":"DE","IdMeeting":"3827","VerbalixOid":501038,"SortOrder":23,"Modified":"\/Date(1774877383573)\/"}}