{"d":{"__metadata":{"id":"https://ws.parlament.ch/OData.svc/Subject(ID=3829L,Language='DE')","uri":"https://ws.parlament.ch/OData.svc/Subject(ID=3829L,Language='DE')","type":"itsystems.Pd.DataServices.DataModel.Subject"},"Meetings":{"__metadata":{"id":"https://ws.parlament.ch/OData.svc/Meeting(ID=265L,Language='DE')","uri":"https://ws.parlament.ch/OData.svc/Meeting(ID=265L,Language='DE')","type":"itsystems.Pd.DataServices.DataModel.Meeting"},"Sessions":{"__deferred":{"uri":"https://ws.parlament.ch/OData.svc/Meeting(ID=265L,Language='DE')/Sessions"}},"Subjects":{"__deferred":{"uri":"https://ws.parlament.ch/OData.svc/Meeting(ID=265L,Language='DE')/Subjects"}},"ID":"265","Language":"DE","MeetingNumber":10,"IdSession":4612,"SessionNumber":12,"SessionName":"Fr\u00fchjahrssession 2002","Council":1,"CouncilName":"Nationalrat","CouncilAbbreviation":"NR","Date":"\/Date(1016409600000)\/","Begin":"1430","Modified":"\/Date(1447069785213)\/","LegislativePeriodNumber":46,"PublicationStatus":"final","MeetingOrderText":"Zehnte Sitzung","SortOrder":10,"Location":"N"},"SubjectsBusiness":{"results":[{"__metadata":{"id":"https://ws.parlament.ch/OData.svc/SubjectBusiness(BusinessNumber=20013216,IdSubject=3829L,Language='DE')","uri":"https://ws.parlament.ch/OData.svc/SubjectBusiness(BusinessNumber=20013216,IdSubject=3829L,Language='DE')","type":"itsystems.Pd.DataServices.DataModel.SubjectBusiness"},"Subjects":{"__deferred":{"uri":"https://ws.parlament.ch/OData.svc/SubjectBusiness(BusinessNumber=20013216,IdSubject=3829L,Language='DE')/Subjects"}},"Businesses":{"__deferred":{"uri":"https://ws.parlament.ch/OData.svc/SubjectBusiness(BusinessNumber=20013216,IdSubject=3829L,Language='DE')/Businesses"}},"IdSubject":"3829","BusinessNumber":20013216,"Language":"DE","BusinessShortNumber":"01.3216","Title":"Erh\u00f6hung der Bundesbeitr\u00e4ge f\u00fcr die Schweizer Schulen im Ausland","SortOrder":1,"PublishedNotes":null,"Modified":"\/Date(1447069155913)\/","TitleDE":"Motion APK-NR.\nErh\u00f6hung der Bundesbeitr\u00e4ge\nf\u00fcr die Schweizer Schulen\nim Ausland","TitleFR":"Motion CPE-CN.\nAugmentation des contributions\nde la Conf\u00e9d\u00e9ration\npour les \u00e9coles suisses \u00e0 l'\u00e9tranger","TitleIT":null}]},"Transcripts":{"results":[{"__metadata":{"id":"https://ws.parlament.ch/OData.svc/Transcript(ID=20097L,Language='DE')","uri":"https://ws.parlament.ch/OData.svc/Transcript(ID=20097L,Language='DE')","type":"itsystems.Pd.DataServices.DataModel.Transcript"},"Subjects":{"__deferred":{"uri":"https://ws.parlament.ch/OData.svc/Transcript(ID=20097L,Language='DE')/Subjects"}},"MembersCouncil":{"__deferred":{"uri":"https://ws.parlament.ch/OData.svc/Transcript(ID=20097L,Language='DE')/MembersCouncil"}},"Businesses":{"__deferred":{"uri":"https://ws.parlament.ch/OData.svc/Transcript(ID=20097L,Language='DE')/Businesses"}},"ID":"20097","Language":"DE","IdSubject":"3829","VoteId":null,"PersonNumber":341,"Type":1,"Text":"<pd_text><p><i>\u00dcberwiesen als Postulat - Transmis comme postulat</i></p>\n</pd_text>","MeetingCouncilAbbreviation":"N","MeetingDate":"20020318","MeetingVerbalixOid":902,"IdSession":"4612","SpeakerFirstName":"Liliane","SpeakerLastName":"Maury Pasquier","SpeakerFullName":"Maury Pasquier Liliane","SpeakerFunction":"P-F","CouncilId":1,"CouncilName":"Nationalrat","CantonId":25,"CantonName":"Genf","CantonAbbreviation":"GE","ParlGroupName":"Sozialdemokratische Fraktion","ParlGroupAbbreviation":"S","SortOrder":4,"Start":"\/Date(1016468317375)\/","End":"\/Date(1016468330594)\/","Function":"","DisplaySpeaker":false,"LanguageOfText":null,"Modified":"\/Date(1774878195791)\/","StartTimeWithTimezone":"\/Date(1016468317377+0060)\/","EndTimeWithTimezone":"\/Date(1016468330593+0060)\/","VoteBusinessNumber":null,"VoteBusinessShortNumber":null,"VoteBusinessTitle":null},{"__metadata":{"id":"https://ws.parlament.ch/OData.svc/Transcript(ID=20098L,Language='DE')","uri":"https://ws.parlament.ch/OData.svc/Transcript(ID=20098L,Language='DE')","type":"itsystems.Pd.DataServices.DataModel.Transcript"},"Subjects":{"__deferred":{"uri":"https://ws.parlament.ch/OData.svc/Transcript(ID=20098L,Language='DE')/Subjects"}},"MembersCouncil":{"__deferred":{"uri":"https://ws.parlament.ch/OData.svc/Transcript(ID=20098L,Language='DE')/MembersCouncil"}},"Businesses":{"__deferred":{"uri":"https://ws.parlament.ch/OData.svc/Transcript(ID=20098L,Language='DE')/Businesses"}},"ID":"20098","Language":"DE","IdSubject":"3829","VoteId":null,"PersonNumber":467,"Type":1,"Text":"<pd_text><p>Ich muss sagen, wegen der Erh\u00f6hung erst 2004 wird es wahrscheinlich n\u00e4chstes Jahr nochmals einen Streit geben. Im Amtlichen Bulletin - dies betrifft insbesondere die St\u00e4nderatssitzung - heisst es, es sei unter der Bedingung zugestimmt worden, 2003 sei die n\u00e4chste Etappe. Irgendwie m\u00fcssen Sie das, was hier in den R\u00e4ten gesagt wurde, ernst nehmen; das einfach noch zur Erg\u00e4nzung. Wenn Sie das dann wirklich anders wollen, dann streiten wir - ich weiss nicht, wie lange.</p>\n</pd_text>","MeetingCouncilAbbreviation":"N","MeetingDate":"20020318","MeetingVerbalixOid":902,"IdSession":"4612","SpeakerFirstName":"Remo","SpeakerLastName":"Galli","SpeakerFullName":"Galli Remo","SpeakerFunction":"","CouncilId":1,"CouncilName":"Nationalrat","CantonId":2,"CantonName":"Bern","CantonAbbreviation":"BE","ParlGroupName":"Christlichdemokratische Fraktion","ParlGroupAbbreviation":"M-E","SortOrder":3,"Start":"\/Date(1016468287562)\/","End":"\/Date(1016468317375)\/","Function":"","DisplaySpeaker":true,"LanguageOfText":"DE","Modified":"\/Date(1774878195788)\/","StartTimeWithTimezone":"\/Date(1016468287563+0060)\/","EndTimeWithTimezone":"\/Date(1016468317377+0060)\/","VoteBusinessNumber":null,"VoteBusinessShortNumber":null,"VoteBusinessTitle":null},{"__metadata":{"id":"https://ws.parlament.ch/OData.svc/Transcript(ID=20099L,Language='DE')","uri":"https://ws.parlament.ch/OData.svc/Transcript(ID=20099L,Language='DE')","type":"itsystems.Pd.DataServices.DataModel.Transcript"},"Subjects":{"__deferred":{"uri":"https://ws.parlament.ch/OData.svc/Transcript(ID=20099L,Language='DE')/Subjects"}},"MembersCouncil":{"__deferred":{"uri":"https://ws.parlament.ch/OData.svc/Transcript(ID=20099L,Language='DE')/MembersCouncil"}},"Businesses":{"__deferred":{"uri":"https://ws.parlament.ch/OData.svc/Transcript(ID=20099L,Language='DE')/Businesses"}},"ID":"20099","Language":"DE","IdSubject":"3829","VoteId":null,"PersonNumber":430,"Type":1,"Text":"<pd_text><p>Je n'ai pas grand-chose \u00e0 ajouter car nous avons un programme extr\u00eamement charg\u00e9 aujourd'hui. J'aimerais remercier le Parlement d'avoir fait deux pas en une ann\u00e9e. Nous avons l'intention de faire le prochain pas comme pr\u00e9vu en 2004, parce qu'il s'agit l\u00e0 de notions li\u00e9es \u00e0 des investissements et \u00e0 une analyse qui est en train de se faire. Je vous donne rendez-vous en d\u00e9cembre pour voir quelle est la suite.</p>\n</pd_text>","MeetingCouncilAbbreviation":"N","MeetingDate":"20020318","MeetingVerbalixOid":902,"IdSession":"4612","SpeakerFirstName":"Ruth","SpeakerLastName":"Dreifuss","SpeakerFullName":"Dreifuss Ruth","SpeakerFunction":"BR-F","CouncilId":99,"CouncilName":"Bundesrat","CantonId":25,"CantonName":"Genf","CantonAbbreviation":"GE","ParlGroupName":null,"ParlGroupAbbreviation":null,"SortOrder":2,"Start":"\/Date(1016468245328)\/","End":"\/Date(1016468287562)\/","Function":"","DisplaySpeaker":true,"LanguageOfText":"FR","Modified":"\/Date(1774878195786)\/","StartTimeWithTimezone":"\/Date(1016468245327+0060)\/","EndTimeWithTimezone":"\/Date(1016468287563+0060)\/","VoteBusinessNumber":null,"VoteBusinessShortNumber":null,"VoteBusinessTitle":null},{"__metadata":{"id":"https://ws.parlament.ch/OData.svc/Transcript(ID=20100L,Language='DE')","uri":"https://ws.parlament.ch/OData.svc/Transcript(ID=20100L,Language='DE')","type":"itsystems.Pd.DataServices.DataModel.Transcript"},"Subjects":{"__deferred":{"uri":"https://ws.parlament.ch/OData.svc/Transcript(ID=20100L,Language='DE')/Subjects"}},"MembersCouncil":{"__deferred":{"uri":"https://ws.parlament.ch/OData.svc/Transcript(ID=20100L,Language='DE')/MembersCouncil"}},"Businesses":{"__deferred":{"uri":"https://ws.parlament.ch/OData.svc/Transcript(ID=20100L,Language='DE')/Businesses"}},"ID":"20100","Language":"DE","IdSubject":"3829","VoteId":null,"PersonNumber":467,"Type":1,"Text":"<pd_text><p>Bei der letzten Budgetdebatte haben die beiden R\u00e4te einer vorzeitigen Erh\u00f6hung der Beitr\u00e4ge an die Schweizer Schulen im Ausland zugestimmt. Sie erinnern sich an den Kompromissvorschlag von Herrn Eggly, unterst\u00fctzt von den Kollegen Randegger und Gysin Remo sowie Kollegin Lisbeth Fehr und mir. In dem Sinn sind wir jetzt bereit, die Motion in ein Postulat umzuwandeln. Es hat keinen Sinn, \u00fcber etwas R\u00fcckwirkendes zu debattieren. Wir sind alle sehr zufrieden, dass wir gemeinsam eine Kompromissl\u00f6sung gefunden haben. </p>\n</pd_text>","MeetingCouncilAbbreviation":"N","MeetingDate":"20020318","MeetingVerbalixOid":902,"IdSession":"4612","SpeakerFirstName":"Remo","SpeakerLastName":"Galli","SpeakerFullName":"Galli Remo","SpeakerFunction":"","CouncilId":1,"CouncilName":"Nationalrat","CantonId":2,"CantonName":"Bern","CantonAbbreviation":"BE","ParlGroupName":"Christlichdemokratische Fraktion","ParlGroupAbbreviation":"M-E","SortOrder":1,"Start":"\/Date(1016468205734)\/","End":"\/Date(1016468245328)\/","Function":"","DisplaySpeaker":true,"LanguageOfText":"DE","Modified":"\/Date(1774878195784)\/","StartTimeWithTimezone":"\/Date(1016468205733+0060)\/","EndTimeWithTimezone":"\/Date(1016468245327+0060)\/","VoteBusinessNumber":null,"VoteBusinessShortNumber":null,"VoteBusinessTitle":null}]},"ID":"3829","Language":"DE","IdMeeting":"265","VerbalixOid":55372,"SortOrder":42,"Modified":"\/Date(1774878195782)\/"}}