{"d":{"__metadata":{"id":"https://ws.parlament.ch/OData.svc/Subject(ID=38355L,Language='DE')","uri":"https://ws.parlament.ch/OData.svc/Subject(ID=38355L,Language='DE')","type":"itsystems.Pd.DataServices.DataModel.Subject"},"Meetings":{"__metadata":{"id":"https://ws.parlament.ch/OData.svc/Meeting(ID=3857L,Language='DE')","uri":"https://ws.parlament.ch/OData.svc/Meeting(ID=3857L,Language='DE')","type":"itsystems.Pd.DataServices.DataModel.Meeting"},"Sessions":{"__deferred":{"uri":"https://ws.parlament.ch/OData.svc/Meeting(ID=3857L,Language='DE')/Sessions"}},"Subjects":{"__deferred":{"uri":"https://ws.parlament.ch/OData.svc/Meeting(ID=3857L,Language='DE')/Subjects"}},"ID":"3857","Language":"DE","MeetingNumber":12,"IdSession":5005,"SessionNumber":5,"SessionName":"Herbstsession 2016","Council":2,"CouncilName":"St\u00e4nderat","CouncilAbbreviation":"SR","Date":"\/Date(1475107200000)\/","Begin":"0815","Modified":"\/Date(1476704404647)\/","LegislativePeriodNumber":50,"PublicationStatus":"final","MeetingOrderText":"Zw\u00f6lfte Sitzung","SortOrder":12,"Location":"S"},"SubjectsBusiness":{"results":[{"__metadata":{"id":"https://ws.parlament.ch/OData.svc/SubjectBusiness(BusinessNumber=20150025,IdSubject=38355L,Language='DE')","uri":"https://ws.parlament.ch/OData.svc/SubjectBusiness(BusinessNumber=20150025,IdSubject=38355L,Language='DE')","type":"itsystems.Pd.DataServices.DataModel.SubjectBusiness"},"Subjects":{"__deferred":{"uri":"https://ws.parlament.ch/OData.svc/SubjectBusiness(BusinessNumber=20150025,IdSubject=38355L,Language='DE')/Subjects"}},"Businesses":{"__deferred":{"uri":"https://ws.parlament.ch/OData.svc/SubjectBusiness(BusinessNumber=20150025,IdSubject=38355L,Language='DE')/Businesses"}},"IdSubject":"38355","BusinessNumber":20150025,"Language":"DE","BusinessShortNumber":"15.025","Title":"Mehrwertsteuergesetz. Teilrevision","SortOrder":1,"PublishedNotes":"Differenzen - Divergences\n","Modified":"\/Date(1447069667973)\/","TitleDE":"Mehrwertsteuergesetz.\nTeilrevision","TitleFR":"Loi sur la TVA.\nR\u00e9vision partielle","TitleIT":null}]},"Transcripts":{"results":[{"__metadata":{"id":"https://ws.parlament.ch/OData.svc/Transcript(ID=206047L,Language='DE')","uri":"https://ws.parlament.ch/OData.svc/Transcript(ID=206047L,Language='DE')","type":"itsystems.Pd.DataServices.DataModel.Transcript"},"Subjects":{"__deferred":{"uri":"https://ws.parlament.ch/OData.svc/Transcript(ID=206047L,Language='DE')/Subjects"}},"MembersCouncil":{"__deferred":{"uri":"https://ws.parlament.ch/OData.svc/Transcript(ID=206047L,Language='DE')/MembersCouncil"}},"Businesses":{"__deferred":{"uri":"https://ws.parlament.ch/OData.svc/Transcript(ID=206047L,Language='DE')/Businesses"}},"ID":"206047","Language":"DE","IdSubject":"38355","VoteId":null,"PersonNumber":4026,"Type":1,"Text":"<pd_text><p><b>Bundesgesetz \u00fcber die Mehrwertsteuer</b></p>\n<p><b>Loi f\u00e9d\u00e9rale r\u00e9gissant la taxe sur la valeur ajout\u00e9e</b></p>\n<p>[VS]</p>\n<p><b>Art. 22 Abs. 2 Bst. b</b></p>\n<p><i>Antrag der Einigungskonferenz</i></p>\n<p>Zustimmung zum Entwurf des Bundesrates</p>\n<p>[VS]</p>\n<p><b>Art. 22 al. 2 let. b</b></p>\n<p><i>Proposition de la Conf\u00e9rence de conciliation</i></p>\n<p>Adh\u00e9rer au projet du Conseil f\u00e9d\u00e9ral</p>\n</pd_text>","MeetingCouncilAbbreviation":"S","MeetingDate":"20160929","MeetingVerbalixOid":2800,"IdSession":"5005","SpeakerFirstName":"Rapha\u00ebl","SpeakerLastName":"Comte","SpeakerFullName":"Comte Rapha\u00ebl","SpeakerFunction":"P-M","CouncilId":2,"CouncilName":"St\u00e4nderat","CantonId":24,"CantonName":"Neuenburg","CantonAbbreviation":"NE","ParlGroupName":"FDP-Liberale Fraktion","ParlGroupAbbreviation":"RL","SortOrder":1,"Start":"\/Date(1475150561860)\/","End":"\/Date(1475150578503)\/","Function":"P-M","DisplaySpeaker":false,"LanguageOfText":null,"Modified":"\/Date(1758882231793)\/","StartTimeWithTimezone":"\/Date(1475150561860+0120)\/","EndTimeWithTimezone":"\/Date(1475150578503+0120)\/","VoteBusinessNumber":null,"VoteBusinessShortNumber":null,"VoteBusinessTitle":null},{"__metadata":{"id":"https://ws.parlament.ch/OData.svc/Transcript(ID=206048L,Language='DE')","uri":"https://ws.parlament.ch/OData.svc/Transcript(ID=206048L,Language='DE')","type":"itsystems.Pd.DataServices.DataModel.Transcript"},"Subjects":{"__deferred":{"uri":"https://ws.parlament.ch/OData.svc/Transcript(ID=206048L,Language='DE')/Subjects"}},"MembersCouncil":{"__deferred":{"uri":"https://ws.parlament.ch/OData.svc/Transcript(ID=206048L,Language='DE')/MembersCouncil"}},"Businesses":{"__deferred":{"uri":"https://ws.parlament.ch/OData.svc/Transcript(ID=206048L,Language='DE')/Businesses"}},"ID":"206048","Language":"DE","IdSubject":"38355","VoteId":null,"PersonNumber":4026,"Type":1,"Text":"<pd_text><p><i>Angenommen - Adopt\u00e9</i></p>\n</pd_text>","MeetingCouncilAbbreviation":"S","MeetingDate":"20160929","MeetingVerbalixOid":2800,"IdSession":"5005","SpeakerFirstName":"Rapha\u00ebl","SpeakerLastName":"Comte","SpeakerFullName":"Comte Rapha\u00ebl","SpeakerFunction":"P-M","CouncilId":2,"CouncilName":"St\u00e4nderat","CantonId":24,"CantonName":"Neuenburg","CantonAbbreviation":"NE","ParlGroupName":"FDP-Liberale Fraktion","ParlGroupAbbreviation":"RL","SortOrder":3,"Start":"\/Date(1475150604903)\/","End":"\/Date(1475150627370)\/","Function":"P-M","DisplaySpeaker":false,"LanguageOfText":null,"Modified":"\/Date(1758882231793)\/","StartTimeWithTimezone":"\/Date(1475150604903+0120)\/","EndTimeWithTimezone":"\/Date(1475150627370+0120)\/","VoteBusinessNumber":null,"VoteBusinessShortNumber":null,"VoteBusinessTitle":null},{"__metadata":{"id":"https://ws.parlament.ch/OData.svc/Transcript(ID=206054L,Language='DE')","uri":"https://ws.parlament.ch/OData.svc/Transcript(ID=206054L,Language='DE')","type":"itsystems.Pd.DataServices.DataModel.Transcript"},"Subjects":{"__deferred":{"uri":"https://ws.parlament.ch/OData.svc/Transcript(ID=206054L,Language='DE')/Subjects"}},"MembersCouncil":{"__deferred":{"uri":"https://ws.parlament.ch/OData.svc/Transcript(ID=206054L,Language='DE')/MembersCouncil"}},"Businesses":{"__deferred":{"uri":"https://ws.parlament.ch/OData.svc/Transcript(ID=206054L,Language='DE')/Businesses"}},"ID":"206054","Language":"DE","IdSubject":"38355","VoteId":null,"PersonNumber":4078,"Type":1,"Text":"<pd_text><p>Machen Sie sich auf ein ganz kurzes Votum gefasst. Wir haben das Gesch\u00e4ft \"Mehrwertsteuergesetz. Teilrevision\" heute Morgen in der Einigungskonferenz diskutiert. Die Einigungskonferenz schl\u00e4gt Ihnen einstimmig vor, St\u00e4nderat und Bundesrat zu folgen, dies aus administrativen und finanziellen Gr\u00fcnden.</p>\n<p>Ich bitte Sie, dem Antrag der Einigungskonferenz zu folgen.</p>\n</pd_text>","MeetingCouncilAbbreviation":"S","MeetingDate":"20160929","MeetingVerbalixOid":2800,"IdSession":"5005","SpeakerFirstName":"Martin","SpeakerLastName":"Schmid","SpeakerFullName":"Schmid Martin","SpeakerFunction":"Mit-M","CouncilId":2,"CouncilName":"St\u00e4nderat","CantonId":18,"CantonName":"Graub\u00fcnden","CantonAbbreviation":"GR","ParlGroupName":"FDP-Liberale Fraktion","ParlGroupAbbreviation":"RL","SortOrder":2,"Start":"\/Date(1475150578503)\/","End":"\/Date(1475150604903)\/","Function":"*","DisplaySpeaker":true,"LanguageOfText":"DE","Modified":"\/Date(1758882231793)\/","StartTimeWithTimezone":"\/Date(1475150578503+0120)\/","EndTimeWithTimezone":"\/Date(1475150604903+0120)\/","VoteBusinessNumber":null,"VoteBusinessShortNumber":null,"VoteBusinessTitle":null}]},"ID":"38355","Language":"DE","IdMeeting":"3857","VerbalixOid":507192,"SortOrder":11,"Modified":"\/Date(1758882231793)\/"}}