{"d":{"__metadata":{"id":"https://ws.parlament.ch/OData.svc/Subject(ID=38392L,Language='DE')","uri":"https://ws.parlament.ch/OData.svc/Subject(ID=38392L,Language='DE')","type":"itsystems.Pd.DataServices.DataModel.Subject"},"Meetings":{"__metadata":{"id":"https://ws.parlament.ch/OData.svc/Meeting(ID=3860L,Language='DE')","uri":"https://ws.parlament.ch/OData.svc/Meeting(ID=3860L,Language='DE')","type":"itsystems.Pd.DataServices.DataModel.Meeting"},"Sessions":{"__deferred":{"uri":"https://ws.parlament.ch/OData.svc/Meeting(ID=3860L,Language='DE')/Sessions"}},"Subjects":{"__deferred":{"uri":"https://ws.parlament.ch/OData.svc/Meeting(ID=3860L,Language='DE')/Subjects"}},"ID":"3860","Language":"DE","MeetingNumber":13,"IdSession":5005,"SessionNumber":5,"SessionName":"Herbstsession 2016","Council":2,"CouncilName":"St\u00e4nderat","CouncilAbbreviation":"SR","Date":"\/Date(1475193600000)\/","Begin":"0815","Modified":"\/Date(1476709986043)\/","LegislativePeriodNumber":50,"PublicationStatus":"final","MeetingOrderText":"Dreizehnte Sitzung","SortOrder":13,"Location":"S"},"SubjectsBusiness":{"results":[{"__metadata":{"id":"https://ws.parlament.ch/OData.svc/SubjectBusiness(BusinessNumber=20080432,IdSubject=38392L,Language='DE')","uri":"https://ws.parlament.ch/OData.svc/SubjectBusiness(BusinessNumber=20080432,IdSubject=38392L,Language='DE')","type":"itsystems.Pd.DataServices.DataModel.SubjectBusiness"},"Subjects":{"__deferred":{"uri":"https://ws.parlament.ch/OData.svc/SubjectBusiness(BusinessNumber=20080432,IdSubject=38392L,Language='DE')/Subjects"}},"Businesses":{"__deferred":{"uri":"https://ws.parlament.ch/OData.svc/SubjectBusiness(BusinessNumber=20080432,IdSubject=38392L,Language='DE')/Businesses"}},"IdSubject":"38392","BusinessNumber":20080432,"Language":"DE","BusinessShortNumber":"08.432","Title":"Die Schweiz muss ihre Kinder anerkennen","SortOrder":1,"PublishedNotes":"Schlussabstimmung - Vote final\n","Modified":"\/Date(1447069364513)\/","TitleDE":"Parlamentarische Initiative\nMarra Ada.\nDie Schweiz muss\nihre Kinder anerkennen","TitleFR":"Initiative parlementaire\nMarra Ada.\nLa Suisse doit\nreconna\u00eetre ses enfants","TitleIT":null}]},"Transcripts":{"results":[{"__metadata":{"id":"https://ws.parlament.ch/OData.svc/Transcript(ID=206326L,Language='DE')","uri":"https://ws.parlament.ch/OData.svc/Transcript(ID=206326L,Language='DE')","type":"itsystems.Pd.DataServices.DataModel.Transcript"},"Subjects":{"__deferred":{"uri":"https://ws.parlament.ch/OData.svc/Transcript(ID=206326L,Language='DE')/Subjects"}},"MembersCouncil":{"__deferred":{"uri":"https://ws.parlament.ch/OData.svc/Transcript(ID=206326L,Language='DE')/MembersCouncil"}},"Businesses":{"__deferred":{"uri":"https://ws.parlament.ch/OData.svc/Transcript(ID=206326L,Language='DE')/Businesses"}},"ID":"206326","Language":"DE","IdSubject":"38392","VoteId":"1657","PersonNumber":null,"Type":2,"Text":"<pd_text><p><i>Abstimmung - Vote</i></p>\n<p>[NAM]</p>\n<p>F\u00fcr Annahme des Entwurfes ... 25 Stimmen</p>\n<p>Dagegen ... 19 Stimmen</p>\n<p>(0 Enthaltungen)</p>\n<p>[VS]</p>\n</pd_text>","MeetingCouncilAbbreviation":"S","MeetingDate":"20160930","MeetingVerbalixOid":2803,"IdSession":"5005","SpeakerFirstName":null,"SpeakerLastName":null,"SpeakerFullName":"","SpeakerFunction":null,"CouncilId":null,"CouncilName":null,"CantonId":null,"CantonName":null,"CantonAbbreviation":null,"ParlGroupName":null,"ParlGroupAbbreviation":null,"SortOrder":2,"Start":"\/Date(1475223743720)\/","End":"\/Date(1475223743720)\/","Function":null,"DisplaySpeaker":null,"LanguageOfText":"FR","Modified":"\/Date(1512565228150)\/","StartTimeWithTimezone":"\/Date(1475223743720+0120)\/","EndTimeWithTimezone":"\/Date(1475223743720+0120)\/","VoteBusinessNumber":20080432,"VoteBusinessShortNumber":"08.432","VoteBusinessTitle":"Parlamentarische Initiative\nMarra Ada.\nDie Schweiz muss\nihre Kinder anerkennen"},{"__metadata":{"id":"https://ws.parlament.ch/OData.svc/Transcript(ID=206327L,Language='DE')","uri":"https://ws.parlament.ch/OData.svc/Transcript(ID=206327L,Language='DE')","type":"itsystems.Pd.DataServices.DataModel.Transcript"},"Subjects":{"__deferred":{"uri":"https://ws.parlament.ch/OData.svc/Transcript(ID=206327L,Language='DE')/Subjects"}},"MembersCouncil":{"__deferred":{"uri":"https://ws.parlament.ch/OData.svc/Transcript(ID=206327L,Language='DE')/MembersCouncil"}},"Businesses":{"__deferred":{"uri":"https://ws.parlament.ch/OData.svc/Transcript(ID=206327L,Language='DE')/Businesses"}},"ID":"206327","Language":"DE","IdSubject":"38392","VoteId":"1658","PersonNumber":null,"Type":2,"Text":"<pd_text><p><i>Abstimmung - Vote</i></p>\n<p>[NAM]</p>\n<p>F\u00fcr Annahme des Entwurfes ... 25 Stimmen</p>\n<p>Dagegen ... 19 Stimmen</p>\n<p>(0 Enthaltungen) [PAGE 874] </p>\n</pd_text>","MeetingCouncilAbbreviation":"S","MeetingDate":"20160930","MeetingVerbalixOid":2803,"IdSession":"5005","SpeakerFirstName":null,"SpeakerLastName":null,"SpeakerFullName":"","SpeakerFunction":null,"CouncilId":null,"CouncilName":null,"CantonId":null,"CantonName":null,"CantonAbbreviation":null,"ParlGroupName":null,"ParlGroupAbbreviation":null,"SortOrder":4,"Start":"\/Date(1475223751017)\/","End":"\/Date(1475223789697)\/","Function":null,"DisplaySpeaker":null,"LanguageOfText":"FR","Modified":"\/Date(1512565228150)\/","StartTimeWithTimezone":"\/Date(1475223751017+0120)\/","EndTimeWithTimezone":"\/Date(1475223789697+0120)\/","VoteBusinessNumber":20080432,"VoteBusinessShortNumber":"08.432","VoteBusinessTitle":"Parlamentarische Initiative\nMarra Ada.\nDie Schweiz muss\nihre Kinder anerkennen"},{"__metadata":{"id":"https://ws.parlament.ch/OData.svc/Transcript(ID=206629L,Language='DE')","uri":"https://ws.parlament.ch/OData.svc/Transcript(ID=206629L,Language='DE')","type":"itsystems.Pd.DataServices.DataModel.Transcript"},"Subjects":{"__deferred":{"uri":"https://ws.parlament.ch/OData.svc/Transcript(ID=206629L,Language='DE')/Subjects"}},"MembersCouncil":{"__deferred":{"uri":"https://ws.parlament.ch/OData.svc/Transcript(ID=206629L,Language='DE')/MembersCouncil"}},"Businesses":{"__deferred":{"uri":"https://ws.parlament.ch/OData.svc/Transcript(ID=206629L,Language='DE')/Businesses"}},"ID":"206629","Language":"DE","IdSubject":"38392","VoteId":null,"PersonNumber":4026,"Type":1,"Text":"<pd_text><p><b>1. Bundesbeschluss \u00fcber die erleichterte Einb\u00fcrgerung von Personen der dritten Ausl\u00e4ndergeneration</b></p>\n<p><b>1. Arr\u00eat\u00e9 f\u00e9d\u00e9ral concernant la naturalisation facilit\u00e9e des \u00e9trangers de la troisi\u00e8me g\u00e9n\u00e9ration</b></p>\n</pd_text>","MeetingCouncilAbbreviation":"S","MeetingDate":"20160930","MeetingVerbalixOid":2803,"IdSession":"5005","SpeakerFirstName":"Rapha\u00ebl","SpeakerLastName":"Comte","SpeakerFullName":"Comte Rapha\u00ebl","SpeakerFunction":"P-M","CouncilId":2,"CouncilName":"St\u00e4nderat","CantonId":24,"CantonName":"Neuenburg","CantonAbbreviation":"NE","ParlGroupName":"FDP-Liberale Fraktion","ParlGroupAbbreviation":"RL","SortOrder":1,"Start":"\/Date(1475223707920)\/","End":"\/Date(1475223743720)\/","Function":"P-M","DisplaySpeaker":false,"LanguageOfText":null,"Modified":"\/Date(1512565228150)\/","StartTimeWithTimezone":"\/Date(1475223707920+0120)\/","EndTimeWithTimezone":"\/Date(1475223743720+0120)\/","VoteBusinessNumber":null,"VoteBusinessShortNumber":null,"VoteBusinessTitle":null},{"__metadata":{"id":"https://ws.parlament.ch/OData.svc/Transcript(ID=206630L,Language='DE')","uri":"https://ws.parlament.ch/OData.svc/Transcript(ID=206630L,Language='DE')","type":"itsystems.Pd.DataServices.DataModel.Transcript"},"Subjects":{"__deferred":{"uri":"https://ws.parlament.ch/OData.svc/Transcript(ID=206630L,Language='DE')/Subjects"}},"MembersCouncil":{"__deferred":{"uri":"https://ws.parlament.ch/OData.svc/Transcript(ID=206630L,Language='DE')/MembersCouncil"}},"Businesses":{"__deferred":{"uri":"https://ws.parlament.ch/OData.svc/Transcript(ID=206630L,Language='DE')/Businesses"}},"ID":"206630","Language":"DE","IdSubject":"38392","VoteId":null,"PersonNumber":4026,"Type":1,"Text":"<pd_text><p><b>2. Bundesgesetz \u00fcber das Schweizer B\u00fcrgerrecht (Erleichterte Einb\u00fcrgerung von Personen der dritten Ausl\u00e4ndergeneration)</b></p>\n<p><b>2. Loi sur la nationalit\u00e9 suisse (Naturalisation facilit\u00e9e des \u00e9trangers de la troisi\u00e8me g\u00e9n\u00e9ration)</b></p>\n</pd_text>","MeetingCouncilAbbreviation":"S","MeetingDate":"20160930","MeetingVerbalixOid":2803,"IdSession":"5005","SpeakerFirstName":"Rapha\u00ebl","SpeakerLastName":"Comte","SpeakerFullName":"Comte Rapha\u00ebl","SpeakerFunction":"P-M","CouncilId":2,"CouncilName":"St\u00e4nderat","CantonId":24,"CantonName":"Neuenburg","CantonAbbreviation":"NE","ParlGroupName":"FDP-Liberale Fraktion","ParlGroupAbbreviation":"RL","SortOrder":3,"Start":"\/Date(1475223743720)\/","End":"\/Date(1475223751017)\/","Function":"P-M","DisplaySpeaker":false,"LanguageOfText":null,"Modified":"\/Date(1512565228150)\/","StartTimeWithTimezone":"\/Date(1475223743720+0120)\/","EndTimeWithTimezone":"\/Date(1475223751017+0120)\/","VoteBusinessNumber":null,"VoteBusinessShortNumber":null,"VoteBusinessTitle":null}]},"ID":"38392","Language":"DE","IdMeeting":"3860","VerbalixOid":507608,"SortOrder":2,"Modified":"\/Date(1512565228133)\/"}}