{"d":{"__metadata":{"id":"https://ws.parlament.ch/OData.svc/Subject(ID=38397L,Language='DE')","uri":"https://ws.parlament.ch/OData.svc/Subject(ID=38397L,Language='DE')","type":"itsystems.Pd.DataServices.DataModel.Subject"},"Meetings":{"__metadata":{"id":"https://ws.parlament.ch/OData.svc/Meeting(ID=3860L,Language='DE')","uri":"https://ws.parlament.ch/OData.svc/Meeting(ID=3860L,Language='DE')","type":"itsystems.Pd.DataServices.DataModel.Meeting"},"Sessions":{"__deferred":{"uri":"https://ws.parlament.ch/OData.svc/Meeting(ID=3860L,Language='DE')/Sessions"}},"Subjects":{"__deferred":{"uri":"https://ws.parlament.ch/OData.svc/Meeting(ID=3860L,Language='DE')/Subjects"}},"ID":"3860","Language":"DE","MeetingNumber":13,"IdSession":5005,"SessionNumber":5,"SessionName":"Herbstsession 2016","Council":2,"CouncilName":"St\u00e4nderat","CouncilAbbreviation":"SR","Date":"\/Date(1475193600000)\/","Begin":"0815","Modified":"\/Date(1476709986043)\/","LegislativePeriodNumber":50,"PublicationStatus":"final","MeetingOrderText":"Dreizehnte Sitzung","SortOrder":13,"Location":"S"},"SubjectsBusiness":{"results":[{"__metadata":{"id":"https://ws.parlament.ch/OData.svc/SubjectBusiness(BusinessNumber=20150023,IdSubject=38397L,Language='DE')","uri":"https://ws.parlament.ch/OData.svc/SubjectBusiness(BusinessNumber=20150023,IdSubject=38397L,Language='DE')","type":"itsystems.Pd.DataServices.DataModel.SubjectBusiness"},"Subjects":{"__deferred":{"uri":"https://ws.parlament.ch/OData.svc/SubjectBusiness(BusinessNumber=20150023,IdSubject=38397L,Language='DE')/Subjects"}},"Businesses":{"__deferred":{"uri":"https://ws.parlament.ch/OData.svc/SubjectBusiness(BusinessNumber=20150023,IdSubject=38397L,Language='DE')/Businesses"}},"IdSubject":"38397","BusinessNumber":20150023,"Language":"DE","BusinessShortNumber":"15.023","Title":"Nationalstrassen- und Agglomerationsverkehrs-Fonds (NAF). Schliessung der Finanzierungsl\u00fccke und Strategisches Entwicklungsprogramm Nationalstrassen","SortOrder":1,"PublishedNotes":"Schlussabstimmung - Vote final\n","Modified":"\/Date(1447069667936)\/","TitleDE":"Nationalstrassen- und\nAgglomerationsverkehrsfonds (NAF).\nSchliessung der Finanzierungsl\u00fccke\nund Strategisches\nEntwicklungsprogramm\nNationalstrassen","TitleFR":"Fonds pour les routes nationales\net le trafic d'agglom\u00e9ration (FORTA).\nComblement du d\u00e9ficit\net mise en oeuvre du programme\nde d\u00e9veloppement strat\u00e9gique\ndes routes nationales","TitleIT":null}]},"Transcripts":{"results":[{"__metadata":{"id":"https://ws.parlament.ch/OData.svc/Transcript(ID=206332L,Language='DE')","uri":"https://ws.parlament.ch/OData.svc/Transcript(ID=206332L,Language='DE')","type":"itsystems.Pd.DataServices.DataModel.Transcript"},"Subjects":{"__deferred":{"uri":"https://ws.parlament.ch/OData.svc/Transcript(ID=206332L,Language='DE')/Subjects"}},"MembersCouncil":{"__deferred":{"uri":"https://ws.parlament.ch/OData.svc/Transcript(ID=206332L,Language='DE')/MembersCouncil"}},"Businesses":{"__deferred":{"uri":"https://ws.parlament.ch/OData.svc/Transcript(ID=206332L,Language='DE')/Businesses"}},"ID":"206332","Language":"DE","IdSubject":"38397","VoteId":"1662","PersonNumber":null,"Type":2,"Text":"<pd_text><p><i>Abstimmung - Vote</i></p>\n<p>[NAM]</p>\n<p>F\u00fcr Annahme des Entwurfes ... 41 Stimmen</p>\n<p>Dagegen ... 1 Stimme</p>\n<p>(2 Enthaltungen)</p>\n<p>[VS]</p>\n</pd_text>","MeetingCouncilAbbreviation":"S","MeetingDate":"20160930","MeetingVerbalixOid":2803,"IdSession":"5005","SpeakerFirstName":null,"SpeakerLastName":null,"SpeakerFullName":"","SpeakerFunction":null,"CouncilId":null,"CouncilName":null,"CantonId":null,"CantonName":null,"CantonAbbreviation":null,"ParlGroupName":null,"ParlGroupAbbreviation":null,"SortOrder":2,"Start":"\/Date(1475223898623)\/","End":"\/Date(1475223898623)\/","Function":null,"DisplaySpeaker":null,"LanguageOfText":null,"Modified":"\/Date(1512565228167)\/","StartTimeWithTimezone":"\/Date(1475223898623+0120)\/","EndTimeWithTimezone":"\/Date(1475223898623+0120)\/","VoteBusinessNumber":20150023,"VoteBusinessShortNumber":"15.023","VoteBusinessTitle":"Nationalstrassen- und\nAgglomerationsverkehrsfonds (NAF).\nSchliessung der Finanzierungsl\u00fccke\nund Strategisches\nEntwicklungsprogramm\nNationalstrassen"},{"__metadata":{"id":"https://ws.parlament.ch/OData.svc/Transcript(ID=206334L,Language='DE')","uri":"https://ws.parlament.ch/OData.svc/Transcript(ID=206334L,Language='DE')","type":"itsystems.Pd.DataServices.DataModel.Transcript"},"Subjects":{"__deferred":{"uri":"https://ws.parlament.ch/OData.svc/Transcript(ID=206334L,Language='DE')/Subjects"}},"MembersCouncil":{"__deferred":{"uri":"https://ws.parlament.ch/OData.svc/Transcript(ID=206334L,Language='DE')/MembersCouncil"}},"Businesses":{"__deferred":{"uri":"https://ws.parlament.ch/OData.svc/Transcript(ID=206334L,Language='DE')/Businesses"}},"ID":"206334","Language":"DE","IdSubject":"38397","VoteId":"1663","PersonNumber":null,"Type":2,"Text":"<pd_text><p><i>Abstimmung - Vote</i></p>\n<p>[NAM]</p>\n<p>F\u00fcr Annahme des Entwurfes ... 44 Stimmen</p>\n<p>(Einstimmigkeit)</p>\n<p>(0 Enthaltungen)</p>\n</pd_text>","MeetingCouncilAbbreviation":"S","MeetingDate":"20160930","MeetingVerbalixOid":2803,"IdSession":"5005","SpeakerFirstName":null,"SpeakerLastName":null,"SpeakerFullName":"","SpeakerFunction":null,"CouncilId":null,"CouncilName":null,"CantonId":null,"CantonName":null,"CantonAbbreviation":null,"ParlGroupName":null,"ParlGroupAbbreviation":null,"SortOrder":4,"Start":"\/Date(1475223913127)\/","End":"\/Date(1475223941533)\/","Function":null,"DisplaySpeaker":null,"LanguageOfText":"DE","Modified":"\/Date(1512565228167)\/","StartTimeWithTimezone":"\/Date(1475223913127+0120)\/","EndTimeWithTimezone":"\/Date(1475223941533+0120)\/","VoteBusinessNumber":20150023,"VoteBusinessShortNumber":"15.023","VoteBusinessTitle":"Nationalstrassen- und\nAgglomerationsverkehrsfonds (NAF).\nSchliessung der Finanzierungsl\u00fccke\nund Strategisches\nEntwicklungsprogramm\nNationalstrassen"},{"__metadata":{"id":"https://ws.parlament.ch/OData.svc/Transcript(ID=206634L,Language='DE')","uri":"https://ws.parlament.ch/OData.svc/Transcript(ID=206634L,Language='DE')","type":"itsystems.Pd.DataServices.DataModel.Transcript"},"Subjects":{"__deferred":{"uri":"https://ws.parlament.ch/OData.svc/Transcript(ID=206634L,Language='DE')/Subjects"}},"MembersCouncil":{"__deferred":{"uri":"https://ws.parlament.ch/OData.svc/Transcript(ID=206634L,Language='DE')/MembersCouncil"}},"Businesses":{"__deferred":{"uri":"https://ws.parlament.ch/OData.svc/Transcript(ID=206634L,Language='DE')/Businesses"}},"ID":"206634","Language":"DE","IdSubject":"38397","VoteId":null,"PersonNumber":4026,"Type":1,"Text":"<pd_text><p><b>1. Bundesbeschluss \u00fcber die Schaffung eines Fonds f\u00fcr die Nationalstrassen und den Agglomerationsverkehr</b></p>\n<p><b>1. Arr\u00eat\u00e9 f\u00e9d\u00e9ral sur la cr\u00e9ation d'un fonds pour les routes nationales et le trafic d'agglom\u00e9ration</b></p>\n</pd_text>","MeetingCouncilAbbreviation":"S","MeetingDate":"20160930","MeetingVerbalixOid":2803,"IdSession":"5005","SpeakerFirstName":"Rapha\u00ebl","SpeakerLastName":"Comte","SpeakerFullName":"Comte Rapha\u00ebl","SpeakerFunction":"P-M","CouncilId":2,"CouncilName":"St\u00e4nderat","CantonId":24,"CantonName":"Neuenburg","CantonAbbreviation":"NE","ParlGroupName":"FDP-Liberale Fraktion","ParlGroupAbbreviation":"RL","SortOrder":1,"Start":"\/Date(1475223880543)\/","End":"\/Date(1475223898623)\/","Function":"P-M","DisplaySpeaker":false,"LanguageOfText":null,"Modified":"\/Date(1512565228167)\/","StartTimeWithTimezone":"\/Date(1475223880543+0120)\/","EndTimeWithTimezone":"\/Date(1475223898623+0120)\/","VoteBusinessNumber":null,"VoteBusinessShortNumber":null,"VoteBusinessTitle":null},{"__metadata":{"id":"https://ws.parlament.ch/OData.svc/Transcript(ID=206635L,Language='DE')","uri":"https://ws.parlament.ch/OData.svc/Transcript(ID=206635L,Language='DE')","type":"itsystems.Pd.DataServices.DataModel.Transcript"},"Subjects":{"__deferred":{"uri":"https://ws.parlament.ch/OData.svc/Transcript(ID=206635L,Language='DE')/Subjects"}},"MembersCouncil":{"__deferred":{"uri":"https://ws.parlament.ch/OData.svc/Transcript(ID=206635L,Language='DE')/MembersCouncil"}},"Businesses":{"__deferred":{"uri":"https://ws.parlament.ch/OData.svc/Transcript(ID=206635L,Language='DE')/Businesses"}},"ID":"206635","Language":"DE","IdSubject":"38397","VoteId":null,"PersonNumber":4026,"Type":1,"Text":"<pd_text><p><b>2. Bundesgesetz \u00fcber den Fonds f\u00fcr die Nationalstrassen und den Agglomerationsverkehr</b></p>\n<p><b>2. Loi f\u00e9d\u00e9rale sur le fonds pour les routes nationales et le trafic d'agglom\u00e9ration</b></p>\n</pd_text>","MeetingCouncilAbbreviation":"S","MeetingDate":"20160930","MeetingVerbalixOid":2803,"IdSession":"5005","SpeakerFirstName":"Rapha\u00ebl","SpeakerLastName":"Comte","SpeakerFullName":"Comte Rapha\u00ebl","SpeakerFunction":"P-M","CouncilId":2,"CouncilName":"St\u00e4nderat","CantonId":24,"CantonName":"Neuenburg","CantonAbbreviation":"NE","ParlGroupName":"FDP-Liberale Fraktion","ParlGroupAbbreviation":"RL","SortOrder":3,"Start":"\/Date(1475223898623)\/","End":"\/Date(1475223913127)\/","Function":"P-M","DisplaySpeaker":false,"LanguageOfText":null,"Modified":"\/Date(1512565228167)\/","StartTimeWithTimezone":"\/Date(1475223898623+0120)\/","EndTimeWithTimezone":"\/Date(1475223913127+0120)\/","VoteBusinessNumber":null,"VoteBusinessShortNumber":null,"VoteBusinessTitle":null}]},"ID":"38397","Language":"DE","IdMeeting":"3860","VerbalixOid":507624,"SortOrder":6,"Modified":"\/Date(1512565228150)\/"}}