{"d":{"__metadata":{"id":"https://ws.parlament.ch/OData.svc/Subject(ID=38402L,Language='DE')","uri":"https://ws.parlament.ch/OData.svc/Subject(ID=38402L,Language='DE')","type":"itsystems.Pd.DataServices.DataModel.Subject"},"Meetings":{"__metadata":{"id":"https://ws.parlament.ch/OData.svc/Meeting(ID=3860L,Language='DE')","uri":"https://ws.parlament.ch/OData.svc/Meeting(ID=3860L,Language='DE')","type":"itsystems.Pd.DataServices.DataModel.Meeting"},"Sessions":{"__deferred":{"uri":"https://ws.parlament.ch/OData.svc/Meeting(ID=3860L,Language='DE')/Sessions"}},"Subjects":{"__deferred":{"uri":"https://ws.parlament.ch/OData.svc/Meeting(ID=3860L,Language='DE')/Subjects"}},"ID":"3860","Language":"DE","MeetingNumber":13,"IdSession":5005,"SessionNumber":5,"SessionName":"Herbstsession 2016","Council":2,"CouncilName":"St\u00e4nderat","CouncilAbbreviation":"SR","Date":"\/Date(1475193600000)\/","Begin":"0815","Modified":"\/Date(1476709986043)\/","LegislativePeriodNumber":50,"PublicationStatus":"final","MeetingOrderText":"Dreizehnte Sitzung","SortOrder":13,"Location":"S"},"SubjectsBusiness":{"results":[{"__metadata":{"id":"https://ws.parlament.ch/OData.svc/SubjectBusiness(BusinessNumber=20150077,IdSubject=38402L,Language='DE')","uri":"https://ws.parlament.ch/OData.svc/SubjectBusiness(BusinessNumber=20150077,IdSubject=38402L,Language='DE')","type":"itsystems.Pd.DataServices.DataModel.SubjectBusiness"},"Subjects":{"__deferred":{"uri":"https://ws.parlament.ch/OData.svc/SubjectBusiness(BusinessNumber=20150077,IdSubject=38402L,Language='DE')/Subjects"}},"Businesses":{"__deferred":{"uri":"https://ws.parlament.ch/OData.svc/SubjectBusiness(BusinessNumber=20150077,IdSubject=38402L,Language='DE')/Businesses"}},"IdSubject":"38402","BusinessNumber":20150077,"Language":"DE","BusinessShortNumber":"15.077","Title":"Bundesgesetz \u00fcber die Gesundheitsberufe","SortOrder":1,"PublishedNotes":"Schlussabstimmung - Vote final\n","Modified":"\/Date(1456503831413)\/","TitleDE":"Bundesgesetz\n\u00fcber die Gesundheitsberufe","TitleFR":"Loi sur les professions de la sant\u00e9","TitleIT":null}]},"Transcripts":{"results":[{"__metadata":{"id":"https://ws.parlament.ch/OData.svc/Transcript(ID=206339L,Language='DE')","uri":"https://ws.parlament.ch/OData.svc/Transcript(ID=206339L,Language='DE')","type":"itsystems.Pd.DataServices.DataModel.Transcript"},"Subjects":{"__deferred":{"uri":"https://ws.parlament.ch/OData.svc/Transcript(ID=206339L,Language='DE')/Subjects"}},"MembersCouncil":{"__deferred":{"uri":"https://ws.parlament.ch/OData.svc/Transcript(ID=206339L,Language='DE')/MembersCouncil"}},"Businesses":{"__deferred":{"uri":"https://ws.parlament.ch/OData.svc/Transcript(ID=206339L,Language='DE')/Businesses"}},"ID":"206339","Language":"DE","IdSubject":"38402","VoteId":"1667","PersonNumber":null,"Type":2,"Text":"<pd_text><p><i>Abstimmung - Vote</i></p>\n<p>[NAM]</p>\n<p>F\u00fcr Annahme des Entwurfes ... 44 Stimmen</p>\n<p>(Einstimmigkeit)</p>\n<p>(0 Enthaltungen)</p>\n</pd_text>","MeetingCouncilAbbreviation":"S","MeetingDate":"20160930","MeetingVerbalixOid":2803,"IdSession":"5005","SpeakerFirstName":null,"SpeakerLastName":null,"SpeakerFullName":"","SpeakerFunction":null,"CouncilId":null,"CouncilName":null,"CantonId":null,"CantonName":null,"CantonAbbreviation":null,"ParlGroupName":null,"ParlGroupAbbreviation":null,"SortOrder":2,"Start":"\/Date(1475224057127)\/","End":"\/Date(1475224071990)\/","Function":null,"DisplaySpeaker":null,"LanguageOfText":null,"Modified":"\/Date(1512565228180)\/","StartTimeWithTimezone":"\/Date(1475224057127+0120)\/","EndTimeWithTimezone":"\/Date(1475224071990+0120)\/","VoteBusinessNumber":20150077,"VoteBusinessShortNumber":"15.077","VoteBusinessTitle":"Bundesgesetz\n\u00fcber die Gesundheitsberufe"},{"__metadata":{"id":"https://ws.parlament.ch/OData.svc/Transcript(ID=206639L,Language='DE')","uri":"https://ws.parlament.ch/OData.svc/Transcript(ID=206639L,Language='DE')","type":"itsystems.Pd.DataServices.DataModel.Transcript"},"Subjects":{"__deferred":{"uri":"https://ws.parlament.ch/OData.svc/Transcript(ID=206639L,Language='DE')/Subjects"}},"MembersCouncil":{"__deferred":{"uri":"https://ws.parlament.ch/OData.svc/Transcript(ID=206639L,Language='DE')/MembersCouncil"}},"Businesses":{"__deferred":{"uri":"https://ws.parlament.ch/OData.svc/Transcript(ID=206639L,Language='DE')/Businesses"}},"ID":"206639","Language":"DE","IdSubject":"38402","VoteId":null,"PersonNumber":4026,"Type":1,"Text":"<pd_text><p><b>1. Bundesgesetz \u00fcber die Gesundheitsberufe</b></p>\n<p><b>1. Loi f\u00e9d\u00e9rale sur les professions de la sant\u00e9</b></p>\n</pd_text>","MeetingCouncilAbbreviation":"S","MeetingDate":"20160930","MeetingVerbalixOid":2803,"IdSession":"5005","SpeakerFirstName":"Rapha\u00ebl","SpeakerLastName":"Comte","SpeakerFullName":"Comte Rapha\u00ebl","SpeakerFunction":"P-M","CouncilId":2,"CouncilName":"St\u00e4nderat","CantonId":24,"CantonName":"Neuenburg","CantonAbbreviation":"NE","ParlGroupName":"FDP-Liberale Fraktion","ParlGroupAbbreviation":"RL","SortOrder":1,"Start":"\/Date(1475224042137)\/","End":"\/Date(1475224057127)\/","Function":"P-M","DisplaySpeaker":false,"LanguageOfText":null,"Modified":"\/Date(1512565228180)\/","StartTimeWithTimezone":"\/Date(1475224042137+0120)\/","EndTimeWithTimezone":"\/Date(1475224057127+0120)\/","VoteBusinessNumber":null,"VoteBusinessShortNumber":null,"VoteBusinessTitle":null}]},"ID":"38402","Language":"DE","IdMeeting":"3860","VerbalixOid":507641,"SortOrder":10,"Modified":"\/Date(1512565228180)\/"}}