{"d":{"__metadata":{"id":"https://ws.parlament.ch/OData.svc/Subject(ID=38405L,Language='DE')","uri":"https://ws.parlament.ch/OData.svc/Subject(ID=38405L,Language='DE')","type":"itsystems.Pd.DataServices.DataModel.Subject"},"Meetings":{"__metadata":{"id":"https://ws.parlament.ch/OData.svc/Meeting(ID=3860L,Language='DE')","uri":"https://ws.parlament.ch/OData.svc/Meeting(ID=3860L,Language='DE')","type":"itsystems.Pd.DataServices.DataModel.Meeting"},"Sessions":{"__deferred":{"uri":"https://ws.parlament.ch/OData.svc/Meeting(ID=3860L,Language='DE')/Sessions"}},"Subjects":{"__deferred":{"uri":"https://ws.parlament.ch/OData.svc/Meeting(ID=3860L,Language='DE')/Subjects"}},"ID":"3860","Language":"DE","MeetingNumber":13,"IdSession":5005,"SessionNumber":5,"SessionName":"Herbstsession 2016","Council":2,"CouncilName":"St\u00e4nderat","CouncilAbbreviation":"SR","Date":"\/Date(1475193600000)\/","Begin":"0815","Modified":"\/Date(1476709986043)\/","LegislativePeriodNumber":50,"PublicationStatus":"final","MeetingOrderText":"Dreizehnte Sitzung","SortOrder":13,"Location":"S"},"SubjectsBusiness":{"results":[{"__metadata":{"id":"https://ws.parlament.ch/OData.svc/SubjectBusiness(BusinessNumber=20150082,IdSubject=38405L,Language='DE')","uri":"https://ws.parlament.ch/OData.svc/SubjectBusiness(BusinessNumber=20150082,IdSubject=38405L,Language='DE')","type":"itsystems.Pd.DataServices.DataModel.SubjectBusiness"},"Subjects":{"__deferred":{"uri":"https://ws.parlament.ch/OData.svc/SubjectBusiness(BusinessNumber=20150082,IdSubject=38405L,Language='DE')/Subjects"}},"Businesses":{"__deferred":{"uri":"https://ws.parlament.ch/OData.svc/SubjectBusiness(BusinessNumber=20150082,IdSubject=38405L,Language='DE')/Businesses"}},"IdSubject":"38405","BusinessNumber":20150082,"Language":"DE","BusinessShortNumber":"15.082","Title":"Wiedergutmachung f\u00fcr Verdingkinder und Opfer f\u00fcrsorgerischer Zwangsmassnahmen (Wiedergutmachungsinitiative). Volksinitiative und indirekter Gegenvorschlag","SortOrder":1,"PublishedNotes":"Schlussabstimmung - Vote final\n","Modified":"\/Date(1460711640203)\/","TitleDE":"Wiedergutmachung\nf\u00fcr Verdingkinder und Opfer\nf\u00fcrsorgerischer Zwangsmassnahmen\n(Wiedergutmachungs-Initiative).\nVolksinitiative\nund indirekter Gegenvorschlag","TitleFR":"R\u00e9paration de l'injustice faite\naux enfants plac\u00e9s de force\net aux victimes de mesures\nde coercition prises\n\u00e0 des fins d'assistance\n(Initiative sur la r\u00e9paration).\nInitiative populaire\net contre-projet indirect","TitleIT":null}]},"Transcripts":{"results":[{"__metadata":{"id":"https://ws.parlament.ch/OData.svc/Transcript(ID=206342L,Language='DE')","uri":"https://ws.parlament.ch/OData.svc/Transcript(ID=206342L,Language='DE')","type":"itsystems.Pd.DataServices.DataModel.Transcript"},"Subjects":{"__deferred":{"uri":"https://ws.parlament.ch/OData.svc/Transcript(ID=206342L,Language='DE')/Subjects"}},"MembersCouncil":{"__deferred":{"uri":"https://ws.parlament.ch/OData.svc/Transcript(ID=206342L,Language='DE')/MembersCouncil"}},"Businesses":{"__deferred":{"uri":"https://ws.parlament.ch/OData.svc/Transcript(ID=206342L,Language='DE')/Businesses"}},"ID":"206342","Language":"DE","IdSubject":"38405","VoteId":"1669","PersonNumber":null,"Type":2,"Text":"<pd_text><p><i>Abstimmung - Vote</i></p>\n<p>[NAM]</p>\n<p>F\u00fcr Annahme des Entwurfes ... 29 Stimmen</p>\n<p>Dagegen ... 3 Stimmen</p>\n<p>(12 Enthaltungen) [PAGE 877] </p>\n<p>[VS]</p>\n</pd_text>","MeetingCouncilAbbreviation":"S","MeetingDate":"20160930","MeetingVerbalixOid":2803,"IdSession":"5005","SpeakerFirstName":null,"SpeakerLastName":null,"SpeakerFullName":"","SpeakerFunction":null,"CouncilId":null,"CouncilName":null,"CantonId":null,"CantonName":null,"CantonAbbreviation":null,"ParlGroupName":null,"ParlGroupAbbreviation":null,"SortOrder":2,"Start":"\/Date(1475224126103)\/","End":"\/Date(1475224126103)\/","Function":null,"DisplaySpeaker":null,"LanguageOfText":null,"Modified":"\/Date(1512565228180)\/","StartTimeWithTimezone":"\/Date(1475224126103+0120)\/","EndTimeWithTimezone":"\/Date(1475224126103+0120)\/","VoteBusinessNumber":20150082,"VoteBusinessShortNumber":"15.082","VoteBusinessTitle":"Wiedergutmachung\nf\u00fcr Verdingkinder und Opfer\nf\u00fcrsorgerischer Zwangsmassnahmen\n(Wiedergutmachungs-Initiative).\nVolksinitiative\nund indirekter Gegenvorschlag"},{"__metadata":{"id":"https://ws.parlament.ch/OData.svc/Transcript(ID=206344L,Language='DE')","uri":"https://ws.parlament.ch/OData.svc/Transcript(ID=206344L,Language='DE')","type":"itsystems.Pd.DataServices.DataModel.Transcript"},"Subjects":{"__deferred":{"uri":"https://ws.parlament.ch/OData.svc/Transcript(ID=206344L,Language='DE')/Subjects"}},"MembersCouncil":{"__deferred":{"uri":"https://ws.parlament.ch/OData.svc/Transcript(ID=206344L,Language='DE')/MembersCouncil"}},"Businesses":{"__deferred":{"uri":"https://ws.parlament.ch/OData.svc/Transcript(ID=206344L,Language='DE')/Businesses"}},"ID":"206344","Language":"DE","IdSubject":"38405","VoteId":"1670","PersonNumber":null,"Type":2,"Text":"<pd_text><p><i>Abstimmung - Vote</i></p>\n<p>[NAM]</p>\n<p>F\u00fcr Annahme des Entwurfes ... 39 Stimmen</p>\n<p>Dagegen ... 1 Stimme</p>\n<p>(4 Enthaltungen)</p>\n</pd_text>","MeetingCouncilAbbreviation":"S","MeetingDate":"20160930","MeetingVerbalixOid":2803,"IdSession":"5005","SpeakerFirstName":null,"SpeakerLastName":null,"SpeakerFullName":"","SpeakerFunction":null,"CouncilId":null,"CouncilName":null,"CantonId":null,"CantonName":null,"CantonAbbreviation":null,"ParlGroupName":null,"ParlGroupAbbreviation":null,"SortOrder":4,"Start":"\/Date(1475224141837)\/","End":"\/Date(1475224173783)\/","Function":null,"DisplaySpeaker":null,"LanguageOfText":null,"Modified":"\/Date(1512565228180)\/","StartTimeWithTimezone":"\/Date(1475224141837+0120)\/","EndTimeWithTimezone":"\/Date(1475224173783+0120)\/","VoteBusinessNumber":20150082,"VoteBusinessShortNumber":"15.082","VoteBusinessTitle":"Wiedergutmachung\nf\u00fcr Verdingkinder und Opfer\nf\u00fcrsorgerischer Zwangsmassnahmen\n(Wiedergutmachungs-Initiative).\nVolksinitiative\nund indirekter Gegenvorschlag"},{"__metadata":{"id":"https://ws.parlament.ch/OData.svc/Transcript(ID=206641L,Language='DE')","uri":"https://ws.parlament.ch/OData.svc/Transcript(ID=206641L,Language='DE')","type":"itsystems.Pd.DataServices.DataModel.Transcript"},"Subjects":{"__deferred":{"uri":"https://ws.parlament.ch/OData.svc/Transcript(ID=206641L,Language='DE')/Subjects"}},"MembersCouncil":{"__deferred":{"uri":"https://ws.parlament.ch/OData.svc/Transcript(ID=206641L,Language='DE')/MembersCouncil"}},"Businesses":{"__deferred":{"uri":"https://ws.parlament.ch/OData.svc/Transcript(ID=206641L,Language='DE')/Businesses"}},"ID":"206641","Language":"DE","IdSubject":"38405","VoteId":null,"PersonNumber":4026,"Type":1,"Text":"<pd_text><p><b>1. Bundesbeschluss \u00fcber die Volksinitiative \"Wiedergutmachung f\u00fcr Verdingkinder und Opfer f\u00fcrsorgerischer Zwangsmassnahmen (Wiedergutmachungs-Initiative)\"</b></p>\n<p><b>1. Arr\u00eat\u00e9 f\u00e9d\u00e9ral relatif \u00e0 l'initiative populaire \"R\u00e9paration de l'injustice faite aux enfants plac\u00e9s de force et aux victimes de mesures de coercition prises \u00e0 des fins d'assistance (Initiative sur la r\u00e9paration)\"</b></p>\n</pd_text>","MeetingCouncilAbbreviation":"S","MeetingDate":"20160930","MeetingVerbalixOid":2803,"IdSession":"5005","SpeakerFirstName":"Rapha\u00ebl","SpeakerLastName":"Comte","SpeakerFullName":"Comte Rapha\u00ebl","SpeakerFunction":"P-M","CouncilId":2,"CouncilName":"St\u00e4nderat","CantonId":24,"CantonName":"Neuenburg","CantonAbbreviation":"NE","ParlGroupName":"FDP-Liberale Fraktion","ParlGroupAbbreviation":"RL","SortOrder":1,"Start":"\/Date(1475224105017)\/","End":"\/Date(1475224126103)\/","Function":"P-M","DisplaySpeaker":false,"LanguageOfText":null,"Modified":"\/Date(1512565228180)\/","StartTimeWithTimezone":"\/Date(1475224105017+0120)\/","EndTimeWithTimezone":"\/Date(1475224126103+0120)\/","VoteBusinessNumber":null,"VoteBusinessShortNumber":null,"VoteBusinessTitle":null},{"__metadata":{"id":"https://ws.parlament.ch/OData.svc/Transcript(ID=206642L,Language='DE')","uri":"https://ws.parlament.ch/OData.svc/Transcript(ID=206642L,Language='DE')","type":"itsystems.Pd.DataServices.DataModel.Transcript"},"Subjects":{"__deferred":{"uri":"https://ws.parlament.ch/OData.svc/Transcript(ID=206642L,Language='DE')/Subjects"}},"MembersCouncil":{"__deferred":{"uri":"https://ws.parlament.ch/OData.svc/Transcript(ID=206642L,Language='DE')/MembersCouncil"}},"Businesses":{"__deferred":{"uri":"https://ws.parlament.ch/OData.svc/Transcript(ID=206642L,Language='DE')/Businesses"}},"ID":"206642","Language":"DE","IdSubject":"38405","VoteId":null,"PersonNumber":4026,"Type":1,"Text":"<pd_text><p><b>2. Bundesgesetz \u00fcber die Aufarbeitung der f\u00fcrsorgerischen Zwangsmassnahmen und Fremdplatzierungen vor 1981</b></p>\n<p><b>2. Loi f\u00e9d\u00e9rale sur les mesures de coercition \u00e0 des fins d'assistance et les placements extrafamiliaux ant\u00e9rieurs \u00e0 1981</b></p>\n</pd_text>","MeetingCouncilAbbreviation":"S","MeetingDate":"20160930","MeetingVerbalixOid":2803,"IdSession":"5005","SpeakerFirstName":"Rapha\u00ebl","SpeakerLastName":"Comte","SpeakerFullName":"Comte Rapha\u00ebl","SpeakerFunction":"P-M","CouncilId":2,"CouncilName":"St\u00e4nderat","CantonId":24,"CantonName":"Neuenburg","CantonAbbreviation":"NE","ParlGroupName":"FDP-Liberale Fraktion","ParlGroupAbbreviation":"RL","SortOrder":3,"Start":"\/Date(1475224126103)\/","End":"\/Date(1475224141837)\/","Function":"P-M","DisplaySpeaker":false,"LanguageOfText":null,"Modified":"\/Date(1512565228180)\/","StartTimeWithTimezone":"\/Date(1475224126103+0120)\/","EndTimeWithTimezone":"\/Date(1475224141837+0120)\/","VoteBusinessNumber":null,"VoteBusinessShortNumber":null,"VoteBusinessTitle":null}]},"ID":"38405","Language":"DE","IdMeeting":"3860","VerbalixOid":507650,"SortOrder":12,"Modified":"\/Date(1512565228180)\/"}}