{"d":{"__metadata":{"id":"https://ws.parlament.ch/OData.svc/Subject(ID=38425L,Language='DE')","uri":"https://ws.parlament.ch/OData.svc/Subject(ID=38425L,Language='DE')","type":"itsystems.Pd.DataServices.DataModel.Subject"},"Meetings":{"__metadata":{"id":"https://ws.parlament.ch/OData.svc/Meeting(ID=3859L,Language='DE')","uri":"https://ws.parlament.ch/OData.svc/Meeting(ID=3859L,Language='DE')","type":"itsystems.Pd.DataServices.DataModel.Meeting"},"Sessions":{"__deferred":{"uri":"https://ws.parlament.ch/OData.svc/Meeting(ID=3859L,Language='DE')/Sessions"}},"Subjects":{"__deferred":{"uri":"https://ws.parlament.ch/OData.svc/Meeting(ID=3859L,Language='DE')/Subjects"}},"ID":"3859","Language":"DE","MeetingNumber":17,"IdSession":5005,"SessionNumber":5,"SessionName":"Herbstsession 2016","Council":1,"CouncilName":"Nationalrat","CouncilAbbreviation":"NR","Date":"\/Date(1475193600000)\/","Begin":"0800","Modified":"\/Date(1476969648720)\/","LegislativePeriodNumber":50,"PublicationStatus":"final","MeetingOrderText":"Siebzehnte Sitzung","SortOrder":17,"Location":"N"},"SubjectsBusiness":{"results":[{"__metadata":{"id":"https://ws.parlament.ch/OData.svc/SubjectBusiness(BusinessNumber=20150025,IdSubject=38425L,Language='DE')","uri":"https://ws.parlament.ch/OData.svc/SubjectBusiness(BusinessNumber=20150025,IdSubject=38425L,Language='DE')","type":"itsystems.Pd.DataServices.DataModel.SubjectBusiness"},"Subjects":{"__deferred":{"uri":"https://ws.parlament.ch/OData.svc/SubjectBusiness(BusinessNumber=20150025,IdSubject=38425L,Language='DE')/Subjects"}},"Businesses":{"__deferred":{"uri":"https://ws.parlament.ch/OData.svc/SubjectBusiness(BusinessNumber=20150025,IdSubject=38425L,Language='DE')/Businesses"}},"IdSubject":"38425","BusinessNumber":20150025,"Language":"DE","BusinessShortNumber":"15.025","Title":"Mehrwertsteuergesetz. Teilrevision","SortOrder":1,"PublishedNotes":"Schlussabstimmung - Vote final\n","Modified":"\/Date(1447069667973)\/","TitleDE":"Mehrwertsteuergesetz.\nTeilrevision","TitleFR":"Loi sur la TVA.\nR\u00e9vision partielle","TitleIT":null}]},"Transcripts":{"results":[{"__metadata":{"id":"https://ws.parlament.ch/OData.svc/Transcript(ID=206377L,Language='DE')","uri":"https://ws.parlament.ch/OData.svc/Transcript(ID=206377L,Language='DE')","type":"itsystems.Pd.DataServices.DataModel.Transcript"},"Subjects":{"__deferred":{"uri":"https://ws.parlament.ch/OData.svc/Transcript(ID=206377L,Language='DE')/Subjects"}},"MembersCouncil":{"__deferred":{"uri":"https://ws.parlament.ch/OData.svc/Transcript(ID=206377L,Language='DE')/MembersCouncil"}},"Businesses":{"__deferred":{"uri":"https://ws.parlament.ch/OData.svc/Transcript(ID=206377L,Language='DE')/Businesses"}},"ID":"206377","Language":"DE","IdSubject":"38425","VoteId":"14177","PersonNumber":null,"Type":2,"Text":"<pd_text><p><b>Bundesgesetz \u00fcber die Mehrwertsteuer</b></p>\n<p><b>Loi f\u00e9d\u00e9rale r\u00e9gissant la taxe sur la valeur ajout\u00e9e</b></p>\n<p>[VS]</p>\n<p><i>Abstimmung - Vote</i></p>\n<p>[NAM]</p>\n<p>F\u00fcr Annahme des Entwurfes ... 198 Stimmen</p>\n<p>(Einstimmigkeit)</p>\n<p>(0 Enthaltungen)</p>\n</pd_text>","MeetingCouncilAbbreviation":"N","MeetingDate":"20160930","MeetingVerbalixOid":2802,"IdSession":"5005","SpeakerFirstName":null,"SpeakerLastName":null,"SpeakerFullName":"","SpeakerFunction":null,"CouncilId":null,"CouncilName":null,"CantonId":null,"CantonName":null,"CantonAbbreviation":null,"ParlGroupName":null,"ParlGroupAbbreviation":null,"SortOrder":1,"Start":null,"End":null,"Function":null,"DisplaySpeaker":null,"LanguageOfText":null,"Modified":"\/Date(1774877370752)\/","StartTimeWithTimezone":null,"EndTimeWithTimezone":null,"VoteBusinessNumber":20150025,"VoteBusinessShortNumber":"15.025","VoteBusinessTitle":"Mehrwertsteuergesetz.\nTeilrevision"}]},"ID":"38425","Language":"DE","IdMeeting":"3859","VerbalixOid":507756,"SortOrder":221,"Modified":"\/Date(1774877370743)\/"}}