{"d":{"__metadata":{"id":"https://ws.parlament.ch/OData.svc/Subject(ID=38681L,Language='DE')","uri":"https://ws.parlament.ch/OData.svc/Subject(ID=38681L,Language='DE')","type":"itsystems.Pd.DataServices.DataModel.Subject"},"Meetings":{"__metadata":{"id":"https://ws.parlament.ch/OData.svc/Meeting(ID=3867L,Language='DE')","uri":"https://ws.parlament.ch/OData.svc/Meeting(ID=3867L,Language='DE')","type":"itsystems.Pd.DataServices.DataModel.Meeting"},"Sessions":{"__deferred":{"uri":"https://ws.parlament.ch/OData.svc/Meeting(ID=3867L,Language='DE')/Sessions"}},"Subjects":{"__deferred":{"uri":"https://ws.parlament.ch/OData.svc/Meeting(ID=3867L,Language='DE')/Subjects"}},"ID":"3867","Language":"DE","MeetingNumber":3,"IdSession":5006,"SessionNumber":6,"SessionName":"Wintersession 2016","Council":1,"CouncilName":"Nationalrat","CouncilAbbreviation":"NR","Date":"\/Date(1480464000000)\/","Begin":"0800","Modified":"\/Date(1482491812983)\/","LegislativePeriodNumber":50,"PublicationStatus":"final","MeetingOrderText":"Dritte Sitzung","SortOrder":3,"Location":"N"},"SubjectsBusiness":{"results":[{"__metadata":{"id":"https://ws.parlament.ch/OData.svc/SubjectBusiness(BusinessNumber=20160045,IdSubject=38681L,Language='DE')","uri":"https://ws.parlament.ch/OData.svc/SubjectBusiness(BusinessNumber=20160045,IdSubject=38681L,Language='DE')","type":"itsystems.Pd.DataServices.DataModel.SubjectBusiness"},"Subjects":{"__deferred":{"uri":"https://ws.parlament.ch/OData.svc/SubjectBusiness(BusinessNumber=20160045,IdSubject=38681L,Language='DE')/Subjects"}},"Businesses":{"__deferred":{"uri":"https://ws.parlament.ch/OData.svc/SubjectBusiness(BusinessNumber=20160045,IdSubject=38681L,Language='DE')/Businesses"}},"IdSubject":"38681","BusinessNumber":20160045,"Language":"DE","BusinessShortNumber":"16.045","Title":"Stabilisierungsprogramm 2017-2019","SortOrder":1,"PublishedNotes":"Fortsetzung - Suite\n","Modified":"\/Date(1471263613173)\/","TitleDE":"Stabilisierungsprogramm 2017-2019","TitleFR":"Programme de stabilisation 2017-2019","TitleIT":null}]},"Transcripts":{"results":[{"__metadata":{"id":"https://ws.parlament.ch/OData.svc/Transcript(ID=207050L,Language='DE')","uri":"https://ws.parlament.ch/OData.svc/Transcript(ID=207050L,Language='DE')","type":"itsystems.Pd.DataServices.DataModel.Transcript"},"Subjects":{"__deferred":{"uri":"https://ws.parlament.ch/OData.svc/Transcript(ID=207050L,Language='DE')/Subjects"}},"MembersCouncil":{"__deferred":{"uri":"https://ws.parlament.ch/OData.svc/Transcript(ID=207050L,Language='DE')/MembersCouncil"}},"Businesses":{"__deferred":{"uri":"https://ws.parlament.ch/OData.svc/Transcript(ID=207050L,Language='DE')/Businesses"}},"ID":"207050","Language":"DE","IdSubject":"38681","VoteId":"14292","PersonNumber":null,"Type":2,"Text":"<pd_text><p><i>Abstimmung - Vote </i>[GZ]</p>\n<p>[NAM] [GZ]</p>\n<p>F\u00fcr den Antrag der Mehrheit ... 92 Stimmen [GZ]</p>\n<p>F\u00fcr den Antrag der Minderheit ... 86 Stimmen [GZ]</p>\n<p>(0 Enthaltungen)</p>\n</pd_text>","MeetingCouncilAbbreviation":"N","MeetingDate":"20161130","MeetingVerbalixOid":2810,"IdSession":"5006","SpeakerFirstName":null,"SpeakerLastName":null,"SpeakerFullName":"","SpeakerFunction":null,"CouncilId":null,"CouncilName":null,"CantonId":null,"CantonName":null,"CantonAbbreviation":null,"ParlGroupName":null,"ParlGroupAbbreviation":null,"SortOrder":7,"Start":"\/Date(1480493479463)\/","End":"\/Date(1480493533144)\/","Function":null,"DisplaySpeaker":null,"LanguageOfText":null,"Modified":"\/Date(1774877341952)\/","StartTimeWithTimezone":"\/Date(1480493479463+0060)\/","EndTimeWithTimezone":"\/Date(1480493533143+0060)\/","VoteBusinessNumber":20160045,"VoteBusinessShortNumber":"16.045","VoteBusinessTitle":"Stabilisierungsprogramm 2017-2019"},{"__metadata":{"id":"https://ws.parlament.ch/OData.svc/Transcript(ID=207051L,Language='DE')","uri":"https://ws.parlament.ch/OData.svc/Transcript(ID=207051L,Language='DE')","type":"itsystems.Pd.DataServices.DataModel.Transcript"},"Subjects":{"__deferred":{"uri":"https://ws.parlament.ch/OData.svc/Transcript(ID=207051L,Language='DE')/Subjects"}},"MembersCouncil":{"__deferred":{"uri":"https://ws.parlament.ch/OData.svc/Transcript(ID=207051L,Language='DE')/MembersCouncil"}},"Businesses":{"__deferred":{"uri":"https://ws.parlament.ch/OData.svc/Transcript(ID=207051L,Language='DE')/Businesses"}},"ID":"207051","Language":"DE","IdSubject":"38681","VoteId":"14293","PersonNumber":null,"Type":2,"Text":"<pd_text><p><i>Abstimmung - Vote </i>[GZ]</p>\n<p>[NAM] [GZ]</p>\n<p>F\u00fcr den Antrag der Mehrheit ... 127 Stimmen [GZ]</p>\n<p>F\u00fcr den Antrag der Minderheit ... 52 Stimmen [GZ]</p>\n<p>(0 Enthaltungen)</p>\n</pd_text>","MeetingCouncilAbbreviation":"N","MeetingDate":"20161130","MeetingVerbalixOid":2810,"IdSession":"5006","SpeakerFirstName":null,"SpeakerLastName":null,"SpeakerFullName":"","SpeakerFunction":null,"CouncilId":null,"CouncilName":null,"CantonId":null,"CantonName":null,"CantonAbbreviation":null,"ParlGroupName":null,"ParlGroupAbbreviation":null,"SortOrder":9,"Start":null,"End":null,"Function":null,"DisplaySpeaker":null,"LanguageOfText":null,"Modified":"\/Date(1774877341964)\/","StartTimeWithTimezone":null,"EndTimeWithTimezone":null,"VoteBusinessNumber":20160045,"VoteBusinessShortNumber":"16.045","VoteBusinessTitle":"Stabilisierungsprogramm 2017-2019"},{"__metadata":{"id":"https://ws.parlament.ch/OData.svc/Transcript(ID=207052L,Language='DE')","uri":"https://ws.parlament.ch/OData.svc/Transcript(ID=207052L,Language='DE')","type":"itsystems.Pd.DataServices.DataModel.Transcript"},"Subjects":{"__deferred":{"uri":"https://ws.parlament.ch/OData.svc/Transcript(ID=207052L,Language='DE')/Subjects"}},"MembersCouncil":{"__deferred":{"uri":"https://ws.parlament.ch/OData.svc/Transcript(ID=207052L,Language='DE')/MembersCouncil"}},"Businesses":{"__deferred":{"uri":"https://ws.parlament.ch/OData.svc/Transcript(ID=207052L,Language='DE')/Businesses"}},"ID":"207052","Language":"DE","IdSubject":"38681","VoteId":"14294","PersonNumber":null,"Type":2,"Text":"<pd_text><p><i>Abstimmung - Vote </i>[GZ]</p>\n<p>[NAM] [GZ]</p>\n<p>F\u00fcr den Antrag der Mehrheit ... 127 Stimmen [GZ]</p>\n<p>F\u00fcr den Antrag der Minderheit ... 54 Stimmen [GZ]</p>\n<p>(1 Enthaltung)</p>\n</pd_text>","MeetingCouncilAbbreviation":"N","MeetingDate":"20161130","MeetingVerbalixOid":2810,"IdSession":"5006","SpeakerFirstName":null,"SpeakerLastName":null,"SpeakerFullName":"","SpeakerFunction":null,"CouncilId":null,"CouncilName":null,"CantonId":null,"CantonName":null,"CantonAbbreviation":null,"ParlGroupName":null,"ParlGroupAbbreviation":null,"SortOrder":11,"Start":"\/Date(1480493660049)\/","End":"\/Date(1480493660049)\/","Function":null,"DisplaySpeaker":null,"LanguageOfText":null,"Modified":"\/Date(1774877341964)\/","StartTimeWithTimezone":"\/Date(1480493660050+0060)\/","EndTimeWithTimezone":"\/Date(1480493660050+0060)\/","VoteBusinessNumber":20160045,"VoteBusinessShortNumber":"16.045","VoteBusinessTitle":"Stabilisierungsprogramm 2017-2019"},{"__metadata":{"id":"https://ws.parlament.ch/OData.svc/Transcript(ID=207053L,Language='DE')","uri":"https://ws.parlament.ch/OData.svc/Transcript(ID=207053L,Language='DE')","type":"itsystems.Pd.DataServices.DataModel.Transcript"},"Subjects":{"__deferred":{"uri":"https://ws.parlament.ch/OData.svc/Transcript(ID=207053L,Language='DE')/Subjects"}},"MembersCouncil":{"__deferred":{"uri":"https://ws.parlament.ch/OData.svc/Transcript(ID=207053L,Language='DE')/MembersCouncil"}},"Businesses":{"__deferred":{"uri":"https://ws.parlament.ch/OData.svc/Transcript(ID=207053L,Language='DE')/Businesses"}},"ID":"207053","Language":"DE","IdSubject":"38681","VoteId":"14295","PersonNumber":null,"Type":2,"Text":"<pd_text><p><i>Erste Abstimmung - Premier vote </i>[GZ]</p>\n<p>[NAM] [GZ]</p>\n<p>F\u00fcr den Antrag der Mehrheit ... 99 Stimmen [GZ]</p>\n<p>F\u00fcr den Antrag der Minderheit I ... 85 Stimmen [GZ]</p>\n<p>(0 Enthaltungen)</p>\n</pd_text>","MeetingCouncilAbbreviation":"N","MeetingDate":"20161130","MeetingVerbalixOid":2810,"IdSession":"5006","SpeakerFirstName":null,"SpeakerLastName":null,"SpeakerFullName":"","SpeakerFunction":null,"CouncilId":null,"CouncilName":null,"CantonId":null,"CantonName":null,"CantonAbbreviation":null,"ParlGroupName":null,"ParlGroupAbbreviation":null,"SortOrder":13,"Start":"\/Date(1480493765201)\/","End":"\/Date(1480493810586)\/","Function":null,"DisplaySpeaker":null,"LanguageOfText":null,"Modified":"\/Date(1774877341964)\/","StartTimeWithTimezone":"\/Date(1480493765200+0060)\/","EndTimeWithTimezone":"\/Date(1480493810587+0060)\/","VoteBusinessNumber":20160045,"VoteBusinessShortNumber":"16.045","VoteBusinessTitle":"Stabilisierungsprogramm 2017-2019"},{"__metadata":{"id":"https://ws.parlament.ch/OData.svc/Transcript(ID=207054L,Language='DE')","uri":"https://ws.parlament.ch/OData.svc/Transcript(ID=207054L,Language='DE')","type":"itsystems.Pd.DataServices.DataModel.Transcript"},"Subjects":{"__deferred":{"uri":"https://ws.parlament.ch/OData.svc/Transcript(ID=207054L,Language='DE')/Subjects"}},"MembersCouncil":{"__deferred":{"uri":"https://ws.parlament.ch/OData.svc/Transcript(ID=207054L,Language='DE')/MembersCouncil"}},"Businesses":{"__deferred":{"uri":"https://ws.parlament.ch/OData.svc/Transcript(ID=207054L,Language='DE')/Businesses"}},"ID":"207054","Language":"DE","IdSubject":"38681","VoteId":"14296","PersonNumber":null,"Type":2,"Text":"<pd_text><p><i>Zweite Abstimmung - Deuxi\u00e8me vote </i>[GZ]</p>\n<p>[NAM] [GZ]</p>\n<p>F\u00fcr den Antrag der Mehrheit ... 123 Stimmen [GZ]</p>\n<p>F\u00fcr den Antrag der Minderheit II ... 59 Stimmen [GZ]</p>\n<p>(1 Enthaltung)</p>\n</pd_text>","MeetingCouncilAbbreviation":"N","MeetingDate":"20161130","MeetingVerbalixOid":2810,"IdSession":"5006","SpeakerFirstName":null,"SpeakerLastName":null,"SpeakerFullName":"","SpeakerFunction":null,"CouncilId":null,"CouncilName":null,"CantonId":null,"CantonName":null,"CantonAbbreviation":null,"ParlGroupName":null,"ParlGroupAbbreviation":null,"SortOrder":14,"Start":null,"End":null,"Function":null,"DisplaySpeaker":null,"LanguageOfText":null,"Modified":"\/Date(1774877341964)\/","StartTimeWithTimezone":null,"EndTimeWithTimezone":null,"VoteBusinessNumber":20160045,"VoteBusinessShortNumber":"16.045","VoteBusinessTitle":"Stabilisierungsprogramm 2017-2019"},{"__metadata":{"id":"https://ws.parlament.ch/OData.svc/Transcript(ID=207056L,Language='DE')","uri":"https://ws.parlament.ch/OData.svc/Transcript(ID=207056L,Language='DE')","type":"itsystems.Pd.DataServices.DataModel.Transcript"},"Subjects":{"__deferred":{"uri":"https://ws.parlament.ch/OData.svc/Transcript(ID=207056L,Language='DE')/Subjects"}},"MembersCouncil":{"__deferred":{"uri":"https://ws.parlament.ch/OData.svc/Transcript(ID=207056L,Language='DE')/MembersCouncil"}},"Businesses":{"__deferred":{"uri":"https://ws.parlament.ch/OData.svc/Transcript(ID=207056L,Language='DE')/Businesses"}},"ID":"207056","Language":"DE","IdSubject":"38681","VoteId":"14297","PersonNumber":null,"Type":2,"Text":"<pd_text><p><i>Gesamtabstimmung - Vote sur l'ensemble [GZ]</i></p>\n<p>[NAM] [GZ]</p>\n<p>F\u00fcr Annahme des Entwurfes ... 132 Stimmen [GZ]</p>\n<p>Dagegen ... 53 Stimmen [GZ]</p>\n<p>(0 Enthaltungen)</p>\n<p>[VS]</p>\n</pd_text>","MeetingCouncilAbbreviation":"N","MeetingDate":"20161130","MeetingVerbalixOid":2810,"IdSession":"5006","SpeakerFirstName":null,"SpeakerLastName":null,"SpeakerFullName":"","SpeakerFunction":null,"CouncilId":null,"CouncilName":null,"CantonId":null,"CantonName":null,"CantonAbbreviation":null,"ParlGroupName":null,"ParlGroupAbbreviation":null,"SortOrder":16,"Start":"\/Date(1480493882705)\/","End":"\/Date(1480493882705)\/","Function":null,"DisplaySpeaker":null,"LanguageOfText":null,"Modified":"\/Date(1774877341978)\/","StartTimeWithTimezone":"\/Date(1480493882707+0060)\/","EndTimeWithTimezone":"\/Date(1480493882707+0060)\/","VoteBusinessNumber":20160045,"VoteBusinessShortNumber":"16.045","VoteBusinessTitle":"Stabilisierungsprogramm 2017-2019"},{"__metadata":{"id":"https://ws.parlament.ch/OData.svc/Transcript(ID=207057L,Language='DE')","uri":"https://ws.parlament.ch/OData.svc/Transcript(ID=207057L,Language='DE')","type":"itsystems.Pd.DataServices.DataModel.Transcript"},"Subjects":{"__deferred":{"uri":"https://ws.parlament.ch/OData.svc/Transcript(ID=207057L,Language='DE')/Subjects"}},"MembersCouncil":{"__deferred":{"uri":"https://ws.parlament.ch/OData.svc/Transcript(ID=207057L,Language='DE')/MembersCouncil"}},"Businesses":{"__deferred":{"uri":"https://ws.parlament.ch/OData.svc/Transcript(ID=207057L,Language='DE')/Businesses"}},"ID":"207057","Language":"DE","IdSubject":"38681","VoteId":null,"PersonNumber":4209,"Type":1,"Text":"<pd_text><p>Im Sinne einer deutschsprachigen Zusammenfassung darf ich Sie auf Seite 7 der Fahne darauf hinweisen, dass bei Ziffer 4, \"Massnahmen im Transferbereich des EDI\", die Mehrheit dem Bundesrat folgen will. Die Minderheit Maire Jacques-Andr\u00e9 will die Sparmassnahmen um eine halbe Million Franken reduzieren. Bei Ziffer 6 will die Mehrheit dem Bundesrat folgen; die Minderheit Hadorn will die Sparmassnahmen um 300 000 Franken reduzieren. Auf Seite 19 der Fahne, beim Bundesgesetz \u00fcber die Invalidenversicherung, geht es um den Bundesbeitrag. Die Mehrheit folgt dem St\u00e4nderat, die Minderheit Amarelle schl\u00e4gt vor, diesen Passus zu streichen und das geltende Recht beizubehalten. Auf Seite 21 der Fahne schliesslich geht es um die Frage des Bundesbeitrags an die Krankenpflegeversicherung. Hier will die Mehrheit dem Bundesrat folgen. Die Minderheit I (Carobbio Guscetti) folgt dem St\u00e4nderat. Die Minderheit II (Aeschi Thomas) will einen Bundesbeitrag von 7,1 statt 7,5 Prozent. </p>\n</pd_text>","MeetingCouncilAbbreviation":"N","MeetingDate":"20161130","MeetingVerbalixOid":2810,"IdSession":"5006","SpeakerFirstName":"Hans-Ulrich","SpeakerLastName":"Bigler","SpeakerFullName":"Bigler Hans-Ulrich","SpeakerFunction":"Mit-M","CouncilId":1,"CouncilName":"Nationalrat","CantonId":1,"CantonName":"Z\u00fcrich","CantonAbbreviation":"ZH","ParlGroupName":"FDP-Liberale Fraktion","ParlGroupAbbreviation":"RL","SortOrder":5,"Start":"\/Date(1480493256628)\/","End":"\/Date(1480493360333)\/","Function":"*","DisplaySpeaker":true,"LanguageOfText":"DE","Modified":"\/Date(1774877341952)\/","StartTimeWithTimezone":"\/Date(1480493256627+0060)\/","EndTimeWithTimezone":"\/Date(1480493360333+0060)\/","VoteBusinessNumber":null,"VoteBusinessShortNumber":null,"VoteBusinessTitle":null},{"__metadata":{"id":"https://ws.parlament.ch/OData.svc/Transcript(ID=207058L,Language='DE')","uri":"https://ws.parlament.ch/OData.svc/Transcript(ID=207058L,Language='DE')","type":"itsystems.Pd.DataServices.DataModel.Transcript"},"Subjects":{"__deferred":{"uri":"https://ws.parlament.ch/OData.svc/Transcript(ID=207058L,Language='DE')/Subjects"}},"MembersCouncil":{"__deferred":{"uri":"https://ws.parlament.ch/OData.svc/Transcript(ID=207058L,Language='DE')/MembersCouncil"}},"Businesses":{"__deferred":{"uri":"https://ws.parlament.ch/OData.svc/Transcript(ID=207058L,Language='DE')/Businesses"}},"ID":"207058","Language":"DE","IdSubject":"38681","VoteId":"14298","PersonNumber":null,"Type":2,"Text":"<pd_text><p><i>Abstimmung - Vote </i>[GZ]</p>\n<p>[NAM] [GZ]</p>\n<p>F\u00fcr den Antrag Wasserfallen ... 113 Stimmen [GZ]</p>\n<p>F\u00fcr den Antrag der Kommission ... 72 Stimmen [GZ]</p>\n<p>(1 Enthaltung)</p>\n</pd_text>","MeetingCouncilAbbreviation":"N","MeetingDate":"20161130","MeetingVerbalixOid":2810,"IdSession":"5006","SpeakerFirstName":null,"SpeakerLastName":null,"SpeakerFullName":"","SpeakerFunction":null,"CouncilId":null,"CouncilName":null,"CantonId":null,"CantonName":null,"CantonAbbreviation":null,"ParlGroupName":null,"ParlGroupAbbreviation":null,"SortOrder":18,"Start":"\/Date(1480493977346)\/","End":"\/Date(1480494031841)\/","Function":null,"DisplaySpeaker":null,"LanguageOfText":null,"Modified":"\/Date(1774877341981)\/","StartTimeWithTimezone":"\/Date(1480493977347+0060)\/","EndTimeWithTimezone":"\/Date(1480494031840+0060)\/","VoteBusinessNumber":20160045,"VoteBusinessShortNumber":"16.045","VoteBusinessTitle":"Stabilisierungsprogramm 2017-2019"},{"__metadata":{"id":"https://ws.parlament.ch/OData.svc/Transcript(ID=207060L,Language='DE')","uri":"https://ws.parlament.ch/OData.svc/Transcript(ID=207060L,Language='DE')","type":"itsystems.Pd.DataServices.DataModel.Transcript"},"Subjects":{"__deferred":{"uri":"https://ws.parlament.ch/OData.svc/Transcript(ID=207060L,Language='DE')/Subjects"}},"MembersCouncil":{"__deferred":{"uri":"https://ws.parlament.ch/OData.svc/Transcript(ID=207060L,Language='DE')/MembersCouncil"}},"Businesses":{"__deferred":{"uri":"https://ws.parlament.ch/OData.svc/Transcript(ID=207060L,Language='DE')/Businesses"}},"ID":"207060","Language":"DE","IdSubject":"38681","VoteId":null,"PersonNumber":514,"Type":1,"Text":"<pd_text><p>Bevor wir abstimmen, m\u00f6chte ich im Nachgang zum gestrigen Jubil\u00e4um der Vertragsunterzeichnung zum Ewigen Frieden zwischen der Schweiz und Frankreich, die vor 500 Jahren in der Stadt Freiburg stattfand, ein weiteres Ereignis thematisieren, das in Freiburg stattgefunden hat: Ich m\u00f6chte unserem Kollegen Jean-Fran\u00e7ois Steiert zu seiner Wahl in die Freiburger Regierung herzlich gratulieren. <i>(Beifall)</i> Ich gratuliere Herrn Steiert zu seiner Wahl und w\u00fcnsche ihm in dieser Funktion f\u00fcr 500 Jahre nachhaltigen Erfolg. <i>(Heiterkeit)</i></p>\n<p>[VS]</p>\n<p><b>1. Bundesgesetz \u00fcber das Stabilisierungsprogramm 2017-2019 </b>[GZ]</p>\n<p><b>1. Loi f\u00e9d\u00e9rale sur le programme de stabilisation 2017-2019 </b>[GZ]</p>\n<p>[VS]</p>\n<p><b>Ziff. 4 Art. 4a Abs. 1 Ziff. 4[GZ]</b></p>\n<p><i>Antrag der Mehrheit [GZ]</i></p>\n<p>Zustimmung zum Beschluss des St\u00e4nderates</p>\n<p>[VS] [PAGE 1901] </p>\n<p><i>Antrag der Minderheit [GZ]</i></p>\n<p>(Maire Jacques-Andr\u00e9, Bourgeois, Br\u00e9laz, Carobbio Guscetti, Gschwind, Hadorn, Heim, Kiener Nellen, Meyer Mattea, Schmidt Roberto)[GZ]</p>\n<p>4. Massnahmen im Transferbereich des EDI</p>\n<p>2017: 2,1 Millionen Franken;</p>\n<p>2018: 2,1 Millionen Franken;</p>\n<p>2019: 2,1 Millionen Franken.</p>\n<p>[VS]</p>\n<p><b>Ch. 4 art. 4a al. 1 ch. 4[GZ]</b></p>\n<p><i>Proposition de la majorit\u00e9 [GZ]</i></p>\n<p>Adh\u00e9rer \u00e0 la d\u00e9cision du Conseil des Etats</p>\n<p>[VS]</p>\n<p><i>Proposition de la minorit\u00e9 [GZ]</i></p>\n<p>(Maire Jacques-Andr\u00e9, Bourgeois, Br\u00e9laz, Carobbio Guscetti, Gschwind, Hadorn, Heim, Kiener Nellen, Meyer Mattea, Schmidt Roberto)[GZ]</p>\n<p>4. Mesures dans le domaine des transferts du DFI</p>\n<p>2017: 2,1 millions de francs;</p>\n<p>2018: 2,1 millions de francs;</p>\n<p>2019: 2,1 millions de francs.</p>\n</pd_text>","MeetingCouncilAbbreviation":"N","MeetingDate":"20161130","MeetingVerbalixOid":2810,"IdSession":"5006","SpeakerFirstName":"J\u00fcrg","SpeakerLastName":"Stahl","SpeakerFullName":"Stahl J\u00fcrg","SpeakerFunction":"P-M","CouncilId":1,"CouncilName":"Nationalrat","CantonId":1,"CantonName":"Z\u00fcrich","CantonAbbreviation":"ZH","ParlGroupName":"Fraktion der Schweizerischen Volkspartei","ParlGroupAbbreviation":"V","SortOrder":6,"Start":"\/Date(1480493360333)\/","End":"\/Date(1480493479463)\/","Function":"P-M","DisplaySpeaker":true,"LanguageOfText":"DE","Modified":"\/Date(1774877341952)\/","StartTimeWithTimezone":"\/Date(1480493360333+0060)\/","EndTimeWithTimezone":"\/Date(1480493479463+0060)\/","VoteBusinessNumber":null,"VoteBusinessShortNumber":null,"VoteBusinessTitle":null},{"__metadata":{"id":"https://ws.parlament.ch/OData.svc/Transcript(ID=207061L,Language='DE')","uri":"https://ws.parlament.ch/OData.svc/Transcript(ID=207061L,Language='DE')","type":"itsystems.Pd.DataServices.DataModel.Transcript"},"Subjects":{"__deferred":{"uri":"https://ws.parlament.ch/OData.svc/Transcript(ID=207061L,Language='DE')/Subjects"}},"MembersCouncil":{"__deferred":{"uri":"https://ws.parlament.ch/OData.svc/Transcript(ID=207061L,Language='DE')/MembersCouncil"}},"Businesses":{"__deferred":{"uri":"https://ws.parlament.ch/OData.svc/Transcript(ID=207061L,Language='DE')/Businesses"}},"ID":"207061","Language":"DE","IdSubject":"38681","VoteId":null,"PersonNumber":null,"Type":3,"Text":"<pd_text><p><i>Block 4 (Fortsetzung) - Bloc 4 (suite)</i></p>\n</pd_text>","MeetingCouncilAbbreviation":"N","MeetingDate":"20161130","MeetingVerbalixOid":2810,"IdSession":"5006","SpeakerFirstName":null,"SpeakerLastName":null,"SpeakerFullName":"","SpeakerFunction":null,"CouncilId":null,"CouncilName":null,"CantonId":null,"CantonName":null,"CantonAbbreviation":null,"ParlGroupName":null,"ParlGroupAbbreviation":null,"SortOrder":1,"Start":null,"End":null,"Function":null,"DisplaySpeaker":null,"LanguageOfText":"DE","Modified":"\/Date(1774877341932)\/","StartTimeWithTimezone":null,"EndTimeWithTimezone":null,"VoteBusinessNumber":null,"VoteBusinessShortNumber":null,"VoteBusinessTitle":null},{"__metadata":{"id":"https://ws.parlament.ch/OData.svc/Transcript(ID=207062L,Language='DE')","uri":"https://ws.parlament.ch/OData.svc/Transcript(ID=207062L,Language='DE')","type":"itsystems.Pd.DataServices.DataModel.Transcript"},"Subjects":{"__deferred":{"uri":"https://ws.parlament.ch/OData.svc/Transcript(ID=207062L,Language='DE')/Subjects"}},"MembersCouncil":{"__deferred":{"uri":"https://ws.parlament.ch/OData.svc/Transcript(ID=207062L,Language='DE')/MembersCouncil"}},"Businesses":{"__deferred":{"uri":"https://ws.parlament.ch/OData.svc/Transcript(ID=207062L,Language='DE')/Businesses"}},"ID":"207062","Language":"DE","IdSubject":"38681","VoteId":null,"PersonNumber":514,"Type":1,"Text":"<pd_text><p><b>Ziff. 4 Art. 4a Abs. 1 Ziff. 12, 13, 15, Abs. 2, 3; Ziff. 5-11 [GZ]</b></p>\n<p><i>Antrag der Kommission </i>[GZ]</p>\n<p>Zustimmung zum Beschluss des St\u00e4nderates</p>\n<p>[VS]</p>\n<p><b>Ch. 4 art. 4a al. 1 ch. 12, 13, 15, al. 2, 3; ch. 5-11 [GZ]</b></p>\n<p><i>Proposition de la commission </i>[GZ]</p>\n<p>Adh\u00e9rer \u00e0 la d\u00e9cision du Conseil des Etats [GZ]</p>\n<p>[VS][GZ]</p>\n<p><i>Angenommen - Adopt\u00e9</i></p>\n<p>[VS]</p>\n<p><b>Ziff. 12 Art. 78 Abs. 1 </b>[GZ]</p>\n<p><i>Antrag der Mehrheit </i>[GZ]</p>\n<p>Zustimmung zum Beschluss des St\u00e4nderates</p>\n<p>[VS]</p>\n<p><i>Antrag der Minderheit </i>[GZ]</p>\n<p>(Amarelle, Br\u00e9laz, Carobbio Guscetti, Hadorn, Maire Jacques-Andr\u00e9, Meyer Mattea) [GZ]</p>\n<p>Unver\u00e4ndert</p>\n<p>[VS]</p>\n<p><b>Ch. 12 art. 78 al. 1 </b>[GZ]</p>\n<p><i>Proposition de la majorit\u00e9 </i>[GZ]</p>\n<p>Adh\u00e9rer \u00e0 la d\u00e9cision du Conseil des Etats</p>\n<p>[VS]</p>\n<p><i>Proposition de la minorit\u00e9 </i>[GZ]</p>\n<p>(Amarelle, Br\u00e9laz, Carobbio Guscetti, Hadorn, Maire Jacques-Andr\u00e9, Meyer Mattea) [GZ]</p>\n<p>Inchang\u00e9</p>\n</pd_text>","MeetingCouncilAbbreviation":"N","MeetingDate":"20161130","MeetingVerbalixOid":2810,"IdSession":"5006","SpeakerFirstName":"J\u00fcrg","SpeakerLastName":"Stahl","SpeakerFullName":"Stahl J\u00fcrg","SpeakerFunction":"P-M","CouncilId":1,"CouncilName":"Nationalrat","CantonId":1,"CantonName":"Z\u00fcrich","CantonAbbreviation":"ZH","ParlGroupName":"Fraktion der Schweizerischen Volkspartei","ParlGroupAbbreviation":"V","SortOrder":10,"Start":"\/Date(1480493533144)\/","End":"\/Date(1480493660049)\/","Function":"P-M","DisplaySpeaker":false,"LanguageOfText":null,"Modified":"\/Date(1774877341964)\/","StartTimeWithTimezone":"\/Date(1480493533143+0060)\/","EndTimeWithTimezone":"\/Date(1480493660050+0060)\/","VoteBusinessNumber":null,"VoteBusinessShortNumber":null,"VoteBusinessTitle":null},{"__metadata":{"id":"https://ws.parlament.ch/OData.svc/Transcript(ID=207064L,Language='DE')","uri":"https://ws.parlament.ch/OData.svc/Transcript(ID=207064L,Language='DE')","type":"itsystems.Pd.DataServices.DataModel.Transcript"},"Subjects":{"__deferred":{"uri":"https://ws.parlament.ch/OData.svc/Transcript(ID=207064L,Language='DE')/Subjects"}},"MembersCouncil":{"__deferred":{"uri":"https://ws.parlament.ch/OData.svc/Transcript(ID=207064L,Language='DE')/MembersCouncil"}},"Businesses":{"__deferred":{"uri":"https://ws.parlament.ch/OData.svc/Transcript(ID=207064L,Language='DE')/Businesses"}},"ID":"207064","Language":"DE","IdSubject":"38681","VoteId":null,"PersonNumber":3885,"Type":1,"Text":"<pd_text><p>Au bloc 4 du programme de stabilisation 2017-2019 figurent cinq propositions de minorit\u00e9 qui ont \u00e9t\u00e9 d\u00e9velopp\u00e9es hier. A l'article 4a alin\u00e9a 1 chiffre 4, \"Mesures dans le domaine des transferts du DFI\", le projet du Conseil f\u00e9d\u00e9ral pr\u00e9voit une diminution des charges de 2,6 millions de francs par an pour les ann\u00e9es 2017, 2018 et 2019. Cela concerne, d'une part, le contr\u00f4le de la qualit\u00e9 du lait - 1 million de francs - et, d'autre part, l'encouragement \u00e0 la culture et au bilinguisme - 1,6 million de francs. Par sa proposition, la minorit\u00e9 Maire Jacques-Andr\u00e9 demande de limiter l'\u00e9conomie \u00e0 2,1 millions de francs par ann\u00e9e, ce qui ne toucherait que la subvention pour le contr\u00f4le de la qualit\u00e9 du lait et certains domaines d'encouragement de la culture, mais \u00e9pargnerait le bilinguisme. La majorit\u00e9 de la commission vous invite \u00e0 suivre le Conseil f\u00e9d\u00e9ral, car le montant de 1,6 million de francs \u00e9conomis\u00e9 sur un montant total de 208 millions de francs ne repr\u00e9sente que 0,8 pour cent de l'enveloppe.</p>\n<p>Au chiffre 6, \"Autres mesures dans le domaine des transferts du DFJP\", le Conseil f\u00e9d\u00e9ral pr\u00e9voit une coupe budg\u00e9taire de 6,8 millions de francs en 2017, de 9 millions de francs en 2018 et de 9,4 millions de francs en 2019. Le projet du Conseil f\u00e9d\u00e9ral vise une diminution des subventions de construction pour la d\u00e9tention administrative jusqu'en 2019. En 2019, le montant sera toutefois de 31 millions de francs. La diminution concerne aussi l'Office f\u00e9d\u00e9ral de la m\u00e9trologie, \u00e0 savoir une r\u00e9duction de 0,3 million de francs sur une contribution totale de 17,5 millions de francs. Par sa proposition, la minorit\u00e9 Hadorn vous demande de diminuer ces \u00e9conomies de 0,3 million de francs chaque ann\u00e9e.</p>\n<p>La majorit\u00e9 vous demande de suivre le Conseil f\u00e9d\u00e9ral au chiffre 6.</p>\n<p>Au chiffre 12, \u00e0 l'article 78 alin\u00e9a 1 de la loi f\u00e9d\u00e9rale sur l'assurance-invalidit\u00e9, le projet du Conseil f\u00e9d\u00e9ral pr\u00e9voit de r\u00e9duire de 1,6 pour cent la contribution de la Conf\u00e9d\u00e9ration aux d\u00e9penses de l'assurance-invalidit\u00e9. Pour m\u00e9moire, le montant initial de la contribution de la Conf\u00e9d\u00e9ration correspond \u00e0 37,7 pour cent de la moyenne arithm\u00e9tique. Pour la majorit\u00e9, le projet du Conseil f\u00e9d\u00e9ral est supportable, et je vous demande de l'accepter. La proposition de la minorit\u00e9 Amarelle vise \u00e0 maintenir le statu quo, c'est-\u00e0-dire le droit en vigueur.</p>\n<p>Au chiffre 13, \u00e0 l'article 66 alin\u00e9a 2 de la loi f\u00e9d\u00e9rale sur l'assurance-maladie, le projet du Conseil f\u00e9d\u00e9ral pr\u00e9voit de faire passer de 7,5 \u00e0 7,3 pour cent les subsides f\u00e9d\u00e9raux des co\u00fbts bruts de l'assurance obligatoire des soins. La proposition de la minorit\u00e9 I (Carobbio Guscetti) vise \u00e0 biffer cette r\u00e9duction surtout parce que, les primes d'assurance-maladie augmentant ann\u00e9e apr\u00e8s ann\u00e9e, cette diminution, si elle \u00e9tait accept\u00e9e, deviendrait peut-\u00eatre une charge pour les cantons.</p>\n<p>La majorit\u00e9 de la Commission des finances se rallie au Conseil f\u00e9d\u00e9ral sur ce point et plaide pour une coupe dans les moyens destin\u00e9s aux r\u00e9ductions de primes. Elle a \u00e9galement repris une proposition de la Commission de la s\u00e9curit\u00e9 sociale et de la sant\u00e9 publique pr\u00e9voyant, dans les dispositions finales de la loi sur le programme de stabilisation, que cette modification de la LAMal propos\u00e9e au chiffre 13 n'entre en vigueur qu'avec la modification de la loi sur les prestations compl\u00e9mentaires faisant l'objet du message du 16 septembre de cette ann\u00e9e. Donc, cette diminution n'aura pas lieu pour l'ann\u00e9e 2017.</p>\n<p>Voil\u00e0, en r\u00e9sum\u00e9, les diff\u00e9rentes propositions de la majorit\u00e9 de la Commission des finances.</p>\n</pd_text>","MeetingCouncilAbbreviation":"N","MeetingDate":"20161130","MeetingVerbalixOid":2810,"IdSession":"5006","SpeakerFirstName":"Jean-Pierre","SpeakerLastName":"Grin","SpeakerFullName":"Grin Jean-Pierre","SpeakerFunction":"Mit-M","CouncilId":1,"CouncilName":"Nationalrat","CantonId":22,"CantonName":"Waadt","CantonAbbreviation":"VD","ParlGroupName":"Fraktion der Schweizerischen Volkspartei","ParlGroupAbbreviation":"V","SortOrder":2,"Start":"\/Date(1480492935699)\/","End":"\/Date(1480493207538)\/","Function":"*","DisplaySpeaker":true,"LanguageOfText":"FR","Modified":"\/Date(1774877341952)\/","StartTimeWithTimezone":"\/Date(1480492935700+0060)\/","EndTimeWithTimezone":"\/Date(1480493207537+0060)\/","VoteBusinessNumber":null,"VoteBusinessShortNumber":null,"VoteBusinessTitle":null},{"__metadata":{"id":"https://ws.parlament.ch/OData.svc/Transcript(ID=207067L,Language='DE')","uri":"https://ws.parlament.ch/OData.svc/Transcript(ID=207067L,Language='DE')","type":"itsystems.Pd.DataServices.DataModel.Transcript"},"Subjects":{"__deferred":{"uri":"https://ws.parlament.ch/OData.svc/Transcript(ID=207067L,Language='DE')/Subjects"}},"MembersCouncil":{"__deferred":{"uri":"https://ws.parlament.ch/OData.svc/Transcript(ID=207067L,Language='DE')/MembersCouncil"}},"Businesses":{"__deferred":{"uri":"https://ws.parlament.ch/OData.svc/Transcript(ID=207067L,Language='DE')/Businesses"}},"ID":"207067","Language":"DE","IdSubject":"38681","VoteId":null,"PersonNumber":514,"Type":1,"Text":"<pd_text><p><b>Ziff. 13 Art. 66 Abs. 2 </b>[GZ]</p>\n<p><i>Antrag der Mehrheit </i>[GZ]</p>\n<p>Zustimmung zum Entwurf des Bundesrates</p>\n<p>[VS]</p>\n<p><i>Antrag der Minderheit I </i>[GZ]</p>\n<p>(Carobbio Guscetti, Amarelle, Br\u00e9laz, Gm\u00fcr Alois, Gschwind, Hadorn, Kiener Nellen, Maire Jacques-Andr\u00e9, Meyer Mattea, Quadranti, Schmidt Roberto)[GZ]</p>\n<p>Zustimmung zum Beschluss des St\u00e4nderates</p>\n<p>[VS]</p>\n<p><i>Antrag der Minderheit II </i>[GZ]</p>\n<p>(Aeschi Thomas, Bigler, Frehner, Grin, Gr\u00fcter, Hausammann, Imark, Keller Peter, Sollberger)[GZ]</p>\n<p>Der Bundesbeitrag entspricht 7,1 Prozent der Bruttokosten der obligatorischen Krankenpflegeversicherung.</p>\n<p>[VS]</p>\n<p><b>Ch. 13 art. 66 al. 2 </b>[GZ]</p>\n<p><i>Proposition de la majorit\u00e9 </i>[GZ]</p>\n<p>Adh\u00e9rer au projet du Conseil f\u00e9d\u00e9ral</p>\n<p>[VS]</p>\n<p><i>Proposition de la minorit\u00e9 I </i>[GZ]</p>\n<p>(Carobbio Guscetti, Amarelle, Br\u00e9laz, Gm\u00fcr Alois, Gschwind, Hadorn, Kiener Nellen, Maire Jacques-Andr\u00e9, Meyer Mattea, Quadranti, Schmidt Roberto)[GZ]</p>\n<p>Adh\u00e9rer \u00e0 la d\u00e9cision du Conseil des Etats</p>\n<p>[VS]</p>\n<p><i>Proposition de la minorit\u00e9 II </i>[GZ]</p>\n<p>(Aeschi Thomas, Bigler, Frehner, Grin, Gr\u00fcter, Hausammann, Imark, Keller Peter, Sollberger)[GZ]</p>\n<p>Les subsides f\u00e9d\u00e9raux correspondent \u00e0 7,1 pour cent des co\u00fbts ...</p>\n<p>[VS]</p>\n<p><b>Pr\u00e4sident </b>(Stahl J\u00fcrg, Pr\u00e4sident): Artikel 66 Absatz 2 steht in Zusammenhang mit Ziffer II Absatz 3 der Schlussbestimmungen.</p>\n</pd_text>","MeetingCouncilAbbreviation":"N","MeetingDate":"20161130","MeetingVerbalixOid":2810,"IdSession":"5006","SpeakerFirstName":"J\u00fcrg","SpeakerLastName":"Stahl","SpeakerFullName":"Stahl J\u00fcrg","SpeakerFunction":"P-M","CouncilId":1,"CouncilName":"Nationalrat","CantonId":1,"CantonName":"Z\u00fcrich","CantonAbbreviation":"ZH","ParlGroupName":"Fraktion der Schweizerischen Volkspartei","ParlGroupAbbreviation":"V","SortOrder":12,"Start":"\/Date(1480493660049)\/","End":"\/Date(1480493765201)\/","Function":"P-M","DisplaySpeaker":false,"LanguageOfText":null,"Modified":"\/Date(1774877341964)\/","StartTimeWithTimezone":"\/Date(1480493660050+0060)\/","EndTimeWithTimezone":"\/Date(1480493765200+0060)\/","VoteBusinessNumber":null,"VoteBusinessShortNumber":null,"VoteBusinessTitle":null},{"__metadata":{"id":"https://ws.parlament.ch/OData.svc/Transcript(ID=207069L,Language='DE')","uri":"https://ws.parlament.ch/OData.svc/Transcript(ID=207069L,Language='DE')","type":"itsystems.Pd.DataServices.DataModel.Transcript"},"Subjects":{"__deferred":{"uri":"https://ws.parlament.ch/OData.svc/Transcript(ID=207069L,Language='DE')/Subjects"}},"MembersCouncil":{"__deferred":{"uri":"https://ws.parlament.ch/OData.svc/Transcript(ID=207069L,Language='DE')/MembersCouncil"}},"Businesses":{"__deferred":{"uri":"https://ws.parlament.ch/OData.svc/Transcript(ID=207069L,Language='DE')/Businesses"}},"ID":"207069","Language":"DE","IdSubject":"38681","VoteId":null,"PersonNumber":4091,"Type":1,"Text":"<pd_text><p>Monsieur Grin, vous avez parl\u00e9 d'\u00e9conomies d\u00e9risoires pour ce qui est des coupes dans les aides aux cantons plurilingues. Etes-vous conscient que, pour les cantons bilingues, cela repr\u00e9sente des coupes qui sont cons\u00e9quentes, qui posent probl\u00e8me et qui remettront en question des programmes d'\u00e9changes linguistiques?</p>\n</pd_text>","MeetingCouncilAbbreviation":"N","MeetingDate":"20161130","MeetingVerbalixOid":2810,"IdSession":"5006","SpeakerFirstName":"Mathias","SpeakerLastName":"Reynard","SpeakerFullName":"Reynard Mathias","SpeakerFunction":"Mit-M","CouncilId":1,"CouncilName":"Nationalrat","CantonId":23,"CantonName":"Wallis","CantonAbbreviation":"VS","ParlGroupName":"Sozialdemokratische Fraktion","ParlGroupAbbreviation":"S","SortOrder":3,"Start":"\/Date(1480493207538)\/","End":"\/Date(1480493236234)\/","Function":"Mit-M","DisplaySpeaker":true,"LanguageOfText":"FR","Modified":"\/Date(1774877341952)\/","StartTimeWithTimezone":"\/Date(1480493207537+0060)\/","EndTimeWithTimezone":"\/Date(1480493236233+0060)\/","VoteBusinessNumber":null,"VoteBusinessShortNumber":null,"VoteBusinessTitle":null},{"__metadata":{"id":"https://ws.parlament.ch/OData.svc/Transcript(ID=207070L,Language='DE')","uri":"https://ws.parlament.ch/OData.svc/Transcript(ID=207070L,Language='DE')","type":"itsystems.Pd.DataServices.DataModel.Transcript"},"Subjects":{"__deferred":{"uri":"https://ws.parlament.ch/OData.svc/Transcript(ID=207070L,Language='DE')/Subjects"}},"MembersCouncil":{"__deferred":{"uri":"https://ws.parlament.ch/OData.svc/Transcript(ID=207070L,Language='DE')/MembersCouncil"}},"Businesses":{"__deferred":{"uri":"https://ws.parlament.ch/OData.svc/Transcript(ID=207070L,Language='DE')/Businesses"}},"ID":"207070","Language":"DE","IdSubject":"38681","VoteId":null,"PersonNumber":3885,"Type":1,"Text":"<pd_text><p>Comme je vous l'ai dit, cette coupe s'\u00e9l\u00e8ve \u00e0 1,6 million sur 208 millions de francs, soit \u00e0 0,8 pour cent de l'enveloppe totale. Pour la majorit\u00e9 de la commission, cette coupe est supportable, et on peut r\u00e9affecter certains moyens aux cantons bilingues en priorit\u00e9.</p>\n</pd_text>","MeetingCouncilAbbreviation":"N","MeetingDate":"20161130","MeetingVerbalixOid":2810,"IdSession":"5006","SpeakerFirstName":"Jean-Pierre","SpeakerLastName":"Grin","SpeakerFullName":"Grin Jean-Pierre","SpeakerFunction":"Mit-M","CouncilId":1,"CouncilName":"Nationalrat","CantonId":22,"CantonName":"Waadt","CantonAbbreviation":"VD","ParlGroupName":"Fraktion der Schweizerischen Volkspartei","ParlGroupAbbreviation":"V","SortOrder":4,"Start":"\/Date(1480493236234)\/","End":"\/Date(1480493256628)\/","Function":"*","DisplaySpeaker":true,"LanguageOfText":"FR","Modified":"\/Date(1774877341952)\/","StartTimeWithTimezone":"\/Date(1480493236233+0060)\/","EndTimeWithTimezone":"\/Date(1480493256627+0060)\/","VoteBusinessNumber":null,"VoteBusinessShortNumber":null,"VoteBusinessTitle":null},{"__metadata":{"id":"https://ws.parlament.ch/OData.svc/Transcript(ID=207071L,Language='DE')","uri":"https://ws.parlament.ch/OData.svc/Transcript(ID=207071L,Language='DE')","type":"itsystems.Pd.DataServices.DataModel.Transcript"},"Subjects":{"__deferred":{"uri":"https://ws.parlament.ch/OData.svc/Transcript(ID=207071L,Language='DE')/Subjects"}},"MembersCouncil":{"__deferred":{"uri":"https://ws.parlament.ch/OData.svc/Transcript(ID=207071L,Language='DE')/MembersCouncil"}},"Businesses":{"__deferred":{"uri":"https://ws.parlament.ch/OData.svc/Transcript(ID=207071L,Language='DE')/Businesses"}},"ID":"207071","Language":"DE","IdSubject":"38681","VoteId":null,"PersonNumber":514,"Type":1,"Text":"<pd_text><p><b>Ziff. 14-16 </b>[GZ]</p>\n<p><i>Antrag der Kommission </i>[GZ]</p>\n<p>Zustimmung zum Beschluss des St\u00e4nderates</p>\n<p>[VS]</p>\n<p><b>Ch. 14-16 </b>[GZ]</p>\n<p><i>Proposition de la commission </i>[GZ]</p>\n<p>Adh\u00e9rer \u00e0 la d\u00e9cision du Conseil des Etats [GZ]</p>\n<p>[VS][GZ]</p>\n<p><i>Angenommen - Adopt\u00e9</i></p>\n<p>[VS] [PAGE 1902] </p>\n<p><b>Ziff. II </b>[GZ]</p>\n<p><i>Antrag der Kommission </i>[GZ]</p>\n<p><i>Abs. 1 </i>[GZ]</p>\n<p>Zustimmung zum Beschluss des St\u00e4nderates</p>\n<p><i>Abs. 2 </i>[GZ]</p>\n<p>... das Inkrafttreten. Vorbehalten bleibt Absatz 3.</p>\n<p><i>Abs. 3 </i>[GZ]</p>\n<p>Die \u00c4nderung von Artikel 66 Absatz 2 des Bundesgesetzes vom 18. M\u00e4rz 1994 \u00fcber die Krankenversicherung nach Ziffer I/13 tritt mit der \u00c4nderung des Bundesgesetzes vom 6. Oktober 2006 \u00fcber Erg\u00e4nzungsleistungen zur Alters-, Hinterlassenen- und Invalidenversicherung (ELG) gem\u00e4ss Botschaft vom 16. September 2016 zur EL-Reform in Kraft.</p>\n<p>[VS]</p>\n<p><b>Ch. II </b>[GZ]</p>\n<p><i>Proposition de la commission </i>[GZ]</p>\n<p><i>Al. 1 </i>[GZ]</p>\n<p>Adh\u00e9rer \u00e0 la d\u00e9cision du Conseil des Etats</p>\n<p><i>Al. 2 </i>[GZ]</p>\n<p>... de l'entr\u00e9e en vigueur. L'alin\u00e9a 3 est r\u00e9serv\u00e9.</p>\n<p><i>Al. 3 </i>[GZ]</p>\n<p>La modification de l'article 66 alin\u00e9a 2 de la loi f\u00e9d\u00e9rale du 18 mars 1994 sur l'assurance-maladie pr\u00e9vue au chiffre 13 du projet 1 entre en vigueur en m\u00eame temps que la modification de la loi f\u00e9d\u00e9rale du 6 octobre 2006 sur les prestations compl\u00e9mentaires \u00e0 l'AVS et \u00e0 l'AI (LPC) pr\u00e9vue par le message du 16 septembre 2016 relatif \u00e0 la modification de la loi sur les prestations compl\u00e9mentaires. [GZ]</p>\n<p>[VS][GZ]</p>\n<p><i>Angenommen - Adopt\u00e9</i></p>\n<p>[VS]</p>\n</pd_text>","MeetingCouncilAbbreviation":"N","MeetingDate":"20161130","MeetingVerbalixOid":2810,"IdSession":"5006","SpeakerFirstName":"J\u00fcrg","SpeakerLastName":"Stahl","SpeakerFullName":"Stahl J\u00fcrg","SpeakerFunction":"P-M","CouncilId":1,"CouncilName":"Nationalrat","CantonId":1,"CantonName":"Z\u00fcrich","CantonAbbreviation":"ZH","ParlGroupName":"Fraktion der Schweizerischen Volkspartei","ParlGroupAbbreviation":"V","SortOrder":15,"Start":"\/Date(1480493810586)\/","End":"\/Date(1480493882705)\/","Function":"P-M","DisplaySpeaker":false,"LanguageOfText":null,"Modified":"\/Date(1774877341964)\/","StartTimeWithTimezone":"\/Date(1480493810587+0060)\/","EndTimeWithTimezone":"\/Date(1480493882707+0060)\/","VoteBusinessNumber":null,"VoteBusinessShortNumber":null,"VoteBusinessTitle":null},{"__metadata":{"id":"https://ws.parlament.ch/OData.svc/Transcript(ID=207077L,Language='DE')","uri":"https://ws.parlament.ch/OData.svc/Transcript(ID=207077L,Language='DE')","type":"itsystems.Pd.DataServices.DataModel.Transcript"},"Subjects":{"__deferred":{"uri":"https://ws.parlament.ch/OData.svc/Transcript(ID=207077L,Language='DE')/Subjects"}},"MembersCouncil":{"__deferred":{"uri":"https://ws.parlament.ch/OData.svc/Transcript(ID=207077L,Language='DE')/MembersCouncil"}},"Businesses":{"__deferred":{"uri":"https://ws.parlament.ch/OData.svc/Transcript(ID=207077L,Language='DE')/Businesses"}},"ID":"207077","Language":"DE","IdSubject":"38681","VoteId":null,"PersonNumber":514,"Type":1,"Text":"<pd_text><p><i>Abschreibung - Classement </i>[GZ]</p>\n<p>[VS] [GZ]</p>\n<p><i>Antrag der Kommission </i>[GZ]</p>\n<p>Zustimmung zum Antrag des Bundesrates [GZ]</p>\n<p>(Abschreiben der Motionen 12.3335 und 15.3013)</p>\n<p>[VS]</p>\n<p><i>Antrag Wasserfallen </i>[GZ]</p>\n<p>Die Motion 12.3335 nicht abschreiben</p>\n<p>[VS]</p>\n<p><i>Proposition de la commission </i>[GZ]</p>\n<p>Adh\u00e9rer \u00e0 la proposition du Conseil f\u00e9d\u00e9ral [GZ]</p>\n<p>(Classer les motions 12.3335 et 15.3013)</p>\n<p>[VS] </p>\n<p><i>Proposition Wasserfallen [GZ]</i></p>\n<p>Ne pas classer la motion 12.3335</p>\n<p>[VS]</p>\n<p><b>Pr\u00e4sident </b>(Stahl J\u00fcrg, Pr\u00e4sident): Die Kommission und der Bundesrat beantragen, die Motion 12.3335, \"Rechtliche Rahmenbedingungen f\u00fcr den freien Zugang zu Meteodaten (Open-Government-Data-Prinzip)\", abzuschreiben. Herr Wasserfallen beantragt, die Motion nicht abzuschreiben. </p>\n</pd_text>","MeetingCouncilAbbreviation":"N","MeetingDate":"20161130","MeetingVerbalixOid":2810,"IdSession":"5006","SpeakerFirstName":"J\u00fcrg","SpeakerLastName":"Stahl","SpeakerFullName":"Stahl J\u00fcrg","SpeakerFunction":"P-M","CouncilId":1,"CouncilName":"Nationalrat","CantonId":1,"CantonName":"Z\u00fcrich","CantonAbbreviation":"ZH","ParlGroupName":"Fraktion der Schweizerischen Volkspartei","ParlGroupAbbreviation":"V","SortOrder":17,"Start":"\/Date(1480493882705)\/","End":"\/Date(1480493977346)\/","Function":"P-M","DisplaySpeaker":false,"LanguageOfText":null,"Modified":"\/Date(1774877341980)\/","StartTimeWithTimezone":"\/Date(1480493882707+0060)\/","EndTimeWithTimezone":"\/Date(1480493977347+0060)\/","VoteBusinessNumber":null,"VoteBusinessShortNumber":null,"VoteBusinessTitle":null},{"__metadata":{"id":"https://ws.parlament.ch/OData.svc/Transcript(ID=207211L,Language='DE')","uri":"https://ws.parlament.ch/OData.svc/Transcript(ID=207211L,Language='DE')","type":"itsystems.Pd.DataServices.DataModel.Transcript"},"Subjects":{"__deferred":{"uri":"https://ws.parlament.ch/OData.svc/Transcript(ID=207211L,Language='DE')/Subjects"}},"MembersCouncil":{"__deferred":{"uri":"https://ws.parlament.ch/OData.svc/Transcript(ID=207211L,Language='DE')/MembersCouncil"}},"Businesses":{"__deferred":{"uri":"https://ws.parlament.ch/OData.svc/Transcript(ID=207211L,Language='DE')/Businesses"}},"ID":"207211","Language":"DE","IdSubject":"38681","VoteId":null,"PersonNumber":null,"Type":3,"Text":"<pd_text><p><b>Ziff. 4 Art. 4a Abs. 1 Ziff. 6[GZ]</b></p>\n<p><i>Antrag der Mehrheit [GZ]</i></p>\n<p>Zustimmung zum Beschluss des St\u00e4nderates</p>\n<p>[VS]</p>\n<p><i>Antrag der Minderheit [GZ]</i></p>\n<p>(Hadorn, Br\u00e9laz, Carobbio Guscetti, Heim, Kiener Nellen, Maire Jacques-Andr\u00e9, Meyer Mattea)[GZ]</p>\n<p>6. Weitere Massnahmen im Transferbereich des EJPD</p>\n<p>2017: 6,5 Millionen Franken;</p>\n<p>2018: 8,7 Millionen Franken;</p>\n<p>2019: 9,1 Millionen Franken.</p>\n<p>[VS]</p>\n<p><b>Ch. 4 art. 4a al. 1 ch. 6[GZ]</b></p>\n<p><i>Proposition de la majorit\u00e9 [GZ]</i></p>\n<p>Adh\u00e9rer \u00e0 la d\u00e9cision du Conseil des Etats</p>\n<p>[VS]</p>\n<p><i>Proposition de la minorit\u00e9 [GZ]</i></p>\n<p>(Hadorn, Br\u00e9laz, Carobbio Guscetti, Heim, Kiener Nellen, Maire Jacques-Andr\u00e9, Meyer Mattea)[GZ]</p>\n<p>6. Autres mesures dans le domaine des transferts du DFJP</p>\n<p>2017: 6,5 millions de francs;</p>\n<p>2018: 8,7 millions de francs;</p>\n<p>2019: 9,1 millions de francs.</p>\n</pd_text>","MeetingCouncilAbbreviation":"N","MeetingDate":"20161130","MeetingVerbalixOid":2810,"IdSession":"5006","SpeakerFirstName":null,"SpeakerLastName":null,"SpeakerFullName":"","SpeakerFunction":null,"CouncilId":null,"CouncilName":null,"CantonId":null,"CantonName":null,"CantonAbbreviation":null,"ParlGroupName":null,"ParlGroupAbbreviation":null,"SortOrder":8,"Start":null,"End":null,"Function":null,"DisplaySpeaker":null,"LanguageOfText":"DE","Modified":"\/Date(1774877341964)\/","StartTimeWithTimezone":null,"EndTimeWithTimezone":null,"VoteBusinessNumber":null,"VoteBusinessShortNumber":null,"VoteBusinessTitle":null}]},"ID":"38681","Language":"DE","IdMeeting":"3867","VerbalixOid":509063,"SortOrder":1,"Modified":"\/Date(1480541610900)\/"}}