{"d":{"__metadata":{"id":"https://ws.parlament.ch/OData.svc/Subject(ID=3910L,Language='DE')","uri":"https://ws.parlament.ch/OData.svc/Subject(ID=3910L,Language='DE')","type":"itsystems.Pd.DataServices.DataModel.Subject"},"Meetings":{"__metadata":{"id":"https://ws.parlament.ch/OData.svc/Meeting(ID=271L,Language='DE')","uri":"https://ws.parlament.ch/OData.svc/Meeting(ID=271L,Language='DE')","type":"itsystems.Pd.DataServices.DataModel.Meeting"},"Sessions":{"__deferred":{"uri":"https://ws.parlament.ch/OData.svc/Meeting(ID=271L,Language='DE')/Sessions"}},"Subjects":{"__deferred":{"uri":"https://ws.parlament.ch/OData.svc/Meeting(ID=271L,Language='DE')/Subjects"}},"ID":"271","Language":"DE","MeetingNumber":16,"IdSession":4612,"SessionNumber":12,"SessionName":"Fr\u00fchjahrssession 2002","Council":1,"CouncilName":"Nationalrat","CouncilAbbreviation":"NR","Date":"\/Date(1016755200000)\/","Begin":"0800","Modified":"\/Date(1447069788087)\/","LegislativePeriodNumber":46,"PublicationStatus":"final","MeetingOrderText":"Sechzehnte Sitzung","SortOrder":16,"Location":"N"},"SubjectsBusiness":{"results":[{"__metadata":{"id":"https://ws.parlament.ch/OData.svc/SubjectBusiness(BusinessNumber=20010036,IdSubject=3910L,Language='DE')","uri":"https://ws.parlament.ch/OData.svc/SubjectBusiness(BusinessNumber=20010036,IdSubject=3910L,Language='DE')","type":"itsystems.Pd.DataServices.DataModel.SubjectBusiness"},"Subjects":{"__deferred":{"uri":"https://ws.parlament.ch/OData.svc/SubjectBusiness(BusinessNumber=20010036,IdSubject=3910L,Language='DE')/Subjects"}},"Businesses":{"__deferred":{"uri":"https://ws.parlament.ch/OData.svc/SubjectBusiness(BusinessNumber=20010036,IdSubject=3910L,Language='DE')/Businesses"}},"IdSubject":"3910","BusinessNumber":20010036,"Language":"DE","BusinessShortNumber":"01.036","Title":"\"Gegen Asylrechtsmissbrauch\". Volksinitiative","SortOrder":1,"PublishedNotes":"Schlussabstimmung - Vote final\n","Modified":"\/Date(1447069143510)\/","TitleDE":"Gegen Asylrechtsmissbrauch.\nVolksinitiative","TitleFR":"Contre les abus dans le\ndroit d'asile. Initiative populaire","TitleIT":null}]},"Transcripts":{"results":[{"__metadata":{"id":"https://ws.parlament.ch/OData.svc/Transcript(ID=20619L,Language='DE')","uri":"https://ws.parlament.ch/OData.svc/Transcript(ID=20619L,Language='DE')","type":"itsystems.Pd.DataServices.DataModel.Transcript"},"Subjects":{"__deferred":{"uri":"https://ws.parlament.ch/OData.svc/Transcript(ID=20619L,Language='DE')/Subjects"}},"MembersCouncil":{"__deferred":{"uri":"https://ws.parlament.ch/OData.svc/Transcript(ID=20619L,Language='DE')/MembersCouncil"}},"Businesses":{"__deferred":{"uri":"https://ws.parlament.ch/OData.svc/Transcript(ID=20619L,Language='DE')/Businesses"}},"ID":"20619","Language":"DE","IdSubject":"3910","VoteId":"2184","PersonNumber":null,"Type":2,"Text":"<pd_text><p><b>Bundesbeschluss \u00fcber die Volksinitiative \"gegen Asylrechtsmissbrauch\" </b></p>\n<p><b>Arr\u00eat\u00e9 f\u00e9d\u00e9ral sur l'initiative populaire \"contre les abus dans le droit d'asile\" </b></p>\n<p>[VS]</p>\n<p><i>Abstimmung - Vote </i></p>\n<p>[NAM]</p>\n<p>F\u00fcr Annahme des Entwurfes .... 137 Stimmen</p>\n<p>Dagegen .... 44 Stimmen</p>\n</pd_text>","MeetingCouncilAbbreviation":"N","MeetingDate":"20020322","MeetingVerbalixOid":908,"IdSession":"4612","SpeakerFirstName":null,"SpeakerLastName":null,"SpeakerFullName":"","SpeakerFunction":null,"CouncilId":null,"CouncilName":null,"CantonId":null,"CantonName":null,"CantonAbbreviation":null,"ParlGroupName":null,"ParlGroupAbbreviation":null,"SortOrder":1,"Start":null,"End":null,"Function":null,"DisplaySpeaker":null,"LanguageOfText":"DE","Modified":"\/Date(1774878199902)\/","StartTimeWithTimezone":null,"EndTimeWithTimezone":null,"VoteBusinessNumber":20010036,"VoteBusinessShortNumber":"01.036","VoteBusinessTitle":"Gegen Asylrechtsmissbrauch.\nVolksinitiative"}]},"ID":"3910","Language":"DE","IdMeeting":"271","VerbalixOid":56928,"SortOrder":93,"Modified":"\/Date(1774878199898)\/"}}