{"d":{"__metadata":{"id":"https://ws.parlament.ch/OData.svc/Subject(ID=3919L,Language='DE')","uri":"https://ws.parlament.ch/OData.svc/Subject(ID=3919L,Language='DE')","type":"itsystems.Pd.DataServices.DataModel.Subject"},"Meetings":{"__metadata":{"id":"https://ws.parlament.ch/OData.svc/Meeting(ID=271L,Language='DE')","uri":"https://ws.parlament.ch/OData.svc/Meeting(ID=271L,Language='DE')","type":"itsystems.Pd.DataServices.DataModel.Meeting"},"Sessions":{"__deferred":{"uri":"https://ws.parlament.ch/OData.svc/Meeting(ID=271L,Language='DE')/Sessions"}},"Subjects":{"__deferred":{"uri":"https://ws.parlament.ch/OData.svc/Meeting(ID=271L,Language='DE')/Subjects"}},"ID":"271","Language":"DE","MeetingNumber":16,"IdSession":4612,"SessionNumber":12,"SessionName":"Fr\u00fchjahrssession 2002","Council":1,"CouncilName":"Nationalrat","CouncilAbbreviation":"NR","Date":"\/Date(1016755200000)\/","Begin":"0800","Modified":"\/Date(1447069788087)\/","LegislativePeriodNumber":46,"PublicationStatus":"final","MeetingOrderText":"Sechzehnte Sitzung","SortOrder":16,"Location":"N"},"SubjectsBusiness":{"results":[{"__metadata":{"id":"https://ws.parlament.ch/OData.svc/SubjectBusiness(BusinessNumber=20010019,IdSubject=3919L,Language='DE')","uri":"https://ws.parlament.ch/OData.svc/SubjectBusiness(BusinessNumber=20010019,IdSubject=3919L,Language='DE')","type":"itsystems.Pd.DataServices.DataModel.SubjectBusiness"},"Subjects":{"__deferred":{"uri":"https://ws.parlament.ch/OData.svc/SubjectBusiness(BusinessNumber=20010019,IdSubject=3919L,Language='DE')/Subjects"}},"Businesses":{"__deferred":{"uri":"https://ws.parlament.ch/OData.svc/SubjectBusiness(BusinessNumber=20010019,IdSubject=3919L,Language='DE')/Businesses"}},"IdSubject":"3919","BusinessNumber":20010019,"Language":"DE","BusinessShortNumber":"01.019","Title":"Arbeitslosenversicherungsgesetz. 3. Revision","SortOrder":1,"PublishedNotes":"Schlussabstimmung - Vote final\n","Modified":"\/Date(1447069142536)\/","TitleDE":"Arbeitslosenversicherungsgesetz.\n3. Revision","TitleFR":"Loi sur l'assurance-ch\u00f4mage.\n3e r\u00e9vision","TitleIT":null}]},"Transcripts":{"results":[{"__metadata":{"id":"https://ws.parlament.ch/OData.svc/Transcript(ID=20628L,Language='DE')","uri":"https://ws.parlament.ch/OData.svc/Transcript(ID=20628L,Language='DE')","type":"itsystems.Pd.DataServices.DataModel.Transcript"},"Subjects":{"__deferred":{"uri":"https://ws.parlament.ch/OData.svc/Transcript(ID=20628L,Language='DE')/Subjects"}},"MembersCouncil":{"__deferred":{"uri":"https://ws.parlament.ch/OData.svc/Transcript(ID=20628L,Language='DE')/MembersCouncil"}},"Businesses":{"__deferred":{"uri":"https://ws.parlament.ch/OData.svc/Transcript(ID=20628L,Language='DE')/Businesses"}},"ID":"20628","Language":"DE","IdSubject":"3919","VoteId":"2181","PersonNumber":null,"Type":2,"Text":"<pd_text><p><b>Bundesgesetz \u00fcber die obligatorische Arbeitslosenversicherung und die Insolvenzentsch\u00e4digung </b></p>\n<p><b>Loi f\u00e9d\u00e9rale sur l'assurance-ch\u00f4mage obligatoire et l'indemnit\u00e9 en cas d'insolvabilit\u00e9 </b></p>\n<p>[VS]</p>\n<p><i>Abstimmung - Vote </i></p>\n<p>[NAM]</p>\n<p>F\u00fcr Annahme des Entwurfes .... 114 Stimmen</p>\n<p>Dagegen .... 58 Stimmen</p>\n</pd_text>","MeetingCouncilAbbreviation":"N","MeetingDate":"20020322","MeetingVerbalixOid":908,"IdSession":"4612","SpeakerFirstName":null,"SpeakerLastName":null,"SpeakerFullName":"","SpeakerFunction":null,"CouncilId":null,"CouncilName":null,"CantonId":null,"CantonName":null,"CantonAbbreviation":null,"ParlGroupName":null,"ParlGroupAbbreviation":null,"SortOrder":3,"Start":"\/Date(1016786437970)\/","End":"\/Date(1016786824541)\/","Function":null,"DisplaySpeaker":null,"LanguageOfText":"DE","Modified":"\/Date(1774878199892)\/","StartTimeWithTimezone":"\/Date(1016786437970+0060)\/","EndTimeWithTimezone":"\/Date(1016786824540+0060)\/","VoteBusinessNumber":20010019,"VoteBusinessShortNumber":"01.019","VoteBusinessTitle":"Arbeitslosenversicherungsgesetz.\n3. Revision"},{"__metadata":{"id":"https://ws.parlament.ch/OData.svc/Transcript(ID=20629L,Language='DE')","uri":"https://ws.parlament.ch/OData.svc/Transcript(ID=20629L,Language='DE')","type":"itsystems.Pd.DataServices.DataModel.Transcript"},"Subjects":{"__deferred":{"uri":"https://ws.parlament.ch/OData.svc/Transcript(ID=20629L,Language='DE')/Subjects"}},"MembersCouncil":{"__deferred":{"uri":"https://ws.parlament.ch/OData.svc/Transcript(ID=20629L,Language='DE')/MembersCouncil"}},"Businesses":{"__deferred":{"uri":"https://ws.parlament.ch/OData.svc/Transcript(ID=20629L,Language='DE')/Businesses"}},"ID":"20629","Language":"DE","IdSubject":"3919","VoteId":null,"PersonNumber":407,"Type":1,"Text":"<pd_text><p>Die Arbeitslosenversicherung soll eine Sozialversicherung sein. Deshalb hat sich die gr\u00fcne Fraktion bei der Beratung des Arbeitslosenversicherungsgesetzes f\u00fcr einen Beitragssatz von zwei Prozent auf den gesamten Lohn eingesetzt. Dass nun gute und hohe Einkommen ab 106 000 Franken von Beitr\u00e4gen befreit sein sollen, finden wir sozialpolitisch falsch. Dieser Plafond ist inakzeptabel. Wir sind nicht einverstanden, dass die Bezugsdauer von 520 auf 400 Tage gek\u00fcrzt, andererseits die Beitragszeit von sechs auf zw\u00f6lf Monate erh\u00f6ht wird, was nichts anderes bedeutet, als dass der Zugang zur Arbeitslosenversicherung erschwert wird.</p>\n<p>Die gr\u00fcne Fraktion lehnt das vorliegende Arbeitslosenversicherungsgesetz ab. Die Gr\u00fcne Partei unterst\u00fctzt ein allf\u00e4lliges Referendum klar.</p>\n</pd_text>","MeetingCouncilAbbreviation":"N","MeetingDate":"20020322","MeetingVerbalixOid":908,"IdSession":"4612","SpeakerFirstName":"Ruth","SpeakerLastName":"Genner","SpeakerFullName":"Genner Ruth","SpeakerFunction":"","CouncilId":1,"CouncilName":"Nationalrat","CantonId":1,"CantonName":"Z\u00fcrich","CantonAbbreviation":"ZH","ParlGroupName":"Gr\u00fcne Fraktion","ParlGroupAbbreviation":"G","SortOrder":2,"Start":"\/Date(1016786367626)\/","End":"\/Date(1016786437970)\/","Function":"","DisplaySpeaker":true,"LanguageOfText":"DE","Modified":"\/Date(1774878199888)\/","StartTimeWithTimezone":"\/Date(1016786367627+0060)\/","EndTimeWithTimezone":"\/Date(1016786437970+0060)\/","VoteBusinessNumber":null,"VoteBusinessShortNumber":null,"VoteBusinessTitle":null},{"__metadata":{"id":"https://ws.parlament.ch/OData.svc/Transcript(ID=20630L,Language='DE')","uri":"https://ws.parlament.ch/OData.svc/Transcript(ID=20630L,Language='DE')","type":"itsystems.Pd.DataServices.DataModel.Transcript"},"Subjects":{"__deferred":{"uri":"https://ws.parlament.ch/OData.svc/Transcript(ID=20630L,Language='DE')/Subjects"}},"MembersCouncil":{"__deferred":{"uri":"https://ws.parlament.ch/OData.svc/Transcript(ID=20630L,Language='DE')/MembersCouncil"}},"Businesses":{"__deferred":{"uri":"https://ws.parlament.ch/OData.svc/Transcript(ID=20630L,Language='DE')/Businesses"}},"ID":"20630","Language":"DE","IdSubject":"3919","VoteId":null,"PersonNumber":94,"Type":1,"Text":"<pd_text><p>Die SP-Fraktion kann dieser Revision nicht zustimmen. Arbeitslosigkeit hat nichts mit individuellem Selbstverschulden zu tun; das hat uns die Wirtschaftskrise der Neunzigerjahre deutlich vor Augen gef\u00fchrt, als auch in der Schweiz Hunderttausende von Menschen auf der Strasse standen. Die Solidarit\u00e4t mit denjenigen, die ihre Stelle verloren haben und deren Existenzgrundlage damit gef\u00e4hrdet ist, stellt f\u00fcr einen sozialen Staat eine Verpflichtung dar. Die Arbeitslosenversicherung ist keine Almoseneinrichtung. Sie erf\u00fcllt soziale Grundrechte in der Schweiz. Die Arbeitnehmer und Arbeitnehmerinnen bezahlen ihre Beitr\u00e4ge in dieses Sozialwerk und haben deshalb auch ein Recht auf Leistungen dieser Versicherung. Das Avig basiert auf gegenseitiger Verpflichtung. Pflichten m\u00fcssen auch erwerbslose Menschen erf\u00fcllen. Das Ergebnis dieser Revision ist eine K\u00fcndigung. Entlassen wird die Solidarit\u00e4t, indem Kaderlohnempf\u00e4nger entlastet, Langzeitarbeitslose daf\u00fcr bestraft werden sollen. Den von der Mehrheit unterst\u00fctzten Leistungsabbau kann die SP-Fraktion nicht akzeptieren.</p>\n</pd_text>","MeetingCouncilAbbreviation":"N","MeetingDate":"20020322","MeetingVerbalixOid":908,"IdSession":"4612","SpeakerFirstName":"Christine","SpeakerLastName":"Goll","SpeakerFullName":"Goll Christine","SpeakerFunction":"","CouncilId":1,"CouncilName":"Nationalrat","CantonId":1,"CantonName":"Z\u00fcrich","CantonAbbreviation":"ZH","ParlGroupName":"Sozialdemokratische Fraktion","ParlGroupAbbreviation":"S","SortOrder":1,"Start":"\/Date(1016786255954)\/","End":"\/Date(1016786367626)\/","Function":"","DisplaySpeaker":true,"LanguageOfText":"DE","Modified":"\/Date(1774878199886)\/","StartTimeWithTimezone":"\/Date(1016786255953+0060)\/","EndTimeWithTimezone":"\/Date(1016786367627+0060)\/","VoteBusinessNumber":null,"VoteBusinessShortNumber":null,"VoteBusinessTitle":null}]},"ID":"3919","Language":"DE","IdMeeting":"271","VerbalixOid":56846,"SortOrder":91,"Modified":"\/Date(1774878199883)\/"}}