{"d":{"__metadata":{"id":"https://ws.parlament.ch/OData.svc/Subject(ID=3921L,Language='DE')","uri":"https://ws.parlament.ch/OData.svc/Subject(ID=3921L,Language='DE')","type":"itsystems.Pd.DataServices.DataModel.Subject"},"Meetings":{"__metadata":{"id":"https://ws.parlament.ch/OData.svc/Meeting(ID=271L,Language='DE')","uri":"https://ws.parlament.ch/OData.svc/Meeting(ID=271L,Language='DE')","type":"itsystems.Pd.DataServices.DataModel.Meeting"},"Sessions":{"__deferred":{"uri":"https://ws.parlament.ch/OData.svc/Meeting(ID=271L,Language='DE')/Sessions"}},"Subjects":{"__deferred":{"uri":"https://ws.parlament.ch/OData.svc/Meeting(ID=271L,Language='DE')/Subjects"}},"ID":"271","Language":"DE","MeetingNumber":16,"IdSession":4612,"SessionNumber":12,"SessionName":"Fr\u00fchjahrssession 2002","Council":1,"CouncilName":"Nationalrat","CouncilAbbreviation":"NR","Date":"\/Date(1016755200000)\/","Begin":"0800","Modified":"\/Date(1447069788087)\/","LegislativePeriodNumber":46,"PublicationStatus":"final","MeetingOrderText":"Sechzehnte Sitzung","SortOrder":16,"Location":"N"},"SubjectsBusiness":{"results":[{"__metadata":{"id":"https://ws.parlament.ch/OData.svc/SubjectBusiness(BusinessNumber=20000042,IdSubject=3921L,Language='DE')","uri":"https://ws.parlament.ch/OData.svc/SubjectBusiness(BusinessNumber=20000042,IdSubject=3921L,Language='DE')","type":"itsystems.Pd.DataServices.DataModel.SubjectBusiness"},"Subjects":{"__deferred":{"uri":"https://ws.parlament.ch/OData.svc/SubjectBusiness(BusinessNumber=20000042,IdSubject=3921L,Language='DE')/Subjects"}},"Businesses":{"__deferred":{"uri":"https://ws.parlament.ch/OData.svc/SubjectBusiness(BusinessNumber=20000042,IdSubject=3921L,Language='DE')/Businesses"}},"IdSubject":"3921","BusinessNumber":20000042,"Language":"DE","BusinessShortNumber":"00.042","Title":"Stiftung solidarische Schweiz. Verwendung von Goldreserven","SortOrder":1,"PublishedNotes":"Schlussabstimmung - Vote final\n","Modified":"\/Date(1447069111820)\/","TitleDE":"Stiftung solidarische Schweiz. \nVerwendung von Goldreserven","TitleFR":"Fondation Suisse solidaire.\nUtilisation des r\u00e9serves d'or","TitleIT":null}]},"Transcripts":{"results":[{"__metadata":{"id":"https://ws.parlament.ch/OData.svc/Transcript(ID=20633L,Language='DE')","uri":"https://ws.parlament.ch/OData.svc/Transcript(ID=20633L,Language='DE')","type":"itsystems.Pd.DataServices.DataModel.Transcript"},"Subjects":{"__deferred":{"uri":"https://ws.parlament.ch/OData.svc/Transcript(ID=20633L,Language='DE')/Subjects"}},"MembersCouncil":{"__deferred":{"uri":"https://ws.parlament.ch/OData.svc/Transcript(ID=20633L,Language='DE')/MembersCouncil"}},"Businesses":{"__deferred":{"uri":"https://ws.parlament.ch/OData.svc/Transcript(ID=20633L,Language='DE')/Businesses"}},"ID":"20633","Language":"DE","IdSubject":"3921","VoteId":"2175","PersonNumber":null,"Type":2,"Text":"<pd_text><p><b>2. Bundesgesetz \u00fcber die Stiftung Solidarit\u00e4t Schweiz </b></p>\n<p><b>2. Loi f\u00e9d\u00e9rale sur la Fondation Suisse solidaire </b></p>\n<p>[VS]</p>\n<p><i>Abstimmung - Vote </i></p>\n<p>[NAM]</p>\n<p>F\u00fcr Annahme des Entwurfes .... 104 Stimmen</p>\n<p>Dagegen .... 66 Stimmen</p>\n<p>[PAGE 470] </p>\n</pd_text>","MeetingCouncilAbbreviation":"N","MeetingDate":"20020322","MeetingVerbalixOid":908,"IdSession":"4612","SpeakerFirstName":null,"SpeakerLastName":null,"SpeakerFullName":"","SpeakerFunction":null,"CouncilId":null,"CouncilName":null,"CantonId":null,"CantonName":null,"CantonAbbreviation":null,"ParlGroupName":null,"ParlGroupAbbreviation":null,"SortOrder":2,"Start":"\/Date(1016785778611)\/","End":"\/Date(1016785837126)\/","Function":null,"DisplaySpeaker":null,"LanguageOfText":"DE","Modified":"\/Date(1774878199860)\/","StartTimeWithTimezone":"\/Date(1016785778610+0060)\/","EndTimeWithTimezone":"\/Date(1016785837127+0060)\/","VoteBusinessNumber":20000042,"VoteBusinessShortNumber":"00.042","VoteBusinessTitle":"Stiftung solidarische Schweiz. \nVerwendung von Goldreserven"},{"__metadata":{"id":"https://ws.parlament.ch/OData.svc/Transcript(ID=20634L,Language='DE')","uri":"https://ws.parlament.ch/OData.svc/Transcript(ID=20634L,Language='DE')","type":"itsystems.Pd.DataServices.DataModel.Transcript"},"Subjects":{"__deferred":{"uri":"https://ws.parlament.ch/OData.svc/Transcript(ID=20634L,Language='DE')/Subjects"}},"MembersCouncil":{"__deferred":{"uri":"https://ws.parlament.ch/OData.svc/Transcript(ID=20634L,Language='DE')/MembersCouncil"}},"Businesses":{"__deferred":{"uri":"https://ws.parlament.ch/OData.svc/Transcript(ID=20634L,Language='DE')/Businesses"}},"ID":"20634","Language":"DE","IdSubject":"3921","VoteId":null,"PersonNumber":497,"Type":1,"Text":"<pd_text><p>Le groupe \u00e9cologiste soutiendra la Fondation Suisse solidaire et esp\u00e8re se trouver dans la majorit\u00e9 du Conseil, ceci d'autant plus que le rapport final de la commission Bergier est publi\u00e9 aujourd'hui. La Fondation Suisse solidaire a pour objectifs de combattre la pauvret\u00e9, la violence et les violations des droits de l'homme, et de renforcer les structures d\u00e9mocratiques. Le groupe \u00e9cologiste juge scandaleuse la position de nombreux politiciens et politiciennes qui sont pr\u00eats \u00e0 condamner un tel projet par des calculs politiciens et populistes.</p>\n<p>Nous estimons que ce vote est d'autant plus important, justement et je le r\u00e9p\u00e8te, que le rapport final de la commission Bergier est publi\u00e9 le m\u00eame jour. Nous savons que la cr\u00e9ation de cette Commission ind\u00e9pendante d'experts, pouvant \u00e9galement examiner des archives priv\u00e9es, a port\u00e9 ses fruits. Pour le groupe \u00e9cologiste, l'\u00e9claircissement du r\u00f4le de la Suisse durant la Deuxi\u00e8me Guerre mondiale est un \u00e9l\u00e9ment central qui doit nous permettre de nous situer de mani\u00e8re r\u00e9aliste et honn\u00eate face au pass\u00e9.</p>\n<p>En soutenant la Fondation Suisse solidaire ce m\u00eame jour, le Conseil national ferait ainsi un important geste symbolique; \u00e7a traduirait un soutien \u00e0 une tradition solidaire et humanitaire qui a sauv\u00e9 de nombreuses personnes durant la Deuxi\u00e8me Guerre mondiale. Un refus nous placerait au rang de ceux qui ont fait preuve d'\u00e9go\u00efsme et de l\u00e2chet\u00e9 durant cette p\u00e9riode.</p>\n</pd_text>","MeetingCouncilAbbreviation":"N","MeetingDate":"20020322","MeetingVerbalixOid":908,"IdSession":"4612","SpeakerFirstName":"Patrice","SpeakerLastName":"Mugny","SpeakerFullName":"Mugny Patrice","SpeakerFunction":"","CouncilId":1,"CouncilName":"Nationalrat","CantonId":25,"CantonName":"Genf","CantonAbbreviation":"GE","ParlGroupName":"Gr\u00fcne Fraktion","ParlGroupAbbreviation":"G","SortOrder":1,"Start":"\/Date(1016785664126)\/","End":"\/Date(1016785778611)\/","Function":"","DisplaySpeaker":true,"LanguageOfText":"FR","Modified":"\/Date(1774878199856)\/","StartTimeWithTimezone":"\/Date(1016785664127+0060)\/","EndTimeWithTimezone":"\/Date(1016785778610+0060)\/","VoteBusinessNumber":null,"VoteBusinessShortNumber":null,"VoteBusinessTitle":null}]},"ID":"3921","Language":"DE","IdMeeting":"271","VerbalixOid":56869,"SortOrder":85,"Modified":"\/Date(1774878199854)\/"}}