{"d":{"__metadata":{"id":"https://ws.parlament.ch/OData.svc/Subject(ID=39740L,Language='DE')","uri":"https://ws.parlament.ch/OData.svc/Subject(ID=39740L,Language='DE')","type":"itsystems.Pd.DataServices.DataModel.Subject"},"Meetings":{"__metadata":{"id":"https://ws.parlament.ch/OData.svc/Meeting(ID=3918L,Language='DE')","uri":"https://ws.parlament.ch/OData.svc/Meeting(ID=3918L,Language='DE')","type":"itsystems.Pd.DataServices.DataModel.Meeting"},"Sessions":{"__deferred":{"uri":"https://ws.parlament.ch/OData.svc/Meeting(ID=3918L,Language='DE')/Sessions"}},"Subjects":{"__deferred":{"uri":"https://ws.parlament.ch/OData.svc/Meeting(ID=3918L,Language='DE')/Subjects"}},"ID":"3918","Language":"DE","MeetingNumber":10,"IdSession":5007,"SessionNumber":7,"SessionName":"Fr\u00fchjahrssession 2017","Council":2,"CouncilName":"St\u00e4nderat","CouncilAbbreviation":"SR","Date":"\/Date(1489536000000)\/","Begin":"0830","Modified":"\/Date(1490790760197)\/","LegislativePeriodNumber":50,"PublicationStatus":"final","MeetingOrderText":"Zehnte Sitzung","SortOrder":10,"Location":"S"},"SubjectsBusiness":{"results":[{"__metadata":{"id":"https://ws.parlament.ch/OData.svc/SubjectBusiness(BusinessNumber=20160045,IdSubject=39740L,Language='DE')","uri":"https://ws.parlament.ch/OData.svc/SubjectBusiness(BusinessNumber=20160045,IdSubject=39740L,Language='DE')","type":"itsystems.Pd.DataServices.DataModel.SubjectBusiness"},"Subjects":{"__deferred":{"uri":"https://ws.parlament.ch/OData.svc/SubjectBusiness(BusinessNumber=20160045,IdSubject=39740L,Language='DE')/Subjects"}},"Businesses":{"__deferred":{"uri":"https://ws.parlament.ch/OData.svc/SubjectBusiness(BusinessNumber=20160045,IdSubject=39740L,Language='DE')/Businesses"}},"IdSubject":"39740","BusinessNumber":20160045,"Language":"DE","BusinessShortNumber":"16.045","Title":"Stabilisierungsprogramm 2017-2019","SortOrder":1,"PublishedNotes":"Differenzen - Divergences\n","Modified":"\/Date(1471263613173)\/","TitleDE":"Stabilisierungsprogramm 2017-2019","TitleFR":"Programme de stabilisation 2017-2019","TitleIT":null}]},"Transcripts":{"results":[{"__metadata":{"id":"https://ws.parlament.ch/OData.svc/Transcript(ID=213545L,Language='DE')","uri":"https://ws.parlament.ch/OData.svc/Transcript(ID=213545L,Language='DE')","type":"itsystems.Pd.DataServices.DataModel.Transcript"},"Subjects":{"__deferred":{"uri":"https://ws.parlament.ch/OData.svc/Transcript(ID=213545L,Language='DE')/Subjects"}},"MembersCouncil":{"__deferred":{"uri":"https://ws.parlament.ch/OData.svc/Transcript(ID=213545L,Language='DE')/MembersCouncil"}},"Businesses":{"__deferred":{"uri":"https://ws.parlament.ch/OData.svc/Transcript(ID=213545L,Language='DE')/Businesses"}},"ID":"213545","Language":"DE","IdSubject":"39740","VoteId":null,"PersonNumber":3831,"Type":1,"Text":"<pd_text><p><b>1. Bundesgesetz \u00fcber das Stabilisierungsprogramm 2017-2019 </b>[GZ]</p>\n<p><b>1. Loi f\u00e9d\u00e9rale sur le programme de stabilisation 2017-2019 </b>[GZ]</p>\n<p>[VS][GZ]</p>\n<p><b>Ziff. 4 Art. 4a Abs. 1 Ziff. 5 </b>[GZ]</p>\n<p><i>Antrag der Einigungskonferenz </i>[GZ]</p>\n<p>2017: 0,5; 2018: 11,4; 2019: 11,4</p>\n<p>[VS]</p>\n<p><b>Ch. 4 art. 4a al. 1 ch. 5 </b>[GZ]</p>\n<p><i>Proposition de la Conf\u00e9rence de conciliation </i>[GZ]</p>\n<p>2017: 0,5; 2018: 11,4; 2019: 11,4</p>\n<p>[VS]</p>\n<p><b>Ziff. 13 </b>[GZ]</p>\n<p><i>Antrag der Einigungskonferenz </i>[GZ]</p>\n<p>Streichen</p>\n<p>[VS]</p>\n<p><b>Ch. 13 </b>[GZ]</p>\n<p><i>Proposition de la Conf\u00e9rence de conciliation </i>[GZ]</p>\n<p>Biffer</p>\n<p>[VS]</p>\n<p><b>Ziff. II </b>[GZ]</p>\n<p><i>Antrag der Einigungskonferenz</i> [GZ]</p>\n<p><i>Abs. 1 </i>[GZ]</p>\n<p>Dieses Gesetz untersteht dem fakultativen Referendum.</p>\n<p><i>Abs. 2 </i>[GZ]</p>\n<p>Der Bundesrat bestimmt das Inkrafttreten.</p>\n<p>[VS]</p>\n<p><b>Ch. II </b>[GZ]</p>\n<p><i>Proposition de la Conf\u00e9rence de conciliation </i>[GZ]</p>\n<p><i>Al. 1 </i>[GZ]</p>\n<p>La pr\u00e9sente loi est sujette au r\u00e9f\u00e9rendum.</p>\n<p><i>Al. 2 </i>[GZ]</p>\n<p>Le Conseil f\u00e9d\u00e9ral fixe la date de l'entr\u00e9e en vigueur.</p>\n</pd_text>","MeetingCouncilAbbreviation":"S","MeetingDate":"20170315","MeetingVerbalixOid":2861,"IdSession":"5007","SpeakerFirstName":"Ivo","SpeakerLastName":"Bischofberger","SpeakerFullName":"Bischofberger Ivo","SpeakerFunction":"P-M","CouncilId":2,"CouncilName":"St\u00e4nderat","CantonId":16,"CantonName":"Appenzell I.-Rh.","CantonAbbreviation":"AI","ParlGroupName":"CVP-Fraktion","ParlGroupAbbreviation":"M-E","SortOrder":1,"Start":"\/Date(1489580208900)\/","End":"\/Date(1489580235743)\/","Function":"P-M","DisplaySpeaker":false,"LanguageOfText":null,"Modified":"\/Date(1750408287813)\/","StartTimeWithTimezone":"\/Date(1489580208900+0060)\/","EndTimeWithTimezone":"\/Date(1489580235743+0060)\/","VoteBusinessNumber":null,"VoteBusinessShortNumber":null,"VoteBusinessTitle":null},{"__metadata":{"id":"https://ws.parlament.ch/OData.svc/Transcript(ID=213546L,Language='DE')","uri":"https://ws.parlament.ch/OData.svc/Transcript(ID=213546L,Language='DE')","type":"itsystems.Pd.DataServices.DataModel.Transcript"},"Subjects":{"__deferred":{"uri":"https://ws.parlament.ch/OData.svc/Transcript(ID=213546L,Language='DE')/Subjects"}},"MembersCouncil":{"__deferred":{"uri":"https://ws.parlament.ch/OData.svc/Transcript(ID=213546L,Language='DE')/MembersCouncil"}},"Businesses":{"__deferred":{"uri":"https://ws.parlament.ch/OData.svc/Transcript(ID=213546L,Language='DE')/Businesses"}},"ID":"213546","Language":"DE","IdSubject":"39740","VoteId":null,"PersonNumber":3831,"Type":1,"Text":"<pd_text><p><i>Angenommen - Adopt\u00e9</i></p>\n<p>[VS]</p>\n<p>[VS]</p>\n<p><b>Pr\u00e4sident</b> (Bischofberger Ivo, Pr\u00e4sident): Damit sind wir am Schluss der heutigen Sitzung angelangt. Ich w\u00fcnsche Ihnen einen sch\u00f6nen Nachmittag! [GZ]</p>\n<p>[VS][GZ]</p>\n<p>[VS][GZ]</p>\n<p>[VS][GZ]</p>\n<p><i>Schluss der Sitzung um 12.20 Uhr </i>[GZ]</p>\n<p><i>La s\u00e9ance est lev\u00e9e \u00e0 12 h 20</i></p>\n<p><i>[PAGE 268] </i></p>\n<p>[VS]</p>\n<p>[VS]</p>\n<p>[VS]</p>\n<p>[VS]</p>\n<p>[VS]</p>\n</pd_text>","MeetingCouncilAbbreviation":"S","MeetingDate":"20170315","MeetingVerbalixOid":2861,"IdSession":"5007","SpeakerFirstName":"Ivo","SpeakerLastName":"Bischofberger","SpeakerFullName":"Bischofberger Ivo","SpeakerFunction":"P-M","CouncilId":2,"CouncilName":"St\u00e4nderat","CantonId":16,"CantonName":"Appenzell I.-Rh.","CantonAbbreviation":"AI","ParlGroupName":"CVP-Fraktion","ParlGroupAbbreviation":"M-E","SortOrder":3,"Start":"\/Date(1489580318983)\/","End":"\/Date(1489580360830)\/","Function":"P-M","DisplaySpeaker":false,"LanguageOfText":null,"Modified":"\/Date(1750408287830)\/","StartTimeWithTimezone":"\/Date(1489580318983+0060)\/","EndTimeWithTimezone":"\/Date(1489580360830+0060)\/","VoteBusinessNumber":null,"VoteBusinessShortNumber":null,"VoteBusinessTitle":null},{"__metadata":{"id":"https://ws.parlament.ch/OData.svc/Transcript(ID=213589L,Language='DE')","uri":"https://ws.parlament.ch/OData.svc/Transcript(ID=213589L,Language='DE')","type":"itsystems.Pd.DataServices.DataModel.Transcript"},"Subjects":{"__deferred":{"uri":"https://ws.parlament.ch/OData.svc/Transcript(ID=213589L,Language='DE')/Subjects"}},"MembersCouncil":{"__deferred":{"uri":"https://ws.parlament.ch/OData.svc/Transcript(ID=213589L,Language='DE')/MembersCouncil"}},"Businesses":{"__deferred":{"uri":"https://ws.parlament.ch/OData.svc/Transcript(ID=213589L,Language='DE')/Businesses"}},"ID":"213589","Language":"DE","IdSubject":"39740","VoteId":null,"PersonNumber":466,"Type":1,"Text":"<pd_text><p>Ich darf Ihnen den Kompromiss der Einigungskonferenz der Finanzkommissionen zum Stabilisierungsprogramm pr\u00e4sentieren. Nach einer konstruktiven Diskussion kam die Einigungskonferenz zu folgendem Ergebnis:</p>\n<p>Der St\u00e4nderat kommt dem Nationalrat bei den Integrationskosten entgegen und unterst\u00fctzt dort die K\u00fcrzung von 23,3 Millionen Franken. Daf\u00fcr kommt der Nationalrat dem St\u00e4nderat bei den Beitr\u00e4gen f\u00fcr die Pr\u00e4mienverbilligung entgegen und k\u00fcrzt diese nicht. Die in der Erg\u00e4nzungsleistungsreform vorgesehene Kompensation f\u00fcr die Kantone wird zuerst abgewartet. Dort, in der Reform des Erg\u00e4nzungsleistungsgesetzes, die im Moment in den parlamentarischen Prozess eingespiesen wird, wird dann nochmals \u00fcber die K\u00fcrzung von Beitr\u00e4gen f\u00fcr die Pr\u00e4mienverbilligungen gesprochen werden. </p>\n<p>Ich kann Ihnen auch mitteilen, dass der Bundesrat diesen Kompromiss unterst\u00fctzt. Er wurde mit 25 zu 1 Stimmen bei 0 Enthaltungen bekr\u00e4ftigt. Deshalb bitte ich Sie, dem Kompromiss auch zuzustimmen. </p>\n</pd_text>","MeetingCouncilAbbreviation":"S","MeetingDate":"20170315","MeetingVerbalixOid":2861,"IdSession":"5007","SpeakerFirstName":"Anita","SpeakerLastName":"Fetz","SpeakerFullName":"Fetz Anita","SpeakerFunction":"Mit-F","CouncilId":2,"CouncilName":"St\u00e4nderat","CantonId":12,"CantonName":"Basel-Stadt","CantonAbbreviation":"BS","ParlGroupName":"Sozialdemokratische Fraktion","ParlGroupAbbreviation":"S","SortOrder":2,"Start":"\/Date(1489580235743)\/","End":"\/Date(1489580318983)\/","Function":"*","DisplaySpeaker":true,"LanguageOfText":"DE","Modified":"\/Date(1750408287813)\/","StartTimeWithTimezone":"\/Date(1489580235743+0060)\/","EndTimeWithTimezone":"\/Date(1489580318983+0060)\/","VoteBusinessNumber":null,"VoteBusinessShortNumber":null,"VoteBusinessTitle":null}]},"ID":"39740","Language":"DE","IdMeeting":"3918","VerbalixOid":519081,"SortOrder":19,"Modified":"\/Date(1750408287813)\/"}}