{"d":{"__metadata":{"id":"https://ws.parlament.ch/OData.svc/Subject(ID=39841L,Language='DE')","uri":"https://ws.parlament.ch/OData.svc/Subject(ID=39841L,Language='DE')","type":"itsystems.Pd.DataServices.DataModel.Subject"},"Meetings":{"__metadata":{"id":"https://ws.parlament.ch/OData.svc/Meeting(ID=3924L,Language='DE')","uri":"https://ws.parlament.ch/OData.svc/Meeting(ID=3924L,Language='DE')","type":"itsystems.Pd.DataServices.DataModel.Meeting"},"Sessions":{"__deferred":{"uri":"https://ws.parlament.ch/OData.svc/Meeting(ID=3924L,Language='DE')/Sessions"}},"Subjects":{"__deferred":{"uri":"https://ws.parlament.ch/OData.svc/Meeting(ID=3924L,Language='DE')/Subjects"}},"ID":"3924","Language":"DE","MeetingNumber":12,"IdSession":5007,"SessionNumber":7,"SessionName":"Fr\u00fchjahrssession 2017","Council":2,"CouncilName":"St\u00e4nderat","CouncilAbbreviation":"SR","Date":"\/Date(1489708800000)\/","Begin":"0815","Modified":"\/Date(1491310117347)\/","LegislativePeriodNumber":50,"PublicationStatus":"final","MeetingOrderText":"Zw\u00f6lfte Sitzung","SortOrder":12,"Location":"S"},"SubjectsBusiness":{"results":[{"__metadata":{"id":"https://ws.parlament.ch/OData.svc/SubjectBusiness(BusinessNumber=20140088,IdSubject=39841L,Language='DE')","uri":"https://ws.parlament.ch/OData.svc/SubjectBusiness(BusinessNumber=20140088,IdSubject=39841L,Language='DE')","type":"itsystems.Pd.DataServices.DataModel.SubjectBusiness"},"Subjects":{"__deferred":{"uri":"https://ws.parlament.ch/OData.svc/SubjectBusiness(BusinessNumber=20140088,IdSubject=39841L,Language='DE')/Subjects"}},"Businesses":{"__deferred":{"uri":"https://ws.parlament.ch/OData.svc/SubjectBusiness(BusinessNumber=20140088,IdSubject=39841L,Language='DE')/Businesses"}},"IdSubject":"39841","BusinessNumber":20140088,"Language":"DE","BusinessShortNumber":"14.088","Title":"Altersvorsorge 2020. Reform","SortOrder":1,"PublishedNotes":"Schlussabstimmung - Vote final\n","Modified":"\/Date(1447069625610)\/","TitleDE":"Altersvorsorge 2020.\nReform","TitleFR":"Pr\u00e9voyance vieillesse 2020.\nR\u00e9forme","TitleIT":null}]},"Transcripts":{"results":[{"__metadata":{"id":"https://ws.parlament.ch/OData.svc/Transcript(ID=214183L,Language='DE')","uri":"https://ws.parlament.ch/OData.svc/Transcript(ID=214183L,Language='DE')","type":"itsystems.Pd.DataServices.DataModel.Transcript"},"Subjects":{"__deferred":{"uri":"https://ws.parlament.ch/OData.svc/Transcript(ID=214183L,Language='DE')/Subjects"}},"MembersCouncil":{"__deferred":{"uri":"https://ws.parlament.ch/OData.svc/Transcript(ID=214183L,Language='DE')/MembersCouncil"}},"Businesses":{"__deferred":{"uri":"https://ws.parlament.ch/OData.svc/Transcript(ID=214183L,Language='DE')/Businesses"}},"ID":"214183","Language":"DE","IdSubject":"39841","VoteId":"1952","PersonNumber":null,"Type":2,"Text":"<pd_text><p><b>1. Bundesgesetz \u00fcber die Reform der Altersvorsorge 2020</b>[GZ]</p>\n<p><b>1. Loi f\u00e9d\u00e9rale sur la r\u00e9forme de la pr\u00e9voyance vieillesse 2020</b>[GZ]</p>\n<p>[VS][GZ]</p>\n<p><i>Abstimmung - Vote </i>[GZ]</p>\n<p>[NAM][GZ]</p>\n<p>F\u00fcr Annahme des Entwurfes ... 27 Stimmen [GZ]</p>\n<p>Dagegen ... 18 Stimmen [GZ]</p>\n<p>(0 Enthaltungen)</p>\n<p>[VS]</p>\n</pd_text>","MeetingCouncilAbbreviation":"S","MeetingDate":"20170317","MeetingVerbalixOid":2867,"IdSession":"5007","SpeakerFirstName":null,"SpeakerLastName":null,"SpeakerFullName":"","SpeakerFunction":null,"CouncilId":null,"CouncilName":null,"CantonId":null,"CantonName":null,"CantonAbbreviation":null,"ParlGroupName":null,"ParlGroupAbbreviation":null,"SortOrder":1,"Start":null,"End":null,"Function":null,"DisplaySpeaker":null,"LanguageOfText":null,"Modified":"\/Date(1513608629123)\/","StartTimeWithTimezone":null,"EndTimeWithTimezone":null,"VoteBusinessNumber":20140088,"VoteBusinessShortNumber":"14.088","VoteBusinessTitle":"Altersvorsorge 2020.\nReform"},{"__metadata":{"id":"https://ws.parlament.ch/OData.svc/Transcript(ID=214185L,Language='DE')","uri":"https://ws.parlament.ch/OData.svc/Transcript(ID=214185L,Language='DE')","type":"itsystems.Pd.DataServices.DataModel.Transcript"},"Subjects":{"__deferred":{"uri":"https://ws.parlament.ch/OData.svc/Transcript(ID=214185L,Language='DE')/Subjects"}},"MembersCouncil":{"__deferred":{"uri":"https://ws.parlament.ch/OData.svc/Transcript(ID=214185L,Language='DE')/MembersCouncil"}},"Businesses":{"__deferred":{"uri":"https://ws.parlament.ch/OData.svc/Transcript(ID=214185L,Language='DE')/Businesses"}},"ID":"214185","Language":"DE","IdSubject":"39841","VoteId":"1953","PersonNumber":null,"Type":2,"Text":"<pd_text><p><b>2. Bundesbeschluss \u00fcber die Zusatzfinanzierung der AHV durch eine Erh\u00f6hung der Mehrwertsteuer</b>[GZ]</p>\n<p><b>2. Arr\u00eat\u00e9 f\u00e9d\u00e9ral sur le financement additionnel de l'AVS par le biais d'un rel\u00e8vement de la taxe sur la valeur ajout\u00e9e</b>[GZ]</p>\n<p>[VS][GZ]</p>\n<p><i>Abstimmung - Vote </i>[GZ]</p>\n<p>[NAM][GZ]</p>\n<p>F\u00fcr Annahme des Entwurfes ... 27 Stimmen [GZ]</p>\n<p>Dagegen ... 18 Stimmen [GZ]</p>\n<p>(0 Enthaltungen)</p>\n</pd_text>","MeetingCouncilAbbreviation":"S","MeetingDate":"20170317","MeetingVerbalixOid":2867,"IdSession":"5007","SpeakerFirstName":null,"SpeakerLastName":null,"SpeakerFullName":"","SpeakerFunction":null,"CouncilId":null,"CouncilName":null,"CantonId":null,"CantonName":null,"CantonAbbreviation":null,"ParlGroupName":null,"ParlGroupAbbreviation":null,"SortOrder":2,"Start":null,"End":null,"Function":null,"DisplaySpeaker":null,"LanguageOfText":null,"Modified":"\/Date(1513608629123)\/","StartTimeWithTimezone":null,"EndTimeWithTimezone":null,"VoteBusinessNumber":20140088,"VoteBusinessShortNumber":"14.088","VoteBusinessTitle":"Altersvorsorge 2020.\nReform"}]},"ID":"39841","Language":"DE","IdMeeting":"3924","VerbalixOid":520068,"SortOrder":5,"Modified":"\/Date(1513608629123)\/"}}