{"d":{"__metadata":{"id":"https://ws.parlament.ch/OData.svc/Subject(ID=40309L,Language='DE')","uri":"https://ws.parlament.ch/OData.svc/Subject(ID=40309L,Language='DE')","type":"itsystems.Pd.DataServices.DataModel.Subject"},"Meetings":{"__metadata":{"id":"https://ws.parlament.ch/OData.svc/Meeting(ID=3942L,Language='DE')","uri":"https://ws.parlament.ch/OData.svc/Meeting(ID=3942L,Language='DE')","type":"itsystems.Pd.DataServices.DataModel.Meeting"},"Sessions":{"__deferred":{"uri":"https://ws.parlament.ch/OData.svc/Meeting(ID=3942L,Language='DE')/Sessions"}},"Subjects":{"__deferred":{"uri":"https://ws.parlament.ch/OData.svc/Meeting(ID=3942L,Language='DE')/Subjects"}},"ID":"3942","Language":"DE","MeetingNumber":4,"IdSession":5009,"SessionNumber":9,"SessionName":"Sommersession 2017","Council":2,"CouncilName":"St\u00e4nderat","CouncilAbbreviation":"SR","Date":"\/Date(1496707200000)\/","Begin":"1515","Modified":"\/Date(1498469026717)\/","LegislativePeriodNumber":50,"PublicationStatus":"final","MeetingOrderText":"Vierte Sitzung","SortOrder":4,"Location":"S"},"SubjectsBusiness":{"results":[{"__metadata":{"id":"https://ws.parlament.ch/OData.svc/SubjectBusiness(BusinessNumber=20173131,IdSubject=40309L,Language='DE')","uri":"https://ws.parlament.ch/OData.svc/SubjectBusiness(BusinessNumber=20173131,IdSubject=40309L,Language='DE')","type":"itsystems.Pd.DataServices.DataModel.SubjectBusiness"},"Subjects":{"__deferred":{"uri":"https://ws.parlament.ch/OData.svc/SubjectBusiness(BusinessNumber=20173131,IdSubject=40309L,Language='DE')/Subjects"}},"Businesses":{"__deferred":{"uri":"https://ws.parlament.ch/OData.svc/SubjectBusiness(BusinessNumber=20173131,IdSubject=40309L,Language='DE')/Businesses"}},"IdSubject":"40309","BusinessNumber":20173131,"Language":"DE","BusinessShortNumber":"17.3131","Title":"Den Schweizer Detailhandel nicht benachteiligen","SortOrder":1,"PublishedNotes":"Ordnungsantrag - Motion d'ordre\n","Modified":"\/Date(1494925815606)\/","TitleDE":"Motion H\u00f6sli Werner.\nDen Schweizer Detailhandel\nnicht benachteiligen","TitleFR":"Motion H\u00f6sli Werner.\nNe pas d\u00e9savantager\nle commerce de d\u00e9tail suisse","TitleIT":null}]},"Transcripts":{"results":[{"__metadata":{"id":"https://ws.parlament.ch/OData.svc/Transcript(ID=216424L,Language='DE')","uri":"https://ws.parlament.ch/OData.svc/Transcript(ID=216424L,Language='DE')","type":"itsystems.Pd.DataServices.DataModel.Transcript"},"Subjects":{"__deferred":{"uri":"https://ws.parlament.ch/OData.svc/Transcript(ID=216424L,Language='DE')/Subjects"}},"MembersCouncil":{"__deferred":{"uri":"https://ws.parlament.ch/OData.svc/Transcript(ID=216424L,Language='DE')/MembersCouncil"}},"Businesses":{"__deferred":{"uri":"https://ws.parlament.ch/OData.svc/Transcript(ID=216424L,Language='DE')/Businesses"}},"ID":"216424","Language":"DE","IdSubject":"40309","VoteId":null,"PersonNumber":3831,"Type":1,"Text":"<pd_text><p><i>Ordnungsantrag Schmid Martin</i></p>\n<p>Zuweisung der Motion 17.3131 an die zust\u00e4ndige Kommission zur Vorpr\u00fcfung.</p>\n<p>[VS]</p>\n<p><i>Motion d'ordre Schmid Martin</i></p>\n<p>Transmettre la motion 17.3131 \u00e0 la commission comp\u00e9tente pour examen pr\u00e9alable.</p>\n</pd_text>","MeetingCouncilAbbreviation":"S","MeetingDate":"20170606","MeetingVerbalixOid":2885,"IdSession":"5009","SpeakerFirstName":"Ivo","SpeakerLastName":"Bischofberger","SpeakerFullName":"Bischofberger Ivo","SpeakerFunction":"P-M","CouncilId":2,"CouncilName":"St\u00e4nderat","CantonId":16,"CantonName":"Appenzell I.-Rh.","CantonAbbreviation":"AI","ParlGroupName":"CVP-Fraktion","ParlGroupAbbreviation":"M-E","SortOrder":1,"Start":"\/Date(1496773518883)\/","End":"\/Date(1496773546147)\/","Function":"P-M","DisplaySpeaker":false,"LanguageOfText":null,"Modified":"\/Date(1551869760047)\/","StartTimeWithTimezone":"\/Date(1496773518883+0120)\/","EndTimeWithTimezone":"\/Date(1496773546147+0120)\/","VoteBusinessNumber":null,"VoteBusinessShortNumber":null,"VoteBusinessTitle":null},{"__metadata":{"id":"https://ws.parlament.ch/OData.svc/Transcript(ID=216425L,Language='DE')","uri":"https://ws.parlament.ch/OData.svc/Transcript(ID=216425L,Language='DE')","type":"itsystems.Pd.DataServices.DataModel.Transcript"},"Subjects":{"__deferred":{"uri":"https://ws.parlament.ch/OData.svc/Transcript(ID=216425L,Language='DE')/Subjects"}},"MembersCouncil":{"__deferred":{"uri":"https://ws.parlament.ch/OData.svc/Transcript(ID=216425L,Language='DE')/MembersCouncil"}},"Businesses":{"__deferred":{"uri":"https://ws.parlament.ch/OData.svc/Transcript(ID=216425L,Language='DE')/Businesses"}},"ID":"216425","Language":"DE","IdSubject":"40309","VoteId":null,"PersonNumber":3831,"Type":1,"Text":"<pd_text><p><b>Pr\u00e4sident</b> (Bischofberger Ivo, Pr\u00e4sident): Dann ist uns sicher nicht bange, dass das nicht gut herauskommt. <i>(Heiterkeit)</i></p>\n</pd_text>","MeetingCouncilAbbreviation":"S","MeetingDate":"20170606","MeetingVerbalixOid":2885,"IdSession":"5009","SpeakerFirstName":"Ivo","SpeakerLastName":"Bischofberger","SpeakerFullName":"Bischofberger Ivo","SpeakerFunction":"P-M","CouncilId":2,"CouncilName":"St\u00e4nderat","CantonId":16,"CantonName":"Appenzell I.-Rh.","CantonAbbreviation":"AI","ParlGroupName":"CVP-Fraktion","ParlGroupAbbreviation":"M-E","SortOrder":6,"Start":"\/Date(1496773811310)\/","End":"\/Date(1496773817383)\/","Function":"P-M","DisplaySpeaker":false,"LanguageOfText":null,"Modified":"\/Date(1551869760063)\/","StartTimeWithTimezone":"\/Date(1496773811310+0120)\/","EndTimeWithTimezone":"\/Date(1496773817383+0120)\/","VoteBusinessNumber":null,"VoteBusinessShortNumber":null,"VoteBusinessTitle":null},{"__metadata":{"id":"https://ws.parlament.ch/OData.svc/Transcript(ID=216429L,Language='DE')","uri":"https://ws.parlament.ch/OData.svc/Transcript(ID=216429L,Language='DE')","type":"itsystems.Pd.DataServices.DataModel.Transcript"},"Subjects":{"__deferred":{"uri":"https://ws.parlament.ch/OData.svc/Transcript(ID=216429L,Language='DE')/Subjects"}},"MembersCouncil":{"__deferred":{"uri":"https://ws.parlament.ch/OData.svc/Transcript(ID=216429L,Language='DE')/MembersCouncil"}},"Businesses":{"__deferred":{"uri":"https://ws.parlament.ch/OData.svc/Transcript(ID=216429L,Language='DE')/Businesses"}},"ID":"216429","Language":"DE","IdSubject":"40309","VoteId":null,"PersonNumber":540,"Type":1,"Text":"<pd_text><p>Abbiamo sentito due voci dal nord della Svizzera. Aggiungo anche la voce del sud, perch\u00e9 in Ticino il problema si pone esattamente allo stesso modo. La facilit\u00e0 di importare merce agevola evidentemente il turismo degli acquisti. Ne beneficiano i consumatori, \u00e8 sicuramente vero, ma ci perdono parecchio la Confederazione, i cantoni e i comuni che vedono diminuire le loro entrate fiscali. Ci perde il commercio al dettaglio in Ticino e ci perdono i collaboratori, i quali attualmente vedono il numero di posti di lavoro diminuire in tutto il commercio al dettaglio in Ticino. La situazione \u00e8 assolutamente squilibrata ed \u00e8 peggiorata negli ultimi anni.</p>\n<p>Quindi, senza dire a priori quale debba essere la strada prescelta - se quella che propone il collega H\u00f6sli o altre strade similari -, credo sia importante che la commissione competente possa esaminare a fondo la problematica. Sostengo dunque la mozione d'ordine Schmid Martin che chiede di rinviare l'oggetto in commissione.</p>\n</pd_text>","MeetingCouncilAbbreviation":"S","MeetingDate":"20170606","MeetingVerbalixOid":2885,"IdSession":"5009","SpeakerFirstName":"Filippo","SpeakerLastName":"Lombardi","SpeakerFullName":"Lombardi Filippo","SpeakerFunction":"Mit-M","CouncilId":2,"CouncilName":"St\u00e4nderat","CantonId":27,"CantonName":"Tessin","CantonAbbreviation":"TI","ParlGroupName":"CVP-Fraktion","ParlGroupAbbreviation":"M-E","SortOrder":7,"Start":"\/Date(1496773817383)\/","End":"\/Date(1496773896680)\/","Function":"Mit-M","DisplaySpeaker":true,"LanguageOfText":"IT","Modified":"\/Date(1551869760063)\/","StartTimeWithTimezone":"\/Date(1496773817383+0120)\/","EndTimeWithTimezone":"\/Date(1496773896680+0120)\/","VoteBusinessNumber":null,"VoteBusinessShortNumber":null,"VoteBusinessTitle":null},{"__metadata":{"id":"https://ws.parlament.ch/OData.svc/Transcript(ID=216431L,Language='DE')","uri":"https://ws.parlament.ch/OData.svc/Transcript(ID=216431L,Language='DE')","type":"itsystems.Pd.DataServices.DataModel.Transcript"},"Subjects":{"__deferred":{"uri":"https://ws.parlament.ch/OData.svc/Transcript(ID=216431L,Language='DE')/Subjects"}},"MembersCouncil":{"__deferred":{"uri":"https://ws.parlament.ch/OData.svc/Transcript(ID=216431L,Language='DE')/MembersCouncil"}},"Businesses":{"__deferred":{"uri":"https://ws.parlament.ch/OData.svc/Transcript(ID=216431L,Language='DE')/Businesses"}},"ID":"216431","Language":"DE","IdSubject":"40309","VoteId":null,"PersonNumber":3831,"Type":1,"Text":"<pd_text><p><i>Angenommen gem\u00e4ss Ordnungsantrag Schmid Martin </i>[GZ]</p>\n<p><i>Adopt\u00e9 selon la motion d'ordre Schmid Martin</i></p>\n<p>[VS]</p>\n<p>[VS]</p>\n<p><b>Pr\u00e4sident</b> (Bischofberger Ivo, Pr\u00e4sident): Damit sind wir am Ende der Tagesordnung angelangt. Ich darf Herrn Bundesrat Maurer verabschieden und ihm f\u00fcr die Begleitung durch die heutigen Gesch\u00e4fte herzlich danken. Ich w\u00fcnsche Ihnen allen einen erholsamen Abend![GZ]</p>\n<p>[VS][GZ]</p>\n<p>[VS][GZ]</p>\n<p>[VS][GZ]</p>\n<p><i>Schluss der Sitzung um 18.30 Uhr </i>[GZ]</p>\n<p><i>La s\u00e9ance est lev\u00e9e \u00e0 18 h 30</i></p>\n<p><i>[PAGE 419] </i></p>\n<p>[VS]</p>\n<p>[VS]</p>\n<p>[VS]</p>\n<p>[VS]</p>\n</pd_text>","MeetingCouncilAbbreviation":"S","MeetingDate":"20170606","MeetingVerbalixOid":2885,"IdSession":"5009","SpeakerFirstName":"Ivo","SpeakerLastName":"Bischofberger","SpeakerFullName":"Bischofberger Ivo","SpeakerFunction":"P-M","CouncilId":2,"CouncilName":"St\u00e4nderat","CantonId":16,"CantonName":"Appenzell I.-Rh.","CantonAbbreviation":"AI","ParlGroupName":"CVP-Fraktion","ParlGroupAbbreviation":"M-E","SortOrder":8,"Start":"\/Date(1496773896680)\/","End":"\/Date(1496773925487)\/","Function":"P-M","DisplaySpeaker":false,"LanguageOfText":null,"Modified":"\/Date(1551869760063)\/","StartTimeWithTimezone":"\/Date(1496773896680+0120)\/","EndTimeWithTimezone":"\/Date(1496773925487+0120)\/","VoteBusinessNumber":null,"VoteBusinessShortNumber":null,"VoteBusinessTitle":null},{"__metadata":{"id":"https://ws.parlament.ch/OData.svc/Transcript(ID=216483L,Language='DE')","uri":"https://ws.parlament.ch/OData.svc/Transcript(ID=216483L,Language='DE')","type":"itsystems.Pd.DataServices.DataModel.Transcript"},"Subjects":{"__deferred":{"uri":"https://ws.parlament.ch/OData.svc/Transcript(ID=216483L,Language='DE')/Subjects"}},"MembersCouncil":{"__deferred":{"uri":"https://ws.parlament.ch/OData.svc/Transcript(ID=216483L,Language='DE')/MembersCouncil"}},"Businesses":{"__deferred":{"uri":"https://ws.parlament.ch/OData.svc/Transcript(ID=216483L,Language='DE')/Businesses"}},"ID":"216483","Language":"DE","IdSubject":"40309","VoteId":null,"PersonNumber":4078,"Type":1,"Text":"<pd_text><p>Sie konnten ja der Antwort des Bundesrates entnehmen, dass der Bundesrat die Motion H\u00f6sli \"Den Schweizer Detailhandel nicht benachteiligen\" aus verschiedensten Gr\u00fcnden ablehnt. Gleichzeitig hat Herr H\u00f6sli meines Erachtens ein wichtiges Thema vorgebracht, n\u00e4mlich die Thematik rund um den Einkaufstourismus, und wir behandeln ja in der WAK auch schon seit l\u00e4ngerer Zeit Fragen rund um die Hochpreisinsel Schweiz. Auch in den entsprechenden Stellungnahmen der Konsumentenorganisationen wird argumentiert, dass in diesem Kontext verschiedene Varianten vorgesehen werden, um des Problems Herr zu werden.</p>\n<p>Herr H\u00f6sli beantragt Ihnen eine Senkung der Wertfreigrenze. Ich m\u00f6chte Ihnen beliebt machen, dass Sie diese Motion an die Kommission \u00fcberweisen, damit wir eben auch die Frage der Effektivit\u00e4t und der Effizienz der Senkung einer Wertfreigrenze und des L\u00f6sungsansatzes von Herrn H\u00f6sli vorberaten k\u00f6nnen, um Ihnen dann aus Sicht der Kommission auch eine Entscheidung vorlegen zu k\u00f6nnen.</p>\n</pd_text>","MeetingCouncilAbbreviation":"S","MeetingDate":"20170606","MeetingVerbalixOid":2885,"IdSession":"5009","SpeakerFirstName":"Martin","SpeakerLastName":"Schmid","SpeakerFullName":"Schmid Martin","SpeakerFunction":"Mit-M","CouncilId":2,"CouncilName":"St\u00e4nderat","CantonId":18,"CantonName":"Graub\u00fcnden","CantonAbbreviation":"GR","ParlGroupName":"FDP-Liberale Fraktion","ParlGroupAbbreviation":"RL","SortOrder":2,"Start":"\/Date(1496773546147)\/","End":"\/Date(1496773624420)\/","Function":"Mit-M","DisplaySpeaker":true,"LanguageOfText":"DE","Modified":"\/Date(1551869760063)\/","StartTimeWithTimezone":"\/Date(1496773546147+0120)\/","EndTimeWithTimezone":"\/Date(1496773624420+0120)\/","VoteBusinessNumber":null,"VoteBusinessShortNumber":null,"VoteBusinessTitle":null},{"__metadata":{"id":"https://ws.parlament.ch/OData.svc/Transcript(ID=216484L,Language='DE')","uri":"https://ws.parlament.ch/OData.svc/Transcript(ID=216484L,Language='DE')","type":"itsystems.Pd.DataServices.DataModel.Transcript"},"Subjects":{"__deferred":{"uri":"https://ws.parlament.ch/OData.svc/Transcript(ID=216484L,Language='DE')/Subjects"}},"MembersCouncil":{"__deferred":{"uri":"https://ws.parlament.ch/OData.svc/Transcript(ID=216484L,Language='DE')/MembersCouncil"}},"Businesses":{"__deferred":{"uri":"https://ws.parlament.ch/OData.svc/Transcript(ID=216484L,Language='DE')/Businesses"}},"ID":"216484","Language":"DE","IdSubject":"40309","VoteId":null,"PersonNumber":4145,"Type":1,"Text":"<pd_text><p>Ich bin damit einverstanden, dass die Motion an die WAK \u00fcberwiesen wird. Wie k\u00f6nnte ich als so kleiner St\u00e4nderat etwas dagegen haben, wenn sich eine so hochdotierte Kommission wie die WAK mit dieser Motion befassen will? Es ist ja am Schluss nicht verboten, in dieser Kommission eine noch bessere L\u00f6sung zu finden.</p>\n</pd_text>","MeetingCouncilAbbreviation":"S","MeetingDate":"20170606","MeetingVerbalixOid":2885,"IdSession":"5009","SpeakerFirstName":"Werner","SpeakerLastName":"H\u00f6sli","SpeakerFullName":"H\u00f6sli Werner","SpeakerFunction":"Mit-M","CouncilId":2,"CouncilName":"St\u00e4nderat","CantonId":8,"CantonName":"Glarus","CantonAbbreviation":"GL","ParlGroupName":"Fraktion der Schweizerischen Volkspartei","ParlGroupAbbreviation":"V","SortOrder":3,"Start":"\/Date(1496773624420)\/","End":"\/Date(1496773662243)\/","Function":"Mit-M","DisplaySpeaker":true,"LanguageOfText":"DE","Modified":"\/Date(1551869760063)\/","StartTimeWithTimezone":"\/Date(1496773624420+0120)\/","EndTimeWithTimezone":"\/Date(1496773662243+0120)\/","VoteBusinessNumber":null,"VoteBusinessShortNumber":null,"VoteBusinessTitle":null},{"__metadata":{"id":"https://ws.parlament.ch/OData.svc/Transcript(ID=216489L,Language='DE')","uri":"https://ws.parlament.ch/OData.svc/Transcript(ID=216489L,Language='DE')","type":"itsystems.Pd.DataServices.DataModel.Transcript"},"Subjects":{"__deferred":{"uri":"https://ws.parlament.ch/OData.svc/Transcript(ID=216489L,Language='DE')/Subjects"}},"MembersCouncil":{"__deferred":{"uri":"https://ws.parlament.ch/OData.svc/Transcript(ID=216489L,Language='DE')/MembersCouncil"}},"Businesses":{"__deferred":{"uri":"https://ws.parlament.ch/OData.svc/Transcript(ID=216489L,Language='DE')/Businesses"}},"ID":"216489","Language":"DE","IdSubject":"40309","VoteId":null,"PersonNumber":466,"Type":1,"Text":"<pd_text><p>Ich weiss nicht, ob die WAK oder die Finanzkommission zust\u00e4ndig ist. Auf jeden Fall finde auch ich, dass man das Gesch\u00e4ft an die Kommission [PAGE 418] \u00fcberweisen kann, weil man es wirklich genauer angucken und genau schauen muss, ob es machbare L\u00f6sungen gibt. Aber dann schauen wir auch Samnaun an. Das ist auch ein Ort, der sozusagen davon betroffen w\u00e4re, dass man statt f\u00fcr 300 nur noch f\u00fcr 50 Franken Waren zollfrei importieren kann. Das wird ganz interessant, darauf freue ich mich schon, egal ob Finanzkommission oder WAK - ich bin ja in beiden Kommissionen dabei!</p>\n</pd_text>","MeetingCouncilAbbreviation":"S","MeetingDate":"20170606","MeetingVerbalixOid":2885,"IdSession":"5009","SpeakerFirstName":"Anita","SpeakerLastName":"Fetz","SpeakerFullName":"Fetz Anita","SpeakerFunction":"Mit-F","CouncilId":2,"CouncilName":"St\u00e4nderat","CantonId":12,"CantonName":"Basel-Stadt","CantonAbbreviation":"BS","ParlGroupName":"Sozialdemokratische Fraktion","ParlGroupAbbreviation":"S","SortOrder":5,"Start":"\/Date(1496773753573)\/","End":"\/Date(1496773811310)\/","Function":"Mit-F","DisplaySpeaker":true,"LanguageOfText":"DE","Modified":"\/Date(1551869760063)\/","StartTimeWithTimezone":"\/Date(1496773753573+0120)\/","EndTimeWithTimezone":"\/Date(1496773811310+0120)\/","VoteBusinessNumber":null,"VoteBusinessShortNumber":null,"VoteBusinessTitle":null},{"__metadata":{"id":"https://ws.parlament.ch/OData.svc/Transcript(ID=216490L,Language='DE')","uri":"https://ws.parlament.ch/OData.svc/Transcript(ID=216490L,Language='DE')","type":"itsystems.Pd.DataServices.DataModel.Transcript"},"Subjects":{"__deferred":{"uri":"https://ws.parlament.ch/OData.svc/Transcript(ID=216490L,Language='DE')/Subjects"}},"MembersCouncil":{"__deferred":{"uri":"https://ws.parlament.ch/OData.svc/Transcript(ID=216490L,Language='DE')/MembersCouncil"}},"Businesses":{"__deferred":{"uri":"https://ws.parlament.ch/OData.svc/Transcript(ID=216490L,Language='DE')/Businesses"}},"ID":"216490","Language":"DE","IdSubject":"40309","VoteId":null,"PersonNumber":1106,"Type":1,"Text":"<pd_text><p>Auch ich m\u00f6chte diesen Ordnungsantrag Schmid Martin unterst\u00fctzen. Als Thurgauer St\u00e4nder\u00e4tin ist es mir ein wichtiges Anliegen, in dieser Frage eine fundierte Abkl\u00e4rung zu erm\u00f6glichen. Ich erinnere - nur zwei S\u00e4tze - an die Situation Kreuzlingen-Konstanz. Wir haben dort jede Woche kilometerlange Schlangen und Menschen, die eben von Kreuzlingen nach Konstanz fahren und dort einkaufen gehen. Wenn man durch die Stadt Kreuzlingen geht, so ist der Eindruck im Zentrum ersch\u00fctternd. Bald jedes zweite Gesch\u00e4ft schliesst oder muss schliessen. Deshalb glaube ich, dass es wirklich wichtig ist, dass sich die Kommission hier grundlegend und auch gr\u00fcndlich informiert, Beispiele anschaut und L\u00f6sungsm\u00f6glichkeiten und den Handlungsbedarf eruiert. Die Wertfreigrenze, wie die Motion sie verlangt, ist eine M\u00f6glichkeit. Der Bundesrat hat Zweifel, ob dies wirklich zielf\u00fchrend ist. Aber ich glaube, es gibt noch weitere Massnahmen, die auch f\u00fcr unsere Detailh\u00e4ndler, f\u00fcr unsere Detailgesch\u00e4fte zu pr\u00fcfen sind.</p>\n<p>Deshalb unterst\u00fctze ich diesen Ordnungsantrag Schmid Martin und bitte Sie, dies ebenfalls zu tun.</p>\n</pd_text>","MeetingCouncilAbbreviation":"S","MeetingDate":"20170606","MeetingVerbalixOid":2885,"IdSession":"5009","SpeakerFirstName":"Brigitte","SpeakerLastName":"H\u00e4berli-Koller","SpeakerFullName":"H\u00e4berli-Koller Brigitte","SpeakerFunction":"Mit-F","CouncilId":2,"CouncilName":"St\u00e4nderat","CantonId":20,"CantonName":"Thurgau","CantonAbbreviation":"TG","ParlGroupName":"CVP-Fraktion","ParlGroupAbbreviation":"M-E","SortOrder":4,"Start":"\/Date(1496773662243)\/","End":"\/Date(1496773753573)\/","Function":"Mit-F","DisplaySpeaker":true,"LanguageOfText":"DE","Modified":"\/Date(1551869760063)\/","StartTimeWithTimezone":"\/Date(1496773662243+0120)\/","EndTimeWithTimezone":"\/Date(1496773753573+0120)\/","VoteBusinessNumber":null,"VoteBusinessShortNumber":null,"VoteBusinessTitle":null}]},"ID":"40309","Language":"DE","IdMeeting":"3942","VerbalixOid":523692,"SortOrder":6,"Modified":"\/Date(1551869760047)\/"}}