{"d":{"__metadata":{"id":"https://ws.parlament.ch/OData.svc/Subject(ID=40495L,Language='DE')","uri":"https://ws.parlament.ch/OData.svc/Subject(ID=40495L,Language='DE')","type":"itsystems.Pd.DataServices.DataModel.Subject"},"Meetings":{"__metadata":{"id":"https://ws.parlament.ch/OData.svc/Meeting(ID=3950L,Language='DE')","uri":"https://ws.parlament.ch/OData.svc/Meeting(ID=3950L,Language='DE')","type":"itsystems.Pd.DataServices.DataModel.Meeting"},"Sessions":{"__deferred":{"uri":"https://ws.parlament.ch/OData.svc/Meeting(ID=3950L,Language='DE')/Sessions"}},"Subjects":{"__deferred":{"uri":"https://ws.parlament.ch/OData.svc/Meeting(ID=3950L,Language='DE')/Subjects"}},"ID":"3950","Language":"DE","MeetingNumber":8,"IdSession":5009,"SessionNumber":9,"SessionName":"Sommersession 2017","Council":2,"CouncilName":"St\u00e4nderat","CouncilAbbreviation":"SR","Date":"\/Date(1497312000000)\/","Begin":"0815","Modified":"\/Date(1498469064467)\/","LegislativePeriodNumber":50,"PublicationStatus":"final","MeetingOrderText":"Achte Sitzung","SortOrder":8,"Location":"S"},"SubjectsBusiness":{"results":[{"__metadata":{"id":"https://ws.parlament.ch/OData.svc/SubjectBusiness(BusinessNumber=20144292,IdSubject=40495L,Language='DE')","uri":"https://ws.parlament.ch/OData.svc/SubjectBusiness(BusinessNumber=20144292,IdSubject=40495L,Language='DE')","type":"itsystems.Pd.DataServices.DataModel.SubjectBusiness"},"Subjects":{"__deferred":{"uri":"https://ws.parlament.ch/OData.svc/SubjectBusiness(BusinessNumber=20144292,IdSubject=40495L,Language='DE')/Subjects"}},"Businesses":{"__deferred":{"uri":"https://ws.parlament.ch/OData.svc/SubjectBusiness(BusinessNumber=20144292,IdSubject=40495L,Language='DE')/Businesses"}},"IdSubject":"40495","BusinessNumber":20144292,"Language":"DE","BusinessShortNumber":"14.4292","Title":"Praxistaugliche Zulassung der Pflegeheime als Leistungserbringer","SortOrder":1,"PublishedNotes":null,"Modified":"\/Date(1447069654346)\/","TitleDE":"Motion Humbel Ruth.\nPraxistaugliche Zulassung\nder Pflegeheime\nals Leistungserbringer","TitleFR":"Motion Humbel Ruth.\nPrise en charge des prestations\nfournies par les EMS.\nUn peu de bon sens","TitleIT":null}]},"Transcripts":{"results":[{"__metadata":{"id":"https://ws.parlament.ch/OData.svc/Transcript(ID=217330L,Language='DE')","uri":"https://ws.parlament.ch/OData.svc/Transcript(ID=217330L,Language='DE')","type":"itsystems.Pd.DataServices.DataModel.Transcript"},"Subjects":{"__deferred":{"uri":"https://ws.parlament.ch/OData.svc/Transcript(ID=217330L,Language='DE')/Subjects"}},"MembersCouncil":{"__deferred":{"uri":"https://ws.parlament.ch/OData.svc/Transcript(ID=217330L,Language='DE')/MembersCouncil"}},"Businesses":{"__deferred":{"uri":"https://ws.parlament.ch/OData.svc/Transcript(ID=217330L,Language='DE')/Businesses"}},"ID":"217330","Language":"DE","IdSubject":"40495","VoteId":null,"PersonNumber":3831,"Type":1,"Text":"<pd_text><p><b>Pr\u00e4sident</b> (Bischofberger Ivo, Pr\u00e4sident): Sie haben einen schriftlichen Bericht der Kommission erhalten. Die Kommission und der Bundesrat beantragen die Ablehnung der Motion.</p>\n</pd_text>","MeetingCouncilAbbreviation":"S","MeetingDate":"20170613","MeetingVerbalixOid":2893,"IdSession":"5009","SpeakerFirstName":"Ivo","SpeakerLastName":"Bischofberger","SpeakerFullName":"Bischofberger Ivo","SpeakerFunction":"P-M","CouncilId":2,"CouncilName":"St\u00e4nderat","CantonId":16,"CantonName":"Appenzell I.-Rh.","CantonAbbreviation":"AI","ParlGroupName":"CVP-Fraktion","ParlGroupAbbreviation":"M-E","SortOrder":1,"Start":"\/Date(1497348428273)\/","End":"\/Date(1497348447163)\/","Function":"P-M","DisplaySpeaker":false,"LanguageOfText":null,"Modified":"\/Date(1513022520360)\/","StartTimeWithTimezone":"\/Date(1497348428273+0120)\/","EndTimeWithTimezone":"\/Date(1497348447163+0120)\/","VoteBusinessNumber":null,"VoteBusinessShortNumber":null,"VoteBusinessTitle":null},{"__metadata":{"id":"https://ws.parlament.ch/OData.svc/Transcript(ID=217331L,Language='DE')","uri":"https://ws.parlament.ch/OData.svc/Transcript(ID=217331L,Language='DE')","type":"itsystems.Pd.DataServices.DataModel.Transcript"},"Subjects":{"__deferred":{"uri":"https://ws.parlament.ch/OData.svc/Transcript(ID=217331L,Language='DE')/Subjects"}},"MembersCouncil":{"__deferred":{"uri":"https://ws.parlament.ch/OData.svc/Transcript(ID=217331L,Language='DE')/MembersCouncil"}},"Businesses":{"__deferred":{"uri":"https://ws.parlament.ch/OData.svc/Transcript(ID=217331L,Language='DE')/Businesses"}},"ID":"217331","Language":"DE","IdSubject":"40495","VoteId":null,"PersonNumber":3831,"Type":1,"Text":"<pd_text><p><i>Abgelehnt - Rejet\u00e9</i></p>\n</pd_text>","MeetingCouncilAbbreviation":"S","MeetingDate":"20170613","MeetingVerbalixOid":2893,"IdSession":"5009","SpeakerFirstName":"Ivo","SpeakerLastName":"Bischofberger","SpeakerFullName":"Bischofberger Ivo","SpeakerFunction":"P-M","CouncilId":2,"CouncilName":"St\u00e4nderat","CantonId":16,"CantonName":"Appenzell I.-Rh.","CantonAbbreviation":"AI","ParlGroupName":"CVP-Fraktion","ParlGroupAbbreviation":"M-E","SortOrder":4,"Start":"\/Date(1497348721500)\/","End":"\/Date(1497348736590)\/","Function":"P-M","DisplaySpeaker":false,"LanguageOfText":null,"Modified":"\/Date(1513022520360)\/","StartTimeWithTimezone":"\/Date(1497348721500+0120)\/","EndTimeWithTimezone":"\/Date(1497348736590+0120)\/","VoteBusinessNumber":null,"VoteBusinessShortNumber":null,"VoteBusinessTitle":null},{"__metadata":{"id":"https://ws.parlament.ch/OData.svc/Transcript(ID=217334L,Language='DE')","uri":"https://ws.parlament.ch/OData.svc/Transcript(ID=217334L,Language='DE')","type":"itsystems.Pd.DataServices.DataModel.Transcript"},"Subjects":{"__deferred":{"uri":"https://ws.parlament.ch/OData.svc/Transcript(ID=217334L,Language='DE')/Subjects"}},"MembersCouncil":{"__deferred":{"uri":"https://ws.parlament.ch/OData.svc/Transcript(ID=217334L,Language='DE')/MembersCouncil"}},"Businesses":{"__deferred":{"uri":"https://ws.parlament.ch/OData.svc/Transcript(ID=217334L,Language='DE')/Businesses"}},"ID":"217334","Language":"DE","IdSubject":"40495","VoteId":null,"PersonNumber":1161,"Type":1,"Text":"<pd_text><p>Monsieur Eder a rappel\u00e9, au nom de la commission, le cadre dans lequel s'inscrivait la pr\u00e9sente motion. Il a rappel\u00e9 \u00e9galement l'argumentation apport\u00e9e par le Conseil f\u00e9d\u00e9ral \u00e0 l'appui du rejet de la motion.</p>\n<p>Vous avez ajout\u00e9 encore cet \u00e9l\u00e9ment: la confirmation par le Tribunal administratif f\u00e9d\u00e9ral de la situation actuelle, qui permet aux assureurs et aux EMS de convenir de forfaits pour les prestations m\u00e9dicales, th\u00e9rapeutiques et d'autres prestations. C'est un \u00e9l\u00e9ment suppl\u00e9mentaire \u00e0 l'appui du rejet de la motion, qui explique les raisons pour lesquelles la commission, unanime si j'ai bien compris, propose \u00e9galement le rejet. Vous avez pris acte de l'arr\u00eat du Tribunal administratif f\u00e9d\u00e9ral et de ses consid\u00e9rants. Sur cette base, vous avez consid\u00e9r\u00e9 que l'objectif de la motion \u00e9tait rempli dans une large mesure et qu'il n'y avait donc pas de raison de confier au Conseil f\u00e9d\u00e9ral le mandat formul\u00e9 dans la pr\u00e9sente motion.</p>\n<p>Nous nous rallions \u00e0 cette argumentation, et je vous invite, comme votre commission, \u00e0 rejeter la motion.</p>\n</pd_text>","MeetingCouncilAbbreviation":"S","MeetingDate":"20170613","MeetingVerbalixOid":2893,"IdSession":"5009","SpeakerFirstName":"Alain","SpeakerLastName":"Berset","SpeakerFullName":"Berset Alain","SpeakerFunction":"VPBR-M","CouncilId":99,"CouncilName":"Bundesrat","CantonId":10,"CantonName":"Freiburg","CantonAbbreviation":"FR","ParlGroupName":null,"ParlGroupAbbreviation":null,"SortOrder":3,"Start":"\/Date(1497348646773)\/","End":"\/Date(1497348721500)\/","Function":"VPBR-M","DisplaySpeaker":true,"LanguageOfText":"FR","Modified":"\/Date(1513022520360)\/","StartTimeWithTimezone":"\/Date(1497348646773+0120)\/","EndTimeWithTimezone":"\/Date(1497348721500+0120)\/","VoteBusinessNumber":null,"VoteBusinessShortNumber":null,"VoteBusinessTitle":null},{"__metadata":{"id":"https://ws.parlament.ch/OData.svc/Transcript(ID=217365L,Language='DE')","uri":"https://ws.parlament.ch/OData.svc/Transcript(ID=217365L,Language='DE')","type":"itsystems.Pd.DataServices.DataModel.Transcript"},"Subjects":{"__deferred":{"uri":"https://ws.parlament.ch/OData.svc/Transcript(ID=217365L,Language='DE')/Subjects"}},"MembersCouncil":{"__deferred":{"uri":"https://ws.parlament.ch/OData.svc/Transcript(ID=217365L,Language='DE')/MembersCouncil"}},"Businesses":{"__deferred":{"uri":"https://ws.parlament.ch/OData.svc/Transcript(ID=217365L,Language='DE')/Businesses"}},"ID":"217365","Language":"DE","IdSubject":"40495","VoteId":null,"PersonNumber":4064,"Type":1,"Text":"<pd_text><p>Mit der Motion Humbel 14.4292, \"Praxistaugliche Zulassung der Pflegeheime als Leistungserbringer\", soll der Bundesrat beauftragt werden, eine \u00c4nderung des Krankenversicherungsgesetzes vorzulegen, damit Pflegeheime ihre medizinischen Nebenleistungen selbstst\u00e4ndig und vollumf\u00e4nglich zulasten der obligatorischen Krankenversicherung abrechnen k\u00f6nnen. Auch sollen sie Pflegematerial abrechnen k\u00f6nnen.</p>\n<p>Die Motion wurde im Nationalrat am 14. Dezember 2016 mit 153 zu 38 Stimmen, also recht komfortabel, angenommen. Unsere Kommission hat sie am 27. M\u00e4rz 2017 gepr\u00fcft und beantragt Ihnen mit 7 zu 0 Stimmen bei 3 Enthaltungen, sie abzulehnen. Wir kommen damit in der Schlussfolgerung zum gleichen Ergebnis wie der Bundesrat, der uns mit Bericht und Antrag vom 13. M\u00e4rz 2015 ebenfalls die Ablehnung beantragt hat; ich verweise auf die entsprechenden schriftlichen Ausf\u00fchrungen und die m\u00fcndlichen Erg\u00e4nzungen von Bundesrat Alain Berset in der nationalr\u00e4tlichen Debatte vom 14. Dezember 2016. Allerdings begr\u00fcnden wir unsere ablehnende Haltung etwas anders als der Bundesrat.</p>\n<p>Nach Auffassung unserer Kommission ist das vorliegende Motionsbegehren \u00fcberholt. Mit Urteil C-1190/2012 vom 2. Juli 2015 hat das Bundesverwaltungsgericht n\u00e4mlich entschieden, dass die Pflegeheime als solche s\u00e4mtliche Nebenleistungen wie \u00e4rztliche Leistungen, Therapien, Medikamente, Mittel und Gegenst\u00e4nde usw. zulasten der obligatorischen Krankenversicherung erbringen und abrechnen k\u00f6nnen. Als Folge dieses Grundsatzurteils - und es ist als solches zu bezeichnen - f\u00fchren die Krankenversicherer aktuell denn auch Verhandlungen \u00fcber entsprechende Pauschalen. So stehen die Verhandlungen von Tarifsuisse AG mit den kantonalen Pflegeheimverb\u00e4nden Bern, Aargau und Zentralschweiz kurz vor dem positiven Abschluss. Mit Pauschalen soll und kann auch der Bef\u00fcrchtung bez\u00fcglich einer ungebremsten Mengenausweitung in diesem Bereich wirkungsvoll entgegengetreten werden. </p>\n<p>Aufgrund des erw\u00e4hnten und in unserem schriftlichen Bericht kurz beschriebenen rechtskr\u00e4ftigen Urteils des Bundesverwaltungsgerichtes sowie der dadurch angepassten Praxis beantragt Ihnen unsere Kommission, die Motion abzulehnen. Es besteht kein gesetzgeberischer Handlungsbedarf mehr.</p>\n</pd_text>","MeetingCouncilAbbreviation":"S","MeetingDate":"20170613","MeetingVerbalixOid":2893,"IdSession":"5009","SpeakerFirstName":"Joachim","SpeakerLastName":"Eder","SpeakerFullName":"Eder Joachim","SpeakerFunction":"Mit-M","CouncilId":2,"CouncilName":"St\u00e4nderat","CantonId":9,"CantonName":"Zug","CantonAbbreviation":"ZG","ParlGroupName":"FDP-Liberale Fraktion","ParlGroupAbbreviation":"RL","SortOrder":2,"Start":"\/Date(1497348447163)\/","End":"\/Date(1497348637750)\/","Function":"*","DisplaySpeaker":true,"LanguageOfText":"DE","Modified":"\/Date(1513022520360)\/","StartTimeWithTimezone":"\/Date(1497348447163+0120)\/","EndTimeWithTimezone":"\/Date(1497348637750+0120)\/","VoteBusinessNumber":null,"VoteBusinessShortNumber":null,"VoteBusinessTitle":null}]},"ID":"40495","Language":"DE","IdMeeting":"3950","VerbalixOid":525188,"SortOrder":7,"Modified":"\/Date(1513022520343)\/"}}