{"d":{"__metadata":{"id":"https://ws.parlament.ch/OData.svc/Subject(ID=40569L,Language='DE')","uri":"https://ws.parlament.ch/OData.svc/Subject(ID=40569L,Language='DE')","type":"itsystems.Pd.DataServices.DataModel.Subject"},"Meetings":{"__metadata":{"id":"https://ws.parlament.ch/OData.svc/Meeting(ID=3957L,Language='DE')","uri":"https://ws.parlament.ch/OData.svc/Meeting(ID=3957L,Language='DE')","type":"itsystems.Pd.DataServices.DataModel.Meeting"},"Sessions":{"__deferred":{"uri":"https://ws.parlament.ch/OData.svc/Meeting(ID=3957L,Language='DE')/Sessions"}},"Subjects":{"__deferred":{"uri":"https://ws.parlament.ch/OData.svc/Meeting(ID=3957L,Language='DE')/Subjects"}},"ID":"3957","Language":"DE","MeetingNumber":10,"IdSession":5009,"SessionNumber":9,"SessionName":"Sommersession 2017","Council":2,"CouncilName":"St\u00e4nderat","CouncilAbbreviation":"SR","Date":"\/Date(1497484800000)\/","Begin":"0815","Modified":"\/Date(1498566561583)\/","LegislativePeriodNumber":50,"PublicationStatus":"final","MeetingOrderText":"Zehnte Sitzung","SortOrder":10,"Location":"S"},"SubjectsBusiness":{"results":[{"__metadata":{"id":"https://ws.parlament.ch/OData.svc/SubjectBusiness(BusinessNumber=20170007,IdSubject=40569L,Language='DE')","uri":"https://ws.parlament.ch/OData.svc/SubjectBusiness(BusinessNumber=20170007,IdSubject=40569L,Language='DE')","type":"itsystems.Pd.DataServices.DataModel.SubjectBusiness"},"Subjects":{"__deferred":{"uri":"https://ws.parlament.ch/OData.svc/SubjectBusiness(BusinessNumber=20170007,IdSubject=40569L,Language='DE')/Subjects"}},"Businesses":{"__deferred":{"uri":"https://ws.parlament.ch/OData.svc/SubjectBusiness(BusinessNumber=20170007,IdSubject=40569L,Language='DE')/Businesses"}},"IdSubject":"40569","BusinessNumber":20170007,"Language":"DE","BusinessShortNumber":"17.007","Title":"Voranschlag 2017. Nachtrag I und Ia","SortOrder":1,"PublishedNotes":"Differenzen - Divergences\n","Modified":"\/Date(1496156683016)\/","TitleDE":"Voranschlag 2017. Nachtr\u00e4ge I und Ia","TitleFR":"Budget 2017. Suppl\u00e9ments I et Ia","TitleIT":null}]},"Transcripts":{"results":[{"__metadata":{"id":"https://ws.parlament.ch/OData.svc/Transcript(ID=217822L,Language='DE')","uri":"https://ws.parlament.ch/OData.svc/Transcript(ID=217822L,Language='DE')","type":"itsystems.Pd.DataServices.DataModel.Transcript"},"Subjects":{"__deferred":{"uri":"https://ws.parlament.ch/OData.svc/Transcript(ID=217822L,Language='DE')/Subjects"}},"MembersCouncil":{"__deferred":{"uri":"https://ws.parlament.ch/OData.svc/Transcript(ID=217822L,Language='DE')/MembersCouncil"}},"Businesses":{"__deferred":{"uri":"https://ws.parlament.ch/OData.svc/Transcript(ID=217822L,Language='DE')/Businesses"}},"ID":"217822","Language":"DE","IdSubject":"40569","VoteId":"2033","PersonNumber":null,"Type":2,"Text":"<pd_text><p><i>Abstimmung - Vote </i>[GZ]</p>\n<p>F\u00fcr den Antrag der Mehrheit ... 41 Stimmen [GZ]</p>\n<p>F\u00fcr den Antrag der Minderheit ... 1 Stimme [GZ]</p>\n<p>(0 Enthaltungen)</p>\n</pd_text>","MeetingCouncilAbbreviation":"S","MeetingDate":"20170615","MeetingVerbalixOid":2900,"IdSession":"5009","SpeakerFirstName":null,"SpeakerLastName":null,"SpeakerFullName":"","SpeakerFunction":null,"CouncilId":null,"CouncilName":null,"CantonId":null,"CantonName":null,"CantonAbbreviation":null,"ParlGroupName":null,"ParlGroupAbbreviation":null,"SortOrder":3,"Start":"\/Date(1497515016803)\/","End":"\/Date(1497515114313)\/","Function":null,"DisplaySpeaker":null,"LanguageOfText":null,"Modified":"\/Date(1594032110720)\/","StartTimeWithTimezone":"\/Date(1497515016803+0120)\/","EndTimeWithTimezone":"\/Date(1497515114313+0120)\/","VoteBusinessNumber":20170007,"VoteBusinessShortNumber":"17.007","VoteBusinessTitle":"Voranschlag 2017. Nachtr\u00e4ge I und Ia"},{"__metadata":{"id":"https://ws.parlament.ch/OData.svc/Transcript(ID=217827L,Language='DE')","uri":"https://ws.parlament.ch/OData.svc/Transcript(ID=217827L,Language='DE')","type":"itsystems.Pd.DataServices.DataModel.Transcript"},"Subjects":{"__deferred":{"uri":"https://ws.parlament.ch/OData.svc/Transcript(ID=217827L,Language='DE')/Subjects"}},"MembersCouncil":{"__deferred":{"uri":"https://ws.parlament.ch/OData.svc/Transcript(ID=217827L,Language='DE')/MembersCouncil"}},"Businesses":{"__deferred":{"uri":"https://ws.parlament.ch/OData.svc/Transcript(ID=217827L,Language='DE')/Businesses"}},"ID":"217827","Language":"DE","IdSubject":"40569","VoteId":null,"PersonNumber":466,"Type":1,"Text":"<pd_text><p>Ich darf Ihnen das Ergebnis der Einigungskonferenz der beiden Finanzkommissionen von heute Morgen pr\u00e4sentieren.</p>\n<p>Bei der Bundesanwaltschaft - Sie erinnern sich - geht es darum, dass die K\u00fcrzung, die im Rahmen von allgemeinen K\u00fcrzungen vorgenommen worden ist, r\u00fcckg\u00e4ngig gemacht wird. Die Mehrheit der Einigungskonferenz will die Bundesanwaltschaft nicht daf\u00fcr bestrafen, dass sie in den letzten Jahren bereits aus eigenem Antrieb Sparmassnahmen eingeleitet und trotz steigender Aufgaben wie zum Beispiel beim Terrorismus keine zus\u00e4tzlichen Mittel beantragt hat. Die Minderheit stellt sich auf den Standpunkt, Sparmassnahmen m\u00fcssten unabh\u00e4ngig von ihren Auswirkungen von allen umgesetzt werden. [PAGE 508] </p>\n<p>Die Einigungskonferenz empfiehlt Ihnen mit 15 zu 8 Stimmen bei 1 Enthaltung, den Antrag anzunehmen, bei der Bundesanwaltschaft sei um rund 700 000 Franken aufzustocken.</p>\n<p>Beim bekannten Projekt Fiscal-IT geht es um 10 Millionen Franken. Da ist sich die Einigungskonferenz tats\u00e4chlich einig, dass nicht gespart werden soll. Darum ist auch kein anderer Antrag gestellt.</p>\n</pd_text>","MeetingCouncilAbbreviation":"S","MeetingDate":"20170615","MeetingVerbalixOid":2900,"IdSession":"5009","SpeakerFirstName":"Anita","SpeakerLastName":"Fetz","SpeakerFullName":"Fetz Anita","SpeakerFunction":"Mit-F","CouncilId":2,"CouncilName":"St\u00e4nderat","CantonId":12,"CantonName":"Basel-Stadt","CantonAbbreviation":"BS","ParlGroupName":"Sozialdemokratische Fraktion","ParlGroupAbbreviation":"S","SortOrder":2,"Start":"\/Date(1497514931513)\/","End":"\/Date(1497515016803)\/","Function":"*","DisplaySpeaker":true,"LanguageOfText":"DE","Modified":"\/Date(1594032110720)\/","StartTimeWithTimezone":"\/Date(1497514931513+0120)\/","EndTimeWithTimezone":"\/Date(1497515016803+0120)\/","VoteBusinessNumber":null,"VoteBusinessShortNumber":null,"VoteBusinessTitle":null},{"__metadata":{"id":"https://ws.parlament.ch/OData.svc/Transcript(ID=217840L,Language='DE')","uri":"https://ws.parlament.ch/OData.svc/Transcript(ID=217840L,Language='DE')","type":"itsystems.Pd.DataServices.DataModel.Transcript"},"Subjects":{"__deferred":{"uri":"https://ws.parlament.ch/OData.svc/Transcript(ID=217840L,Language='DE')/Subjects"}},"MembersCouncil":{"__deferred":{"uri":"https://ws.parlament.ch/OData.svc/Transcript(ID=217840L,Language='DE')/MembersCouncil"}},"Businesses":{"__deferred":{"uri":"https://ws.parlament.ch/OData.svc/Transcript(ID=217840L,Language='DE')/Businesses"}},"ID":"217840","Language":"DE","IdSubject":"40569","VoteId":null,"PersonNumber":3831,"Type":1,"Text":"<pd_text><p><b>1. Voranschlag der Verwaltungseinheiten </b>[GZ]</p>\n<p><b>1. Budget des unit\u00e9s administratives </b>[GZ]</p>\n<p>[VS][GZ]</p>\n<p><b>Beh\u00f6rden und Gerichte - Autorit\u00e9s et tribunaux </b>[GZ]</p>\n<p>[VS][GZ]</p>\n<p><i>110 Bundesanwaltschaft </i>[GZ]</p>\n<p><i>110 Minist\u00e8re public de la Conf\u00e9d\u00e9ration</i></p>\n<p>[VS]</p>\n<p><i>Antrag der Einigungskonferenz </i>[GZ]</p>\n<p><i>Mehrheit </i>[GZ]</p>\n<p>A200.0001 Funktionsaufwand (Globalbudget)[GZ]</p>\n<p>Zustimmung zum Beschluss des St\u00e4nderates</p>\n<p>[VS]</p>\n<p><i>Minderheit </i>[GZ]</p>\n<p>(Aeschi Thomas, Dettling, Grin, Gr\u00fcter, Hausammann, Pezzatti, Vitali)[GZ]</p>\n<p>A200.0001 Funktionsaufwand (Globalbudget)[GZ]</p>\n<p>Ablehnung des Antrages der Einigungskonferenz</p>\n<p>[VS]</p>\n<p><i>Proposition de la Conf\u00e9rence de conciliation </i>[GZ]</p>\n<p><i>Majorit\u00e9 </i>[GZ]</p>\n<p>A200.0001 Charges de fonctionnement (enveloppe budg\u00e9taire)[GZ]</p>\n<p>Adh\u00e9rer \u00e0 la d\u00e9cision du Conseil des Etats</p>\n<p>[VS]</p>\n<p><i>Minorit\u00e9 </i>[GZ]</p>\n<p>(Aeschi Thomas, Dettling, Grin, Gr\u00fcter, Hausammann, Pezzatti, Vitali)[GZ]</p>\n<p>A200.0001 Charges de fonctionnement (enveloppe budg\u00e9taire)[GZ]</p>\n<p>Rejeter la proposition de la Conf\u00e9rence de conciliation</p>\n<p>[VS]</p>\n<p>[VS]</p>\n<p><b>Finanzdepartement - D\u00e9partement des finances </b>[GZ]</p>\n<p>[VS][GZ]</p>\n<p><i>605 Eidgen\u00f6ssische Steuerverwaltung</i> [GZ]</p>\n<p><i>605 Administration f\u00e9d\u00e9rale des contributions</i></p>\n<p>[VS]</p>\n<p><i>Antrag der Einigungskonferenz </i>[GZ]</p>\n<p><i>Mehrheit </i>[GZ]</p>\n<p>V0231.00/A202.0118/A200.0001 Fiscal-IT[GZ]</p>\n<p>Zustimmung zum Beschluss des St\u00e4nderates</p>\n<p>[VS]</p>\n<p><i>Minderheit </i>[GZ]</p>\n<p>(Aeschi Thomas, Dettling, Grin, Gr\u00fcter, Hausammann, Pezzatti, Vitali)[GZ]</p>\n<p>V0231.00/A202.0118/A200.0001 Fiscal-IT[GZ]</p>\n<p>Ablehnung des Antrages der Einigungskonferenz</p>\n<p>[VS]</p>\n<p><i>Proposition de la Conf\u00e9rence de conciliation </i>[GZ]</p>\n<p><i>Majorit\u00e9 </i>[GZ]</p>\n<p>V0231.00/A202.0118/A200.0001 Fiscal-IT[GZ]</p>\n<p>Adh\u00e9rer \u00e0 la d\u00e9cision du Conseil des Etats</p>\n<p>[VS]</p>\n<p><i>Minorit\u00e9 </i>[GZ]</p>\n<p>(Aeschi Thomas, Dettling, Grin, Gr\u00fcter, Hausammann, Pezzatti, Vitali)[GZ]</p>\n<p>V0231.00/A202.0118/A200.0001 Fiscal-IT[GZ]</p>\n<p>Rejeter la proposition de la Conf\u00e9rence de conciliation</p>\n<p>[VS]</p>\n<p>[VS]</p>\n<p><b>2. Bundesbeschluss \u00fcber den Nachtrag I zum Voranschlag 2017 </b>[GZ]</p>\n<p><b>2. Arr\u00eat\u00e9 f\u00e9d\u00e9ral concernant le suppl\u00e9ment I au budget 2017 </b>[GZ]</p>\n<p>[VS][GZ]</p>\n<p><b>Art. 1, 2, 3 Bst. a </b>[GZ]</p>\n<p><i>Antrag der Einigungskonferenz </i>[GZ]</p>\n<p><i>Mehrheit </i>[GZ]</p>\n<p>Zustimmung zum Beschluss des St\u00e4nderates</p>\n<p>[VS]</p>\n<p><i>Minderheit </i>[GZ]</p>\n<p>(Aeschi Thomas, Dettling, Grin, Gr\u00fcter, Hausammann, Pezzatti, Vitali)[GZ]</p>\n<p>Ablehnung des Antrages der Einigungskonferenz</p>\n<p>[VS]</p>\n<p><b>Art. 1, 2, 3 let. a </b>[GZ]</p>\n<p><i>Proposition de la Conf\u00e9rence de conciliation </i>[GZ]</p>\n<p><i>Majorit\u00e9 </i>[GZ]</p>\n<p>Adh\u00e9rer \u00e0 la d\u00e9cision du Conseil des Etats</p>\n<p>[VS]</p>\n<p><i>Minorit\u00e9 </i>[GZ]</p>\n<p>(Aeschi Thomas, Dettling, Grin, Gr\u00fcter, Hausammann, Pezzatti, Vitali)[GZ]</p>\n<p>Rejeter la proposition de la Conf\u00e9rence de conciliation</p>\n</pd_text>","MeetingCouncilAbbreviation":"S","MeetingDate":"20170615","MeetingVerbalixOid":2900,"IdSession":"5009","SpeakerFirstName":"Ivo","SpeakerLastName":"Bischofberger","SpeakerFullName":"Bischofberger Ivo","SpeakerFunction":"P-M","CouncilId":2,"CouncilName":"St\u00e4nderat","CantonId":16,"CantonName":"Appenzell I.-Rh.","CantonAbbreviation":"AI","ParlGroupName":"CVP-Fraktion","ParlGroupAbbreviation":"M-E","SortOrder":1,"Start":"\/Date(1497514895633)\/","End":"\/Date(1497514931513)\/","Function":"P-M","DisplaySpeaker":false,"LanguageOfText":null,"Modified":"\/Date(1594032110720)\/","StartTimeWithTimezone":"\/Date(1497514895633+0120)\/","EndTimeWithTimezone":"\/Date(1497514931513+0120)\/","VoteBusinessNumber":null,"VoteBusinessShortNumber":null,"VoteBusinessTitle":null}]},"ID":"40569","Language":"DE","IdMeeting":"3957","VerbalixOid":525935,"SortOrder":2,"Modified":"\/Date(1594032110707)\/"}}