{"d":{"__metadata":{"id":"https://ws.parlament.ch/OData.svc/Subject(ID=41634L,Language='DE')","uri":"https://ws.parlament.ch/OData.svc/Subject(ID=41634L,Language='DE')","type":"itsystems.Pd.DataServices.DataModel.Subject"},"Meetings":{"__metadata":{"id":"https://ws.parlament.ch/OData.svc/Meeting(ID=3995L,Language='DE')","uri":"https://ws.parlament.ch/OData.svc/Meeting(ID=3995L,Language='DE')","type":"itsystems.Pd.DataServices.DataModel.Meeting"},"Sessions":{"__deferred":{"uri":"https://ws.parlament.ch/OData.svc/Meeting(ID=3995L,Language='DE')/Sessions"}},"Subjects":{"__deferred":{"uri":"https://ws.parlament.ch/OData.svc/Meeting(ID=3995L,Language='DE')/Subjects"}},"ID":"3995","Language":"DE","MeetingNumber":1,"IdSession":5011,"SessionNumber":11,"SessionName":"Wintersession 2017","Council":1,"CouncilName":"Nationalrat","CouncilAbbreviation":"NR","Date":"\/Date(1511740800000)\/","Begin":"1430","Modified":"\/Date(1512745864067)\/","LegislativePeriodNumber":50,"PublicationStatus":"final","MeetingOrderText":"Erste Sitzung","SortOrder":1,"Location":"N"},"SubjectsBusiness":{"results":[{"__metadata":{"id":"https://ws.parlament.ch/OData.svc/SubjectBusiness(BusinessNumber=20173630,IdSubject=41634L,Language='DE')","uri":"https://ws.parlament.ch/OData.svc/SubjectBusiness(BusinessNumber=20173630,IdSubject=41634L,Language='DE')","type":"itsystems.Pd.DataServices.DataModel.SubjectBusiness"},"Subjects":{"__deferred":{"uri":"https://ws.parlament.ch/OData.svc/SubjectBusiness(BusinessNumber=20173630,IdSubject=41634L,Language='DE')/Subjects"}},"Businesses":{"__deferred":{"uri":"https://ws.parlament.ch/OData.svc/SubjectBusiness(BusinessNumber=20173630,IdSubject=41634L,Language='DE')/Businesses"}},"IdSubject":"41634","BusinessNumber":20173630,"Language":"DE","BusinessShortNumber":"17.3630","Title":"Vollassoziierung an Erasmus plus ab 2021","SortOrder":1,"PublishedNotes":null,"Modified":"\/Date(1505740418000)\/","TitleDE":"Motion WBK-SR.\nVollassoziierung an Erasmus plus\nab 2021","TitleFR":"Motion CSEC-CE.\nAssociation \u00e0 part enti\u00e8re\nde la Suisse\nau programme Erasmus plus\n\u00e0 partir de 2021","TitleIT":null}]},"Transcripts":{"results":[{"__metadata":{"id":"https://ws.parlament.ch/OData.svc/Transcript(ID=221898L,Language='DE')","uri":"https://ws.parlament.ch/OData.svc/Transcript(ID=221898L,Language='DE')","type":"itsystems.Pd.DataServices.DataModel.Transcript"},"Subjects":{"__deferred":{"uri":"https://ws.parlament.ch/OData.svc/Transcript(ID=221898L,Language='DE')/Subjects"}},"MembersCouncil":{"__deferred":{"uri":"https://ws.parlament.ch/OData.svc/Transcript(ID=221898L,Language='DE')/MembersCouncil"}},"Businesses":{"__deferred":{"uri":"https://ws.parlament.ch/OData.svc/Transcript(ID=221898L,Language='DE')/Businesses"}},"ID":"221898","Language":"DE","IdSubject":"41634","VoteId":"15908","PersonNumber":null,"Type":2,"Text":"<pd_text><p><i>Abstimmung - Vote </i>[GZ]</p>\n<p>[NAM][GZ]</p>\n<p>F\u00fcr Annahme der Motion ... 109 Stimmen [GZ]</p>\n<p>Dagegen ... 80 Stimmen [GZ]</p>\n<p>(1 Enthaltung)</p>\n<p>[VS]</p>\n<p><b>Pr\u00e4sident </b>(Stahl J\u00fcrg, V, ZH): Zum letzten Mal schliesse ich nun mit dem L\u00e4uten der Glocke eine Sitzung unseres Rates. Ich war gerne Pr\u00e4sident. <i>(Stehende Ovation)</i>[GZ]</p>\n<p>[VS][GZ]</p>\n<p>[VS][GZ]</p>\n<p>[VS][GZ]</p>\n<p><i>Schluss der Sitzung um 19.00 Uhr </i>[GZ]</p>\n<p><i>La s\u00e9ance est lev\u00e9e \u00e0 19 h 00 [PAGE 1762] </i></p>\n<p>[VS]</p>\n<p>[VS]</p>\n<p>[VS]</p>\n<p>[VS]</p>\n</pd_text>","MeetingCouncilAbbreviation":"N","MeetingDate":"20171127","MeetingVerbalixOid":2938,"IdSession":"5011","SpeakerFirstName":null,"SpeakerLastName":null,"SpeakerFullName":"","SpeakerFunction":null,"CouncilId":null,"CouncilName":null,"CantonId":null,"CantonName":null,"CantonAbbreviation":null,"ParlGroupName":null,"ParlGroupAbbreviation":null,"SortOrder":2,"Start":"\/Date(1511808994929)\/","End":"\/Date(1511809294929)\/","Function":null,"DisplaySpeaker":null,"LanguageOfText":null,"Modified":"\/Date(1774877278209)\/","StartTimeWithTimezone":"\/Date(1511808994930+0060)\/","EndTimeWithTimezone":"\/Date(1511809294930+0060)\/","VoteBusinessNumber":20173630,"VoteBusinessShortNumber":"17.3630","VoteBusinessTitle":"Motion WBK-SR.\nVollassoziierung an Erasmus plus\nab 2021"},{"__metadata":{"id":"https://ws.parlament.ch/OData.svc/Transcript(ID=221914L,Language='DE')","uri":"https://ws.parlament.ch/OData.svc/Transcript(ID=221914L,Language='DE')","type":"itsystems.Pd.DataServices.DataModel.Transcript"},"Subjects":{"__deferred":{"uri":"https://ws.parlament.ch/OData.svc/Transcript(ID=221914L,Language='DE')/Subjects"}},"MembersCouncil":{"__deferred":{"uri":"https://ws.parlament.ch/OData.svc/Transcript(ID=221914L,Language='DE')/MembersCouncil"}},"Businesses":{"__deferred":{"uri":"https://ws.parlament.ch/OData.svc/Transcript(ID=221914L,Language='DE')/Businesses"}},"ID":"221914","Language":"DE","IdSubject":"41634","VoteId":null,"PersonNumber":1124,"Type":1,"Text":"<pd_text><p><i>Antrag der Mehrheit </i>[GZ]</p>\n<p>Annahme der Motion</p>\n<p>[VS]</p>\n<p><i>Antrag der Minderheit </i>[GZ]</p>\n<p>(Dettling, Bigler, Glauser, Herzog, M\u00fcri, Pieren, R\u00f6sti, Tuena)[GZ]</p>\n<p>Ablehnung der Motion</p>\n<p>[VS]</p>\n<p><i>Proposition de la majorit\u00e9 </i>[GZ]</p>\n<p>Adopter de la motion</p>\n<p>[VS]</p>\n<p><i>Proposition de la minorit\u00e9 </i>[GZ]</p>\n<p>(Dettling, Bigler, Glauser, Herzog, M\u00fcri, Pieren, R\u00f6sti, Tuena)[GZ]</p>\n<p>Rejeter la motion</p>\n<p>[VS]</p>\n<p><b>Pr\u00e4sident </b>(Stahl J\u00fcrg, V, ZH): Die Motion wurde soeben im Rahmen der Beratungen zum Gesch\u00e4ft 17.031 behandelt. Sie haben auch einen schriftlichen Bericht der Kommission erhalten. Die Mehrheit der Kommission beantragt, die Motion anzunehmen. Die Minderheit der Kommission und der Bundesrat beantragen, die Motion abzulehnen. </p>\n</pd_text>","MeetingCouncilAbbreviation":"N","MeetingDate":"20171127","MeetingVerbalixOid":2938,"IdSession":"5011","SpeakerFirstName":"Dominique","SpeakerLastName":"de Buman","SpeakerFullName":"de Buman Dominique","SpeakerFunction":"P-M","CouncilId":1,"CouncilName":"Nationalrat","CantonId":10,"CantonName":"Freiburg","CantonAbbreviation":"FR","ParlGroupName":"CVP-Fraktion","ParlGroupAbbreviation":"M-E","SortOrder":1,"Start":"\/Date(1511808960600)\/","End":"\/Date(1511808994929)\/","Function":"P-M","DisplaySpeaker":false,"LanguageOfText":null,"Modified":"\/Date(1774877278206)\/","StartTimeWithTimezone":"\/Date(1511808960600+0060)\/","EndTimeWithTimezone":"\/Date(1511808994930+0060)\/","VoteBusinessNumber":null,"VoteBusinessShortNumber":null,"VoteBusinessTitle":null}]},"ID":"41634","Language":"DE","IdMeeting":"3995","VerbalixOid":552159,"SortOrder":4,"Modified":"\/Date(1774877278205)\/"}}