{"d":{"__metadata":{"id":"https://ws.parlament.ch/OData.svc/Subject(ID=4165L,Language='DE')","uri":"https://ws.parlament.ch/OData.svc/Subject(ID=4165L,Language='DE')","type":"itsystems.Pd.DataServices.DataModel.Subject"},"Meetings":{"__metadata":{"id":"https://ws.parlament.ch/OData.svc/Meeting(ID=295L,Language='DE')","uri":"https://ws.parlament.ch/OData.svc/Meeting(ID=295L,Language='DE')","type":"itsystems.Pd.DataServices.DataModel.Meeting"},"Sessions":{"__deferred":{"uri":"https://ws.parlament.ch/OData.svc/Meeting(ID=295L,Language='DE')/Sessions"}},"Subjects":{"__deferred":{"uri":"https://ws.parlament.ch/OData.svc/Meeting(ID=295L,Language='DE')/Subjects"}},"ID":"295","Language":"DE","MeetingNumber":5,"IdSession":4614,"SessionNumber":14,"SessionName":"Sommersession 2002","Council":1,"CouncilName":"Nationalrat","CouncilAbbreviation":"NR","Date":"\/Date(1023321600000)\/","Begin":"0800","Modified":"\/Date(1447069795947)\/","LegislativePeriodNumber":46,"PublicationStatus":"final","MeetingOrderText":"F\u00fcnfte Sitzung","SortOrder":5,"Location":"N"},"SubjectsBusiness":{"results":[{"__metadata":{"id":"https://ws.parlament.ch/OData.svc/SubjectBusiness(BusinessNumber=20013522,IdSubject=4165L,Language='DE')","uri":"https://ws.parlament.ch/OData.svc/SubjectBusiness(BusinessNumber=20013522,IdSubject=4165L,Language='DE')","type":"itsystems.Pd.DataServices.DataModel.SubjectBusiness"},"Subjects":{"__deferred":{"uri":"https://ws.parlament.ch/OData.svc/SubjectBusiness(BusinessNumber=20013522,IdSubject=4165L,Language='DE')/Subjects"}},"Businesses":{"__deferred":{"uri":"https://ws.parlament.ch/OData.svc/SubjectBusiness(BusinessNumber=20013522,IdSubject=4165L,Language='DE')/Businesses"}},"IdSubject":"4165","BusinessNumber":20013522,"Language":"DE","BusinessShortNumber":"01.3522","Title":"EO-Gesetz. \u00c4nderung Rekrutenentsch\u00e4digung","SortOrder":1,"PublishedNotes":null,"Modified":"\/Date(1447069161416)\/","TitleDE":"Motion Engelberger Eduard.\nEO-Gesetz. \u00c4nderung\nder Rekrutenentsch\u00e4digung","TitleFR":"Motion Engelberger Eduard.\nLAPG. Augmentation\nde l'allocation pour recrues","TitleIT":null}]},"Transcripts":{"results":[{"__metadata":{"id":"https://ws.parlament.ch/OData.svc/Transcript(ID=22290L,Language='DE')","uri":"https://ws.parlament.ch/OData.svc/Transcript(ID=22290L,Language='DE')","type":"itsystems.Pd.DataServices.DataModel.Transcript"},"Subjects":{"__deferred":{"uri":"https://ws.parlament.ch/OData.svc/Transcript(ID=22290L,Language='DE')/Subjects"}},"MembersCouncil":{"__deferred":{"uri":"https://ws.parlament.ch/OData.svc/Transcript(ID=22290L,Language='DE')/MembersCouncil"}},"Businesses":{"__deferred":{"uri":"https://ws.parlament.ch/OData.svc/Transcript(ID=22290L,Language='DE')/Businesses"}},"ID":"22290","Language":"DE","IdSubject":"4165","VoteId":null,"PersonNumber":341,"Type":1,"Text":"<pd_text><p><i>\u00dcberwiesen als Postulat - Transmis comme postulat</i></p>\n<p>[PAGE 777] </p>\n</pd_text>","MeetingCouncilAbbreviation":"N","MeetingDate":"20020606","MeetingVerbalixOid":932,"IdSession":"4614","SpeakerFirstName":"Liliane","SpeakerLastName":"Maury Pasquier","SpeakerFullName":"Maury Pasquier Liliane","SpeakerFunction":"P-F","CouncilId":1,"CouncilName":"Nationalrat","CantonId":25,"CantonName":"Genf","CantonAbbreviation":"GE","ParlGroupName":"Sozialdemokratische Fraktion","ParlGroupAbbreviation":"S","SortOrder":4,"Start":"\/Date(1023364898361)\/","End":"\/Date(1023364906783)\/","Function":"","DisplaySpeaker":false,"LanguageOfText":null,"Modified":"\/Date(1774878177977)\/","StartTimeWithTimezone":"\/Date(1023364898360+0120)\/","EndTimeWithTimezone":"\/Date(1023364906783+0120)\/","VoteBusinessNumber":null,"VoteBusinessShortNumber":null,"VoteBusinessTitle":null},{"__metadata":{"id":"https://ws.parlament.ch/OData.svc/Transcript(ID=22291L,Language='DE')","uri":"https://ws.parlament.ch/OData.svc/Transcript(ID=22291L,Language='DE')","type":"itsystems.Pd.DataServices.DataModel.Transcript"},"Subjects":{"__deferred":{"uri":"https://ws.parlament.ch/OData.svc/Transcript(ID=22291L,Language='DE')/Subjects"}},"MembersCouncil":{"__deferred":{"uri":"https://ws.parlament.ch/OData.svc/Transcript(ID=22291L,Language='DE')/MembersCouncil"}},"Businesses":{"__deferred":{"uri":"https://ws.parlament.ch/OData.svc/Transcript(ID=22291L,Language='DE')/Businesses"}},"ID":"22291","Language":"DE","IdSubject":"4165","VoteId":null,"PersonNumber":318,"Type":1,"Text":"<pd_text><p>Frau Bundesr\u00e4tin, ich kann Ihnen sagen, dass mir dieses Problem, dieses Thema effektiv am Herzen liegt und es mir und uns um die Rekruten der Jahre ab 2004 geht. Ich danke Ihnen f\u00fcr Ihre Auskunft \u00fcber die Vorbereitungen, die wegen der Parlamentarischen Initiative Triponez 01.426 getroffen werden mussten. Ich danke Ihnen auch f\u00fcr die Antwort, dass Sie bereit sind, diese Punkte aus dem Postulat aufzunehmen und in die Kommissionsarbeit einzubringen.</p>\n<p>In diesem Sinne erkl\u00e4re ich mich mit einer Umwandlung der Motion in ein Postulat einverstanden.</p>\n</pd_text>","MeetingCouncilAbbreviation":"N","MeetingDate":"20020606","MeetingVerbalixOid":932,"IdSession":"4614","SpeakerFirstName":"Eduard","SpeakerLastName":"Engelberger","SpeakerFullName":"Engelberger Eduard","SpeakerFunction":"","CouncilId":1,"CouncilName":"Nationalrat","CantonId":7,"CantonName":"Nidwalden","CantonAbbreviation":"NW","ParlGroupName":"Freisinnig-demokratische Fraktion","ParlGroupAbbreviation":"RL","SortOrder":3,"Start":"\/Date(1023364839298)\/","End":"\/Date(1023364898361)\/","Function":"","DisplaySpeaker":true,"LanguageOfText":"DE","Modified":"\/Date(1774878177974)\/","StartTimeWithTimezone":"\/Date(1023364839297+0120)\/","EndTimeWithTimezone":"\/Date(1023364898360+0120)\/","VoteBusinessNumber":null,"VoteBusinessShortNumber":null,"VoteBusinessTitle":null},{"__metadata":{"id":"https://ws.parlament.ch/OData.svc/Transcript(ID=22292L,Language='DE')","uri":"https://ws.parlament.ch/OData.svc/Transcript(ID=22292L,Language='DE')","type":"itsystems.Pd.DataServices.DataModel.Transcript"},"Subjects":{"__deferred":{"uri":"https://ws.parlament.ch/OData.svc/Transcript(ID=22292L,Language='DE')/Subjects"}},"MembersCouncil":{"__deferred":{"uri":"https://ws.parlament.ch/OData.svc/Transcript(ID=22292L,Language='DE')/MembersCouncil"}},"Businesses":{"__deferred":{"uri":"https://ws.parlament.ch/OData.svc/Transcript(ID=22292L,Language='DE')/Businesses"}},"ID":"22292","Language":"DE","IdSubject":"4165","VoteId":null,"PersonNumber":430,"Type":1,"Text":"<pd_text><p>Je regrette que vous mainteniez votre motion, Monsieur Engelberger, parce que vous allez ralentir et non pas acc\u00e9l\u00e9rer le processus. Je crois qu'il vaut beaucoup mieux, effectivement, que vous acceptiez de transformer votre motion en postulat, de fa\u00e7on que la commission qui, je crois, doit si\u00e9ger encore au mois de juin ou au d\u00e9but juillet, puisse int\u00e9grer vos voeux et les propositions \u00e9voqu\u00e9es tout \u00e0 l'heure dans une seule r\u00e9flexion.</p>\n<p>Dans ce sens-l\u00e0, je peux r\u00e9pondre tr\u00e8s facilement \u00e0 votre question. Si vous voulez passer par la voie de la motion, alors le Conseil f\u00e9d\u00e9ral doit pr\u00e9senter un message au Parlement, cela signifie qu'on perd du temps. Si vous voulez passer par cette voie-l\u00e0, je ne peux pas vous dire que nous arriverons au 1er janvier 2004, loin de l\u00e0, puisque la longueur de la proc\u00e9dure devra \u00eatre prise en consid\u00e9ration. Par contre, si cette id\u00e9e vous tient \u00e0 coeur, si vous voulez qu'elle soit discut\u00e9e par la commission et que par votre postulat, vous demandez \u00e0 l'administration de pr\u00e9parer tous les calculs - au Conseil f\u00e9d\u00e9ral, bien s\u00fbr, de donner aussi un coup de pouce positif \u00e0 cette demande -, alors, vous pourrez en discuter cet \u00e9t\u00e9. Je crois que la cause des recrues que vous d\u00e9fendez ici sera mieux d\u00e9fendue par la transmission d'un postulat, et je dis cela vraiment du fond du coeur.</p>\n<p>Vous m'avez pos\u00e9 la question pr\u00e9cise de savoir o\u00f9 en sont les travaux. Premi\u00e8rement, gr\u00e2ce \u00e0 l'initiative parlementaire Triponez, ces travaux sont tr\u00e8s avanc\u00e9s. Un projet a \u00e9t\u00e9 adress\u00e9 \u00e0 la commission. Je ne me rappelle pas exactement le d\u00e9tail, mais je sais que nous avons toujours fait la comparaison entre les prestations donn\u00e9es aux assur\u00e9s APG et les prestations qui seraient donn\u00e9es \u00e0 des femmes ayant accouch\u00e9. Donc, on examine en parall\u00e8le les deux questions. Ce travail est d\u00e9j\u00e0 fait, et il est d\u00e9j\u00e0 \u00e0 la disposition du Parlement.</p>\n<p>Deuxi\u00e8mement, si les travaux vont bien de l'avant, alors, effectivement, la loi sur les allocations pour perte de gain r\u00e9vis\u00e9e pourra entrer en vigueur au 1er janvier 2004. S'il n'y a pas de r\u00e9f\u00e9rendum, ce programme est tout \u00e0 fait possible et, Monsieur Engelberger, cela correspondrait \u00e0 mes voeux les plus profonds. Je peux dire que votre postulat est un de ces postulats que l'on traite avec une certaine anticipation et que le travail est d\u00e9j\u00e0 fait. C'est maintenant au Parlement de travailler.</p>\n</pd_text>","MeetingCouncilAbbreviation":"N","MeetingDate":"20020606","MeetingVerbalixOid":932,"IdSession":"4614","SpeakerFirstName":"Ruth","SpeakerLastName":"Dreifuss","SpeakerFullName":"Dreifuss Ruth","SpeakerFunction":"BR-F","CouncilId":99,"CouncilName":"Bundesrat","CantonId":25,"CantonName":"Genf","CantonAbbreviation":"GE","ParlGroupName":null,"ParlGroupAbbreviation":null,"SortOrder":2,"Start":"\/Date(1023364633970)\/","End":"\/Date(1023364839298)\/","Function":"","DisplaySpeaker":true,"LanguageOfText":"FR","Modified":"\/Date(1774878177973)\/","StartTimeWithTimezone":"\/Date(1023364633970+0120)\/","EndTimeWithTimezone":"\/Date(1023364839297+0120)\/","VoteBusinessNumber":null,"VoteBusinessShortNumber":null,"VoteBusinessTitle":null},{"__metadata":{"id":"https://ws.parlament.ch/OData.svc/Transcript(ID=22293L,Language='DE')","uri":"https://ws.parlament.ch/OData.svc/Transcript(ID=22293L,Language='DE')","type":"itsystems.Pd.DataServices.DataModel.Transcript"},"Subjects":{"__deferred":{"uri":"https://ws.parlament.ch/OData.svc/Transcript(ID=22293L,Language='DE')/Subjects"}},"MembersCouncil":{"__deferred":{"uri":"https://ws.parlament.ch/OData.svc/Transcript(ID=22293L,Language='DE')/MembersCouncil"}},"Businesses":{"__deferred":{"uri":"https://ws.parlament.ch/OData.svc/Transcript(ID=22293L,Language='DE')/Businesses"}},"ID":"22293","Language":"DE","IdSubject":"4165","VoteId":null,"PersonNumber":318,"Type":1,"Text":"<pd_text><p>Frau Bundesr\u00e4tin, ich danke Ihnen f\u00fcr die Stellungnahme des Bundesrates zu meiner Motion und f\u00fcr die Bereitschaft, sie als Postulat entgegenzunehmen. Damit anerkennen Sie das geschilderte Anliegen der h\u00f6heren Rekrutenentsch\u00e4digung.</p>\n<p>Trotzdem befriedigt mich die Stellungnahme des Bundesrates nicht ganz; ich kann die Haltung des Bundesrates nicht teilen, dass eine Erh\u00f6hung der Rekrutenentsch\u00e4digung verfr\u00fcht sei. Sie war es schon das letzte Mal, bei der EO-Revision im Jahre 1998, und sie ist es jetzt, vier Jahre sp\u00e4ter, immer noch - oder schon wieder -, obwohl man weiss, dass mit der \"Armee XXI\" 100 Millionen Franken eingespart werden. Die geforderte Rekrutenentsch\u00e4digung w\u00fcrde aber h\u00f6chstens etwa 25 bis 26 Millionen Franken ausmachen und in der \"Armee XXI\" ab 2004 eher noch etwas weniger kosten. Damit w\u00e4re eine Finanzierung bedenkenlos m\u00f6glich, denn die restlichen 75 Millionen w\u00fcrden schlussendlich im Fonds verbleiben. Ich hoffe, Frau Bundesr\u00e4tin, Sie gehen mit mir einig, dass diese Erh\u00f6hung der Rekrutenentsch\u00e4digung - wie hoch sie denn auch ausf\u00e4llt - auf den Start der \"Armee XXI\" im Jahre 2004 in Kraft treten muss, und zwar aus den verschiedensten Gr\u00fcnden, wie z. B. eine ver\u00e4nderte gesellschafts- und familienpolitische Situation der Angeh\u00f6rigen der heutigen jungen Generation, die in die Rekrutenschule m\u00fcssen, aber nicht mehr zu Hause wohnen und sehr oft noch andere, belastende Verpflichtungen eingegangen sind.</p>\n<p>Frau Bundesr\u00e4tin, f\u00fcr mich ist es klar, dass eine vertiefte Analyse der k\u00fcnftigen Ausgabenentwicklung sowie des Finanzbedarfs der EO notwendig ist. Aber der Finanzbedarf hat sich meiner Ansicht nach an den ureigensten gesetzlichen Bestimmungen in Artikel 1 des EOG und dem damit verbundenen Finanzbedarf zu messen und nicht an allen anderen Begehrlichkeiten, die an diesen Fonds mit zweckgebundenen Mitteln herangetragen werden.</p>\n<p>Ich m\u00f6chte Sie aber noch daran erinnern: Wir haben der \u00dcberf\u00fchrung von 2,2 Milliarden Franken in die Invalidenversicherung zugestimmt; wir haben uns hierin sehr offen und auch solidarisch gezeigt. Wir erwarten nun eben, dass zuerst die Bed\u00fcrfnisse von \"Armee XXI\" - und dazu geh\u00f6rt auch die Erh\u00f6hung der Rekrutenentsch\u00e4digung - zu analysieren sind und aufgrund der gesetzlichen Vorgaben auch befriedigt werden. Nach der Deckung dieses ureigensten Finanzbedarfs f\u00fcr die Armee und die Armeeangeh\u00f6rigen durch die EO ist zu entscheiden, wie viel der AHV oder IV und einer Mutterschaftsl\u00f6sung zufliessen sollen. Die daf\u00fcr vorgesehenen rund zwei Milliarden Franken vom Fonds sollten drinliegen. Das sind 1,5 Milliarden Franken f\u00fcr die IV, \u00fcber die der St\u00e4nderat schon beraten hat, und etwa 500 bis 550 Millionen Franken f\u00fcr Herrn Triponez - d. h. nicht f\u00fcr Herrn Triponez, sondern eben f\u00fcr die M\u00fctter. Deshalb verstehe ich diese Verz\u00f6gerung f\u00fcr die Rekrutenentsch\u00e4digung nicht, nachdem man weiss, dass Ende 2001 wieder 3,6 Milliarden Franken im Fonds waren, und jetzt, nach gut einem halben Jahr, sind das vielleicht wieder 200 Millionen Franken mehr. Ich m\u00f6chte Ihnen einfach noch sagen, dass es unserer Ansicht nach eine Missachtung der damaligen Meinung des Gesetzgebers w\u00e4re, wenn man da jetzt nicht vorw\u00e4rts machen w\u00fcrde.</p>\n<p>Ich m\u00f6chte Ihnen abschliessend zwei Fragen stellen:</p>\n<p>1. Ich m\u00f6chte von Ihnen wissen, wie weit die Analyse jetzt schon gediehen ist, die in der Beantwortung angesprochen wird. Es ist nun seither fast ein Jahr vergangen.</p>\n<p>2. Sind Sie bereit mitzuwirken, dass diese Rekrutenentsch\u00e4digungsregelung effektiv auf den 1. Januar 2004 in Kraft gesetzt werden kann? Das ist f\u00fcr die Zukunft der Armee im Zusammenhang mit der Miliz notwendig.</p>\n<p>Ich bin noch nicht ganz befriedigt von der Antwort und halte, Frau Bundesr\u00e4tin, vorl\u00e4ufig an der Motion fest.</p>\n</pd_text>","MeetingCouncilAbbreviation":"N","MeetingDate":"20020606","MeetingVerbalixOid":932,"IdSession":"4614","SpeakerFirstName":"Eduard","SpeakerLastName":"Engelberger","SpeakerFullName":"Engelberger Eduard","SpeakerFunction":"","CouncilId":1,"CouncilName":"Nationalrat","CantonId":7,"CantonName":"Nidwalden","CantonAbbreviation":"NW","ParlGroupName":"Freisinnig-demokratische Fraktion","ParlGroupAbbreviation":"RL","SortOrder":1,"Start":"\/Date(1023364337439)\/","End":"\/Date(1023364633970)\/","Function":"","DisplaySpeaker":true,"LanguageOfText":"DE","Modified":"\/Date(1774878177972)\/","StartTimeWithTimezone":"\/Date(1023364337440+0120)\/","EndTimeWithTimezone":"\/Date(1023364633970+0120)\/","VoteBusinessNumber":null,"VoteBusinessShortNumber":null,"VoteBusinessTitle":null}]},"ID":"4165","Language":"DE","IdMeeting":"295","VerbalixOid":59540,"SortOrder":9,"Modified":"\/Date(1774878177969)\/"}}