{"d":{"__metadata":{"id":"https://ws.parlament.ch/OData.svc/Subject(ID=4166L,Language='DE')","uri":"https://ws.parlament.ch/OData.svc/Subject(ID=4166L,Language='DE')","type":"itsystems.Pd.DataServices.DataModel.Subject"},"Meetings":{"__metadata":{"id":"https://ws.parlament.ch/OData.svc/Meeting(ID=295L,Language='DE')","uri":"https://ws.parlament.ch/OData.svc/Meeting(ID=295L,Language='DE')","type":"itsystems.Pd.DataServices.DataModel.Meeting"},"Sessions":{"__deferred":{"uri":"https://ws.parlament.ch/OData.svc/Meeting(ID=295L,Language='DE')/Sessions"}},"Subjects":{"__deferred":{"uri":"https://ws.parlament.ch/OData.svc/Meeting(ID=295L,Language='DE')/Subjects"}},"ID":"295","Language":"DE","MeetingNumber":5,"IdSession":4614,"SessionNumber":14,"SessionName":"Sommersession 2002","Council":1,"CouncilName":"Nationalrat","CouncilAbbreviation":"NR","Date":"\/Date(1023321600000)\/","Begin":"0800","Modified":"\/Date(1447069795947)\/","LegislativePeriodNumber":46,"PublicationStatus":"final","MeetingOrderText":"F\u00fcnfte Sitzung","SortOrder":5,"Location":"N"},"SubjectsBusiness":{"results":[{"__metadata":{"id":"https://ws.parlament.ch/OData.svc/SubjectBusiness(BusinessNumber=20010063,IdSubject=4166L,Language='DE')","uri":"https://ws.parlament.ch/OData.svc/SubjectBusiness(BusinessNumber=20010063,IdSubject=4166L,Language='DE')","type":"itsystems.Pd.DataServices.DataModel.SubjectBusiness"},"Subjects":{"__deferred":{"uri":"https://ws.parlament.ch/OData.svc/SubjectBusiness(BusinessNumber=20010063,IdSubject=4166L,Language='DE')/Subjects"}},"Businesses":{"__deferred":{"uri":"https://ws.parlament.ch/OData.svc/SubjectBusiness(BusinessNumber=20010063,IdSubject=4166L,Language='DE')/Businesses"}},"IdSubject":"4166","BusinessNumber":20010063,"Language":"DE","BusinessShortNumber":"01.063","Title":"Soziale Sicherheit. Abkommen mit dem F\u00fcrstentum Liechtenstein","SortOrder":1,"PublishedNotes":"Zweitrat - Deuxi\u00e8me Conseil\n","Modified":"\/Date(1447069144650)\/","TitleDE":"Soziale Sicherheit. Abkommen\nmit dem F\u00fcrstentum Liechtenstein","TitleFR":"S\u00e9curit\u00e9 sociale. Convention\navec la Principaut\u00e9 de Liechtenstein","TitleIT":null}]},"Transcripts":{"results":[{"__metadata":{"id":"https://ws.parlament.ch/OData.svc/Transcript(ID=22294L,Language='DE')","uri":"https://ws.parlament.ch/OData.svc/Transcript(ID=22294L,Language='DE')","type":"itsystems.Pd.DataServices.DataModel.Transcript"},"Subjects":{"__deferred":{"uri":"https://ws.parlament.ch/OData.svc/Transcript(ID=22294L,Language='DE')/Subjects"}},"MembersCouncil":{"__deferred":{"uri":"https://ws.parlament.ch/OData.svc/Transcript(ID=22294L,Language='DE')/MembersCouncil"}},"Businesses":{"__deferred":{"uri":"https://ws.parlament.ch/OData.svc/Transcript(ID=22294L,Language='DE')/Businesses"}},"ID":"22294","Language":"DE","IdSubject":"4166","VoteId":"2319","PersonNumber":null,"Type":2,"Text":"<pd_text><p><i>Gesamtabstimmung - Vote sur l'ensemble</i></p>\n<p>[NAM]</p>\n<p>F\u00fcr Annahme des Entwurfes .... 83 Stimmen</p>\n<p>(Einstimmigkeit)</p>\n</pd_text>","MeetingCouncilAbbreviation":"N","MeetingDate":"20020606","MeetingVerbalixOid":932,"IdSession":"4614","SpeakerFirstName":null,"SpeakerLastName":null,"SpeakerFullName":"","SpeakerFunction":null,"CouncilId":null,"CouncilName":null,"CantonId":null,"CantonName":null,"CantonAbbreviation":null,"ParlGroupName":null,"ParlGroupAbbreviation":null,"SortOrder":2,"Start":"\/Date(1023351120922)\/","End":"\/Date(1023351151641)\/","Function":null,"DisplaySpeaker":null,"LanguageOfText":"DE","Modified":"\/Date(1774878177808)\/","StartTimeWithTimezone":"\/Date(1023351120923+0120)\/","EndTimeWithTimezone":"\/Date(1023351151640+0120)\/","VoteBusinessNumber":20010063,"VoteBusinessShortNumber":"01.063","VoteBusinessTitle":"Soziale Sicherheit. Abkommen\nmit dem F\u00fcrstentum Liechtenstein"},{"__metadata":{"id":"https://ws.parlament.ch/OData.svc/Transcript(ID=22295L,Language='DE')","uri":"https://ws.parlament.ch/OData.svc/Transcript(ID=22295L,Language='DE')","type":"itsystems.Pd.DataServices.DataModel.Transcript"},"Subjects":{"__deferred":{"uri":"https://ws.parlament.ch/OData.svc/Transcript(ID=22295L,Language='DE')/Subjects"}},"MembersCouncil":{"__deferred":{"uri":"https://ws.parlament.ch/OData.svc/Transcript(ID=22295L,Language='DE')/MembersCouncil"}},"Businesses":{"__deferred":{"uri":"https://ws.parlament.ch/OData.svc/Transcript(ID=22295L,Language='DE')/Businesses"}},"ID":"22295","Language":"DE","IdSubject":"4166","VoteId":null,"PersonNumber":341,"Type":1,"Text":"<pd_text><p>La commission propose, \u00e0 l'unanimit\u00e9, d'approuver la convention et d'habiliter le Conseil f\u00e9d\u00e9ral \u00e0 la ratifier.</p>\n<p>[VS]</p>\n<p><i>Eintreten wird ohne Gegenantrag beschlossen</i></p>\n<p><i>L'entr\u00e9e en mati\u00e8re est d\u00e9cid\u00e9e sans opposition</i></p>\n<p>[VS]</p>\n<p><b>Bundesbeschluss betreffend das zweite Zusatzabkommen zum Abkommen zwischen der Schweiz und dem F\u00fcrstentum Liechtenstein \u00fcber soziale Sicherheit </b></p>\n<p><b>Arr\u00eat\u00e9 f\u00e9d\u00e9ral relatif \u00e0 la deuxi\u00e8me convention compl\u00e9mentaire \u00e0 la convention de s\u00e9curit\u00e9 sociale entre la Conf\u00e9d\u00e9ration suisse et la Principaut\u00e9 de Liechtenstein </b></p>\n<p>[VS]</p>\n<p><i>Detailberatung - Examen de d\u00e9tail</i></p>\n<p>[VS]</p>\n<p><b>Titel und Ingress, Art. 1, 2</b></p>\n<p><i>Antrag der Kommission</i></p>\n<p>Zustimmung zum Beschluss des St\u00e4nderates</p>\n<p>[VS]</p>\n<p><b>Titre et pr\u00e9ambule, art. 1, 2</b></p>\n<p><i>Proposition de la commission</i></p>\n<p>Adh\u00e9rer \u00e0 la d\u00e9cision du Conseil des Etats</p>\n<p>[VS]</p>\n<p><i>Angenommen - Adopt\u00e9</i></p>\n</pd_text>","MeetingCouncilAbbreviation":"N","MeetingDate":"20020606","MeetingVerbalixOid":932,"IdSession":"4614","SpeakerFirstName":"Liliane","SpeakerLastName":"Maury Pasquier","SpeakerFullName":"Maury Pasquier Liliane","SpeakerFunction":"P-F","CouncilId":1,"CouncilName":"Nationalrat","CantonId":25,"CantonName":"Genf","CantonAbbreviation":"GE","ParlGroupName":"Sozialdemokratische Fraktion","ParlGroupAbbreviation":"S","SortOrder":1,"Start":"\/Date(1023351000891)\/","End":"\/Date(1023351120922)\/","Function":"","DisplaySpeaker":true,"LanguageOfText":"FR","Modified":"\/Date(1774878177806)\/","StartTimeWithTimezone":"\/Date(1023351000890+0120)\/","EndTimeWithTimezone":"\/Date(1023351120923+0120)\/","VoteBusinessNumber":null,"VoteBusinessShortNumber":null,"VoteBusinessTitle":null}]},"ID":"4166","Language":"DE","IdMeeting":"295","VerbalixOid":59372,"SortOrder":3,"Modified":"\/Date(1774878177804)\/"}}