{"d":{"__metadata":{"id":"https://ws.parlament.ch/OData.svc/Subject(ID=41800L,Language='DE')","uri":"https://ws.parlament.ch/OData.svc/Subject(ID=41800L,Language='DE')","type":"itsystems.Pd.DataServices.DataModel.Subject"},"Meetings":{"__metadata":{"id":"https://ws.parlament.ch/OData.svc/Meeting(ID=4008L,Language='DE')","uri":"https://ws.parlament.ch/OData.svc/Meeting(ID=4008L,Language='DE')","type":"itsystems.Pd.DataServices.DataModel.Meeting"},"Sessions":{"__deferred":{"uri":"https://ws.parlament.ch/OData.svc/Meeting(ID=4008L,Language='DE')/Sessions"}},"Subjects":{"__deferred":{"uri":"https://ws.parlament.ch/OData.svc/Meeting(ID=4008L,Language='DE')/Subjects"}},"ID":"4008","Language":"DE","MeetingNumber":7,"IdSession":5011,"SessionNumber":11,"SessionName":"Wintersession 2017","Council":2,"CouncilName":"St\u00e4nderat","CouncilAbbreviation":"SR","Date":"\/Date(1512518400000)\/","Begin":"0815","Modified":"\/Date(1513935716047)\/","LegislativePeriodNumber":50,"PublicationStatus":"final","MeetingOrderText":"Siebte Sitzung","SortOrder":7,"Location":"S"},"SubjectsBusiness":{"results":[{"__metadata":{"id":"https://ws.parlament.ch/OData.svc/SubjectBusiness(BusinessNumber=20173961,IdSubject=41800L,Language='DE')","uri":"https://ws.parlament.ch/OData.svc/SubjectBusiness(BusinessNumber=20173961,IdSubject=41800L,Language='DE')","type":"itsystems.Pd.DataServices.DataModel.SubjectBusiness"},"Subjects":{"__deferred":{"uri":"https://ws.parlament.ch/OData.svc/SubjectBusiness(BusinessNumber=20173961,IdSubject=41800L,Language='DE')/Subjects"}},"Businesses":{"__deferred":{"uri":"https://ws.parlament.ch/OData.svc/SubjectBusiness(BusinessNumber=20173961,IdSubject=41800L,Language='DE')/Businesses"}},"IdSubject":"41800","BusinessNumber":20173961,"Language":"DE","BusinessShortNumber":"17.3961","Title":"Auswirkungen von Gesetzen auf die Auslandschweizer und Auslandschweizerinnen. Information in den Botschaften des Bundesrates zu Erlassentw\u00fcrfen","SortOrder":1,"PublishedNotes":"Ordnungsantrag - Motion d'ordre\n","Modified":"\/Date(1511196084016)\/","TitleDE":"Motion Lombardi Filippo.\nAuswirkungen von Gesetzen\nauf die Auslandschweizer\nund Auslandschweizerinnen.\nInformation in den Botschaften\ndes Bundesrates zu Erlassentw\u00fcrfen","TitleFR":"Motion Lombardi Filippo.\nIndication dans les messages\ndu Conseil f\u00e9d\u00e9ral des cons\u00e9quences\ndes actes l\u00e9gislatifs\npour les Suisses de l'\u00e9tranger","TitleIT":"Mozione Lombardi Filippo.\nFare in modo che i messaggi\ndel Consiglio federale a sostegno\ndi disegni di atti legislativi\ninformino sulle ripercussioni\nper gli Svizzeri all'estero"}]},"Transcripts":{"results":[{"__metadata":{"id":"https://ws.parlament.ch/OData.svc/Transcript(ID=223376L,Language='DE')","uri":"https://ws.parlament.ch/OData.svc/Transcript(ID=223376L,Language='DE')","type":"itsystems.Pd.DataServices.DataModel.Transcript"},"Subjects":{"__deferred":{"uri":"https://ws.parlament.ch/OData.svc/Transcript(ID=223376L,Language='DE')/Subjects"}},"MembersCouncil":{"__deferred":{"uri":"https://ws.parlament.ch/OData.svc/Transcript(ID=223376L,Language='DE')/MembersCouncil"}},"Businesses":{"__deferred":{"uri":"https://ws.parlament.ch/OData.svc/Transcript(ID=223376L,Language='DE')/Businesses"}},"ID":"223376","Language":"DE","IdSubject":"41800","VoteId":null,"PersonNumber":4062,"Type":1,"Text":"<pd_text><p><i>Ordnungsantrag Cramer </i>[GZ]</p>\n<p>Zuweisung der Motion 17.3961 an die zust\u00e4ndige Kommission zur Vorpr\u00fcfung.</p>\n<p>[VS]</p>\n<p><i>Motion d'ordre Cramer </i>[GZ]</p>\n<p>Transmettre la motion 17.3961 \u00e0 la commission comp\u00e9tente pour examen pr\u00e9alable.</p>\n</pd_text>","MeetingCouncilAbbreviation":"S","MeetingDate":"20171206","MeetingVerbalixOid":2951,"IdSession":"5011","SpeakerFirstName":"Karin","SpeakerLastName":"Keller-Sutter","SpeakerFullName":"Keller-Sutter Karin","SpeakerFunction":"P-F","CouncilId":2,"CouncilName":"St\u00e4nderat","CantonId":17,"CantonName":"St. Gallen","CantonAbbreviation":"SG","ParlGroupName":"FDP-Liberale Fraktion","ParlGroupAbbreviation":"RL","SortOrder":1,"Start":"\/Date(1512552437093)\/","End":"\/Date(1512552473957)\/","Function":"P-F","DisplaySpeaker":false,"LanguageOfText":null,"Modified":"\/Date(1516116306867)\/","StartTimeWithTimezone":"\/Date(1512552437093+0060)\/","EndTimeWithTimezone":"\/Date(1512552473957+0060)\/","VoteBusinessNumber":null,"VoteBusinessShortNumber":null,"VoteBusinessTitle":null},{"__metadata":{"id":"https://ws.parlament.ch/OData.svc/Transcript(ID=223379L,Language='DE')","uri":"https://ws.parlament.ch/OData.svc/Transcript(ID=223379L,Language='DE')","type":"itsystems.Pd.DataServices.DataModel.Transcript"},"Subjects":{"__deferred":{"uri":"https://ws.parlament.ch/OData.svc/Transcript(ID=223379L,Language='DE')/Subjects"}},"MembersCouncil":{"__deferred":{"uri":"https://ws.parlament.ch/OData.svc/Transcript(ID=223379L,Language='DE')/MembersCouncil"}},"Businesses":{"__deferred":{"uri":"https://ws.parlament.ch/OData.svc/Transcript(ID=223379L,Language='DE')/Businesses"}},"ID":"223379","Language":"DE","IdSubject":"41800","VoteId":null,"PersonNumber":4062,"Type":1,"Text":"<pd_text><p><i>Angenommen gem\u00e4ss Ordnungsantrag Cramer </i>[GZ]</p>\n<p><i>Adopt\u00e9 selon la motion d'ordre Cramer [PAGE 903] </i></p>\n</pd_text>","MeetingCouncilAbbreviation":"S","MeetingDate":"20171206","MeetingVerbalixOid":2951,"IdSession":"5011","SpeakerFirstName":"Karin","SpeakerLastName":"Keller-Sutter","SpeakerFullName":"Keller-Sutter Karin","SpeakerFunction":"P-F","CouncilId":2,"CouncilName":"St\u00e4nderat","CantonId":17,"CantonName":"St. Gallen","CantonAbbreviation":"SG","ParlGroupName":"FDP-Liberale Fraktion","ParlGroupAbbreviation":"RL","SortOrder":5,"Start":"\/Date(1512552844017)\/","End":"\/Date(1512552854987)\/","Function":"P-F","DisplaySpeaker":false,"LanguageOfText":null,"Modified":"\/Date(1516116306867)\/","StartTimeWithTimezone":"\/Date(1512552844017+0060)\/","EndTimeWithTimezone":"\/Date(1512552854987+0060)\/","VoteBusinessNumber":null,"VoteBusinessShortNumber":null,"VoteBusinessTitle":null},{"__metadata":{"id":"https://ws.parlament.ch/OData.svc/Transcript(ID=223384L,Language='DE')","uri":"https://ws.parlament.ch/OData.svc/Transcript(ID=223384L,Language='DE')","type":"itsystems.Pd.DataServices.DataModel.Transcript"},"Subjects":{"__deferred":{"uri":"https://ws.parlament.ch/OData.svc/Transcript(ID=223384L,Language='DE')/Subjects"}},"MembersCouncil":{"__deferred":{"uri":"https://ws.parlament.ch/OData.svc/Transcript(ID=223384L,Language='DE')/MembersCouncil"}},"Businesses":{"__deferred":{"uri":"https://ws.parlament.ch/OData.svc/Transcript(ID=223384L,Language='DE')/Businesses"}},"ID":"223384","Language":"DE","IdSubject":"41800","VoteId":null,"PersonNumber":4210,"Type":1,"Text":"<pd_text><p>Ich bin auch sehr gerne bereit, einmal in einer Kommissionssitzung zu erkl\u00e4ren, wie das mit dem Leitfaden geht. </p>\n<p>Die Sorge entsteht ja nicht darum, weil wir finden, die Auslandschweizer h\u00e4tten nicht ein legitimes Anliegen, sondern weil wir das etwas mit Blick auf Artikel 141 des Parlamentsgesetzes anschauen: Dort gibt es ja bereits etwa neun Bestimmungen, neun Kriterien, die man dann separat ausf\u00fchren soll. Zurzeit ist auch gleich noch eine parlamentarische Initiative aus der SPK-NR unterwegs, mit der noch weitere sechs Kriterien dazukommen sollen, wonach eine Botschaft auf die Schuldenbremsenf\u00e4higkeit, auf die Auswirkungen auf die Berggebiete und was auch immer zu pr\u00fcfen w\u00e4re. </p>\n<p>Da w\u00e4re es uns ein Anliegen, dass man hier versucht, die Dinge, die eigentlich schon im Gesetz drin sind, n\u00e4mlich die R\u00fccksicht auf die Gesellschaft, Wirtschaft usw., im Leitfaden und nicht im Gesetz zu spezifizieren.</p>\n<p>Wir k\u00f6nnten Ihnen einmal exemplarisch zeigen, wie wir das in diesem Leitfaden machen w\u00fcrden. Dazu bin ich sehr gerne bereit.</p>\n</pd_text>","MeetingCouncilAbbreviation":"S","MeetingDate":"20171206","MeetingVerbalixOid":2951,"IdSession":"5011","SpeakerFirstName":"Walter","SpeakerLastName":"Thurnherr","SpeakerFullName":"Thurnherr Walter","SpeakerFunction":"BK-M","CouncilId":98,"CouncilName":"","CantonId":19,"CantonName":"Aargau","CantonAbbreviation":"AG","ParlGroupName":null,"ParlGroupAbbreviation":null,"SortOrder":4,"Start":"\/Date(1512552782703)\/","End":"\/Date(1512552844017)\/","Function":"BK-M","DisplaySpeaker":true,"LanguageOfText":"DE","Modified":"\/Date(1516116306867)\/","StartTimeWithTimezone":"\/Date(1512552782703+0060)\/","EndTimeWithTimezone":"\/Date(1512552844017+0060)\/","VoteBusinessNumber":null,"VoteBusinessShortNumber":null,"VoteBusinessTitle":null},{"__metadata":{"id":"https://ws.parlament.ch/OData.svc/Transcript(ID=223408L,Language='DE')","uri":"https://ws.parlament.ch/OData.svc/Transcript(ID=223408L,Language='DE')","type":"itsystems.Pd.DataServices.DataModel.Transcript"},"Subjects":{"__deferred":{"uri":"https://ws.parlament.ch/OData.svc/Transcript(ID=223408L,Language='DE')/Subjects"}},"MembersCouncil":{"__deferred":{"uri":"https://ws.parlament.ch/OData.svc/Transcript(ID=223408L,Language='DE')/MembersCouncil"}},"Businesses":{"__deferred":{"uri":"https://ws.parlament.ch/OData.svc/Transcript(ID=223408L,Language='DE')/Businesses"}},"ID":"223408","Language":"DE","IdSubject":"41800","VoteId":null,"PersonNumber":3914,"Type":1,"Text":"<pd_text><p>Tr\u00e8s bri\u00e8vement, je dirai, pour d\u00e9velopper cette motion d'ordre, qu'elle s'impose \u00e0 la lecture de l'avis du Conseil f\u00e9d\u00e9ral. C'est un avis qui est extr\u00eamement succinct et il serait fort utile qu'on en sache un petit peu plus en commission. Cela serait d'autant plus utile, non pas parce que nous souhaitons avoir d'amples explications, mais parce que cet avis contient une contradiction intrins\u00e8que.</p>\n<p>Ce n'est pas la premi\u00e8re fois que le Conseil f\u00e9d\u00e9ral nous dit des choses un peu contradictoires: g\u00e9n\u00e9ralement, il nous dit qu'il est d'accord avec nos motions, mais qu'il ne faut n\u00e9anmoins pas les adopter. Mais en l'occurrence, cela va un petit peu plus loin puisque le Conseil f\u00e9d\u00e9ral nous dit qu'il est d'accord avec cette motion - cela, nous en avons l'habitude - mais qu'il peut l'adopter sans l'adopter, c'est-\u00e0-dire qu'il ne faut pas adopter la motion dans le sens qu'elle ne doit pas se traduire par une proposition l\u00e9gislative, mais qu'il faut l'adopter, avec r\u00e9ticence, parce qu'on pourrait tout de m\u00eame la mettre en oeuvre dans le cadre de l'Aide-m\u00e9moire sur la pr\u00e9sentation des messages du Conseil f\u00e9d\u00e9ral. Il serait fort utile que nous puissions en savoir un peu plus en commission sur ce que l'on entend mettre dans cet aide-m\u00e9moire, et si cette voie sugg\u00e9r\u00e9e par le Conseil f\u00e9d\u00e9ral pourrait \u00eatre une solution ou si, au contraire, il ne faudrait pas plut\u00f4t modifier la loi.</p>\n<p>A cela s'ajoute une deuxi\u00e8me consid\u00e9ration: l'avis du Conseil f\u00e9d\u00e9ral est succinct et par l\u00e0 m\u00eame, il n'entre pas dans trop de d\u00e9tails. Il omet, par exemple, de nous indiquer qu'actuellement il y a des travaux en cours visant \u00e0 modifier la loi sur le Parlement, notamment \u00e0 la suite de l'excellente intervention de Monsieur Caroni qui a propos\u00e9 que les messages soient compl\u00e9t\u00e9s par des consid\u00e9rations sur le f\u00e9d\u00e9ralisme. L\u00e0 aussi, il serait int\u00e9ressant de savoir comment on peut \u00e9tablir un lien entre tout cela, en d'autres termes, comment on peut coordonner au mieux les travaux de notre Parlement.</p>\n<p>Voil\u00e0, me semble-t-il, suffisamment de bonnes raisons pour transmettre cette motion \u00e0 la commission pour examen pr\u00e9alable. Nous n'en savons pas suffisamment pour nous d\u00e9terminer aujourd'hui.</p>\n</pd_text>","MeetingCouncilAbbreviation":"S","MeetingDate":"20171206","MeetingVerbalixOid":2951,"IdSession":"5011","SpeakerFirstName":"Robert","SpeakerLastName":"Cramer","SpeakerFullName":"Cramer Robert","SpeakerFunction":"Mit-M","CouncilId":2,"CouncilName":"St\u00e4nderat","CantonId":25,"CantonName":"Genf","CantonAbbreviation":"GE","ParlGroupName":"Gr\u00fcne Fraktion","ParlGroupAbbreviation":"G","SortOrder":2,"Start":"\/Date(1512552473957)\/","End":"\/Date(1512552620040)\/","Function":"Mit-M","DisplaySpeaker":true,"LanguageOfText":"FR","Modified":"\/Date(1516116306867)\/","StartTimeWithTimezone":"\/Date(1512552473957+0060)\/","EndTimeWithTimezone":"\/Date(1512552620040+0060)\/","VoteBusinessNumber":null,"VoteBusinessShortNumber":null,"VoteBusinessTitle":null},{"__metadata":{"id":"https://ws.parlament.ch/OData.svc/Transcript(ID=223445L,Language='DE')","uri":"https://ws.parlament.ch/OData.svc/Transcript(ID=223445L,Language='DE')","type":"itsystems.Pd.DataServices.DataModel.Transcript"},"Subjects":{"__deferred":{"uri":"https://ws.parlament.ch/OData.svc/Transcript(ID=223445L,Language='DE')/Subjects"}},"MembersCouncil":{"__deferred":{"uri":"https://ws.parlament.ch/OData.svc/Transcript(ID=223445L,Language='DE')/MembersCouncil"}},"Businesses":{"__deferred":{"uri":"https://ws.parlament.ch/OData.svc/Transcript(ID=223445L,Language='DE')/Businesses"}},"ID":"223445","Language":"DE","IdSubject":"41800","VoteId":null,"PersonNumber":540,"Type":1,"Text":"<pd_text><p>Ziel dieser Motion ist es nat\u00fcrlich, die Verwaltung und den Bundesrat dazu zu bringen, rechtzeitig an die Problematik der Auswirkungen s\u00e4mtlicher Erlasse auf die 780 000 Auslandschweizer zu denken, insbesondere im Hinblick auf die wachsende Mobilit\u00e4t dieser Auslandschweizer. Sie kommen und gehen. Wir haben das hier schon mehrmals gesagt. Es ist nicht mehr wie fr\u00fcher, als man das Land f\u00fcr immer verliess. Heute gibt es eine wachsende Anzahl von Auslandschweizern, die bloss eine gewisse Anzahl Jahre im Ausland leben und dann, aus welchen Gr\u00fcnden auch immer, zur\u00fcckkommen.</p>\n<p>Die Stellungnahme des Bundesrates ist teilweise befriedigend. Er ist dem Anliegen gegen\u00fcber offen. Er ist bereit, den Leitfaden der Bundeskanzlei zur Redaktion von Botschaften des Bundesrates entsprechend zu erg\u00e4nzen. Er ist aber dann der Meinung, man solle die Motion ablehnen, weil er keine gesetzliche Regulierung mit zwingenden Auswirkungen f\u00fcr alle Erlasse will. Ich k\u00f6nnte mich f\u00fcr die Position des Bundesrates durchaus erw\u00e4rmen, ich m\u00f6chte aber wissen, wie das genau passieren soll: Wie soll dieser Leitfaden der Bundeskanzlei angepasst werden? Ich hoffe, das geschieht relativ rasch. Das ist eine Diskussion, die wir nat\u00fcrlich nicht hier im Plenum f\u00fchren k\u00f6nnen.</p>\n<p>Ich stehe deswegen dem Ordnungsantrag Cramer sehr positiv gegen\u00fcber. Er w\u00fcrde uns die M\u00f6glichkeit geben, die Fragen in der zust\u00e4ndigen Kommission - wahrscheinlich die SPK - mit der Bundeskanzlei detailliert zu pr\u00fcfen. Falls dann eine \u00fcberzeugende L\u00f6sung vorliegen sollte, w\u00e4re ich bereit, die Motion zur\u00fcckzuziehen.[GZ]</p>\n<p>In dem Sinne stimme ich dem Ordnungsantrag Cramer zu.</p>\n</pd_text>","MeetingCouncilAbbreviation":"S","MeetingDate":"20171206","MeetingVerbalixOid":2951,"IdSession":"5011","SpeakerFirstName":"Filippo","SpeakerLastName":"Lombardi","SpeakerFullName":"Lombardi Filippo","SpeakerFunction":"Mit-M","CouncilId":2,"CouncilName":"St\u00e4nderat","CantonId":27,"CantonName":"Tessin","CantonAbbreviation":"TI","ParlGroupName":"CVP-Fraktion","ParlGroupAbbreviation":"M-E","SortOrder":3,"Start":"\/Date(1512552620040)\/","End":"\/Date(1512552769903)\/","Function":"Mit-M","DisplaySpeaker":true,"LanguageOfText":"DE","Modified":"\/Date(1516116306867)\/","StartTimeWithTimezone":"\/Date(1512552620040+0060)\/","EndTimeWithTimezone":"\/Date(1512552769903+0060)\/","VoteBusinessNumber":null,"VoteBusinessShortNumber":null,"VoteBusinessTitle":null}]},"ID":"41800","Language":"DE","IdMeeting":"4008","VerbalixOid":554320,"SortOrder":9,"Modified":"\/Date(1516116306867)\/"}}