{"d":{"__metadata":{"id":"https://ws.parlament.ch/OData.svc/Subject(ID=42021L,Language='DE')","uri":"https://ws.parlament.ch/OData.svc/Subject(ID=42021L,Language='DE')","type":"itsystems.Pd.DataServices.DataModel.Subject"},"Meetings":{"__metadata":{"id":"https://ws.parlament.ch/OData.svc/Meeting(ID=4014L,Language='DE')","uri":"https://ws.parlament.ch/OData.svc/Meeting(ID=4014L,Language='DE')","type":"itsystems.Pd.DataServices.DataModel.Meeting"},"Sessions":{"__deferred":{"uri":"https://ws.parlament.ch/OData.svc/Meeting(ID=4014L,Language='DE')/Sessions"}},"Subjects":{"__deferred":{"uri":"https://ws.parlament.ch/OData.svc/Meeting(ID=4014L,Language='DE')/Subjects"}},"ID":"4014","Language":"DE","MeetingNumber":10,"IdSession":5011,"SessionNumber":11,"SessionName":"Wintersession 2017","Council":1,"CouncilName":"Nationalrat","CouncilAbbreviation":"NR","Date":"\/Date(1513036800000)\/","Begin":"0800","Modified":"\/Date(1516036493937)\/","LegislativePeriodNumber":50,"PublicationStatus":"final","MeetingOrderText":"Zehnte Sitzung","SortOrder":10,"Location":"N"},"SubjectsBusiness":{"results":[{"__metadata":{"id":"https://ws.parlament.ch/OData.svc/SubjectBusiness(BusinessNumber=20173683,IdSubject=42021L,Language='DE')","uri":"https://ws.parlament.ch/OData.svc/SubjectBusiness(BusinessNumber=20173683,IdSubject=42021L,Language='DE')","type":"itsystems.Pd.DataServices.DataModel.SubjectBusiness"},"Subjects":{"__deferred":{"uri":"https://ws.parlament.ch/OData.svc/SubjectBusiness(BusinessNumber=20173683,IdSubject=42021L,Language='DE')/Subjects"}},"Businesses":{"__deferred":{"uri":"https://ws.parlament.ch/OData.svc/SubjectBusiness(BusinessNumber=20173683,IdSubject=42021L,Language='DE')/Businesses"}},"IdSubject":"42021","BusinessNumber":20173683,"Language":"DE","BusinessShortNumber":"17.3683","Title":"Auswirkungen von Gesetzen auf die Auslandschweizerinnen und Auslandschweizer. Information in den Botschaften des Bundesrates zu Erlassentw\u00fcrfen","SortOrder":1,"PublishedNotes":null,"Modified":"\/Date(1513184992940)\/","TitleDE":"Motion Guldimann Tim.\nAuswirkungen von Gesetzen\nauf die Auslandschweizerinnen\nund Auslandschweizer.\nInformation in den Botschaften\ndes Bundesrates zu Erlassentw\u00fcrfen","TitleFR":"Motion Guldimann Tim.\nIndication dans les messages\ndu Conseil f\u00e9d\u00e9ral des cons\u00e9quences\ndes actes l\u00e9gislatifs\npour les Suisses de l'\u00e9tranger","TitleIT":null}]},"Transcripts":{"results":[{"__metadata":{"id":"https://ws.parlament.ch/OData.svc/Transcript(ID=224251L,Language='DE')","uri":"https://ws.parlament.ch/OData.svc/Transcript(ID=224251L,Language='DE')","type":"itsystems.Pd.DataServices.DataModel.Transcript"},"Subjects":{"__deferred":{"uri":"https://ws.parlament.ch/OData.svc/Transcript(ID=224251L,Language='DE')/Subjects"}},"MembersCouncil":{"__deferred":{"uri":"https://ws.parlament.ch/OData.svc/Transcript(ID=224251L,Language='DE')/MembersCouncil"}},"Businesses":{"__deferred":{"uri":"https://ws.parlament.ch/OData.svc/Transcript(ID=224251L,Language='DE')/Businesses"}},"ID":"224251","Language":"DE","IdSubject":"42021","VoteId":null,"PersonNumber":4210,"Type":1,"Text":"<pd_text><p>Vielen Dank f\u00fcr diese explizite Anfrage. Es ist vorhin gesagt worden: Artikel 141 des Parlamentsgesetzes ist ziemlich belegt; wir haben das in der vorangegangenen Debatte gesehen. Es gibt bereits einige Bestimmungen, die neu dazukommen. Deshalb hat der Bundesrat angeboten, im Sinne einer Ausnahme im Falle der Auslandschweizer, falls sie betroffen sind und berechtigte Anliegen haben, zu schauen, dass diese auch in der Botschaft erw\u00e4hnt werden, und das im Leitfaden auch festzuhalten. Ich habe das Wort \"gegebenenfalls\" genau so verstanden: f\u00fcr den Fall, dass sie betroffen sind. Es heisst \"gegebenenfalls\", nicht \"allenfalls\". Wir haben der Kommission des St\u00e4nderates versprochen, einen Vorschlag zu machen, wie wir den Leitfaden anpassen w\u00fcrden. Dann kann man das ersehen. Ich kann Ihnen die Kopie dieses Vorschlages selbstverst\u00e4ndlich auch zuhalten.</p>\n</pd_text>","MeetingCouncilAbbreviation":"N","MeetingDate":"20171212","MeetingVerbalixOid":2957,"IdSession":"5011","SpeakerFirstName":"Walter","SpeakerLastName":"Thurnherr","SpeakerFullName":"Thurnherr Walter","SpeakerFunction":"BK-M","CouncilId":98,"CouncilName":"","CantonId":19,"CantonName":"Aargau","CantonAbbreviation":"AG","ParlGroupName":null,"ParlGroupAbbreviation":null,"SortOrder":3,"Start":"\/Date(1513082711552)\/","End":"\/Date(1513082781289)\/","Function":"BK-M","DisplaySpeaker":true,"LanguageOfText":"DE","Modified":"\/Date(1774877287408)\/","StartTimeWithTimezone":"\/Date(1513082711553+0060)\/","EndTimeWithTimezone":"\/Date(1513082781290+0060)\/","VoteBusinessNumber":null,"VoteBusinessShortNumber":null,"VoteBusinessTitle":null},{"__metadata":{"id":"https://ws.parlament.ch/OData.svc/Transcript(ID=224256L,Language='DE')","uri":"https://ws.parlament.ch/OData.svc/Transcript(ID=224256L,Language='DE')","type":"itsystems.Pd.DataServices.DataModel.Transcript"},"Subjects":{"__deferred":{"uri":"https://ws.parlament.ch/OData.svc/Transcript(ID=224256L,Language='DE')/Subjects"}},"MembersCouncil":{"__deferred":{"uri":"https://ws.parlament.ch/OData.svc/Transcript(ID=224256L,Language='DE')/MembersCouncil"}},"Businesses":{"__deferred":{"uri":"https://ws.parlament.ch/OData.svc/Transcript(ID=224256L,Language='DE')/Businesses"}},"ID":"224256","Language":"DE","IdSubject":"42021","VoteId":null,"PersonNumber":1124,"Type":1,"Text":"<pd_text><p><b>Le pr\u00e9sident </b>(de Buman Dominique, pr\u00e9sident): La motion Guldimann a \u00e9t\u00e9 retir\u00e9e. [GZ]</p>\n<p>[VS][GZ]</p>\n<p><i>Zur\u00fcckgezogen - Retir\u00e9</i></p>\n</pd_text>","MeetingCouncilAbbreviation":"N","MeetingDate":"20171212","MeetingVerbalixOid":2957,"IdSession":"5011","SpeakerFirstName":"Dominique","SpeakerLastName":"de Buman","SpeakerFullName":"de Buman Dominique","SpeakerFunction":"P-M","CouncilId":1,"CouncilName":"Nationalrat","CantonId":10,"CantonName":"Freiburg","CantonAbbreviation":"FR","ParlGroupName":"CVP-Fraktion","ParlGroupAbbreviation":"M-E","SortOrder":4,"Start":"\/Date(1513082781289)\/","End":"\/Date(1513082783892)\/","Function":"P-M","DisplaySpeaker":false,"LanguageOfText":null,"Modified":"\/Date(1774877287411)\/","StartTimeWithTimezone":"\/Date(1513082781290+0060)\/","EndTimeWithTimezone":"\/Date(1513082783893+0060)\/","VoteBusinessNumber":null,"VoteBusinessShortNumber":null,"VoteBusinessTitle":null},{"__metadata":{"id":"https://ws.parlament.ch/OData.svc/Transcript(ID=224258L,Language='DE')","uri":"https://ws.parlament.ch/OData.svc/Transcript(ID=224258L,Language='DE')","type":"itsystems.Pd.DataServices.DataModel.Transcript"},"Subjects":{"__deferred":{"uri":"https://ws.parlament.ch/OData.svc/Transcript(ID=224258L,Language='DE')/Subjects"}},"MembersCouncil":{"__deferred":{"uri":"https://ws.parlament.ch/OData.svc/Transcript(ID=224258L,Language='DE')/MembersCouncil"}},"Businesses":{"__deferred":{"uri":"https://ws.parlament.ch/OData.svc/Transcript(ID=224258L,Language='DE')/Businesses"}},"ID":"224258","Language":"DE","IdSubject":"42021","VoteId":null,"PersonNumber":1124,"Type":1,"Text":"<pd_text><p><b>Le pr\u00e9sident </b>(de Buman Dominique, pr\u00e9sident): Le Conseil f\u00e9d\u00e9ral propose de rejeter la motion.</p>\n</pd_text>","MeetingCouncilAbbreviation":"N","MeetingDate":"20171212","MeetingVerbalixOid":2957,"IdSession":"5011","SpeakerFirstName":"Dominique","SpeakerLastName":"de Buman","SpeakerFullName":"de Buman Dominique","SpeakerFunction":"P-M","CouncilId":1,"CouncilName":"Nationalrat","CantonId":10,"CantonName":"Freiburg","CantonAbbreviation":"FR","ParlGroupName":"CVP-Fraktion","ParlGroupAbbreviation":"M-E","SortOrder":1,"Start":"\/Date(1513082423089)\/","End":"\/Date(1513082464016)\/","Function":"P-M","DisplaySpeaker":false,"LanguageOfText":null,"Modified":"\/Date(1774877287404)\/","StartTimeWithTimezone":"\/Date(1513082423090+0060)\/","EndTimeWithTimezone":"\/Date(1513082464017+0060)\/","VoteBusinessNumber":null,"VoteBusinessShortNumber":null,"VoteBusinessTitle":null},{"__metadata":{"id":"https://ws.parlament.ch/OData.svc/Transcript(ID=224367L,Language='DE')","uri":"https://ws.parlament.ch/OData.svc/Transcript(ID=224367L,Language='DE')","type":"itsystems.Pd.DataServices.DataModel.Transcript"},"Subjects":{"__deferred":{"uri":"https://ws.parlament.ch/OData.svc/Transcript(ID=224367L,Language='DE')/Subjects"}},"MembersCouncil":{"__deferred":{"uri":"https://ws.parlament.ch/OData.svc/Transcript(ID=224367L,Language='DE')/MembersCouncil"}},"Businesses":{"__deferred":{"uri":"https://ws.parlament.ch/OData.svc/Transcript(ID=224367L,Language='DE')/Businesses"}},"ID":"224367","Language":"DE","IdSubject":"42021","VoteId":null,"PersonNumber":4196,"Type":1,"Text":"<pd_text><p>70 Mitglieder unseres Rates verlangen mit dieser Motion, dass der Bundesrat in den Botschaften zu Erlassentw\u00fcrfen \u00fcber die Auswirkungen von geplanten Gesetzen auf unsere Mitb\u00fcrgerinnen und Mitb\u00fcrger im Ausland informiert. Das Ziel ist, dass diese Auswirkungen, die oft nur einzelne Details in einer Gesetzesbestimmung betreffen, im parlamentarischen Entscheidungsprozess rechtzeitig wahrgenommen werden und diskutiert werden k\u00f6nnen.</p>\n<p>Nun, tats\u00e4chlich hat sich gezeigt, dass es, wie z. B. bei der AHV-Revision, schwierig ist, die Anliegen der F\u00fcnften Schweiz schon fr\u00fch - im Hinblick auf die vorbereitenden Beratungen der zust\u00e4ndigen Kommissionen - zu identifizieren. Man kann jetzt nat\u00fcrlich einwenden: \"Ihr Auslandschweizer m\u00fcsst euch halt einfach besser organisieren und fr\u00fcher schreien, wenn es um eure Interessen geht! Die Interessen der Bauern und Krankenkassen und andere Interessen in der Gesellschaft setzen sich in der Politik ja sehr gut durch; da wird nicht noch eine spezielle Ber\u00fccksichtigung in Artikel 141 des Parlamentsgesetzes verlangt.\"</p>\n<p>Das stimmt. Nur geht es hier nicht um einen Wirtschaftssektor im Inland, sondern um einen Teil unserer Bev\u00f6lkerung, der weit weg vom politischen Geschehen im Ausland lebt. Diese Mitb\u00fcrger merken meistens zu sp\u00e4t, wenn wir hier etwas entschieden haben, was sie auch betrifft. Die F\u00fcnfte Schweiz bekommt zwar viel Unterst\u00fctzung, viel politischen Goodwill; die 70 Unterschriften unter meiner Motion beweisen das. Aber diesen Goodwill k\u00f6nnen wir nur mobilisieren, wenn wir rechtzeitig wissen, wo ein Detail eines neuen Gesetzes die Interessen der F\u00fcnften Schweiz betrifft. Die Verwaltung kennt diese Details und kann das mit einem minimalen Arbeits- und Kostenaufwand in den Botschaften erw\u00e4hnen.</p>\n<p>Die Motion verlangt damit nicht viel: Wir wollen nur einen kurzen Hinweis auf solche Auswirkungen, wenn es solche Auswirkungen gibt. Nur dann verlangen wir einen expliziten Hinweis, sonst nicht. [PAGE 2091] </p>\n<p>Der Bundesrat beantragt die Ablehnung der Motion. Er ist aber im Sinne einer Ausnahme bereit, den Leitfaden der Bundeskanzlei zur Redaktion von Botschaften des Bundesrates entsprechend erg\u00e4nzen zu lassen. Unter der Rubrik \"Auswirkungen auf die Gesellschaft\" soll festgehalten werden, dass in der Botschaft gegebenenfalls auch die Auswirkungen der Vorlage auf die Auslandschweizerinnen und -schweizer zu pr\u00fcfen und darzustellen sind.</p>\n<p>Ich danke dem Bundesrat f\u00fcr diese Bereitschaft. Eigentlich verlangen wir mit der Motion nicht viel mehr. Der St\u00e4nderat hat die genau gleich lautende Motion Lombardi 17.3961 zur weiteren Diskussion an die zust\u00e4ndige Kommission weitergeleitet. Damit wird das Anliegen in jedem Fall weiterdiskutiert.</p>\n<p>Herr Bundeskanzler, jetzt m\u00fcssen Sie aufpassen: In der Stellungnahme des Bundesrates steht wie erw\u00e4hnt, dass er nur \"gegebenenfalls\" die Auswirkungen auf die F\u00fcnfte Schweiz pr\u00fcfen und darstellen will. Wenn Sie mir erstens zusichern, dass sich das Wort \"gegebenenfalls\" auf das Vorhandensein solcher Auswirkungen bezieht und nicht darauf, ob die Verwaltung Lust hat oder nicht, diese Pr\u00fcfungen auszuf\u00fchren, und wenn Sie mir zweitens zusichern, dass Sie diesen Leitfaden in den n\u00e4chsten drei Monaten entsprechend anpassen, ziehe ich meine Motion zur\u00fcck.</p>\n</pd_text>","MeetingCouncilAbbreviation":"N","MeetingDate":"20171212","MeetingVerbalixOid":2957,"IdSession":"5011","SpeakerFirstName":"Tim","SpeakerLastName":"Guldimann","SpeakerFullName":"Guldimann Tim","SpeakerFunction":"Mit-M","CouncilId":1,"CouncilName":"Nationalrat","CantonId":1,"CantonName":"Z\u00fcrich","CantonAbbreviation":"ZH","ParlGroupName":"Sozialdemokratische Fraktion","ParlGroupAbbreviation":"S","SortOrder":2,"Start":"\/Date(1513082464016)\/","End":"\/Date(1513082711552)\/","Function":"Mit-M","DisplaySpeaker":true,"LanguageOfText":"DE","Modified":"\/Date(1774877287407)\/","StartTimeWithTimezone":"\/Date(1513082464017+0060)\/","EndTimeWithTimezone":"\/Date(1513082711553+0060)\/","VoteBusinessNumber":null,"VoteBusinessShortNumber":null,"VoteBusinessTitle":null}]},"ID":"42021","Language":"DE","IdMeeting":"4014","VerbalixOid":555812,"SortOrder":4,"Modified":"\/Date(1774877287402)\/"}}