{"d":{"__metadata":{"id":"https://ws.parlament.ch/OData.svc/Subject(ID=4206L,Language='DE')","uri":"https://ws.parlament.ch/OData.svc/Subject(ID=4206L,Language='DE')","type":"itsystems.Pd.DataServices.DataModel.Subject"},"Meetings":{"__metadata":{"id":"https://ws.parlament.ch/OData.svc/Meeting(ID=297L,Language='DE')","uri":"https://ws.parlament.ch/OData.svc/Meeting(ID=297L,Language='DE')","type":"itsystems.Pd.DataServices.DataModel.Meeting"},"Sessions":{"__deferred":{"uri":"https://ws.parlament.ch/OData.svc/Meeting(ID=297L,Language='DE')/Sessions"}},"Subjects":{"__deferred":{"uri":"https://ws.parlament.ch/OData.svc/Meeting(ID=297L,Language='DE')/Subjects"}},"ID":"297","Language":"DE","MeetingNumber":7,"IdSession":4614,"SessionNumber":14,"SessionName":"Sommersession 2002","Council":1,"CouncilName":"Nationalrat","CouncilAbbreviation":"NR","Date":"\/Date(1023753600000)\/","Begin":"0800","Modified":"\/Date(1447069796907)\/","LegislativePeriodNumber":46,"PublicationStatus":"final","MeetingOrderText":"Siebte Sitzung","SortOrder":7,"Location":"N"},"SubjectsBusiness":{"results":[{"__metadata":{"id":"https://ws.parlament.ch/OData.svc/SubjectBusiness(BusinessNumber=20010065,IdSubject=4206L,Language='DE')","uri":"https://ws.parlament.ch/OData.svc/SubjectBusiness(BusinessNumber=20010065,IdSubject=4206L,Language='DE')","type":"itsystems.Pd.DataServices.DataModel.SubjectBusiness"},"Subjects":{"__deferred":{"uri":"https://ws.parlament.ch/OData.svc/SubjectBusiness(BusinessNumber=20010065,IdSubject=4206L,Language='DE')/Subjects"}},"Businesses":{"__deferred":{"uri":"https://ws.parlament.ch/OData.svc/SubjectBusiness(BusinessNumber=20010065,IdSubject=4206L,Language='DE')/Businesses"}},"IdSubject":"4206","BusinessNumber":20010065,"Language":"DE","BusinessShortNumber":"01.065","Title":"Armeereform XXI und Revision Milit\u00e4rgesetzgebung","SortOrder":1,"PublishedNotes":"Fortsetzung - Suite\n","Modified":"\/Date(1447069144800)\/","TitleDE":"Armeereform XXI\nund Revision\nder Milit\u00e4rgesetzgebung","TitleFR":"R\u00e9forme Arm\u00e9e XXI\net r\u00e9vision\nde la l\u00e9gislation militaire","TitleIT":null}]},"Transcripts":{"results":[{"__metadata":{"id":"https://ws.parlament.ch/OData.svc/Transcript(ID=22626L,Language='DE')","uri":"https://ws.parlament.ch/OData.svc/Transcript(ID=22626L,Language='DE')","type":"itsystems.Pd.DataServices.DataModel.Transcript"},"Subjects":{"__deferred":{"uri":"https://ws.parlament.ch/OData.svc/Transcript(ID=22626L,Language='DE')/Subjects"}},"MembersCouncil":{"__deferred":{"uri":"https://ws.parlament.ch/OData.svc/Transcript(ID=22626L,Language='DE')/MembersCouncil"}},"Businesses":{"__deferred":{"uri":"https://ws.parlament.ch/OData.svc/Transcript(ID=22626L,Language='DE')/Businesses"}},"ID":"22626","Language":"DE","IdSubject":"4206","VoteId":null,"PersonNumber":341,"Type":1,"Text":"<pd_text><p><i>Abstimmung - Vote</i></p>\n<p>F\u00fcr den Antrag der Kommission .... 135 Stimmen</p>\n<p>F\u00fcr den Antrag Baumann J. Alexander .... 10 Stimmen</p>\n<p>[VS]</p>\n<p>[VS]</p>\n<p><i>Die Beratung dieses Gesch\u00e4ftes wird unterbrochen </i></p>\n<p><i>Le d\u00e9bat sur cet objet est interrompu </i></p>\n<p>[PAGE 863] </p>\n</pd_text>","MeetingCouncilAbbreviation":"N","MeetingDate":"20020611","MeetingVerbalixOid":934,"IdSession":"4614","SpeakerFirstName":"Liliane","SpeakerLastName":"Maury Pasquier","SpeakerFullName":"Maury Pasquier Liliane","SpeakerFunction":"P-F","CouncilId":1,"CouncilName":"Nationalrat","CantonId":25,"CantonName":"Genf","CantonAbbreviation":"GE","ParlGroupName":"Sozialdemokratische Fraktion","ParlGroupAbbreviation":"S","SortOrder":23,"Start":"\/Date(1023797967819)\/","End":"\/Date(1023798058726)\/","Function":"","DisplaySpeaker":false,"LanguageOfText":null,"Modified":"\/Date(1774878179846)\/","StartTimeWithTimezone":"\/Date(1023797967820+0120)\/","EndTimeWithTimezone":"\/Date(1023798058727+0120)\/","VoteBusinessNumber":null,"VoteBusinessShortNumber":null,"VoteBusinessTitle":null},{"__metadata":{"id":"https://ws.parlament.ch/OData.svc/Transcript(ID=22627L,Language='DE')","uri":"https://ws.parlament.ch/OData.svc/Transcript(ID=22627L,Language='DE')","type":"itsystems.Pd.DataServices.DataModel.Transcript"},"Subjects":{"__deferred":{"uri":"https://ws.parlament.ch/OData.svc/Transcript(ID=22627L,Language='DE')/Subjects"}},"MembersCouncil":{"__deferred":{"uri":"https://ws.parlament.ch/OData.svc/Transcript(ID=22627L,Language='DE')/MembersCouncil"}},"Businesses":{"__deferred":{"uri":"https://ws.parlament.ch/OData.svc/Transcript(ID=22627L,Language='DE')/Businesses"}},"ID":"22627","Language":"DE","IdSubject":"4206","VoteId":null,"PersonNumber":267,"Type":1,"Text":"<pd_text><p>Ich bin eigentlich geneigt, Ihnen nahe zu legen, den Antrag Baumann J. Alexander anzunehmen. Wie gesagt wurde, ist er f\u00fcr mich wesentlich leichter zu erf\u00fcllen als das von uns vorgeschlagene Konzept.</p>\n<p>Aber jetzt im Ernst: Der Antrag geht an dem vorbei, was urspr\u00fcnglich meine Offerte oder mein Antrag war. Es wurde immer wieder der Vorwurf erhoben, diese Armee gehe am Volk vorbei - es wurde dann gelegentlich auch gesagt, diese Armeeplaner machten eine Armee, die am Volk vorbeigehe -, sie verlasse den Boden der Verfassung usw. Dem ist nicht so, und ich habe hier den Tatbeweis erbracht und gesagt: Ich w\u00fcnsche, dass das Parlament im Sinne der Schweizer Tradition als Bindeglied zwischen Volk und Armee diese Armee begleitet.</p>\n<p>Deshalb soll der Bundesrat mit den zust\u00e4ndigen parlamentarischen Kommissionen Form und Inhalt der Berichterstattung vereinbaren. Da sind vielleicht auch die Punkte des Antrages Baumann J. Alexander darunter, das ist durchaus m\u00f6glich. Aber wenn Sie das jetzt auf Gesetzesstufe als die wesentlichen Kennzahlen festschreiben, verpassen Sie nach meinem Daf\u00fcrhalten eine Chance, n\u00e4mlich diejenige, die Gesamtentwicklung der Armee kontinuierlich weiterverfolgen zu k\u00f6nnen. Denn Absatz 1 des Antrages Baumann J. Alexander ersetzt Absatz 1 des Antrages der Kommission.</p>\n<p>Ein Letztes: Es wurde hier verschiedentlich gesagt, das Projekt scheitere an Personalmangel. Die Personalfrage ist eine Schl\u00fcsselfrage dieses Projektes, das haben wir nie bestritten. Da gibt es noch einiges zu tun. Aber bitte verkennen Sie nicht, dass der Status quo nicht besser ist. Ich habe Rekrutenschulen besucht, die nur durchf\u00fchrbar waren, weil die H\u00e4lfte der Kader, die normalerweise Milizkader w\u00e4ren, Berufsleute waren! Ich habe Rekrutenschulen besucht, wo einem Zugf\u00fchrer 55 Rekruten gegen\u00fcberstanden, weil die entsprechenden Kader nicht vorhanden waren. Der Status quo ist also keine Spur besser, und dieses Problem ist so oder so ein zentrales Problem f\u00fcr die Glaubw\u00fcrdigkeit der Ausbildung in der Armee. Das wird auch insk\u00fcnftig so sein, und das ist eine Aufgabe, der wir uns anzunehmen haben.</p>\n<p>Ich bitte Sie also, die Ihnen gemachte Offerte zu ergreifen und uns \u00fcber die Jahre, mittel- und l\u00e4ngerfristig, in der Armeef\u00fchrung zu begleiten - dort, wo es m\u00f6glich ist und wo die Zust\u00e4ndigkeit gegeben ist, also eben im strategischen Bereich.</p>\n<p>Ich bitte Sie, den Antrag Baumann J. Alexander abzulehnen.</p>\n</pd_text>","MeetingCouncilAbbreviation":"N","MeetingDate":"20020611","MeetingVerbalixOid":934,"IdSession":"4614","SpeakerFirstName":"Samuel","SpeakerLastName":"Schmid","SpeakerFullName":"Schmid Samuel","SpeakerFunction":"BR-M","CouncilId":99,"CouncilName":"Bundesrat","CantonId":2,"CantonName":"Bern","CantonAbbreviation":"BE","ParlGroupName":null,"ParlGroupAbbreviation":null,"SortOrder":22,"Start":"\/Date(1023797756210)\/","End":"\/Date(1023797967819)\/","Function":"","DisplaySpeaker":true,"LanguageOfText":"DE","Modified":"\/Date(1774878179844)\/","StartTimeWithTimezone":"\/Date(1023797756210+0120)\/","EndTimeWithTimezone":"\/Date(1023797967820+0120)\/","VoteBusinessNumber":null,"VoteBusinessShortNumber":null,"VoteBusinessTitle":null},{"__metadata":{"id":"https://ws.parlament.ch/OData.svc/Transcript(ID=22628L,Language='DE')","uri":"https://ws.parlament.ch/OData.svc/Transcript(ID=22628L,Language='DE')","type":"itsystems.Pd.DataServices.DataModel.Transcript"},"Subjects":{"__deferred":{"uri":"https://ws.parlament.ch/OData.svc/Transcript(ID=22628L,Language='DE')/Subjects"}},"MembersCouncil":{"__deferred":{"uri":"https://ws.parlament.ch/OData.svc/Transcript(ID=22628L,Language='DE')/MembersCouncil"}},"Businesses":{"__deferred":{"uri":"https://ws.parlament.ch/OData.svc/Transcript(ID=22628L,Language='DE')/Businesses"}},"ID":"22628","Language":"DE","IdSubject":"4206","VoteId":null,"PersonNumber":70,"Type":1,"Text":"<pd_text><p>Il y a un paradoxe avec la proposition Baumann J. Alexander. D'abord, dans son esprit, il est bien \u00e9vident que, en fait, c'est quand m\u00eame une volont\u00e9 d'immixtion dans les t\u00e2ches d'ex\u00e9cution du gouvernement. L'id\u00e9e est de le surveiller pas \u00e0 pas et, en plus, de dire exactement ce qu'on va surveiller. Donc, quoi que dise M. Baumann qui dit: \"La confiance c'est bien, le contr\u00f4le c'est mieux\", la commission pense que le contr\u00f4le dans le respect des comp\u00e9tences, que le contr\u00f4le g\u00e9n\u00e9ral du Parlement - qui a, je vous le rappelle, la haute surveillance -, c'est bien, mais que de vouloir toujours, dans un esprit de m\u00e9fiance, aller dans le d\u00e9tail, ce n'est pas bien.</p>\n<p>Mais le paradoxe, Monsieur Baumann, c'est qu'en fait en donnant une liste qui a l'air d'\u00eatre exhaustive vous allez moins loin que ce que peut faire le Parlement et ses commissions, surtout la Commission de la politique de s\u00e9curit\u00e9, en se basant sur le pouvoir g\u00e9n\u00e9ral de controlling politique. Par cons\u00e9quent, le cas \u00e9ch\u00e9ant, avec la curiosit\u00e9 n\u00e9cessaire, les membres de la commission pourront poser des questions qui ne sont pas mentionn\u00e9es dans votre liste exhaustive. Donc, il y a un double p\u00e9ch\u00e9: il y a un p\u00e9ch\u00e9 de m\u00e9fiance et la m\u00e9fiance finalement manque son objectif. Voil\u00e0 pourquoi je crois que la version de la commission, qui suit d'ailleurs une suggestion faite au cours des travaux par le Conseil f\u00e9d\u00e9ral - car l'id\u00e9e du controlling politique, pour compenser la d\u00e9l\u00e9gation de pouvoir qui est faite \u00e0 plusieurs \u00e9gards au Conseil f\u00e9d\u00e9ral, vient du gouvernement lui-m\u00eame -, est bien meilleure.</p>\n<p>Nous vous demandons donc de rejeter la proposition Baumann J. Alexander.</p>\n</pd_text>","MeetingCouncilAbbreviation":"N","MeetingDate":"20020611","MeetingVerbalixOid":934,"IdSession":"4614","SpeakerFirstName":"Jacques-Simon","SpeakerLastName":"Eggly","SpeakerFullName":"Eggly Jacques-Simon","SpeakerFunction":"","CouncilId":1,"CouncilName":"Nationalrat","CantonId":25,"CantonName":"Genf","CantonAbbreviation":"GE","ParlGroupName":"Liberale Fraktion","ParlGroupAbbreviation":"L","SortOrder":21,"Start":"\/Date(1023797638429)\/","End":"\/Date(1023797756210)\/","Function":"*","DisplaySpeaker":true,"LanguageOfText":"FR","Modified":"\/Date(1774878179842)\/","StartTimeWithTimezone":"\/Date(1023797638430+0120)\/","EndTimeWithTimezone":"\/Date(1023797756210+0120)\/","VoteBusinessNumber":null,"VoteBusinessShortNumber":null,"VoteBusinessTitle":null},{"__metadata":{"id":"https://ws.parlament.ch/OData.svc/Transcript(ID=22629L,Language='DE')","uri":"https://ws.parlament.ch/OData.svc/Transcript(ID=22629L,Language='DE')","type":"itsystems.Pd.DataServices.DataModel.Transcript"},"Subjects":{"__deferred":{"uri":"https://ws.parlament.ch/OData.svc/Transcript(ID=22629L,Language='DE')/Subjects"}},"MembersCouncil":{"__deferred":{"uri":"https://ws.parlament.ch/OData.svc/Transcript(ID=22629L,Language='DE')/MembersCouncil"}},"Businesses":{"__deferred":{"uri":"https://ws.parlament.ch/OData.svc/Transcript(ID=22629L,Language='DE')/Businesses"}},"ID":"22629","Language":"DE","IdSubject":"4206","VoteId":null,"PersonNumber":131,"Type":1,"Text":"<pd_text><p>Die einstimmige Sicherheitspolitische Kommission Ihres Rates unterst\u00fctzt grunds\u00e4tzlich den von Bundesrat Schmid eingebrachten und vom St\u00e4nderat auch wieder einstimmig best\u00e4tigten Controlling-Artikel 149b. Die Kommission beantragt Ihnen aber auch einstimmig, den Artikel gem\u00e4ss Fahne etwas umzuformulieren und klarer zu machen. Das Parlament wird hier neu in einen Begleitprozess einbezogen, der weiter geht als die blosse parlamentarische Kontrolle. Denn das Controlling ist weiter gefasst als diese und umfasst auch die pr\u00e4ventive Kontrolle. Dabei muss klar sein, auf welcher Ebene dieses Controlling angesetzt wird, denn jede F\u00fchrungsebene hat ihr eigenes Controlling. In diesem Artikel wird aber das politische Controlling festgelegt. </p>\n<p>In diesem Sinne empfehle ich Ihnen, den Antrag Baumann J. Alexander abzulehnen. Denn die Aufz\u00e4hlung, wie sie Herr Baumann vorgenommen hat, ist zuf\u00e4llig, auch wenn im Einzelnen dagegen nichts einzuwenden ist. Das Parlament muss frei bleiben bei dem, was es vom Bundesrat verlangen will. Ein wirksames - ich unterstreiche das, wie vorhin schon erw\u00e4hnt - politisches Controlling besteht nicht in einer Auflistung von Einzelpunkten, sondern in einer Konzentration auf die wesentlichen Erfolgsfaktoren. Zentrale Fragen sind in diesem Zusammenhang z. B. die F\u00e4higkeit zur Auftragserf\u00fcllung, der Grad der Bereitschaft, die gesetzten Ausbildungsziele und der Grad der Zielerreichung, die Erfahrung mit den Ausbildungsinfrastrukturen, Erfahrungen mit den entsprechenden F\u00fchrungsorganisationen und die Realisierung des Milizprinzips.</p>\n<p>Ich m\u00f6chte wirklich, dass hier Parlament und Bundesrat bez\u00fcglich Inhalt und Form bed\u00fcrfnisgerechte Vereinbarungen treffen k\u00f6nnen, und bitte Sie im Namen der einstimmigen Kommission, ihrem Antrag zuzustimmen.</p>\n</pd_text>","MeetingCouncilAbbreviation":"N","MeetingDate":"20020611","MeetingVerbalixOid":934,"IdSession":"4614","SpeakerFirstName":"Josef","SpeakerLastName":"Leu","SpeakerFullName":"Leu Josef","SpeakerFunction":"","CouncilId":1,"CouncilName":"Nationalrat","CantonId":3,"CantonName":"Luzern","CantonAbbreviation":"LU","ParlGroupName":"Christlichdemokratische Fraktion","ParlGroupAbbreviation":"M-E","SortOrder":20,"Start":"\/Date(1023797480140)\/","End":"\/Date(1023797638429)\/","Function":"*","DisplaySpeaker":true,"LanguageOfText":"DE","Modified":"\/Date(1774878179841)\/","StartTimeWithTimezone":"\/Date(1023797480140+0120)\/","EndTimeWithTimezone":"\/Date(1023797638430+0120)\/","VoteBusinessNumber":null,"VoteBusinessShortNumber":null,"VoteBusinessTitle":null},{"__metadata":{"id":"https://ws.parlament.ch/OData.svc/Transcript(ID=22630L,Language='DE')","uri":"https://ws.parlament.ch/OData.svc/Transcript(ID=22630L,Language='DE')","type":"itsystems.Pd.DataServices.DataModel.Transcript"},"Subjects":{"__deferred":{"uri":"https://ws.parlament.ch/OData.svc/Transcript(ID=22630L,Language='DE')/Subjects"}},"MembersCouncil":{"__deferred":{"uri":"https://ws.parlament.ch/OData.svc/Transcript(ID=22630L,Language='DE')/MembersCouncil"}},"Businesses":{"__deferred":{"uri":"https://ws.parlament.ch/OData.svc/Transcript(ID=22630L,Language='DE')/Businesses"}},"ID":"22630","Language":"DE","IdSubject":"4206","VoteId":null,"PersonNumber":301,"Type":1,"Text":"<pd_text><p>Erlauben Sie mir, Herr Kollege Baumann, eine etwas flachsige Bemerkung: Wenn Sie Ihren Betrieb mit solchen Kennzahlen f\u00fchren, dann m\u00fcssen Sie eine irrsinnig grosse Marge haben. Was Herr Kollege Baumann verlangt, erledigt der Generalstabschef auf einer A4-Seite in einem halben Tag. Nehmen Sie zur Kenntnis, dass nat\u00fcrlich der Bundesrat grosse Freude am Antrag Baumann h\u00e4tte, denn Artikel 149b geht in der Fassung unserer Kommission sehr viel weiter. Es geht um die Zielvereinbarung. Wir k\u00f6nnen und werden nicht nur das, was Herr Baumann verlangt, sondern viel, viel mehr vom Bundesrat verlangen und damit das Ziel erreichen.</p>\n<p>Ich bitte Sie, diesen Antrag abzulehnen.</p>\n</pd_text>","MeetingCouncilAbbreviation":"N","MeetingDate":"20020611","MeetingVerbalixOid":934,"IdSession":"4614","SpeakerFirstName":"Boris","SpeakerLastName":"Banga","SpeakerFullName":"Banga Boris","SpeakerFunction":"","CouncilId":1,"CouncilName":"Nationalrat","CantonId":11,"CantonName":"Solothurn","CantonAbbreviation":"SO","ParlGroupName":"Sozialdemokratische Fraktion","ParlGroupAbbreviation":"S","SortOrder":19,"Start":"\/Date(1023797415702)\/","End":"\/Date(1023797480140)\/","Function":"","DisplaySpeaker":true,"LanguageOfText":"DE","Modified":"\/Date(1774878179839)\/","StartTimeWithTimezone":"\/Date(1023797415703+0120)\/","EndTimeWithTimezone":"\/Date(1023797480140+0120)\/","VoteBusinessNumber":null,"VoteBusinessShortNumber":null,"VoteBusinessTitle":null},{"__metadata":{"id":"https://ws.parlament.ch/OData.svc/Transcript(ID=22631L,Language='DE')","uri":"https://ws.parlament.ch/OData.svc/Transcript(ID=22631L,Language='DE')","type":"itsystems.Pd.DataServices.DataModel.Transcript"},"Subjects":{"__deferred":{"uri":"https://ws.parlament.ch/OData.svc/Transcript(ID=22631L,Language='DE')/Subjects"}},"MembersCouncil":{"__deferred":{"uri":"https://ws.parlament.ch/OData.svc/Transcript(ID=22631L,Language='DE')/MembersCouncil"}},"Businesses":{"__deferred":{"uri":"https://ws.parlament.ch/OData.svc/Transcript(ID=22631L,Language='DE')/Businesses"}},"ID":"22631","Language":"DE","IdSubject":"4206","VoteId":null,"PersonNumber":501,"Type":1,"Text":"<pd_text><p>Le groupe lib\u00e9ral rejettera la proposition Baumann J. Alexander.</p>\n<p>En effet, la teneur de l'article 149b telle qu'elle se pr\u00e9sente \u00e0 l'heure actuelle permet en fait de faire tout ce que M. Baumann demande. Le cas \u00e9ch\u00e9ant, il le dira lui-m\u00eame en commission et le Conseil f\u00e9d\u00e9ral s'ex\u00e9cutera. Il est inscrit \u00e0 [PAGE 862] l'article 149b que le Conseil f\u00e9d\u00e9ral doit r\u00e9pondre aux demandes des commissaires. Et puis, si M. Baumann n'assistait pas \u00e0 la commission, on pourrait dire en l'occurrence: \"Vertrauen ist besser, Controlling ist gut!\" M. Baumann pourrait faire effectivement confiance \u00e0 ses coll\u00e8gues de commission. De plus, il dresse en fait une longue liste d'objets dont il voudrait que le Conseil f\u00e9d\u00e9ral traite dans ses rapports. Mais, comme toujours, les listes, m\u00eame longues, ne sauraient \u00eatre exhaustives. Il y a certainement des objets qui sont oubli\u00e9s dans sa liste et que les commissaires aimeraient de toute fa\u00e7on rajouter.</p>\n<p>Je propose donc qu'on en reste \u00e0 la formulation actuelle qui r\u00e9pond en fait parfaitement au souci de M. Baumann.</p>\n</pd_text>","MeetingCouncilAbbreviation":"N","MeetingDate":"20020611","MeetingVerbalixOid":934,"IdSession":"4614","SpeakerFirstName":"Barbara","SpeakerLastName":"Polla","SpeakerFullName":"Polla Barbara","SpeakerFunction":"","CouncilId":1,"CouncilName":"Nationalrat","CantonId":25,"CantonName":"Genf","CantonAbbreviation":"GE","ParlGroupName":"Liberale Fraktion","ParlGroupAbbreviation":"L","SortOrder":18,"Start":"\/Date(1023797341171)\/","End":"\/Date(1023797415702)\/","Function":"","DisplaySpeaker":true,"LanguageOfText":"FR","Modified":"\/Date(1774878179837)\/","StartTimeWithTimezone":"\/Date(1023797341170+0120)\/","EndTimeWithTimezone":"\/Date(1023797415703+0120)\/","VoteBusinessNumber":null,"VoteBusinessShortNumber":null,"VoteBusinessTitle":null},{"__metadata":{"id":"https://ws.parlament.ch/OData.svc/Transcript(ID=22632L,Language='DE')","uri":"https://ws.parlament.ch/OData.svc/Transcript(ID=22632L,Language='DE')","type":"itsystems.Pd.DataServices.DataModel.Transcript"},"Subjects":{"__deferred":{"uri":"https://ws.parlament.ch/OData.svc/Transcript(ID=22632L,Language='DE')/Subjects"}},"MembersCouncil":{"__deferred":{"uri":"https://ws.parlament.ch/OData.svc/Transcript(ID=22632L,Language='DE')/MembersCouncil"}},"Businesses":{"__deferred":{"uri":"https://ws.parlament.ch/OData.svc/Transcript(ID=22632L,Language='DE')/Businesses"}},"ID":"22632","Language":"DE","IdSubject":"4206","VoteId":null,"PersonNumber":341,"Type":1,"Text":"<pd_text><p>Le groupe radical-d\u00e9mocratique communique qu'il rejettera la proposition Baumann J. Alexander.</p>\n</pd_text>","MeetingCouncilAbbreviation":"N","MeetingDate":"20020611","MeetingVerbalixOid":934,"IdSession":"4614","SpeakerFirstName":"Liliane","SpeakerLastName":"Maury Pasquier","SpeakerFullName":"Maury Pasquier Liliane","SpeakerFunction":"P-F","CouncilId":1,"CouncilName":"Nationalrat","CantonId":25,"CantonName":"Genf","CantonAbbreviation":"GE","ParlGroupName":"Sozialdemokratische Fraktion","ParlGroupAbbreviation":"S","SortOrder":17,"Start":"\/Date(1023797316952)\/","End":"\/Date(1023797341171)\/","Function":"","DisplaySpeaker":true,"LanguageOfText":"FR","Modified":"\/Date(1774878179836)\/","StartTimeWithTimezone":"\/Date(1023797316953+0120)\/","EndTimeWithTimezone":"\/Date(1023797341170+0120)\/","VoteBusinessNumber":null,"VoteBusinessShortNumber":null,"VoteBusinessTitle":null},{"__metadata":{"id":"https://ws.parlament.ch/OData.svc/Transcript(ID=22633L,Language='DE')","uri":"https://ws.parlament.ch/OData.svc/Transcript(ID=22633L,Language='DE')","type":"itsystems.Pd.DataServices.DataModel.Transcript"},"Subjects":{"__deferred":{"uri":"https://ws.parlament.ch/OData.svc/Transcript(ID=22633L,Language='DE')/Subjects"}},"MembersCouncil":{"__deferred":{"uri":"https://ws.parlament.ch/OData.svc/Transcript(ID=22633L,Language='DE')/MembersCouncil"}},"Businesses":{"__deferred":{"uri":"https://ws.parlament.ch/OData.svc/Transcript(ID=22633L,Language='DE')/Businesses"}},"ID":"22633","Language":"DE","IdSubject":"4206","VoteId":null,"PersonNumber":304,"Type":1,"Text":"<pd_text><p>Vertrauen ist gut, Kontrolle ist besser. Der St\u00e4nderat hat diesen Controlling- und Koordinationsartikel eingef\u00fcgt. Ich h\u00e4tte ihn gerne noch etwas enger gefasst. Selbstverst\u00e4ndlich vertrauen wir dem Bundesrat und seinen Zusicherungen, die jetzt alle gegeben worden sind. Aber zum F\u00fchrungsrhythmus, wie wir ihn alle kennen, geh\u00f6rt das Kontrollieren; Gottvertrauen gen\u00fcgt nicht. Die Armee ist eine Grossorganisation, und da kann es passieren, dass nicht alles im Sinne des Erfinders l\u00e4uft.</p>\n<p>Hier wird von Zielen gesprochen. Wo sind eigentlich die so genannten Ziele festgelegt? Man sollte begrifflich dort ankn\u00fcpfen, wo etwas schon beschrieben und pr\u00e4zisiert ist. Ein Ziel m\u00fcsste dann eine messbare Gr\u00f6sse sein. Man k\u00f6nnte an der Bundesverfassung ankn\u00fcpfen, an Artikel 58 Absatz 2: \"Die Armee dient ....\" Immer wieder wird - meines Erachtens f\u00e4lschlicherweise - von Aufgaben oder gar von Auftr\u00e4gen der Armee gesprochen. Ich habe das jetzt umformuliert und spreche von verfassungsm\u00e4ssigen Zwecken und frage, ob die Armee ihre verfassungsm\u00e4ssigen Zwecke erf\u00fcllen kann. Ich beantrage also folgende \u00c4nderungen in Artikel 149b Absatz 1: \"Das Parlament \u00fcberpr\u00fcft alle zwei Jahre die Erf\u00fcllung der verfassungsm\u00e4ssigen und gesetzlichen Vorgaben und Zwecke der Armee anhand eines zu genehmigenden Berichtes des Bundesrates ....\" Der Bericht ist also zu genehmigen und nicht einfach zur Kenntnis zu nehmen - das ist ein Unterschied zu einem anderen Bericht. Er hat mindestens die Fakten \u00fcber folgende Punkte zu erheben; ins Milit\u00e4rgesetz muss eine m\u00f6glichst genaue und umfassende Mindestrahmenbestimmung \u00fcber die Berichterstattung aufgenommen werden. Wenn das Parlament dann ein Mehr - etwas dar\u00fcber hinaus - verlangt, kann es das zus\u00e4tzlich fordern.</p>\n<p>\"Der Anteil der Berufsoffiziere und Angestellten des VBS unter den Bataillonskommandanten und Einheitskommandanten ist festzustellen.\" Hier m\u00f6chte ich gerne wissen, ob unsere derzeitigen Bef\u00fcrchtungen wirklich nicht angebracht sind, wonach die Milizangeh\u00f6rigen in der neuen Milizarmee nur noch \"Indianer\" und die \"H\u00e4uptlinge\" alle Profis sein werden.</p>\n<p>Dann interessieren mich \"die geleisteten Diensttage im Einsatz bei subsidi\u00e4ren Auftr\u00e4gen\", \"die aufgewendeten Mittel im Berichtszeitraum, aufgeschl\u00fcsselt nach Personal-, Betriebs-, Bau- und R\u00fcstungsanteil\". Hier m\u00f6chte ich wissen, ob die R\u00fcstung wirklich anteilm\u00e4ssig gesteigert werden konnte, wie dies der Bundesrat heute verspricht. Wenn wir, wie dies geplant ist, drei RS-Starts vornehmen, dann haben wir zeitweilig derartige Best\u00e4nde, dass die Infrastrukturen wohl erg\u00e4nzt werden m\u00fcssen.</p>\n<p>Aus der Angabe der \"kumulierten Anzahl Angeh\u00f6rige der Armee unter dem Entlassungsalter 28, welche ihre Diensttage als Durchdiener geleistet haben\", wird ersichtlich, wie die Best\u00e4nde insgesamt sukzessive reduziert werden. Nat\u00fcrlich sind die dann in der Reserve. Die Frage ist: Sind sie dann auch noch ausger\u00fcstet; kommen sie ohne jedes Training zurande? Dar\u00fcber wird man dann einmal sprechen m\u00fcssen. Aber man muss es wissen.</p>\n<p>Zur \"Anzahl der offenen Stellen im Ausbildungskader\": Es ist bekannt, dass zur Durchf\u00fchrung der \"Armee XXI\" derzeit rund 1000 professionelle Instruktoren fehlen. Das ist ein Kernproblem von Bundesrat Schmid. Es wird interessant sein zu verfolgen, wie diese L\u00fccke nachhaltig und auf qualitativ verantwortbarem Niveau geschlossen werden kann.</p>\n<p>Zum \"Anteil der nicht in die Armee eingeteilten Stellungspflichtigen\": Beim Anteil aus der RS vorzeitig entlassener Angeh\u00f6riger der Armee erkennen wir die M\u00f6glichkeit, die Weiterentwicklung der Ausmusterung auf dem blauen Weg zu beobachten.</p>\n<p>Zur \"Umsetzung der allgemeinen Milit\u00e4rdienstpflicht, jahrgangsweise und kumuliert\": Wir m\u00f6chten hier die Entwicklungen in Bezug auf die Motivation f\u00fcr die neue Armee, aber auch f\u00fcr die Wehrgerechtigkeit beobachtbar machen.</p>\n<p>Bei Absatz 2 kann ich mich der st\u00e4nder\u00e4tlichen Fassung anschliessen. Da geht es darum, dass das Parlament das pr\u00fcft und nicht der Bundesrat.</p>\n</pd_text>","MeetingCouncilAbbreviation":"N","MeetingDate":"20020611","MeetingVerbalixOid":934,"IdSession":"4614","SpeakerFirstName":"J. Alexander","SpeakerLastName":"Baumann","SpeakerFullName":"Baumann J. Alexander","SpeakerFunction":"","CouncilId":1,"CouncilName":"Nationalrat","CantonId":20,"CantonName":"Thurgau","CantonAbbreviation":"TG","ParlGroupName":"Fraktion der Schweizerischen Volkspartei","ParlGroupAbbreviation":"V","SortOrder":16,"Start":"\/Date(1023796956129)\/","End":"\/Date(1023797316952)\/","Function":"","DisplaySpeaker":true,"LanguageOfText":"DE","Modified":"\/Date(1774878179834)\/","StartTimeWithTimezone":"\/Date(1023796956130+0120)\/","EndTimeWithTimezone":"\/Date(1023797316953+0120)\/","VoteBusinessNumber":null,"VoteBusinessShortNumber":null,"VoteBusinessTitle":null},{"__metadata":{"id":"https://ws.parlament.ch/OData.svc/Transcript(ID=22634L,Language='DE')","uri":"https://ws.parlament.ch/OData.svc/Transcript(ID=22634L,Language='DE')","type":"itsystems.Pd.DataServices.DataModel.Transcript"},"Subjects":{"__deferred":{"uri":"https://ws.parlament.ch/OData.svc/Transcript(ID=22634L,Language='DE')/Subjects"}},"MembersCouncil":{"__deferred":{"uri":"https://ws.parlament.ch/OData.svc/Transcript(ID=22634L,Language='DE')/MembersCouncil"}},"Businesses":{"__deferred":{"uri":"https://ws.parlament.ch/OData.svc/Transcript(ID=22634L,Language='DE')/Businesses"}},"ID":"22634","Language":"DE","IdSubject":"4206","VoteId":null,"PersonNumber":341,"Type":1,"Text":"<pd_text><p>Le groupe de l'Union d\u00e9mocratique du centre communique qu'il rejettera la proposition Hollenstein.</p>\n<p>[VS]</p>\n<p><i>Abstimmung - Vote</i></p>\n<p>F\u00fcr den Antrag Hollenstein .... 44 Stimmen</p>\n<p>Dagegen .... 88 Stimmen</p>\n<p>[VS]</p>\n<p><b>Art. 132 Bst. a</b></p>\n<p><i>Antrag der Kommission</i></p>\n<p>Zustimmung zum Beschluss des St\u00e4nderates</p>\n<p>[VS]</p>\n<p><b>Art. 132 let. a</b></p>\n<p><i>Proposition de la commission</i></p>\n<p>Adh\u00e9rer \u00e0 la d\u00e9cision du Conseil des Etats</p>\n<p>[VS]</p>\n<p><i>Angenommen - Adopt\u00e9</i></p>\n<p>[VS]</p>\n<p><b>Art. 133</b></p>\n<p><i>Antrag der Kommission</i></p>\n<p><i>Mehrheit</i></p>\n<p>Ablehnung des Antrages der Minderheit</p>\n<p><i>Minderheit</i></p>\n<p>(Cuche, Garbani)</p>\n<p>Die Gemeinden oder Gemeindeverb\u00e4nde, die im Besitze geeigneter Schiessanlagen sind, stellen diese gegen Entsch\u00e4digung f\u00fcr Schiess\u00fcbungen der Truppe zur Verf\u00fcgung.</p>\n<p>[VS]</p>\n<p><b>Art. 133</b></p>\n<p><i>Proposition de la commission</i></p>\n<p><i>Majorit\u00e9</i></p>\n<p>Rejeter la proposition de la minorit\u00e9</p>\n<p><i>Minorit\u00e9</i></p>\n<p>(Cuche, Garbani)</p>\n<p>Pour les exercices de tir dans le cadre de la troupe, des communes ou groupement de communes, disposant d'installations ad\u00e9quates, les mettent \u00e0 disposition contre le versement d'une indemnit\u00e9.</p>\n<p>[VS]</p>\n<p><b>La pr\u00e9sidente</b> (Maury Pasquier Liliane, pr\u00e9sidente): La proposition de la minorit\u00e9 Cuche a \u00e9t\u00e9 liquid\u00e9e lors de l'examen de l'article 25.</p>\n<p>[VS]</p>\n<p><i>Angenommen gem\u00e4ss Antrag der Mehrheit</i></p>\n<p><i>Adopt\u00e9 selon la proposition de la majorit\u00e9</i></p>\n<p>[VS]</p>\n<p><b>Art. 134 Abs. 2; 142; 144 Abs. 2, 3; 146 Abs. 1, 2; 149</b></p>\n<p><i>Antrag der Kommission</i></p>\n<p>Zustimmung zum Beschluss des St\u00e4nderates</p>\n<p>[VS]</p>\n<p><b>Art. 134 al. 2; 142; 144 al. 2, 3; 146 al. 1, 2; 149</b></p>\n<p><i>Proposition de la commission</i></p>\n<p>Adh\u00e9rer \u00e0 la d\u00e9cision du Conseil des Etats</p>\n<p>[VS]</p>\n<p><i>Angenommen - Adopt\u00e9</i></p>\n<p>[VS]</p>\n<p><b>Art. 149b</b></p>\n<p><i>Antrag der Kommission</i></p>\n<p><i>Titel</i></p>\n<p>Politisches Controlling</p>\n<p><i>Abs. 1</i></p>\n<p>.... ob die der Armee gesetzten Ziele erreicht werden ....</p>\n<p><i>[PAGE 861] Abs. 2</i></p>\n<p>Der Bundesrat konsultiert die zust\u00e4ndigen parlamentarischen ....</p>\n<p>[VS]</p>\n<p><i>Antrag Baumann J. Alexander</i></p>\n<p><i>Abs. 1</i></p>\n<p>Das Parlament \u00fcberpr\u00fcft alle zwei Jahre die Erf\u00fcllung der verfassungsm\u00e4ssigen und gesetzlichen Vorgaben und Zwecke der Armee anhand eines zu genehmigenden Berichtes des Bundesrates, der mindestens die Fakten \u00fcber folgende Punkte zu erheben hat:</p>\n<p>- Anteil der Berufsoffiziere und Angestellten des VBS unter den Bat Kdt und Kp Kdt;</p>\n<p>- geleistete Diensttage im Einsatz bei subsidi\u00e4ren Auftr\u00e4gen;</p>\n<p>- aufgewendete Mittel im Berichtszeitraum, aufgeschl\u00fcsselt nach Personal-, Betriebs-, Bau- und R\u00fcstungsanteil;</p>\n<p>- kumulierte Anzahl AdA unter dem Entlassungsalter 28, welche ihre Diensttage als Durchdiener geleistet haben;</p>\n<p>- Anzahl offene Stellen im Ausbildungskader;</p>\n<p>- Anteil der nicht in die Armee eingeteilten Stellungspflichtigen;</p>\n<p>- Anteil aus den RS vorzeitig entlassene AdA;</p>\n<p>- Umsetzung der allgemeinen Milit\u00e4rdienstpflicht, jahrgangsweise und kumuliert.</p>\n<p><i>Abs. 2</i></p>\n<p>.... bevor er F\u00fchrung und Einsatz sowie Ausbildung, Organisation und Mittel grundlegend \u00e4ndert. </p>\n<p>[VS]</p>\n<p><b>Art. 149b</b></p>\n<p><i>Proposition de la commission</i></p>\n<p><i>Titre</i></p>\n<p>Controlling politique</p>\n<p><i>Al. 1</i></p>\n<p>.... si les objectifs assign\u00e9s \u00e0 l'arm\u00e9e sont atteints ....</p>\n<p><i>Al. 2</i></p>\n<p>Le Conseil f\u00e9d\u00e9ral consulte les commissions ....</p>\n<p>[VS]</p>\n<p><i>Proposition Baumann J. Alexander</i></p>\n<p><i>Al. 1</i></p>\n<p>Le Parlement v\u00e9rifie tous les deux ans que l'arm\u00e9e remplit effectivement les missions constitutionnelles et l\u00e9gales qui lui sont assign\u00e9es, sur la base d'un rapport du Conseil f\u00e9d\u00e9ral qu'il lui incombe d'approuver et qui indique notamment:</p>\n<p>- la proportion d'officiers de m\u00e9tiers et d'agents du DDPS plac\u00e9s sous les ordres des commandants de bataillon et des commandants de corps;</p>\n<p>- les jours de service consacr\u00e9s \u00e0 des missions accessoires;</p>\n<p>- les moyens utilis\u00e9s pendant la p\u00e9riode sous revue, avec indications des parts affect\u00e9es respectivement au personnel, \u00e0 l'exploitation, \u00e0 la construction et \u00e0 l'armement;</p>\n<p>- le nombre cumul\u00e9 des MdA de moins de 28 ans ayant effectu\u00e9 un service long;</p>\n<p>- le nombre des postes d'instructeur vacants;</p>\n<p>- la proportion de conscrits non incorpor\u00e9s;</p>\n<p>- proportion de MdA ayant quitt\u00e9 pr\u00e9matur\u00e9ment l'ER;</p>\n<p>- l'\u00e9tat de la mise en oeuvre du service militaire, par ann\u00e9e et globalement.</p>\n<p><i>Al. 2</i></p>\n<p>.... avant de modifier la direction et l'engagement ainsi que l'instruction, l'organisation et les moyens.</p>\n</pd_text>","MeetingCouncilAbbreviation":"N","MeetingDate":"20020611","MeetingVerbalixOid":934,"IdSession":"4614","SpeakerFirstName":"Liliane","SpeakerLastName":"Maury Pasquier","SpeakerFullName":"Maury Pasquier Liliane","SpeakerFunction":"P-F","CouncilId":1,"CouncilName":"Nationalrat","CantonId":25,"CantonName":"Genf","CantonAbbreviation":"GE","ParlGroupName":"Sozialdemokratische Fraktion","ParlGroupAbbreviation":"S","SortOrder":15,"Start":"\/Date(1023796827269)\/","End":"\/Date(1023796956129)\/","Function":"","DisplaySpeaker":true,"LanguageOfText":"FR","Modified":"\/Date(1774878179831)\/","StartTimeWithTimezone":"\/Date(1023796827270+0120)\/","EndTimeWithTimezone":"\/Date(1023796956130+0120)\/","VoteBusinessNumber":null,"VoteBusinessShortNumber":null,"VoteBusinessTitle":null},{"__metadata":{"id":"https://ws.parlament.ch/OData.svc/Transcript(ID=22635L,Language='DE')","uri":"https://ws.parlament.ch/OData.svc/Transcript(ID=22635L,Language='DE')","type":"itsystems.Pd.DataServices.DataModel.Transcript"},"Subjects":{"__deferred":{"uri":"https://ws.parlament.ch/OData.svc/Transcript(ID=22635L,Language='DE')/Subjects"}},"MembersCouncil":{"__deferred":{"uri":"https://ws.parlament.ch/OData.svc/Transcript(ID=22635L,Language='DE')/MembersCouncil"}},"Businesses":{"__deferred":{"uri":"https://ws.parlament.ch/OData.svc/Transcript(ID=22635L,Language='DE')/Businesses"}},"ID":"22635","Language":"DE","IdSubject":"4206","VoteId":null,"PersonNumber":267,"Type":1,"Text":"<pd_text><p>Ich gehe vom Status quo aus und bin der Auffassung, dass das, was der Gesetzgeber seinerzeit aufgenommen hat, durchaus Bestand haben kann. Ein Stimmungsumschwung ist das nicht. Ich muss Ihnen sagen: Auch die Zahl von 40 ist an sich nicht gesetzesw\u00fcrdig, denn das ist nun ein Organisationsproblem, das die Armee selber l\u00f6sen muss, allenfalls \u00fcber die Ressourcensteuerung des Parlamentes. Aber es ist nicht Sache des Gesetzgebers - mindestens nach den \u00fcblichen Terminologien eines Gesetzinhaltes -, hier derartige Rahmenbedingungen aufzustellen.</p>\n</pd_text>","MeetingCouncilAbbreviation":"N","MeetingDate":"20020611","MeetingVerbalixOid":934,"IdSession":"4614","SpeakerFirstName":"Samuel","SpeakerLastName":"Schmid","SpeakerFullName":"Schmid Samuel","SpeakerFunction":"BR-M","CouncilId":99,"CouncilName":"Bundesrat","CantonId":2,"CantonName":"Bern","CantonAbbreviation":"BE","ParlGroupName":null,"ParlGroupAbbreviation":null,"SortOrder":14,"Start":"\/Date(1023796777425)\/","End":"\/Date(1023796827269)\/","Function":"","DisplaySpeaker":true,"LanguageOfText":"DE","Modified":"\/Date(1774878179829)\/","StartTimeWithTimezone":"\/Date(1023796777427+0120)\/","EndTimeWithTimezone":"\/Date(1023796827270+0120)\/","VoteBusinessNumber":null,"VoteBusinessShortNumber":null,"VoteBusinessTitle":null},{"__metadata":{"id":"https://ws.parlament.ch/OData.svc/Transcript(ID=22636L,Language='DE')","uri":"https://ws.parlament.ch/OData.svc/Transcript(ID=22636L,Language='DE')","type":"itsystems.Pd.DataServices.DataModel.Transcript"},"Subjects":{"__deferred":{"uri":"https://ws.parlament.ch/OData.svc/Transcript(ID=22636L,Language='DE')/Subjects"}},"MembersCouncil":{"__deferred":{"uri":"https://ws.parlament.ch/OData.svc/Transcript(ID=22636L,Language='DE')/MembersCouncil"}},"Businesses":{"__deferred":{"uri":"https://ws.parlament.ch/OData.svc/Transcript(ID=22636L,Language='DE')/Businesses"}},"ID":"22636","Language":"DE","IdSubject":"4206","VoteId":null,"PersonNumber":113,"Type":1,"Text":"<pd_text><p>Herr Bundesrat, was hat bei Ihnen zum Stimmungsumschwung gef\u00fchrt, dass Sie jetzt die Verankerung von maximal 40 Waffenpl\u00e4tzen so wichtig finden?</p>\n</pd_text>","MeetingCouncilAbbreviation":"N","MeetingDate":"20020611","MeetingVerbalixOid":934,"IdSession":"4614","SpeakerFirstName":"Pia","SpeakerLastName":"Hollenstein","SpeakerFullName":"Hollenstein Pia","SpeakerFunction":"","CouncilId":1,"CouncilName":"Nationalrat","CantonId":17,"CantonName":"St. Gallen","CantonAbbreviation":"SG","ParlGroupName":"Gr\u00fcne Fraktion","ParlGroupAbbreviation":"G","SortOrder":13,"Start":"\/Date(1023796757488)\/","End":"\/Date(1023796777425)\/","Function":"","DisplaySpeaker":true,"LanguageOfText":"DE","Modified":"\/Date(1774878179827)\/","StartTimeWithTimezone":"\/Date(1023796757487+0120)\/","EndTimeWithTimezone":"\/Date(1023796777427+0120)\/","VoteBusinessNumber":null,"VoteBusinessShortNumber":null,"VoteBusinessTitle":null},{"__metadata":{"id":"https://ws.parlament.ch/OData.svc/Transcript(ID=22637L,Language='DE')","uri":"https://ws.parlament.ch/OData.svc/Transcript(ID=22637L,Language='DE')","type":"itsystems.Pd.DataServices.DataModel.Transcript"},"Subjects":{"__deferred":{"uri":"https://ws.parlament.ch/OData.svc/Transcript(ID=22637L,Language='DE')/Subjects"}},"MembersCouncil":{"__deferred":{"uri":"https://ws.parlament.ch/OData.svc/Transcript(ID=22637L,Language='DE')/MembersCouncil"}},"Businesses":{"__deferred":{"uri":"https://ws.parlament.ch/OData.svc/Transcript(ID=22637L,Language='DE')/Businesses"}},"ID":"22637","Language":"DE","IdSubject":"4206","VoteId":null,"PersonNumber":341,"Type":1,"Text":"<pd_text><p><b>1. Bundesgesetz \u00fcber die Armee und die Milit\u00e4rverwaltung (Armee XXI) </b></p>\n<p><b>1. Loi f\u00e9d\u00e9rale sur l'arm\u00e9e et l'administration militaire (Arm\u00e9e XXI) </b></p>\n<p>[VS]</p>\n<p><b>Art. 114</b></p>\n<p><i>Antrag der Kommission</i></p>\n<p><i>Abs. 2</i></p>\n<p>Zustimmung zum Beschluss des St\u00e4nderates</p>\n<p>[VS]</p>\n<p><i>Antrag Hollenstein</i></p>\n<p><i>Abs. 3</i></p>\n<p>.... \u00fcberlassen werden. Waffen sind davon ausgenommen.</p>\n<p>[VS]</p>\n<p><b>Art. 114</b></p>\n<p><i>Proposition de la commission</i></p>\n<p><i>Al. 2</i></p>\n<p>Adh\u00e9rer \u00e0 la d\u00e9cision du Conseil des Etats</p>\n<p>[VS]</p>\n<p><i>Proposition Hollenstein</i></p>\n<p><i>Al. 3</i></p>\n<p>.... propri\u00e9t\u00e9 du militaire. Les armes en sont exclues. </p>\n</pd_text>","MeetingCouncilAbbreviation":"N","MeetingDate":"20020611","MeetingVerbalixOid":934,"IdSession":"4614","SpeakerFirstName":"Liliane","SpeakerLastName":"Maury Pasquier","SpeakerFullName":"Maury Pasquier Liliane","SpeakerFunction":"P-F","CouncilId":1,"CouncilName":"Nationalrat","CantonId":25,"CantonName":"Genf","CantonAbbreviation":"GE","ParlGroupName":"Sozialdemokratische Fraktion","ParlGroupAbbreviation":"S","SortOrder":1,"Start":"\/Date(1023795882612)\/","End":"\/Date(1023795893019)\/","Function":"","DisplaySpeaker":false,"LanguageOfText":null,"Modified":"\/Date(1774878179809)\/","StartTimeWithTimezone":"\/Date(1023795882613+0120)\/","EndTimeWithTimezone":"\/Date(1023795893020+0120)\/","VoteBusinessNumber":null,"VoteBusinessShortNumber":null,"VoteBusinessTitle":null},{"__metadata":{"id":"https://ws.parlament.ch/OData.svc/Transcript(ID=22638L,Language='DE')","uri":"https://ws.parlament.ch/OData.svc/Transcript(ID=22638L,Language='DE')","type":"itsystems.Pd.DataServices.DataModel.Transcript"},"Subjects":{"__deferred":{"uri":"https://ws.parlament.ch/OData.svc/Transcript(ID=22638L,Language='DE')/Subjects"}},"MembersCouncil":{"__deferred":{"uri":"https://ws.parlament.ch/OData.svc/Transcript(ID=22638L,Language='DE')/MembersCouncil"}},"Businesses":{"__deferred":{"uri":"https://ws.parlament.ch/OData.svc/Transcript(ID=22638L,Language='DE')/Businesses"}},"ID":"22638","Language":"DE","IdSubject":"4206","VoteId":null,"PersonNumber":113,"Type":1,"Text":"<pd_text><p>Artikel 114 Absatz 3 lautet im heutigen Gesetz: \"Er (der Bundesrat) bezeichnet die Gegenst\u00e4nde der pers\u00f6nlichen Ausr\u00fcstung, die den Angeh\u00f6rigen der Armee zu Eigentum \u00fcberlassen werden.\" Damit ist impliziert, dass bei der Entlassung aus der Milit\u00e4rdienstpflicht - und darum geht es - auch Waffen in pers\u00f6nliches Eigentum \u00fcbergehen. Ich will mit meinem Antrag erstens, dass keine Waffe automatisch in pers\u00f6nlichen Besitz \u00fcbergeht, und zweitens, dass der Bundesrat die Verantwortung f\u00fcr die Entsorgung der Waffen \u00fcbernimmt.</p>\n<p>F\u00fcr mich gibt es keinen einzigen plausiblen Grund, weshalb sogar noch die nicht mehr milit\u00e4rpflichtigen M\u00e4nner zu Hause eine vom Staat geschenkte Waffe aufbewahren d\u00fcrfen. Mit meinem Antrag will ich, dass in Zukunft in weniger Haushalten eine Waffe griffbereit ist. Mein Antrag bezweckt, dass bei der Dienstentlassung alle Waffen, die eben nicht mehr f\u00fcr den Milit\u00e4rdienst gebraucht werden, bei der Ausmusterung abgegeben werden.</p>\n<p>Es ist erwiesen, dass zwischen der Anzahl vorhandener Schusswaffen und der Anzahl von Gewalttaten mit solchen Waffen ein Zusammenhang besteht. Auch wenn in der Vergangenheit nur relativ wenig Unf\u00e4lle mit Milit\u00e4rwaffen passierten, gilt es, die wenigen m\u00f6glichst zu verhindern, statt dass mit der Erh\u00f6hung der Waffendichte in Privathaushalten Gewalttaten Vorschub geleistet wird.</p>\n<p>[PAGE 859] Leider unterscheidet die polizeiliche Kriminalstatistik des Bundesamtes f\u00fcr Polizei nicht nach der Art der bei Gewalttaten verwendeten Schusswaffen. Ich verweise diesbez\u00fcglich auf die Diskussion, die im St\u00e4nderat gef\u00fchrt wurde. Statistiken allein verhindern allerdings noch keine Taten. Je mehr Waffen, desto gr\u00f6sser ist die Gefahr ihres Gebrauchs. Durch die hohe Schusswaffendichte in den Schweizer Haushalten besteht ein Restrisiko f\u00fcr Gewalttaten. Dieses gilt es, m\u00f6glichst gering zu halten.</p>\n<p>Als Unsinn bezeichne ich die Waffenverteilung auch, weil dadurch dem zum Teil illegalen Waffenhandel und -export Vorschub geleistet wird. Ich will dies hier aber nicht weiter ausf\u00fchren.</p>\n<p>Zum zweiten Grund f\u00fcr meinen Antrag: Mit dem grossz\u00fcgigen Verteilen von Waffen entzieht sich das VBS dem Entsorgungsproblem. Herr Bundesrat Villiger sagte am 6. Oktober 1994 in diesem Rat: \"In meinem Departement s\u00e4he man es lieber, dass den Wehrm\u00e4nnern noch mehr Waffen abgegeben w\u00fcrden, weil es in der Tat ein Entsorgungsproblem gibt.\" Diese dargelegten Tatsachen allein sind Grund genug, um meinem Antrag zuzustimmen.</p>\n<p>Wenn ich die bisher gef\u00fchrte Diskussion verfolge, muss ich zu guter Letzt auch noch sagen: Mit einer Gef\u00e4hrdung der milit\u00e4rischen Aufgabe hat mein Antrag nichts zu tun, weil er nur die nicht mehr Dienstpflichtigen betrifft.</p>\n<p>Wenn auch Ihnen Sicherheit mehr wert ist als der Wunsch der Dienstentlassenen, die ihnen lieb gewordene Waffe zu Hause aufbewahren zu k\u00f6nnen, dann stimmen Sie meinem Antrag zu.</p>\n</pd_text>","MeetingCouncilAbbreviation":"N","MeetingDate":"20020611","MeetingVerbalixOid":934,"IdSession":"4614","SpeakerFirstName":"Pia","SpeakerLastName":"Hollenstein","SpeakerFullName":"Hollenstein Pia","SpeakerFunction":"","CouncilId":1,"CouncilName":"Nationalrat","CantonId":17,"CantonName":"St. Gallen","CantonAbbreviation":"SG","ParlGroupName":"Gr\u00fcne Fraktion","ParlGroupAbbreviation":"G","SortOrder":2,"Start":"\/Date(1023795893019)\/","End":"\/Date(1023796135597)\/","Function":"","DisplaySpeaker":true,"LanguageOfText":"DE","Modified":"\/Date(1774878179810)\/","StartTimeWithTimezone":"\/Date(1023795893020+0120)\/","EndTimeWithTimezone":"\/Date(1023796135597+0120)\/","VoteBusinessNumber":null,"VoteBusinessShortNumber":null,"VoteBusinessTitle":null},{"__metadata":{"id":"https://ws.parlament.ch/OData.svc/Transcript(ID=22639L,Language='DE')","uri":"https://ws.parlament.ch/OData.svc/Transcript(ID=22639L,Language='DE')","type":"itsystems.Pd.DataServices.DataModel.Transcript"},"Subjects":{"__deferred":{"uri":"https://ws.parlament.ch/OData.svc/Transcript(ID=22639L,Language='DE')/Subjects"}},"MembersCouncil":{"__deferred":{"uri":"https://ws.parlament.ch/OData.svc/Transcript(ID=22639L,Language='DE')/MembersCouncil"}},"Businesses":{"__deferred":{"uri":"https://ws.parlament.ch/OData.svc/Transcript(ID=22639L,Language='DE')/Businesses"}},"ID":"22639","Language":"DE","IdSubject":"4206","VoteId":null,"PersonNumber":341,"Type":1,"Text":"<pd_text><p>Le groupe lib\u00e9ral, le groupe de l'Union d\u00e9mocratique du centre et le groupe radical-d\u00e9mocratique communiquent qu'ils rejetteront \u00e0 la proposition Hollenstein.</p>\n</pd_text>","MeetingCouncilAbbreviation":"N","MeetingDate":"20020611","MeetingVerbalixOid":934,"IdSession":"4614","SpeakerFirstName":"Liliane","SpeakerLastName":"Maury Pasquier","SpeakerFullName":"Maury Pasquier Liliane","SpeakerFunction":"P-F","CouncilId":1,"CouncilName":"Nationalrat","CantonId":25,"CantonName":"Genf","CantonAbbreviation":"GE","ParlGroupName":"Sozialdemokratische Fraktion","ParlGroupAbbreviation":"S","SortOrder":3,"Start":"\/Date(1023796135597)\/","End":"\/Date(1023796144503)\/","Function":"","DisplaySpeaker":true,"LanguageOfText":"FR","Modified":"\/Date(1774878179812)\/","StartTimeWithTimezone":"\/Date(1023796135597+0120)\/","EndTimeWithTimezone":"\/Date(1023796144503+0120)\/","VoteBusinessNumber":null,"VoteBusinessShortNumber":null,"VoteBusinessTitle":null},{"__metadata":{"id":"https://ws.parlament.ch/OData.svc/Transcript(ID=22640L,Language='DE')","uri":"https://ws.parlament.ch/OData.svc/Transcript(ID=22640L,Language='DE')","type":"itsystems.Pd.DataServices.DataModel.Transcript"},"Subjects":{"__deferred":{"uri":"https://ws.parlament.ch/OData.svc/Transcript(ID=22640L,Language='DE')/Subjects"}},"MembersCouncil":{"__deferred":{"uri":"https://ws.parlament.ch/OData.svc/Transcript(ID=22640L,Language='DE')/MembersCouncil"}},"Businesses":{"__deferred":{"uri":"https://ws.parlament.ch/OData.svc/Transcript(ID=22640L,Language='DE')/Businesses"}},"ID":"22640","Language":"DE","IdSubject":"4206","VoteId":null,"PersonNumber":131,"Type":1,"Text":"<pd_text><p>Der Antrag Hollenstein lag unserer Kommission nicht vor. Aufgrund der vorhin gef\u00fchrten Diskussion und der Mehrheitsverh\u00e4ltnisse in diesem Rat bei Artikel 112, aber auch aus der Sicht der Kommission empfehle ich Ihnen, diesen Antrag abzulehnen.</p>\n</pd_text>","MeetingCouncilAbbreviation":"N","MeetingDate":"20020611","MeetingVerbalixOid":934,"IdSession":"4614","SpeakerFirstName":"Josef","SpeakerLastName":"Leu","SpeakerFullName":"Leu Josef","SpeakerFunction":"","CouncilId":1,"CouncilName":"Nationalrat","CantonId":3,"CantonName":"Luzern","CantonAbbreviation":"LU","ParlGroupName":"Christlichdemokratische Fraktion","ParlGroupAbbreviation":"M-E","SortOrder":4,"Start":"\/Date(1023796144503)\/","End":"\/Date(1023796172753)\/","Function":"*","DisplaySpeaker":true,"LanguageOfText":"DE","Modified":"\/Date(1774878179814)\/","StartTimeWithTimezone":"\/Date(1023796144503+0120)\/","EndTimeWithTimezone":"\/Date(1023796172753+0120)\/","VoteBusinessNumber":null,"VoteBusinessShortNumber":null,"VoteBusinessTitle":null},{"__metadata":{"id":"https://ws.parlament.ch/OData.svc/Transcript(ID=22641L,Language='DE')","uri":"https://ws.parlament.ch/OData.svc/Transcript(ID=22641L,Language='DE')","type":"itsystems.Pd.DataServices.DataModel.Transcript"},"Subjects":{"__deferred":{"uri":"https://ws.parlament.ch/OData.svc/Transcript(ID=22641L,Language='DE')/Subjects"}},"MembersCouncil":{"__deferred":{"uri":"https://ws.parlament.ch/OData.svc/Transcript(ID=22641L,Language='DE')/MembersCouncil"}},"Businesses":{"__deferred":{"uri":"https://ws.parlament.ch/OData.svc/Transcript(ID=22641L,Language='DE')/Businesses"}},"ID":"22641","Language":"DE","IdSubject":"4206","VoteId":null,"PersonNumber":267,"Type":1,"Text":"<pd_text><p>Ich bitte Sie, den Antrag Hollenstein abzulehnen. Es ist nicht so, dass die Waffe automatisch in den Besitz des ehemaligen Wehrmannes \u00fcbergeht. Nach wie vor m\u00fcssen f\u00fcr die \u00dcberlassung des Sturmgewehrs 57 in den drei letzten Jahren zwei Bundes\u00fcbungen absolviert worden sein. Vor der \u00dcberlassung des Sturmgewehrs wird dieses im \u00dcbrigen zu einer halbautomatischen Waffe abge\u00e4ndert; die Serie-Automatik wird also ausgeschlossen. Bei der \u00dcberlassung der Waffe werden die Daten erfasst: Name und Vorname des Eigent\u00fcmers, Matrikelnummer, Adresse, Waffennummer und \u00dcberlassungsjahr werden registriert. Damit wird mit der \u00dcberlassung der pers\u00f6nlichen Waffe die Bestimmung der Waffengesetzgebung massgeblich; sie ist also einer im Markt erworbenen Waffe vergleichbar. Da der Schiessnachweis erbracht werden muss, erhalten nur diejenigen ein Sturmgewehr, die den ausserdienstlichen Schiesssport betreiben. Es kann nicht irgendwer \u00fcber die Entlassung zu einer pers\u00f6nlichen Waffe kommen. Mit anderen Worten sind auch das die Gr\u00fcnde, die dazu f\u00fchren, dass wir in \u00dcbereinstimmung mit der Waffengesetzgebung an der bisherigen Tradition - gestatten Sie mir diesen Begriff - durchaus festhalten k\u00f6nnen. </p>\n</pd_text>","MeetingCouncilAbbreviation":"N","MeetingDate":"20020611","MeetingVerbalixOid":934,"IdSession":"4614","SpeakerFirstName":"Samuel","SpeakerLastName":"Schmid","SpeakerFullName":"Schmid Samuel","SpeakerFunction":"BR-M","CouncilId":99,"CouncilName":"Bundesrat","CantonId":2,"CantonName":"Bern","CantonAbbreviation":"BE","ParlGroupName":null,"ParlGroupAbbreviation":null,"SortOrder":5,"Start":"\/Date(1023796172753)\/","End":"\/Date(1023796291909)\/","Function":"","DisplaySpeaker":true,"LanguageOfText":"DE","Modified":"\/Date(1774878179815)\/","StartTimeWithTimezone":"\/Date(1023796172753+0120)\/","EndTimeWithTimezone":"\/Date(1023796291910+0120)\/","VoteBusinessNumber":null,"VoteBusinessShortNumber":null,"VoteBusinessTitle":null},{"__metadata":{"id":"https://ws.parlament.ch/OData.svc/Transcript(ID=22642L,Language='DE')","uri":"https://ws.parlament.ch/OData.svc/Transcript(ID=22642L,Language='DE')","type":"itsystems.Pd.DataServices.DataModel.Transcript"},"Subjects":{"__deferred":{"uri":"https://ws.parlament.ch/OData.svc/Transcript(ID=22642L,Language='DE')/Subjects"}},"MembersCouncil":{"__deferred":{"uri":"https://ws.parlament.ch/OData.svc/Transcript(ID=22642L,Language='DE')/MembersCouncil"}},"Businesses":{"__deferred":{"uri":"https://ws.parlament.ch/OData.svc/Transcript(ID=22642L,Language='DE')/Businesses"}},"ID":"22642","Language":"DE","IdSubject":"4206","VoteId":null,"PersonNumber":390,"Type":1,"Text":"<pd_text><p>Was geschieht dann jeweils mit der Waffe, wenn ihr Besitzer stirbt, also beim Ableben des Wehrmannes, der Wehrfrau?</p>\n</pd_text>","MeetingCouncilAbbreviation":"N","MeetingDate":"20020611","MeetingVerbalixOid":934,"IdSession":"4614","SpeakerFirstName":"Hans","SpeakerLastName":"Widmer","SpeakerFullName":"Widmer Hans","SpeakerFunction":"","CouncilId":1,"CouncilName":"Nationalrat","CantonId":3,"CantonName":"Luzern","CantonAbbreviation":"LU","ParlGroupName":"Sozialdemokratische Fraktion","ParlGroupAbbreviation":"S","SortOrder":6,"Start":"\/Date(1023796291909)\/","End":"\/Date(1023796312253)\/","Function":"","DisplaySpeaker":true,"LanguageOfText":"DE","Modified":"\/Date(1774878179817)\/","StartTimeWithTimezone":"\/Date(1023796291910+0120)\/","EndTimeWithTimezone":"\/Date(1023796312253+0120)\/","VoteBusinessNumber":null,"VoteBusinessShortNumber":null,"VoteBusinessTitle":null},{"__metadata":{"id":"https://ws.parlament.ch/OData.svc/Transcript(ID=22643L,Language='DE')","uri":"https://ws.parlament.ch/OData.svc/Transcript(ID=22643L,Language='DE')","type":"itsystems.Pd.DataServices.DataModel.Transcript"},"Subjects":{"__deferred":{"uri":"https://ws.parlament.ch/OData.svc/Transcript(ID=22643L,Language='DE')/Subjects"}},"MembersCouncil":{"__deferred":{"uri":"https://ws.parlament.ch/OData.svc/Transcript(ID=22643L,Language='DE')/MembersCouncil"}},"Businesses":{"__deferred":{"uri":"https://ws.parlament.ch/OData.svc/Transcript(ID=22643L,Language='DE')/Businesses"}},"ID":"22643","Language":"DE","IdSubject":"4206","VoteId":null,"PersonNumber":267,"Type":1,"Text":"<pd_text><p>Wenn ich als Privater Waffen besitze, geschieht damit im Falle meines Todes dasselbe wie mit meinem Eigentum: Sie werden in der Erbschaft hinterlassen. Das ist eine Frage, die \u00fcber die Waffengesetzgebung zu regeln bzw. allenfalls zu diskutieren ist. Aber auch hier gibt es keinen Unterschied zwischen dieser \"privatisierten ehemaligen Armeewaffe\" und einer unter dem Waffengesetz erworbenen privaten Waffe.</p>\n</pd_text>","MeetingCouncilAbbreviation":"N","MeetingDate":"20020611","MeetingVerbalixOid":934,"IdSession":"4614","SpeakerFirstName":"Samuel","SpeakerLastName":"Schmid","SpeakerFullName":"Schmid Samuel","SpeakerFunction":"BR-M","CouncilId":99,"CouncilName":"Bundesrat","CantonId":2,"CantonName":"Bern","CantonAbbreviation":"BE","ParlGroupName":null,"ParlGroupAbbreviation":null,"SortOrder":7,"Start":"\/Date(1023796312253)\/","End":"\/Date(1023796350831)\/","Function":"","DisplaySpeaker":true,"LanguageOfText":"DE","Modified":"\/Date(1774878179818)\/","StartTimeWithTimezone":"\/Date(1023796312253+0120)\/","EndTimeWithTimezone":"\/Date(1023796350830+0120)\/","VoteBusinessNumber":null,"VoteBusinessShortNumber":null,"VoteBusinessTitle":null},{"__metadata":{"id":"https://ws.parlament.ch/OData.svc/Transcript(ID=22644L,Language='DE')","uri":"https://ws.parlament.ch/OData.svc/Transcript(ID=22644L,Language='DE')","type":"itsystems.Pd.DataServices.DataModel.Transcript"},"Subjects":{"__deferred":{"uri":"https://ws.parlament.ch/OData.svc/Transcript(ID=22644L,Language='DE')/Subjects"}},"MembersCouncil":{"__deferred":{"uri":"https://ws.parlament.ch/OData.svc/Transcript(ID=22644L,Language='DE')/MembersCouncil"}},"Businesses":{"__deferred":{"uri":"https://ws.parlament.ch/OData.svc/Transcript(ID=22644L,Language='DE')/Businesses"}},"ID":"22644","Language":"DE","IdSubject":"4206","VoteId":null,"PersonNumber":341,"Type":1,"Text":"<pd_text><p><i>Abs. 2 - Al. 2</i></p>\n<p><i>Angenommen - Adopt\u00e9</i></p>\n<p>[VS]</p>\n<p><i>Abs. 3 - Al. 3</i></p>\n<p>[VS]</p>\n<p><i>Abstimmung - Vote</i></p>\n<p>F\u00fcr den Antrag Hollenstein .... 44 Stimmen</p>\n<p>Dagegen .... 90 Stimmen</p>\n<p>[VS]</p>\n<p><b>Art. 115 Abs. 2</b></p>\n<p><i>Antrag der Kommission</i></p>\n<p>Zustimmung zum Beschluss des St\u00e4nderates</p>\n<p>[VS]</p>\n<p><b>Art. 115 al. 2</b></p>\n<p><i>Proposition de la commission</i></p>\n<p>Adh\u00e9rer \u00e0 la d\u00e9cision du Conseil des Etats</p>\n<p>[VS]</p>\n<p><i>Angenommen - Adopt\u00e9</i></p>\n<p>[VS]</p>\n<p><b>Art. 116</b></p>\n<p><i>Antrag der Kommission</i></p>\n<p><i>Abs. 1</i></p>\n<p>Der Bundesrat und das Eidgen\u00f6ssische Departement f\u00fcr Verteidigung, Bev\u00f6lkerungsschutz und Sport haben die oberste Leitung des Milit\u00e4rwesens. Der Bundesrat regelt die Einzelheiten.</p>\n<p><i>Abs. 2</i></p>\n<p>Der Bundesrat bestimmt die Armeef\u00fchrung und legt deren Aufgaben fest. Vorbehalten bleiben die Artikel 84 bis 91.</p>\n<p><i>Abs. 3, 4</i></p>\n<p>Aufheben</p>\n<p>[VS]</p>\n<p><b>Art. 116</b></p>\n<p><i>Proposition de la commission</i></p>\n<p><i>Al. 1</i></p>\n<p>Le commandement supr\u00eame des affaires militaires appartient au Conseil f\u00e9d\u00e9ral et au D\u00e9partement f\u00e9d\u00e9ral de la d\u00e9fense, de la protection de la population et des sports. Le Conseil f\u00e9d\u00e9ral r\u00e8gle les d\u00e9tails.</p>\n<p><i>Al. 2</i></p>\n<p>Le Conseil f\u00e9d\u00e9ral d\u00e9signe le commandement de l'arm\u00e9e et en d\u00e9finit les t\u00e2ches. Les articles 84 \u00e0 91 sont r\u00e9serv\u00e9s.</p>\n<p><i>Al. 3, 4</i></p>\n<p>Abroger</p>\n<p>[VS]</p>\n<p><i>Angenommen - Adopt\u00e9</i></p>\n<p>[VS]</p>\n<p><b>Art. 117-120</b></p>\n<p><i>Antrag der Kommission</i></p>\n<p>Zustimmung zum Beschluss des St\u00e4nderates</p>\n<p><i>Proposition de la commission</i></p>\n<p>Adh\u00e9rer \u00e0 la d\u00e9cision du Conseil des Etats</p>\n<p>[VS]</p>\n<p><i>Angenommen - Adopt\u00e9</i></p>\n<p>[VS]</p>\n<p><b>Art. 124 Abs. 1</b></p>\n<p><i>Antrag Hollenstein</i></p>\n<p>Bund und Kantone betreiben h\u00f6chstens 39 Waffenpl\u00e4tze.</p>\n<p>[VS]</p>\n<p><b>Art. 124 al. 1</b></p>\n<p><i>Proposition Hollenstein</i></p>\n<p>La Conf\u00e9d\u00e9ration et les cantons exploitent 39 places d'armes au plus. </p>\n</pd_text>","MeetingCouncilAbbreviation":"N","MeetingDate":"20020611","MeetingVerbalixOid":934,"IdSession":"4614","SpeakerFirstName":"Liliane","SpeakerLastName":"Maury Pasquier","SpeakerFullName":"Maury Pasquier Liliane","SpeakerFunction":"P-F","CouncilId":1,"CouncilName":"Nationalrat","CantonId":25,"CantonName":"Genf","CantonAbbreviation":"GE","ParlGroupName":"Sozialdemokratische Fraktion","ParlGroupAbbreviation":"S","SortOrder":8,"Start":"\/Date(1023796350831)\/","End":"\/Date(1023796439863)\/","Function":"","DisplaySpeaker":false,"LanguageOfText":null,"Modified":"\/Date(1774878179820)\/","StartTimeWithTimezone":"\/Date(1023796350830+0120)\/","EndTimeWithTimezone":"\/Date(1023796439863+0120)\/","VoteBusinessNumber":null,"VoteBusinessShortNumber":null,"VoteBusinessTitle":null},{"__metadata":{"id":"https://ws.parlament.ch/OData.svc/Transcript(ID=22645L,Language='DE')","uri":"https://ws.parlament.ch/OData.svc/Transcript(ID=22645L,Language='DE')","type":"itsystems.Pd.DataServices.DataModel.Transcript"},"Subjects":{"__deferred":{"uri":"https://ws.parlament.ch/OData.svc/Transcript(ID=22645L,Language='DE')/Subjects"}},"MembersCouncil":{"__deferred":{"uri":"https://ws.parlament.ch/OData.svc/Transcript(ID=22645L,Language='DE')/MembersCouncil"}},"Businesses":{"__deferred":{"uri":"https://ws.parlament.ch/OData.svc/Transcript(ID=22645L,Language='DE')/Businesses"}},"ID":"22645","Language":"DE","IdSubject":"4206","VoteId":null,"PersonNumber":113,"Type":1,"Text":"<pd_text><p>Wenn Gr\u00fcne in diesem Rat etwas fordern, ist es nicht selten so, dass sie auf Granit beissen, aber der Bundesrat einige Jahre sp\u00e4ter auf dieselbe Idee kommt. Solange es aber von Gr\u00fcnen kommt, wehren sich B\u00fcrgerliche und Bundesrat standhaft. So war es auch bei der Festlegung der Anzahl der Waffenpl\u00e4tze im Gesetz. [PAGE 860] Zwar hatte der Bundesrat rund um die Abstimmung \u00fcber die Volksinitiative \"40 Waffenpl\u00e4tze sind genug - Umweltschutz auch beim Milit\u00e4r\" versprochen, dass nicht mehr als 40 Waffenpl\u00e4tze eingerichtet werden sollten, jedoch sei eine Festlegung der Zahl nicht n\u00f6tig - so Bundesrat Villiger im Herbst 1994. Jetzt, wo es nur noch 39 Waffenpl\u00e4tze gibt, bringen es selbst B\u00fcrgerliche \u00fcbers Herz, die Zahl der Waffenpl\u00e4tze im Gesetz zu plafonieren.</p>\n<p>Als ich mich letzte Woche im VBS erkundigte, welcher Waffenplatz denn in den letzten Jahren aufgehoben worden sei, entzog sich dies der Kenntnis der beiden Mitarbeiter des VBS. Ich recherchierte weiter. Hier nun zuhanden der beiden VBS-Mitarbeiter: Es war der Waffenplatz Worblaufen.</p>\n<p>Bundesrat, St\u00e4nderat und die Mitglieder der SiK erachten es unterdessen als richtig, die Zahl der Waffenpl\u00e4tze im Gesetz zu plafonieren. Politisch w\u00e4re es bestimmt auch nicht m\u00f6glich, irgendwo einen neuen Waffenplatz zu schaffen: Der Widerstand aus der Bev\u00f6lkerung w\u00e4re vorprogrammiert. Deshalb beantrage ich Ihnen, den Status quo, also 39 Waffenpl\u00e4tze, im Gesetz als Maximum zu verankern. Die Neuausrichtung der Armee f\u00fchrt ja dazu, dass mit der zunehmenden Technisierung weniger Bodenfl\u00e4che zur Verf\u00fcgung stehen muss.</p>\n<p>Noch eine Frage an Bundesrat Schmid: Gibt es Absichten, in den n\u00e4chsten Jahren weitere Waffenpl\u00e4tze zu schliessen oder umzunutzen? Gibt es diesbez\u00fcglich Pl\u00e4ne? Ich w\u00e4re froh, wenn Sie das erl\u00e4utern k\u00f6nnten. Es macht durchaus Sinn, bei der Festlegung der oberen Limite der Anzahl Waffenpl\u00e4tze den Status quo zu \u00fcbernehmen. Damit sind n\u00e4mlich auch Spekulationen \u00fcber Expansionsgel\u00fcste aus dem Weg ger\u00e4umt.</p>\n<p>Vielleicht ist mein Antrag heute nicht mehrheitsf\u00e4hig, aber die Zeit wird mir Recht geben. In Zukunft wird der Bodenanspruch der Armee geringer werden; es wird in Zukunft eher weniger als mehr Waffenpl\u00e4tze brauchen. Deshalb macht die Begrenzung auf die aktuelle Zahl von 39 Waffenpl\u00e4tzen Sinn.</p>\n</pd_text>","MeetingCouncilAbbreviation":"N","MeetingDate":"20020611","MeetingVerbalixOid":934,"IdSession":"4614","SpeakerFirstName":"Pia","SpeakerLastName":"Hollenstein","SpeakerFullName":"Hollenstein Pia","SpeakerFunction":"","CouncilId":1,"CouncilName":"Nationalrat","CantonId":17,"CantonName":"St. Gallen","CantonAbbreviation":"SG","ParlGroupName":"Gr\u00fcne Fraktion","ParlGroupAbbreviation":"G","SortOrder":9,"Start":"\/Date(1023796439863)\/","End":"\/Date(1023796628019)\/","Function":"","DisplaySpeaker":true,"LanguageOfText":"DE","Modified":"\/Date(1774878179821)\/","StartTimeWithTimezone":"\/Date(1023796439863+0120)\/","EndTimeWithTimezone":"\/Date(1023796628020+0120)\/","VoteBusinessNumber":null,"VoteBusinessShortNumber":null,"VoteBusinessTitle":null},{"__metadata":{"id":"https://ws.parlament.ch/OData.svc/Transcript(ID=22646L,Language='DE')","uri":"https://ws.parlament.ch/OData.svc/Transcript(ID=22646L,Language='DE')","type":"itsystems.Pd.DataServices.DataModel.Transcript"},"Subjects":{"__deferred":{"uri":"https://ws.parlament.ch/OData.svc/Transcript(ID=22646L,Language='DE')/Subjects"}},"MembersCouncil":{"__deferred":{"uri":"https://ws.parlament.ch/OData.svc/Transcript(ID=22646L,Language='DE')/MembersCouncil"}},"Businesses":{"__deferred":{"uri":"https://ws.parlament.ch/OData.svc/Transcript(ID=22646L,Language='DE')/Businesses"}},"ID":"22646","Language":"DE","IdSubject":"4206","VoteId":null,"PersonNumber":341,"Type":1,"Text":"<pd_text><p>Le groupe lib\u00e9ral communique qu'il rejettera la proposition Hollenstein.</p>\n</pd_text>","MeetingCouncilAbbreviation":"N","MeetingDate":"20020611","MeetingVerbalixOid":934,"IdSession":"4614","SpeakerFirstName":"Liliane","SpeakerLastName":"Maury Pasquier","SpeakerFullName":"Maury Pasquier Liliane","SpeakerFunction":"P-F","CouncilId":1,"CouncilName":"Nationalrat","CantonId":25,"CantonName":"Genf","CantonAbbreviation":"GE","ParlGroupName":"Sozialdemokratische Fraktion","ParlGroupAbbreviation":"S","SortOrder":10,"Start":"\/Date(1023796628019)\/","End":"\/Date(1023796636129)\/","Function":"","DisplaySpeaker":true,"LanguageOfText":"FR","Modified":"\/Date(1774878179823)\/","StartTimeWithTimezone":"\/Date(1023796628020+0120)\/","EndTimeWithTimezone":"\/Date(1023796636130+0120)\/","VoteBusinessNumber":null,"VoteBusinessShortNumber":null,"VoteBusinessTitle":null},{"__metadata":{"id":"https://ws.parlament.ch/OData.svc/Transcript(ID=22647L,Language='DE')","uri":"https://ws.parlament.ch/OData.svc/Transcript(ID=22647L,Language='DE')","type":"itsystems.Pd.DataServices.DataModel.Transcript"},"Subjects":{"__deferred":{"uri":"https://ws.parlament.ch/OData.svc/Transcript(ID=22647L,Language='DE')/Subjects"}},"MembersCouncil":{"__deferred":{"uri":"https://ws.parlament.ch/OData.svc/Transcript(ID=22647L,Language='DE')/MembersCouncil"}},"Businesses":{"__deferred":{"uri":"https://ws.parlament.ch/OData.svc/Transcript(ID=22647L,Language='DE')/Businesses"}},"ID":"22647","Language":"DE","IdSubject":"4206","VoteId":null,"PersonNumber":235,"Type":1,"Text":"<pd_text><p>40 Waffenpl\u00e4tze sind genug! Das war w\u00e4hrend Jahren der Ruf von Gr\u00fcnen und Umweltverb\u00e4nden. Mit Demonstrationen und Sitzstreiks machten sie auf ihr Anliegen aufmerksam, und im geltenden Recht heisst es nun: \"Bund und Kantone betreiben h\u00f6chstens 40 Waffenpl\u00e4tze.\" Frau Hollenstein will nun h\u00f6chstens 39 Waffenpl\u00e4tze, und ich frage mich schon, ob das jetzt so wesentlich ist. Zu Ihrer Orientierung, Frau Hollenstein: Neuchlen-Anschwilen ist in der Region und in der Armee so stark verankert, dass dieser Waffenplatz erhalten bleiben wird, ob jetzt im Gesetz die Zahl 39 oder die Zahl 40 steht.</p>\n<p>Ich bitte Sie, diesen Antrag abzulehnen.</p>\n</pd_text>","MeetingCouncilAbbreviation":"N","MeetingDate":"20020611","MeetingVerbalixOid":934,"IdSession":"4614","SpeakerFirstName":"Milli","SpeakerLastName":"Wittenwiler","SpeakerFullName":"Wittenwiler Milli","SpeakerFunction":"","CouncilId":1,"CouncilName":"Nationalrat","CantonId":17,"CantonName":"St. Gallen","CantonAbbreviation":"SG","ParlGroupName":"Freisinnig-demokratische Fraktion","ParlGroupAbbreviation":"RL","SortOrder":11,"Start":"\/Date(1023796636129)\/","End":"\/Date(1023796687441)\/","Function":"","DisplaySpeaker":true,"LanguageOfText":"DE","Modified":"\/Date(1774878179824)\/","StartTimeWithTimezone":"\/Date(1023796636130+0120)\/","EndTimeWithTimezone":"\/Date(1023796687440+0120)\/","VoteBusinessNumber":null,"VoteBusinessShortNumber":null,"VoteBusinessTitle":null},{"__metadata":{"id":"https://ws.parlament.ch/OData.svc/Transcript(ID=22648L,Language='DE')","uri":"https://ws.parlament.ch/OData.svc/Transcript(ID=22648L,Language='DE')","type":"itsystems.Pd.DataServices.DataModel.Transcript"},"Subjects":{"__deferred":{"uri":"https://ws.parlament.ch/OData.svc/Transcript(ID=22648L,Language='DE')/Subjects"}},"MembersCouncil":{"__deferred":{"uri":"https://ws.parlament.ch/OData.svc/Transcript(ID=22648L,Language='DE')/MembersCouncil"}},"Businesses":{"__deferred":{"uri":"https://ws.parlament.ch/OData.svc/Transcript(ID=22648L,Language='DE')/Businesses"}},"ID":"22648","Language":"DE","IdSubject":"4206","VoteId":null,"PersonNumber":267,"Type":1,"Text":"<pd_text><p>Ich beantrage Ihnen Ablehnung des Antrages Hollenstein.</p>\n<p>Ich gehe dabei davon aus, dass die Anzahl der Waffenpl\u00e4tze in den n\u00e4chsten Jahren eher sinken wird. Im Moment w\u00e4re keine zus\u00e4tzliche Er\u00f6ffnung geplant. Im \u00dcbrigen w\u00fcrde eine Planung ohnehin \u00fcber die Immobilienbotschaft Milit\u00e4r erfolgen und k\u00f6nnte nicht am Parlament vorbei gemacht werden. Aber es geht auch etwas um die Vernunft - entschuldigen Sie -: Dass in einem Gesetz derartige Vorschriften gemacht werden sollen, obwohl das Parlament noch mehrfach die M\u00f6glichkeit h\u00e4tte, wenn es n\u00f6tig w\u00e4re, sich dann entsprechend zu \u00e4ussern, empfinde ich eigentlich als absolut unn\u00f6tig. </p>\n<p>Ich bitte Sie deshalb, den Antrag abzulehnen.</p>\n</pd_text>","MeetingCouncilAbbreviation":"N","MeetingDate":"20020611","MeetingVerbalixOid":934,"IdSession":"4614","SpeakerFirstName":"Samuel","SpeakerLastName":"Schmid","SpeakerFullName":"Schmid Samuel","SpeakerFunction":"BR-M","CouncilId":99,"CouncilName":"Bundesrat","CantonId":2,"CantonName":"Bern","CantonAbbreviation":"BE","ParlGroupName":null,"ParlGroupAbbreviation":null,"SortOrder":12,"Start":"\/Date(1023796687441)\/","End":"\/Date(1023796757488)\/","Function":"","DisplaySpeaker":true,"LanguageOfText":"DE","Modified":"\/Date(1774878179826)\/","StartTimeWithTimezone":"\/Date(1023796687440+0120)\/","EndTimeWithTimezone":"\/Date(1023796757487+0120)\/","VoteBusinessNumber":null,"VoteBusinessShortNumber":null,"VoteBusinessTitle":null}]},"ID":"4206","Language":"DE","IdMeeting":"297","VerbalixOid":60192,"SortOrder":4,"Modified":"\/Date(1774878179807)\/"}}