{"d":{"__metadata":{"id":"https://ws.parlament.ch/OData.svc/Subject(ID=4218L,Language='DE')","uri":"https://ws.parlament.ch/OData.svc/Subject(ID=4218L,Language='DE')","type":"itsystems.Pd.DataServices.DataModel.Subject"},"Meetings":{"__metadata":{"id":"https://ws.parlament.ch/OData.svc/Meeting(ID=299L,Language='DE')","uri":"https://ws.parlament.ch/OData.svc/Meeting(ID=299L,Language='DE')","type":"itsystems.Pd.DataServices.DataModel.Meeting"},"Sessions":{"__deferred":{"uri":"https://ws.parlament.ch/OData.svc/Meeting(ID=299L,Language='DE')/Sessions"}},"Subjects":{"__deferred":{"uri":"https://ws.parlament.ch/OData.svc/Meeting(ID=299L,Language='DE')/Subjects"}},"ID":"299","Language":"DE","MeetingNumber":9,"IdSession":4614,"SessionNumber":14,"SessionName":"Sommersession 2002","Council":1,"CouncilName":"Nationalrat","CouncilAbbreviation":"NR","Date":"\/Date(1023926400000)\/","Begin":"0800","Modified":"\/Date(1447069797450)\/","LegislativePeriodNumber":46,"PublicationStatus":"final","MeetingOrderText":"Neunte Sitzung","SortOrder":9,"Location":"N"},"SubjectsBusiness":{"results":[{"__metadata":{"id":"https://ws.parlament.ch/OData.svc/SubjectBusiness(BusinessNumber=20010056,IdSubject=4218L,Language='DE')","uri":"https://ws.parlament.ch/OData.svc/SubjectBusiness(BusinessNumber=20010056,IdSubject=4218L,Language='DE')","type":"itsystems.Pd.DataServices.DataModel.SubjectBusiness"},"Subjects":{"__deferred":{"uri":"https://ws.parlament.ch/OData.svc/SubjectBusiness(BusinessNumber=20010056,IdSubject=4218L,Language='DE')/Subjects"}},"Businesses":{"__deferred":{"uri":"https://ws.parlament.ch/OData.svc/SubjectBusiness(BusinessNumber=20010056,IdSubject=4218L,Language='DE')/Businesses"}},"IdSubject":"4218","BusinessNumber":20010056,"Language":"DE","BusinessShortNumber":"01.056","Title":"\u00dcbereinkommen \u00fcber Menschenrechte und Biomedizin","SortOrder":1,"PublishedNotes":"Erstrat - Premier Conseil\n","Modified":"\/Date(1447069144060)\/","TitleDE":"\u00dcbereinkommen\n\u00fcber Menschenrechte\nund Biomedizin","TitleFR":"Convention\nsur les droits de l'homme\net la biom\u00e9decine","TitleIT":null}]},"Transcripts":{"results":[{"__metadata":{"id":"https://ws.parlament.ch/OData.svc/Transcript(ID=22786L,Language='DE')","uri":"https://ws.parlament.ch/OData.svc/Transcript(ID=22786L,Language='DE')","type":"itsystems.Pd.DataServices.DataModel.Transcript"},"Subjects":{"__deferred":{"uri":"https://ws.parlament.ch/OData.svc/Transcript(ID=22786L,Language='DE')/Subjects"}},"MembersCouncil":{"__deferred":{"uri":"https://ws.parlament.ch/OData.svc/Transcript(ID=22786L,Language='DE')/MembersCouncil"}},"Businesses":{"__deferred":{"uri":"https://ws.parlament.ch/OData.svc/Transcript(ID=22786L,Language='DE')/Businesses"}},"ID":"22786","Language":"DE","IdSubject":"4218","VoteId":null,"PersonNumber":341,"Type":1,"Text":"<pd_text><p>La commission propose, \u00e0 l'unanimit\u00e9, d'ajourner l'examen de la convention et de ne le reprendre qu'une fois que la loi sur la transplantation aura \u00e9t\u00e9 adopt\u00e9e.</p>\n<p>[VS]</p>\n<p><i>Angenommen - Adopt\u00e9</i></p>\n<p>[PAGE 903] </p>\n</pd_text>","MeetingCouncilAbbreviation":"N","MeetingDate":"20020613","MeetingVerbalixOid":936,"IdSession":"4614","SpeakerFirstName":"Liliane","SpeakerLastName":"Maury Pasquier","SpeakerFullName":"Maury Pasquier Liliane","SpeakerFunction":"P-F","CouncilId":1,"CouncilName":"Nationalrat","CantonId":25,"CantonName":"Genf","CantonAbbreviation":"GE","ParlGroupName":"Sozialdemokratische Fraktion","ParlGroupAbbreviation":"S","SortOrder":1,"Start":"\/Date(1023963782029)\/","End":"\/Date(1023963824263)\/","Function":"","DisplaySpeaker":true,"LanguageOfText":"FR","Modified":"\/Date(1774878180842)\/","StartTimeWithTimezone":"\/Date(1023963782030+0120)\/","EndTimeWithTimezone":"\/Date(1023963824263+0120)\/","VoteBusinessNumber":null,"VoteBusinessShortNumber":null,"VoteBusinessTitle":null}]},"ID":"4218","Language":"DE","IdMeeting":"299","VerbalixOid":60715,"SortOrder":3,"Modified":"\/Date(1774878180839)\/"}}