{"d":{"__metadata":{"id":"https://ws.parlament.ch/OData.svc/Subject(ID=42930L,Language='DE')","uri":"https://ws.parlament.ch/OData.svc/Subject(ID=42930L,Language='DE')","type":"itsystems.Pd.DataServices.DataModel.Subject"},"Meetings":{"__metadata":{"id":"https://ws.parlament.ch/OData.svc/Meeting(ID=4051L,Language='DE')","uri":"https://ws.parlament.ch/OData.svc/Meeting(ID=4051L,Language='DE')","type":"itsystems.Pd.DataServices.DataModel.Meeting"},"Sessions":{"__deferred":{"uri":"https://ws.parlament.ch/OData.svc/Meeting(ID=4051L,Language='DE')/Sessions"}},"Subjects":{"__deferred":{"uri":"https://ws.parlament.ch/OData.svc/Meeting(ID=4051L,Language='DE')/Subjects"}},"ID":"4051","Language":"DE","MeetingNumber":10,"IdSession":5012,"SessionNumber":12,"SessionName":"Fr\u00fchjahrssession 2018","Council":2,"CouncilName":"St\u00e4nderat","CouncilAbbreviation":"SR","Date":"\/Date(1521072000000)\/","Begin":"0815","Modified":"\/Date(1523359022983)\/","LegislativePeriodNumber":50,"PublicationStatus":"final","MeetingOrderText":"Zehnte Sitzung","SortOrder":10,"Location":"S"},"SubjectsBusiness":{"results":[{"__metadata":{"id":"https://ws.parlament.ch/OData.svc/SubjectBusiness(BusinessNumber=20172017,IdSubject=42930L,Language='DE')","uri":"https://ws.parlament.ch/OData.svc/SubjectBusiness(BusinessNumber=20172017,IdSubject=42930L,Language='DE')","type":"itsystems.Pd.DataServices.DataModel.SubjectBusiness"},"Subjects":{"__deferred":{"uri":"https://ws.parlament.ch/OData.svc/SubjectBusiness(BusinessNumber=20172017,IdSubject=42930L,Language='DE')/Subjects"}},"Businesses":{"__deferred":{"uri":"https://ws.parlament.ch/OData.svc/SubjectBusiness(BusinessNumber=20172017,IdSubject=42930L,Language='DE')/Businesses"}},"IdSubject":"42930","BusinessNumber":20172017,"Language":"DE","BusinessShortNumber":"17.2017","Title":"F\u00fcr eine Vollassoziierung der Schweiz an Erasmus plus","SortOrder":1,"PublishedNotes":null,"Modified":"\/Date(1523256410073)\/","TitleDE":"Petition\nSchweizerische Arbeitsgemeinschaft\nder Jugendverb\u00e4nde.\nF\u00fcr eine Vollassoziierung der Schweiz\nan Erasmus plus","TitleFR":"P\u00e9tition\nConseil suisse des activit\u00e9s\nde jeunesse.\nPour une association pleine et enti\u00e8re\nde la Suisse \u00e0 Erasmus plus","TitleIT":null}]},"Transcripts":{"results":[{"__metadata":{"id":"https://ws.parlament.ch/OData.svc/Transcript(ID=228526L,Language='DE')","uri":"https://ws.parlament.ch/OData.svc/Transcript(ID=228526L,Language='DE')","type":"itsystems.Pd.DataServices.DataModel.Transcript"},"Subjects":{"__deferred":{"uri":"https://ws.parlament.ch/OData.svc/Transcript(ID=228526L,Language='DE')/Subjects"}},"MembersCouncil":{"__deferred":{"uri":"https://ws.parlament.ch/OData.svc/Transcript(ID=228526L,Language='DE')/MembersCouncil"}},"Businesses":{"__deferred":{"uri":"https://ws.parlament.ch/OData.svc/Transcript(ID=228526L,Language='DE')/Businesses"}},"ID":"228526","Language":"DE","IdSubject":"42930","VoteId":null,"PersonNumber":4062,"Type":1,"Text":"<pd_text><p><b>Pr\u00e4sidentin</b> (Keller-Sutter Karin, Pr\u00e4sidentin): Sie haben einen schriftlichen Bericht der Kommission erhalten. Die Kommission beantragt ohne Gegenstimme, der Petition keine Folge zu geben, da sie deren Anliegen als hinf\u00e4llig erachtet.</p>\n<p>[VS]</p>\n<p><i>Der Petition wird keine Folge gegeben </i>[GZ]</p>\n<p><i>Il n'est pas donn\u00e9 suite \u00e0 la p\u00e9tition [PAGE 257] </i></p>\n</pd_text>","MeetingCouncilAbbreviation":"S","MeetingDate":"20180315","MeetingVerbalixOid":2994,"IdSession":"5012","SpeakerFirstName":"Karin","SpeakerLastName":"Keller-Sutter","SpeakerFullName":"Keller-Sutter Karin","SpeakerFunction":"P-F","CouncilId":2,"CouncilName":"St\u00e4nderat","CantonId":17,"CantonName":"St. Gallen","CantonAbbreviation":"SG","ParlGroupName":"FDP-Liberale Fraktion","ParlGroupAbbreviation":"RL","SortOrder":1,"Start":"\/Date(1521119004077)\/","End":"\/Date(1521119027340)\/","Function":"P-F","DisplaySpeaker":false,"LanguageOfText":null,"Modified":"\/Date(1552476164447)\/","StartTimeWithTimezone":"\/Date(1521119004077+0060)\/","EndTimeWithTimezone":"\/Date(1521119027340+0060)\/","VoteBusinessNumber":null,"VoteBusinessShortNumber":null,"VoteBusinessTitle":null}]},"ID":"42930","Language":"DE","IdMeeting":"4051","VerbalixOid":562806,"SortOrder":18,"Modified":"\/Date(1552476164447)\/"}}