{"d":{"__metadata":{"id":"https://ws.parlament.ch/OData.svc/Subject(ID=43267L,Language='DE')","uri":"https://ws.parlament.ch/OData.svc/Subject(ID=43267L,Language='DE')","type":"itsystems.Pd.DataServices.DataModel.Subject"},"Meetings":{"__metadata":{"id":"https://ws.parlament.ch/OData.svc/Meeting(ID=4066L,Language='DE')","uri":"https://ws.parlament.ch/OData.svc/Meeting(ID=4066L,Language='DE')","type":"itsystems.Pd.DataServices.DataModel.Meeting"},"Sessions":{"__deferred":{"uri":"https://ws.parlament.ch/OData.svc/Meeting(ID=4066L,Language='DE')/Sessions"}},"Subjects":{"__deferred":{"uri":"https://ws.parlament.ch/OData.svc/Meeting(ID=4066L,Language='DE')/Subjects"}},"ID":"4066","Language":"DE","MeetingNumber":4,"IdSession":5013,"SessionNumber":13,"SessionName":"Sommersession 2018","Council":2,"CouncilName":"St\u00e4nderat","CouncilAbbreviation":"SR","Date":"\/Date(1527724800000)\/","Begin":"0815","Modified":"\/Date(1529658598413)\/","LegislativePeriodNumber":50,"PublicationStatus":"final","MeetingOrderText":"Vierte Sitzung","SortOrder":4,"Location":"S"},"SubjectsBusiness":{"results":[{"__metadata":{"id":"https://ws.parlament.ch/OData.svc/SubjectBusiness(BusinessNumber=20170072,IdSubject=43267L,Language='DE')","uri":"https://ws.parlament.ch/OData.svc/SubjectBusiness(BusinessNumber=20170072,IdSubject=43267L,Language='DE')","type":"itsystems.Pd.DataServices.DataModel.SubjectBusiness"},"Subjects":{"__deferred":{"uri":"https://ws.parlament.ch/OData.svc/SubjectBusiness(BusinessNumber=20170072,IdSubject=43267L,Language='DE')/Subjects"}},"Businesses":{"__deferred":{"uri":"https://ws.parlament.ch/OData.svc/SubjectBusiness(BusinessNumber=20170072,IdSubject=43267L,Language='DE')/Businesses"}},"IdSubject":"43267","BusinessNumber":20170072,"Language":"DE","BusinessShortNumber":"17.072","Title":"Vereinbarung zwischen der Schweiz, Deutschland und dem SHAPE \u00fcber die Teilnahme der Schweiz an Air Situation Data Exchange (ASDE). Genehmigung","SortOrder":1,"PublishedNotes":"Zweitrat - Deuxi\u00e8me Conseil\n","Modified":"\/Date(1524224821616)\/","TitleDE":"Vereinbarung zwischen der Schweiz,\nDeutschland und dem SHAPE\n\u00fcber die Teilnahme der Schweiz an\nAir Situation Data Exchange (ASDE).\nGenehmigung","TitleFR":"Accord entre la Suisse, l'Allemagne\net le SHAPE sur la participation de\nla Suisse \u00e0 l'\u00e9change de donn\u00e9es sur\nla situation a\u00e9rienne (ASDE).\nApprobation","TitleIT":null}]},"Transcripts":{"results":[{"__metadata":{"id":"https://ws.parlament.ch/OData.svc/Transcript(ID=230082L,Language='DE')","uri":"https://ws.parlament.ch/OData.svc/Transcript(ID=230082L,Language='DE')","type":"itsystems.Pd.DataServices.DataModel.Transcript"},"Subjects":{"__deferred":{"uri":"https://ws.parlament.ch/OData.svc/Transcript(ID=230082L,Language='DE')/Subjects"}},"MembersCouncil":{"__deferred":{"uri":"https://ws.parlament.ch/OData.svc/Transcript(ID=230082L,Language='DE')/MembersCouncil"}},"Businesses":{"__deferred":{"uri":"https://ws.parlament.ch/OData.svc/Transcript(ID=230082L,Language='DE')/Businesses"}},"ID":"230082","Language":"DE","IdSubject":"43267","VoteId":"2428","PersonNumber":null,"Type":2,"Text":"<pd_text><p><i>Gesamtabstimmung - Vote sur l'ensemble </i>[GZ]</p>\n<p>[NAM][GZ]</p>\n<p>F\u00fcr Annahme des Entwurfes ... 37 Stimmen [GZ]</p>\n<p>(Einstimmigkeit) [GZ]</p>\n<p>(0 Enthaltungen)</p>\n</pd_text>","MeetingCouncilAbbreviation":"S","MeetingDate":"20180531","MeetingVerbalixOid":3009,"IdSession":"5013","SpeakerFirstName":null,"SpeakerLastName":null,"SpeakerFullName":"","SpeakerFunction":null,"CouncilId":null,"CouncilName":null,"CantonId":null,"CantonName":null,"CantonAbbreviation":null,"ParlGroupName":null,"ParlGroupAbbreviation":null,"SortOrder":4,"Start":"\/Date(1527761160023)\/","End":"\/Date(1527761187677)\/","Function":null,"DisplaySpeaker":null,"LanguageOfText":null,"Modified":"\/Date(1552476167427)\/","StartTimeWithTimezone":"\/Date(1527761160023+0120)\/","EndTimeWithTimezone":"\/Date(1527761187677+0120)\/","VoteBusinessNumber":20170072,"VoteBusinessShortNumber":"17.072","VoteBusinessTitle":"Vereinbarung zwischen der Schweiz,\nDeutschland und dem SHAPE\n\u00fcber die Teilnahme der Schweiz an\nAir Situation Data Exchange (ASDE).\nGenehmigung"},{"__metadata":{"id":"https://ws.parlament.ch/OData.svc/Transcript(ID=230091L,Language='DE')","uri":"https://ws.parlament.ch/OData.svc/Transcript(ID=230091L,Language='DE')","type":"itsystems.Pd.DataServices.DataModel.Transcript"},"Subjects":{"__deferred":{"uri":"https://ws.parlament.ch/OData.svc/Transcript(ID=230091L,Language='DE')/Subjects"}},"MembersCouncil":{"__deferred":{"uri":"https://ws.parlament.ch/OData.svc/Transcript(ID=230091L,Language='DE')/MembersCouncil"}},"Businesses":{"__deferred":{"uri":"https://ws.parlament.ch/OData.svc/Transcript(ID=230091L,Language='DE')/Businesses"}},"ID":"230091","Language":"DE","IdSubject":"43267","VoteId":null,"PersonNumber":4062,"Type":1,"Text":"<pd_text><p><i>Eintreten wird ohne Gegenantrag beschlossen </i>[GZ]</p>\n<p><i>L'entr\u00e9e en mati\u00e8re est d\u00e9cid\u00e9e sans opposition</i></p>\n<p>[VS]</p>\n<p>[VS]</p>\n<p><b>Bundesbeschluss \u00fcber die Genehmigung der Vereinbarung zwischen der Schweiz, Deutschland und dem Obersten Hauptquartier der Alliierten Streitkr\u00e4fte in Europa (SHAPE) \u00fcber die Teilnahme der Schweiz an Air Situation Data Exchange (ASDE)</b></p>\n<p><b>Arr\u00eat\u00e9 f\u00e9d\u00e9ral portant approbation de l'accord entre la Suisse, l'Allemagne et le Grand quartier g\u00e9n\u00e9ral des puissances alli\u00e9es en Europe (SHAPE) sur la participation de la Suisse \u00e0 l'\u00e9change de donn\u00e9es sur la situation a\u00e9rienne (ASDE)</b></p>\n<p>[VS]</p>\n<p><i>Detailberatung - Discussion par article </i>[GZ]</p>\n<p>[VS][GZ]</p>\n<p><b>Titel und Ingress, Art. 1, 2 </b>[GZ]</p>\n<p><i>Antrag der Kommission</i>[GZ]</p>\n<p>Zustimmung zum Beschluss des Nationalrates</p>\n<p>[VS]</p>\n<p><b>Titre et pr\u00e9ambule, art. 1, 2 </b>[GZ]</p>\n<p><i>Proposition de la commission </i>[GZ]</p>\n<p>Adh\u00e9rer \u00e0 la d\u00e9cision du Conseil national [GZ]</p>\n<p>[VS][GZ]</p>\n<p><i>Angenommen - Adopt\u00e9</i></p>\n<p>[VS]</p>\n</pd_text>","MeetingCouncilAbbreviation":"S","MeetingDate":"20180531","MeetingVerbalixOid":3009,"IdSession":"5013","SpeakerFirstName":"Karin","SpeakerLastName":"Keller-Sutter","SpeakerFullName":"Keller-Sutter Karin","SpeakerFunction":"P-F","CouncilId":2,"CouncilName":"St\u00e4nderat","CantonId":17,"CantonName":"St. Gallen","CantonAbbreviation":"SG","ParlGroupName":"FDP-Liberale Fraktion","ParlGroupAbbreviation":"RL","SortOrder":3,"Start":"\/Date(1527761115637)\/","End":"\/Date(1527761160023)\/","Function":"P-F","DisplaySpeaker":false,"LanguageOfText":null,"Modified":"\/Date(1552476167427)\/","StartTimeWithTimezone":"\/Date(1527761115637+0120)\/","EndTimeWithTimezone":"\/Date(1527761160023+0120)\/","VoteBusinessNumber":null,"VoteBusinessShortNumber":null,"VoteBusinessTitle":null},{"__metadata":{"id":"https://ws.parlament.ch/OData.svc/Transcript(ID=230096L,Language='DE')","uri":"https://ws.parlament.ch/OData.svc/Transcript(ID=230096L,Language='DE')","type":"itsystems.Pd.DataServices.DataModel.Transcript"},"Subjects":{"__deferred":{"uri":"https://ws.parlament.ch/OData.svc/Transcript(ID=230096L,Language='DE')/Subjects"}},"MembersCouncil":{"__deferred":{"uri":"https://ws.parlament.ch/OData.svc/Transcript(ID=230096L,Language='DE')/MembersCouncil"}},"Businesses":{"__deferred":{"uri":"https://ws.parlament.ch/OData.svc/Transcript(ID=230096L,Language='DE')/Businesses"}},"ID":"230096","Language":"DE","IdSubject":"43267","VoteId":null,"PersonNumber":1108,"Type":1,"Text":"<pd_text><p>Cet accord est extr\u00eamement important, et je crois qu'il est n\u00e9cessaire de bien le d\u00e9tailler, parce qu'il rev\u00eat des aspects qui pourraient toucher aussi notre neutralit\u00e9 et il montre l'\u00e9volution extr\u00eamement rapide qui a cours en mati\u00e8re de surveillance de l'espace a\u00e9rien. Il y a donc des aspects politiques et des aspects de politique de s\u00e9curit\u00e9 au niveau de cet accord ASDE.</p>\n<p>D'abord, je pr\u00e9sente le contexte: l'imagerie de la situation a\u00e9rienne. Ce qui est n\u00e9cessaire pour nous, c'est d'avoir un aper\u00e7u de la situation actuelle du trafic dans l'espace a\u00e9rien et, pour cela, la qualit\u00e9 de l'image de la situation a\u00e9rienne est en tout temps d'une importance centrale pour la s\u00e9curit\u00e9 de la Suisse. Cela exerce une influence directe sur la s\u00e9curit\u00e9 de l'espace a\u00e9rien et, surtout, sur l'efficacit\u00e9 du service de police a\u00e9rienne. Il faut savoir que, certains jours, nous identifions jusqu'\u00e0 1000 a\u00e9ronefs en m\u00eame temps dans notre espace a\u00e9rien, et ce seul chiffre montre l'importance de disposer d'une vue d'ensemble extr\u00eamement pr\u00e9cise du trafic a\u00e9rien en Suisse.</p>\n<p>On peut dire que l'image de la situation a\u00e9rienne sert effectivement de base \u00e0 la sauvegarde de la souverainet\u00e9 de notre espace a\u00e9rien et, surtout, \u00e0 l'application de notre droit dans ce qui est d\u00e9sign\u00e9 sous l'appellation de troisi\u00e8me dimension.</p>\n<p>La taille r\u00e9duite de notre espace a\u00e9rien rend l'int\u00e9gration de l'image de la situation a\u00e9rienne des r\u00e9gions limitrophes indispensable, sans quoi nos forces a\u00e9riennes n'auraient pas la possibilit\u00e9 d'intervenir de mani\u00e8re efficace parce que le temps de pr\u00e9-alerte serait insuffisant. Dans ce contexte, vous le savez, nous avons des accords bilat\u00e9raux avec les pays voisins, des accords de police a\u00e9rienne. Dans ces accords, il y avait l'\u00e9change d'images a\u00e9riennes. On peut dire que les accords, d'une mani\u00e8re g\u00e9n\u00e9rale, ont fait la preuve de leur utilit\u00e9. Mais avec ces progr\u00e8s techniques et les restrictions financi\u00e8res qui touchent tous les Etats europ\u00e9ens, les Etats voisins membres de l'OTAN cessent de g\u00e9n\u00e9rer leur image de la situation a\u00e9rienne sur un plan strictement national. Ils utilisent de plus en plus les possibilit\u00e9s offertes par l'OTAN.</p>\n<p>L'Italie a franchi cette \u00e9tape; la France a annonc\u00e9 qu'elle allait le faire. Cela aurait pour nous comme cons\u00e9quence le risque de perdre des sources de donn\u00e9es extr\u00eamement importantes. C'est pour cela que nous avons cherch\u00e9 une solution qui corresponde vraiment \u00e0 nos besoins.</p>\n<p>Si les pays voisins de la Suisse optent maintenant pour le syst\u00e8me de l'OTAN, concr\u00e8tement qu'est-ce que cela signifie? Cela signifie deux choses. Premi\u00e8rement, cela signifie que nous conservons les accords actuels sur la police a\u00e9rienne, \u00e9tant donn\u00e9 qu'ils contiennent, except\u00e9 l'aspect de l'image a\u00e9rienne, des dispositions importantes pour l'identification et l'intervention transfrontali\u00e8re. Ces accords gardent - et j'insiste sur ce point - toute leur importance. Ce sont, et ils resteront, des piliers essentiels pour nous mais aussi pour nos voisins. Deuxi\u00e8mement, cela veut dire que l'on doit compenser les pertes de donn\u00e9es r\u00e9sultant du changement de proc\u00e9dure chez nos voisins, et c'est en ce sens que l'ASDE repr\u00e9sente la meilleure solution pour nous adapter. [PAGE 352] </p>\n<p>On peut se demander pourquoi choisir un syst\u00e8me de l'OTAN. L'OTAN, vous le savez, offre aux Etats qui participent au Partenariat pour la paix, dont le n\u00f4tre, le programme ASDE. Il existe d'ailleurs depuis longtemps puisqu'il a \u00e9t\u00e9 lanc\u00e9 en 2004. A ce moment-l\u00e0, le d\u00e9partement avait d\u00e9j\u00e0 r\u00e9fl\u00e9chi et envisag\u00e9 d'y participer, mais il avait \u00e9t\u00e9 jug\u00e9 que les accords existant avec les Etats voisins, qui incluaient l'imagerie a\u00e9rienne, \u00e9taient suffisants et qu'il n'y avait pas besoin d'aller au-del\u00e0. Maintenant, comme je l'ai dit tout \u00e0 l'heure, il faut trouver une solution.</p>\n<p>Les donn\u00e9es militaires confidentielles qui figurent sur l'image de la situation a\u00e9rienne de l'OTAN dans le cadre de l'ASDE ne sont pas transmises aux Etats du partenariat. Cette r\u00e8gle s'applique aussi en sens inverse, ce qui signifie que la Suisse n'est pas oblig\u00e9e de transmettre des images sensibles ou des donn\u00e9es militaires sensibles. Il n'y a donc pas d'\u00e9changes de ce type de donn\u00e9es entre l'OTAN et la Suisse. Il y a un filtrage des donn\u00e9es qui sera fait du c\u00f4t\u00e9 suisse et avec l'ASDE, et seules seront \u00e9chang\u00e9es des donn\u00e9es sur la situation a\u00e9rienne qui sont destin\u00e9es au service de police a\u00e9rienne en temps de paix. Je crois que c'est suffisamment important pour insister sur ce point.</p>\n<p>L'accord permettra d'am\u00e9liorer consid\u00e9rablement l'efficacit\u00e9 de la coordination transfrontali\u00e8re, \u00e9tant donn\u00e9 que les situations critiques pourront \u00eatre d\u00e9tect\u00e9es imm\u00e9diatement et sans aucune \u00e9quivoque.</p>\n<p>L'ASDE, c'est aussi un point important, ne fait aucunement concurrence \u00e0 la surveillance civile de l'espace a\u00e9rien, qui se limite aux a\u00e9ronefs dits coop\u00e9ratifs, \u00e0 savoir les avions qui transmettent r\u00e9guli\u00e8rement, en permanence, leur identification et leur localisation au moyen de ce qu'on appelle un \"transponder\". L'ASDE permet simplement de compl\u00e9ter cette image. Il n'entre pas non plus en concurrence avec le projet \"Single European Sky\" ou d'autres projets similaires. Il compl\u00e9tera donc simplement le syst\u00e8me national de surveillance de l'espace a\u00e9rien que nous utilisons pour mener la police a\u00e9rienne.</p>\n<p>Parlons des co\u00fbts. Pour m\u00e9moire, il s'agit de d\u00e9velopper un logiciel. Cela engendrera une d\u00e9pense unique de 1,2 million de francs. Les co\u00fbts annuels d'exploitation sont de 200[NB]000 francs, ce qui nous semble \u00eatre bon sur le plan du rapport co\u00fbt/efficacit\u00e9.</p>\n<p>Venons-en au point, je dirai, critique, que nous avons analys\u00e9 de mani\u00e8re tr\u00e8s approfondie: les consid\u00e9rations en mati\u00e8re de neutralit\u00e9. D\u00e8s qu'on parle de coop\u00e9ration avec l'OTAN, tout de suite on parle de la question de la neutralit\u00e9. Je l'ai dit, il n'y a pas d'\u00e9change de donn\u00e9es sensibles \u00e0 ce niveau-l\u00e0. Il n'y a donc aucun \u00e9change de donn\u00e9es qui pourrait favoriser une partie dans un conflit arm\u00e9 international. A la demande expresse de notre pays, l'OTAN accepte en outre que l'accord contienne une clause sp\u00e9ciale qui permet en tout temps \u00e0 la Suisse de suspendre l'\u00e9change de donn\u00e9es de mani\u00e8re unilat\u00e9rale pour une dur\u00e9e qu'elle d\u00e9termine elle-m\u00eame. De cette mani\u00e8re, ni la politique de neutralit\u00e9 ni le droit de la neutralit\u00e9 suisses ne sont remis en question par notre participation \u00e0 ce programme.</p>\n<p>Concernant le droit de la neutralit\u00e9, je l'ai rappel\u00e9, les donn\u00e9es \u00e9chang\u00e9es ont trait uniquement \u00e0 l'image de la situation a\u00e9rienne et doivent \u00eatre pertinentes pour accro\u00eetre notre s\u00e9curit\u00e9 dans l'espace a\u00e9rien. Avec le filtrage qui sera op\u00e9r\u00e9, la Suisse ne pourra pas avantager un Etat impliqu\u00e9 dans un conflit arm\u00e9 international. On d\u00e9signe souvent d'ailleurs l'ASDE comme un syst\u00e8me pour op\u00e9rations en temps de paix.</p>\n<p>Concernant la politique de neutralit\u00e9, on peut se demander si, m\u00eame en l'absence de soutien militaire, il faut s'assurer sur le plan de la politique de neutralit\u00e9 que la cr\u00e9dibilit\u00e9, l'efficacit\u00e9 de la neutralit\u00e9 suisse ne soient pas remises en question par une participation \u00e0 l'ASDE. C'est pour cela que nous avons n\u00e9goci\u00e9 dans le m\u00e9morandum d'accord la clause suspensive que j'ai d\u00e9crite.</p>\n<p>Nous pouvons, en tout temps, avec cette clause suspensive, pr\u00e9server notre cr\u00e9dibilit\u00e9 sur le plan de la politique de neutralit\u00e9. Cette clause est unilat\u00e9rale: seule la Suisse peut l'appliquer; les autres parties contractantes, l'OTAN et l'Allemagne, ne peuvent pas y avoir recours. En acceptant cette clause, l'OTAN a montr\u00e9 beaucoup de compr\u00e9hension \u00e0 notre \u00e9gard.</p>\n<p>Voil\u00e0 les points de cet accord sur lesquels je voulais insister.</p>\n<p>Je vous invite \u00e0 entrer en mati\u00e8re sur ce projet et \u00e0 soutenir l'accord, tel que pr\u00e9sent\u00e9, comme l'ont fait votre commission et le Conseil national.</p>\n</pd_text>","MeetingCouncilAbbreviation":"S","MeetingDate":"20180531","MeetingVerbalixOid":3009,"IdSession":"5013","SpeakerFirstName":"Guy","SpeakerLastName":"Parmelin","SpeakerFullName":"Parmelin Guy","SpeakerFunction":"BR-M","CouncilId":99,"CouncilName":"Bundesrat","CantonId":22,"CantonName":"Waadt","CantonAbbreviation":"VD","ParlGroupName":null,"ParlGroupAbbreviation":null,"SortOrder":2,"Start":"\/Date(1527760544980)\/","End":"\/Date(1527761115637)\/","Function":"BR-M","DisplaySpeaker":true,"LanguageOfText":"FR","Modified":"\/Date(1552476167410)\/","StartTimeWithTimezone":"\/Date(1527760544980+0120)\/","EndTimeWithTimezone":"\/Date(1527761115637+0120)\/","VoteBusinessNumber":null,"VoteBusinessShortNumber":null,"VoteBusinessTitle":null},{"__metadata":{"id":"https://ws.parlament.ch/OData.svc/Transcript(ID=230130L,Language='DE')","uri":"https://ws.parlament.ch/OData.svc/Transcript(ID=230130L,Language='DE')","type":"itsystems.Pd.DataServices.DataModel.Transcript"},"Subjects":{"__deferred":{"uri":"https://ws.parlament.ch/OData.svc/Transcript(ID=230130L,Language='DE')/Subjects"}},"MembersCouncil":{"__deferred":{"uri":"https://ws.parlament.ch/OData.svc/Transcript(ID=230130L,Language='DE')/MembersCouncil"}},"Businesses":{"__deferred":{"uri":"https://ws.parlament.ch/OData.svc/Transcript(ID=230130L,Language='DE')/Businesses"}},"ID":"230130","Language":"DE","IdSubject":"43267","VoteId":null,"PersonNumber":4151,"Type":1,"Text":"<pd_text><p>Der Bundesrat will dem Nato-Programm f\u00fcr den Austausch von Luftlagedaten beitreten, um den Zugang zu wesentlichen Informationen f\u00fcr die nichtmilit\u00e4rische Luftraumsicherheit der Schweiz zu sichern. Der Bundesrat hat deshalb am 1. Dezember 2017 der Vereinbarung \u00fcber Air Situation Data Exchange (ASDE) mit der Nato und Deutschland zugestimmt und dem Parlament zur Genehmigung unterbreitet.</p>\n<p>F\u00fcr die Sicherheit des Luftraums \u00fcber der Schweiz sind verl\u00e4ssliche Kenntnisse \u00fcber die Luftlage von zentraler Bedeutung. Unerl\u00e4sslich sind dazu auch Daten \u00fcber die nichtmilit\u00e4rische Luftlage im europ\u00e4ischen Umfeld. Diese sichern der Schweizer Luftwaffe gen\u00fcgend Vorwarnzeit und erlauben es, bei Bedarf luftpolizeiliche Massnahmen durchzuf\u00fchren. Die bestehenden bilateralen Luftpolizeiabkommen mit den Nachbarstaaten sehen diesen Luftlagedaten-Austausch vor. Allerdings gehen die Nato-Mitglieder unter den Nachbarstaaten dazu \u00fcber, ihr Luftlagebild nicht mehr national zu erstellen, sondern im Rahmen der Nato zu generieren.</p>\n<p>Somit verliert die Schweiz die Datenquellen f\u00fcr das wichtige Bild jenseits ihrer Landesgrenzen. Die Nato bietet aber den Staaten, die an der Partnerschaft f\u00fcr den Frieden teilnehmen, mit ASDE an, nach individuellen Bed\u00fcrfnissen nichtmilit\u00e4rische Luftlagedaten zu beziehen. Mit einem Beitritt zu[NB]ASDE kann die Schweiz das eigene Bild \u00fcber die Luftlage jenseits ihrer Grenzen erg\u00e4nzen. Die Nato und die Schweiz tauschen mit ASDE ausschliesslich Luftlagedaten aus, die f\u00fcr den Luftpolizeidienst in Friedenszeiten einsatzrelevant sind. Milit\u00e4risch sensible Daten werden keine ausgetauscht.</p>\n<p>Die Vereinbarung enth\u00e4lt eine spezielle Klausel, die es der Schweiz jederzeit erlaubt, den Datenaustausch einseitig und f\u00fcr eine von der Schweiz alleine festgelegte Dauer zu suspendieren. Dies stellt sicher, dass die Glaubw\u00fcrdigkeit und Wirksamkeit der Schweizer Neutralit\u00e4t mit der Teilnahme an ASDE nicht infrage gestellt werden. Die Nato selber verf\u00fcgt \u00fcber keine eigenen Mittel, um ihre Luftlagedaten in die Schweiz zu liefern. Deshalb bietet sich Deutschland als Nato-Mitgliedstaat und Nachbarstaat der Schweiz an, den[NB]ASDE-Datentransport in und aus der Schweiz sicherzustellen. Aus diesem Grund schliesst die ASDE-Vereinbarung auch Deutschland mit ein. </p>\n<p>Der Nationalrat hat die Vorlage als Erstrat am 15. M\u00e4rz 2018 in der Gesamtabstimmung mit 177 zu 1 Stimmen bei 2 Enthaltungen angenommen.</p>\n<p>Ihre Kommission pr\u00fcfte die Vorlage eingehend. Sie nahm insbesondere zur Kenntnis, dass mit der Teilnahme an ASDE die grenz\u00fcberschreitende Koordination bei der Durchf\u00fchrung von Luftpolizeimassnahmen verbessert wird sowie die Vorwarn- und Reaktionszeiten f\u00fcr die Schweizer Luftwaffe im Luftpolizeidienst verl\u00e4ngert werden. Andere neutrale oder allianzfreie Staaten wie Finnland, \u00d6sterreich oder Schweden nehmen bereits an ASDE teil und \u00e4ussern sich positiv \u00fcber die Qualit\u00e4t des Systems. </p>\n<p>Ihre Kommission pr\u00fcfte die Vorlage auch auf die Einhaltung der Neutralit\u00e4t. Sie kam zum Schluss, dass aus neutralit\u00e4tsrechtlicher Sicht die Teilnahme der Schweiz an ASDE unproblematisch ist, da nur Daten aus dem nationalen Luftlagebild \u00fcbermittelt werden, die im Rahmen der Luftpolizeiaufgaben und zur Verbesserung der Sicherheit im Luftraum relevant sind. Informationen zur Luftverteidigung werden nicht \u00fcbermittelt. Folglich tauscht die Schweiz \u00fcber ASDE keine Daten aus, die eine Konfliktpartei in einem internationalen bewaffneten Konflikt beg\u00fcnstigen k\u00f6nnten.</p>\n<p>Ihre Kommission beantragt Ihnen deshalb einstimmig, die Vereinbarung mit Deutschland und der Nato \u00fcber die Teilnahme der Schweiz an Air Situation Data Exchange zu genehmigen. Aus Sicht der Kommission sind f\u00fcr die Sicherheit des Luftraums \u00fcber der Schweiz verl\u00e4ssliche Kenntnisse \u00fcber die nichtmilit\u00e4rische Luftlage im europ\u00e4ischen Umfeld unerl\u00e4sslich, und sie unterst\u00fctzt die Vorlage deswegen klar.</p>\n</pd_text>","MeetingCouncilAbbreviation":"S","MeetingDate":"20180531","MeetingVerbalixOid":3009,"IdSession":"5013","SpeakerFirstName":"Josef","SpeakerLastName":"Dittli","SpeakerFullName":"Dittli Josef","SpeakerFunction":"Mit-M","CouncilId":2,"CouncilName":"St\u00e4nderat","CantonId":4,"CantonName":"Uri","CantonAbbreviation":"UR","ParlGroupName":"FDP-Liberale Fraktion","ParlGroupAbbreviation":"RL","SortOrder":1,"Start":"\/Date(1527760199540)\/","End":"\/Date(1527760544980)\/","Function":"*","DisplaySpeaker":true,"LanguageOfText":"DE","Modified":"\/Date(1552476167410)\/","StartTimeWithTimezone":"\/Date(1527760199540+0120)\/","EndTimeWithTimezone":"\/Date(1527760544980+0120)\/","VoteBusinessNumber":null,"VoteBusinessShortNumber":null,"VoteBusinessTitle":null}]},"ID":"43267","Language":"DE","IdMeeting":"4066","VerbalixOid":565692,"SortOrder":6,"Modified":"\/Date(1552476167410)\/"}}