{"d":{"__metadata":{"id":"https://ws.parlament.ch/OData.svc/Subject(ID=434L,Language='DE')","uri":"https://ws.parlament.ch/OData.svc/Subject(ID=434L,Language='DE')","type":"itsystems.Pd.DataServices.DataModel.Subject"},"Meetings":{"__metadata":{"id":"https://ws.parlament.ch/OData.svc/Meeting(ID=35L,Language='DE')","uri":"https://ws.parlament.ch/OData.svc/Meeting(ID=35L,Language='DE')","type":"itsystems.Pd.DataServices.DataModel.Meeting"},"Sessions":{"__deferred":{"uri":"https://ws.parlament.ch/OData.svc/Meeting(ID=35L,Language='DE')/Sessions"}},"Subjects":{"__deferred":{"uri":"https://ws.parlament.ch/OData.svc/Meeting(ID=35L,Language='DE')/Subjects"}},"ID":"35","Language":"DE","MeetingNumber":12,"IdSession":4602,"SessionNumber":2,"SessionName":"Fr\u00fchjahrssession 2000","Council":1,"CouncilName":"Nationalrat","CouncilAbbreviation":"NR","Date":"\/Date(953596800000)\/","Begin":"0800","Modified":"\/Date(1447069710460)\/","LegislativePeriodNumber":46,"PublicationStatus":"final","MeetingOrderText":"Zw\u00f6lfte Sitzung","SortOrder":12,"Location":"N"},"SubjectsBusiness":{"results":[{"__metadata":{"id":"https://ws.parlament.ch/OData.svc/SubjectBusiness(BusinessNumber=19993567,IdSubject=434L,Language='DE')","uri":"https://ws.parlament.ch/OData.svc/SubjectBusiness(BusinessNumber=19993567,IdSubject=434L,Language='DE')","type":"itsystems.Pd.DataServices.DataModel.SubjectBusiness"},"Subjects":{"__deferred":{"uri":"https://ws.parlament.ch/OData.svc/SubjectBusiness(BusinessNumber=19993567,IdSubject=434L,Language='DE')/Subjects"}},"Businesses":{"__deferred":{"uri":"https://ws.parlament.ch/OData.svc/SubjectBusiness(BusinessNumber=19993567,IdSubject=434L,Language='DE')/Businesses"}},"IdSubject":"434","BusinessNumber":19993567,"Language":"DE","BusinessShortNumber":"99.3567","Title":"Pflegekosten von Asylsuchenden","SortOrder":1,"PublishedNotes":null,"Modified":"\/Date(1447069106883)\/","TitleDE":"Motion St\u00e4nderat\n(SGK-SR 99.064).\nPflegekosten\nvon Asylsuchenden","TitleFR":"Motion Conseil des Etats\n(CSSS-CE 99.064).\nPrise en charge des soins\ndes requ\u00e9rants d'asile","TitleIT":null}]},"Transcripts":{"results":[{"__metadata":{"id":"https://ws.parlament.ch/OData.svc/Transcript(ID=2832L,Language='DE')","uri":"https://ws.parlament.ch/OData.svc/Transcript(ID=2832L,Language='DE')","type":"itsystems.Pd.DataServices.DataModel.Transcript"},"Subjects":{"__deferred":{"uri":"https://ws.parlament.ch/OData.svc/Transcript(ID=2832L,Language='DE')/Subjects"}},"MembersCouncil":{"__deferred":{"uri":"https://ws.parlament.ch/OData.svc/Transcript(ID=2832L,Language='DE')/MembersCouncil"}},"Businesses":{"__deferred":{"uri":"https://ws.parlament.ch/OData.svc/Transcript(ID=2832L,Language='DE')/Businesses"}},"ID":"2832","Language":"DE","IdSubject":"434","VoteId":null,"PersonNumber":null,"Type":3,"Text":"<pd_text><p><b>Pr\u00e4sident</b> (Seiler Hanspeter, Pr\u00e4sident): Die SGK-NR beantragt, die Motion zu \u00fcberweisen.</p>\n<p>[VS]</p>\n<p><i>\u00dcberwiesen - Transmis</i></p>\n<p>[PAGE 366] </p>\n</pd_text>","MeetingCouncilAbbreviation":"N","MeetingDate":"20000321","MeetingVerbalixOid":671,"IdSession":"4602","SpeakerFirstName":null,"SpeakerLastName":null,"SpeakerFullName":"","SpeakerFunction":null,"CouncilId":null,"CouncilName":null,"CantonId":null,"CantonName":null,"CantonAbbreviation":null,"ParlGroupName":null,"ParlGroupAbbreviation":null,"SortOrder":1,"Start":"\/Date(953626722525)\/","End":"\/Date(953626797103)\/","Function":null,"DisplaySpeaker":null,"LanguageOfText":"DE","Modified":"\/Date(1774878276089)\/","StartTimeWithTimezone":"\/Date(953626722527+0060)\/","EndTimeWithTimezone":"\/Date(953626797103+0060)\/","VoteBusinessNumber":null,"VoteBusinessShortNumber":null,"VoteBusinessTitle":null}]},"ID":"434","Language":"DE","IdMeeting":"35","VerbalixOid":11165,"SortOrder":2,"Modified":"\/Date(1774878276087)\/"}}