{"d":{"__metadata":{"id":"https://ws.parlament.ch/OData.svc/Subject(ID=436L,Language='DE')","uri":"https://ws.parlament.ch/OData.svc/Subject(ID=436L,Language='DE')","type":"itsystems.Pd.DataServices.DataModel.Subject"},"Meetings":{"__metadata":{"id":"https://ws.parlament.ch/OData.svc/Meeting(ID=35L,Language='DE')","uri":"https://ws.parlament.ch/OData.svc/Meeting(ID=35L,Language='DE')","type":"itsystems.Pd.DataServices.DataModel.Meeting"},"Sessions":{"__deferred":{"uri":"https://ws.parlament.ch/OData.svc/Meeting(ID=35L,Language='DE')/Sessions"}},"Subjects":{"__deferred":{"uri":"https://ws.parlament.ch/OData.svc/Meeting(ID=35L,Language='DE')/Subjects"}},"ID":"35","Language":"DE","MeetingNumber":12,"IdSession":4602,"SessionNumber":2,"SessionName":"Fr\u00fchjahrssession 2000","Council":1,"CouncilName":"Nationalrat","CouncilAbbreviation":"NR","Date":"\/Date(953596800000)\/","Begin":"0800","Modified":"\/Date(1447069710460)\/","LegislativePeriodNumber":46,"PublicationStatus":"final","MeetingOrderText":"Zw\u00f6lfte Sitzung","SortOrder":12,"Location":"N"},"SubjectsBusiness":{"results":[{"__metadata":{"id":"https://ws.parlament.ch/OData.svc/SubjectBusiness(BusinessNumber=19983286,IdSubject=436L,Language='DE')","uri":"https://ws.parlament.ch/OData.svc/SubjectBusiness(BusinessNumber=19983286,IdSubject=436L,Language='DE')","type":"itsystems.Pd.DataServices.DataModel.SubjectBusiness"},"Subjects":{"__deferred":{"uri":"https://ws.parlament.ch/OData.svc/SubjectBusiness(BusinessNumber=19983286,IdSubject=436L,Language='DE')/Subjects"}},"Businesses":{"__deferred":{"uri":"https://ws.parlament.ch/OData.svc/SubjectBusiness(BusinessNumber=19983286,IdSubject=436L,Language='DE')/Businesses"}},"IdSubject":"436","BusinessNumber":19983286,"Language":"DE","BusinessShortNumber":"98.3286","Title":"Morbidit\u00e4t bei Krebs. Epidemiologische Daten","SortOrder":1,"PublishedNotes":null,"Modified":"\/Date(1447069090520)\/","TitleDE":"Motion Cavalli Franco.\nMorbidit\u00e4t bei Krebs.\nEpidemiologische Daten","TitleFR":"Motion Cavalli Franco.\nDonn\u00e9es \u00e9pid\u00e9miologiques\nsur le cancer\nnull\nMozione Cavalli Franco.\nDati epidemiologici\nsulla morbilit\u00e0 per cancro","TitleIT":null}]},"Transcripts":{"results":[{"__metadata":{"id":"https://ws.parlament.ch/OData.svc/Transcript(ID=2836L,Language='DE')","uri":"https://ws.parlament.ch/OData.svc/Transcript(ID=2836L,Language='DE')","type":"itsystems.Pd.DataServices.DataModel.Transcript"},"Subjects":{"__deferred":{"uri":"https://ws.parlament.ch/OData.svc/Transcript(ID=2836L,Language='DE')/Subjects"}},"MembersCouncil":{"__deferred":{"uri":"https://ws.parlament.ch/OData.svc/Transcript(ID=2836L,Language='DE')/MembersCouncil"}},"Businesses":{"__deferred":{"uri":"https://ws.parlament.ch/OData.svc/Transcript(ID=2836L,Language='DE')/Businesses"}},"ID":"2836","Language":"DE","IdSubject":"436","VoteId":null,"PersonNumber":205,"Type":1,"Text":"<pd_text><p><b>Pr\u00e4sident</b> (Seiler Hanspeter, Pr\u00e4sident): Frau Baumann Stephanie teilt mit, dass Herr Cavalli mit der \u00dcberweisung als Postulat einverstanden ist.</p>\n<p>[VS]</p>\n<p><i>\u00dcberwiesen als Postulat - Transmis comme postulat</i></p>\n</pd_text>","MeetingCouncilAbbreviation":"N","MeetingDate":"20000321","MeetingVerbalixOid":671,"IdSession":"4602","SpeakerFirstName":"Hanspeter","SpeakerLastName":"Seiler","SpeakerFullName":"Seiler Hanspeter","SpeakerFunction":"P-M","CouncilId":1,"CouncilName":"Nationalrat","CantonId":2,"CantonName":"Bern","CantonAbbreviation":"BE","ParlGroupName":"Fraktion der Schweizerischen Volkspartei","ParlGroupAbbreviation":"V","SortOrder":1,"Start":"\/Date(953632499456)\/","End":"\/Date(953632528628)\/","Function":"","DisplaySpeaker":false,"LanguageOfText":null,"Modified":"\/Date(1774878276178)\/","StartTimeWithTimezone":"\/Date(953632499457+0060)\/","EndTimeWithTimezone":"\/Date(953632528627+0060)\/","VoteBusinessNumber":null,"VoteBusinessShortNumber":null,"VoteBusinessTitle":null}]},"ID":"436","Language":"DE","IdMeeting":"35","VerbalixOid":10988,"SortOrder":17,"Modified":"\/Date(1774878276176)\/"}}