{"d":{"__metadata":{"id":"https://ws.parlament.ch/OData.svc/Subject(ID=44049L,Language='DE')","uri":"https://ws.parlament.ch/OData.svc/Subject(ID=44049L,Language='DE')","type":"itsystems.Pd.DataServices.DataModel.Subject"},"Meetings":{"__metadata":{"id":"https://ws.parlament.ch/OData.svc/Meeting(ID=4099L,Language='DE')","uri":"https://ws.parlament.ch/OData.svc/Meeting(ID=4099L,Language='DE')","type":"itsystems.Pd.DataServices.DataModel.Meeting"},"Sessions":{"__deferred":{"uri":"https://ws.parlament.ch/OData.svc/Meeting(ID=4099L,Language='DE')/Sessions"}},"Subjects":{"__deferred":{"uri":"https://ws.parlament.ch/OData.svc/Meeting(ID=4099L,Language='DE')/Subjects"}},"ID":"4099","Language":"DE","MeetingNumber":6,"IdSession":5014,"SessionNumber":14,"SessionName":"Herbstsession 2018","Council":1,"CouncilName":"Nationalrat","CouncilAbbreviation":"NR","Date":"\/Date(1537142400000)\/","Begin":"1430","Modified":"\/Date(1539185378070)\/","LegislativePeriodNumber":50,"PublicationStatus":"final","MeetingOrderText":"Sechste Sitzung","SortOrder":6,"Location":"N"},"SubjectsBusiness":{"results":[{"__metadata":{"id":"https://ws.parlament.ch/OData.svc/SubjectBusiness(BusinessNumber=20174121,IdSubject=44049L,Language='DE')","uri":"https://ws.parlament.ch/OData.svc/SubjectBusiness(BusinessNumber=20174121,IdSubject=44049L,Language='DE')","type":"itsystems.Pd.DataServices.DataModel.SubjectBusiness"},"Subjects":{"__deferred":{"uri":"https://ws.parlament.ch/OData.svc/SubjectBusiness(BusinessNumber=20174121,IdSubject=44049L,Language='DE')/Subjects"}},"Businesses":{"__deferred":{"uri":"https://ws.parlament.ch/OData.svc/SubjectBusiness(BusinessNumber=20174121,IdSubject=44049L,Language='DE')/Businesses"}},"IdSubject":"44049","BusinessNumber":20174121,"Language":"DE","BusinessShortNumber":"17.4121","Title":"Drittes Geschlecht im Personenstandsregister","SortOrder":1,"PublishedNotes":null,"Modified":"\/Date(1519027789256)\/","TitleDE":"Postulat Arslan Sibel.\nDrittes Geschlecht\nim Personenstandsregister","TitleFR":"Postulat Arslan Sibel.\nInscription d'un troisi\u00e8me sexe\n\u00e0 l'\u00e9tat civil","TitleIT":null}]},"Transcripts":{"results":[{"__metadata":{"id":"https://ws.parlament.ch/OData.svc/Transcript(ID=234449L,Language='DE')","uri":"https://ws.parlament.ch/OData.svc/Transcript(ID=234449L,Language='DE')","type":"itsystems.Pd.DataServices.DataModel.Transcript"},"Subjects":{"__deferred":{"uri":"https://ws.parlament.ch/OData.svc/Transcript(ID=234449L,Language='DE')/Subjects"}},"MembersCouncil":{"__deferred":{"uri":"https://ws.parlament.ch/OData.svc/Transcript(ID=234449L,Language='DE')/MembersCouncil"}},"Businesses":{"__deferred":{"uri":"https://ws.parlament.ch/OData.svc/Transcript(ID=234449L,Language='DE')/Businesses"}},"ID":"234449","Language":"DE","IdSubject":"44049","VoteId":"17473","PersonNumber":null,"Type":2,"Text":"<pd_text><p><b>Le pr\u00e9sident </b>(de Buman Dominique, pr\u00e9sident): Le Conseil f\u00e9d\u00e9ral propose d'adopter le postulat.</p>\n<p>[VS]</p>\n<p><i>Abstimmung - Vote </i>[GZ]</p>\n<p>[NAM][GZ]</p>\n<p>F\u00fcr Annahme des Postulates ... 109 Stimmen [GZ]</p>\n<p>Dagegen ... 77 Stimmen [GZ]</p>\n<p>(5 Enthaltungen) [PAGE 1396] </p>\n</pd_text>","MeetingCouncilAbbreviation":"N","MeetingDate":"20180917","MeetingVerbalixOid":3042,"IdSession":"5014","SpeakerFirstName":null,"SpeakerLastName":null,"SpeakerFullName":"","SpeakerFunction":null,"CouncilId":null,"CouncilName":null,"CantonId":null,"CantonName":null,"CantonAbbreviation":null,"ParlGroupName":null,"ParlGroupAbbreviation":null,"SortOrder":4,"Start":"\/Date(1537208089530)\/","End":"\/Date(1537208107521)\/","Function":null,"DisplaySpeaker":null,"LanguageOfText":null,"Modified":"\/Date(1774877233226)\/","StartTimeWithTimezone":"\/Date(1537208089530+0120)\/","EndTimeWithTimezone":"\/Date(1537208107520+0120)\/","VoteBusinessNumber":20174121,"VoteBusinessShortNumber":"17.4121","VoteBusinessTitle":"Postulat Arslan Sibel.\nDrittes Geschlecht\nim Personenstandsregister"},{"__metadata":{"id":"https://ws.parlament.ch/OData.svc/Transcript(ID=234466L,Language='DE')","uri":"https://ws.parlament.ch/OData.svc/Transcript(ID=234466L,Language='DE')","type":"itsystems.Pd.DataServices.DataModel.Transcript"},"Subjects":{"__deferred":{"uri":"https://ws.parlament.ch/OData.svc/Transcript(ID=234466L,Language='DE')/Subjects"}},"MembersCouncil":{"__deferred":{"uri":"https://ws.parlament.ch/OData.svc/Transcript(ID=234466L,Language='DE')/MembersCouncil"}},"Businesses":{"__deferred":{"uri":"https://ws.parlament.ch/OData.svc/Transcript(ID=234466L,Language='DE')/Businesses"}},"ID":"234466","Language":"DE","IdSubject":"44049","VoteId":null,"PersonNumber":3898,"Type":1,"Text":"<pd_text><p>Je vous invite, au contraire, \u00e0 rejeter ce postulat qui t\u00e9moigne de cette chose \u00e0 la mode consistant \u00e0 confondre \u00e9galit\u00e9 et indiff\u00e9renciation, alors qu'il s'agit de deux concepts compl\u00e8tement diff\u00e9rents, et ce sur un point extr\u00eamement important et profond puisqu'il s'agit de l'identit\u00e9. L'identit\u00e9 sexuelle de chacun d'entre nous est un \u00e9l\u00e9ment extr\u00eamement structurant de notre identit\u00e9. D\u00e8s leur plus jeune \u00e2ge, les enfants se d\u00e9terminent ainsi: je suis comme mon papa et diff\u00e9rent de ma maman, je suis donc un gar\u00e7on; je suis comme ma maman et diff\u00e9rente de mon papa, je suis donc une fille. C'est par r\u00e9f\u00e9rence \u00e0 l'existence de deux sexes, d\u00e8s le stade de l'enfance au sein de la famille, que chacun va construire petit \u00e0 petit ce qui fera ce qu'il est et sa diff\u00e9renciation.</p>\n<p>Bien s\u00fbr, il y a des cas, extr\u00eamement minoritaires, dans lesquels un enfant peut na\u00eetre intersexu\u00e9, c'est-\u00e0-dire qu'on n'arrive pas \u00e0 d\u00e9terminer, pour une question hormonale ou une autre question, \u00e0 quel genre il appartient. Face \u00e0 ce type d'anomalie, on a eu le scalpel un peu trop rapide dans le pass\u00e9, en cr\u00e9ant des situations d\u00e9finitives pour apaiser les parents qui avaient besoin de savoir. C'est toujours la premi\u00e8re question qui est pos\u00e9e \u00e0 la naissance d'un enfant: est-ce un gar\u00e7on ou est-ce une fille? Sans doute serait-il intelligent, et les recommandations de la m\u00e9decine vont dans ce sens, d'attendre un peu avant de prendre ce genre de d\u00e9cision pour autrui, tout en sachant qu'il y a aussi un autre danger: l'identit\u00e9 sexuelle \u00e9tant tr\u00e8s structurante pour chacun, laisser quelqu'un dans une indiff\u00e9renciation, c'est aussi hypoth\u00e9quer son d\u00e9veloppement et son futur \u00e9quilibre.</p>\n<p>Si on parle d'\u00e9tat civil, donc de situations administratives, de quoi s'agit-il? Il s'agit de l'identit\u00e9. Chaque personne est r\u00e9pertori\u00e9e comme ayant les yeux bleus ou les yeux bruns, les cheveux fonc\u00e9s ou clairs, comme \u00e9tant grande ou petite, comme homme ou femme. Chacun ne peut pas disposer de son identit\u00e9 \u00e0 sa guise et \u00e0 la carte. Je ne peux pas me pr\u00e9senter \u00e0 l'\u00e9tat civil en disant que je veux qu'une autre taille soit inscrite sur mon passeport ou une autre couleur de cheveux, me sentant plut\u00f4t blond aujourd'hui et plut\u00f4t brun demain.</p>\n<p>Tout cela pr\u00e9tend r\u00e9pondre aux sensibilit\u00e9s de personnes souffrant de situations ambigu\u00ebs, mais on n'aidera pas ces personnes de cette fa\u00e7on. Certains se disent transsexuels et souhaitent changer de genre. Mais changer de genre, c'est passer d'un genre \u00e0 un autre genre et pour passer d'un genre \u00e0 un autre genre, il faut qu'il existe un genre et un autre.</p>\n<p>Si vous enfermez les gens dans un genre indiff\u00e9renci\u00e9, vous allez en faire une prison. D'abord, les enfants naissant dans cette situation vont \u00eatre cat\u00e9goris\u00e9s sans genre, et on n'a aucune id\u00e9e de ce que cela donnera pour leur d\u00e9veloppement \u00e0 l'\u00e9cole lorsqu'ils auront \u00e0 s'annoncer comme sans genre. Ensuite, pour les personnes mal \u00e0 l'aise avec le genre qui est le leur et qui souhaitent en changer par la chirurgie, on risque de les inciter \u00e0 rester entre les deux et \u00e0 ne pas faire de choix v\u00e9ritable.</p>\n<p>Pour toutes ces raisons, \u00e0 savoir que c'est une fausse bonne id\u00e9e, que c'est jouer \u00e0 l'apprenti sorcier avec un des fondements de la psychologie, de l'identit\u00e9, mais aussi de la soci\u00e9t\u00e9, je vous invite \u00e0 rejeter le postulat.</p>\n</pd_text>","MeetingCouncilAbbreviation":"N","MeetingDate":"20180917","MeetingVerbalixOid":3042,"IdSession":"5014","SpeakerFirstName":"Yves","SpeakerLastName":"Nidegger","SpeakerFullName":"Nidegger Yves","SpeakerFunction":"Mit-M","CouncilId":1,"CouncilName":"Nationalrat","CantonId":25,"CantonName":"Genf","CantonAbbreviation":"GE","ParlGroupName":"Fraktion der Schweizerischen Volkspartei","ParlGroupAbbreviation":"V","SortOrder":2,"Start":"\/Date(1537207863528)\/","End":"\/Date(1537208071530)\/","Function":"Mit-M","DisplaySpeaker":true,"LanguageOfText":"FR","Modified":"\/Date(1774877233219)\/","StartTimeWithTimezone":"\/Date(1537207863527+0120)\/","EndTimeWithTimezone":"\/Date(1537208071530+0120)\/","VoteBusinessNumber":null,"VoteBusinessShortNumber":null,"VoteBusinessTitle":null},{"__metadata":{"id":"https://ws.parlament.ch/OData.svc/Transcript(ID=234486L,Language='DE')","uri":"https://ws.parlament.ch/OData.svc/Transcript(ID=234486L,Language='DE')","type":"itsystems.Pd.DataServices.DataModel.Transcript"},"Subjects":{"__deferred":{"uri":"https://ws.parlament.ch/OData.svc/Transcript(ID=234486L,Language='DE')/Subjects"}},"MembersCouncil":{"__deferred":{"uri":"https://ws.parlament.ch/OData.svc/Transcript(ID=234486L,Language='DE')/MembersCouncil"}},"Businesses":{"__deferred":{"uri":"https://ws.parlament.ch/OData.svc/Transcript(ID=234486L,Language='DE')/Businesses"}},"ID":"234486","Language":"DE","IdSubject":"44049","VoteId":null,"PersonNumber":4184,"Type":1,"Text":"<pd_text><p>Ich m\u00f6chte nat\u00fcrlich korrigieren, dass auch die EVP diesen Vorstoss mitunterst\u00fctzt hat; so bleibt die SVP ganz allein. Tut mir leid.</p>\n</pd_text>","MeetingCouncilAbbreviation":"N","MeetingDate":"20180917","MeetingVerbalixOid":3042,"IdSession":"5014","SpeakerFirstName":"Sibel","SpeakerLastName":"Arslan","SpeakerFullName":"Arslan Sibel","SpeakerFunction":"Mit-F","CouncilId":1,"CouncilName":"Nationalrat","CantonId":12,"CantonName":"Basel-Stadt","CantonAbbreviation":"BS","ParlGroupName":"Gr\u00fcne Fraktion","ParlGroupAbbreviation":"G","SortOrder":3,"Start":"\/Date(1537208071530)\/","End":"\/Date(1537208089530)\/","Function":"Mit-F","DisplaySpeaker":true,"LanguageOfText":"DE","Modified":"\/Date(1774877233221)\/","StartTimeWithTimezone":"\/Date(1537208071530+0120)\/","EndTimeWithTimezone":"\/Date(1537208089530+0120)\/","VoteBusinessNumber":null,"VoteBusinessShortNumber":null,"VoteBusinessTitle":null},{"__metadata":{"id":"https://ws.parlament.ch/OData.svc/Transcript(ID=234492L,Language='DE')","uri":"https://ws.parlament.ch/OData.svc/Transcript(ID=234492L,Language='DE')","type":"itsystems.Pd.DataServices.DataModel.Transcript"},"Subjects":{"__deferred":{"uri":"https://ws.parlament.ch/OData.svc/Transcript(ID=234492L,Language='DE')/Subjects"}},"MembersCouncil":{"__deferred":{"uri":"https://ws.parlament.ch/OData.svc/Transcript(ID=234492L,Language='DE')/MembersCouncil"}},"Businesses":{"__deferred":{"uri":"https://ws.parlament.ch/OData.svc/Transcript(ID=234492L,Language='DE')/Businesses"}},"ID":"234492","Language":"DE","IdSubject":"44049","VoteId":null,"PersonNumber":4184,"Type":1,"Text":"<pd_text><p>Mit der vorgeschlagenen \u00c4nderung des ZGB f\u00fcr eine erleichterte \u00c4nderung des Geschlechts von Transmenschen und Menschen mit einer Geschlechtsvariante im Personenstandsregister wurde ein wichtiger Schritt f\u00fcr die Gleichberechtigung von Minderheiten eingeleitet. Ein wesentlicher Aspekt ist jedoch leider weiterhin unber\u00fccksichtigt geblieben: Das Gesetz verlangt nach wie vor, dass man sich entweder als weiblich oder als m\u00e4nnlich identifiziert. Damit bleibt die schweizerische Rechtsordnung bei der bin\u00e4ren [PAGE 1395] Betrachtungsweise der Geschlechter. Diese Konzeption verkennt, dass es Menschen gibt, die sich nicht in diesen Geschlechterkategorien wiedererkennen.</p>\n<p>Um m\u00f6glichst allen Teilen unserer Bev\u00f6lkerung gerecht zu werden, pl\u00e4diere ich f\u00fcr die Einf\u00fchrung eines dritten, neutralen Geschlechtes - das kann mit \"Inter\", \"Divers\" oder \"X\" bezeichnet werden - oder, alternativ dazu, daf\u00fcr, generell von einem Geschlechtseintrag abzusehen.</p>\n<p>Welchen Menschen w\u00fcrde das Gesetz durch die rechtliche Anerkennung eines dritten Geschlechts oder mit einem Verzicht auf die Eintragung Rechnung tragen? Es handelt sich zum einen um Menschen, die aus medizinischer Sicht keine eindeutig weiblichen oder m\u00e4nnlichen Geschlechtsmerkmale haben, das heisst, dass sie nicht den g\u00e4ngigen Geschlechterkategorien zugeordnet werden k\u00f6nnen. J\u00e4hrlich kommen in der Schweiz rund vierzig intersexuelle Kinder zur Welt. Verunsicherte Eltern lassen oft medizinisch nicht notwendige Operationen an ihnen zu, um das Geschlecht festzulegen. Dieser gesellschaftliche Druck wurde bereits in einem Uno-Bericht 2016 bem\u00e4ngelt, und Studien belegen die lebenslangen physischen oder mentalen Folgen solcher Eingriffe. Zum andern sind Menschen betroffen, die zwar genetisch eindeutige Geschlechtsmerkmale zeigen, sich aber weder als Mann noch als Frau f\u00fchlen. Das ist nat\u00fcrlich auch eine Schwierigkeit.</p>\n<p>Wenn wir \u00fcber die Schweizer Grenzen blicken, k\u00f6nnen wir feststellen: Wir w\u00e4ren mit einer solchen Regelung keine Exoten. Grosse mediale Aufmerksamkeit erhielt etwa der Beschluss des deutschen Bundesverfassungsgerichtes im Oktober letzten Jahres, mit dem der Bundestag verpflichtet wurde, bis Ende 2018 einen weiteren Geschlechtseintrag neben \"m\u00e4nnlich\" und \"weiblich\" im Geburtenregister zu erm\u00f6glichen oder allgemein auf einen Geschlechtseintrag zu verzichten. Auch verschiedene andere Staaten anerkennen ein unbestimmtes Geschlecht. Es handelt sich dabei um Staaten in der ganzen Welt: In S\u00fcdasien anerkennen zum Beispiel Pakistan, Nepal, Bangladesch und Indien eine dritte Geschlechtsgruppe; in Argentinien k\u00f6nnen seit 2012 auch Minderj\u00e4hrige ihre Geschlechtszugeh\u00f6rigkeit selbst bestimmen; in Australien kann ein drittes Geschlecht unter dem Titel \"non-specific\" eingetragen werden; in Neuseeland gibt es die Option \"Indeterminate/Intersex/Unspecified\"; in Kanada kann ein \"X\" in den Reisepass eingetragen werden. Sie sehen, es sind viele L\u00e4nder; D\u00e4nemark, Kolumbien, Malta und den US-Bundesstaat Oregon kann ich auch noch nennen.</p>\n<p>W\u00e4hrend unser Gesetz also nur zwei Geschlechter vorsieht, ist die gesellschaftliche Realit\u00e4t f\u00fcr eine Minderheit eine ganz andere. Mit der Einf\u00fchrung eines dritten, neutralen Geschlechts oder gar mit Verzicht auf eine Bezeichnung k\u00f6nnen wir zur Aufhebung einer Ungleichheit beitragen und den Schutz der Pers\u00f6nlichkeit st\u00e4rken. Ich bin und bleibe davon \u00fcberzeugt, dass das Zivilrecht f\u00fcr alle da sein muss und kann. Angesichts der erw\u00e4hnten internationalen Entwicklungen sollten wir dar\u00fcber nachdenken, ob das bestehende Konzept nicht zu eng ist und welche Normen angepasst werden m\u00fcssten, um der Situation besser gerecht zu werden.</p>\n<p>Deshalb bitte ich Sie, mein Postulat, welches ausser von Vertretern der SVP-Fraktion und, glaube ich, von der Vertretung der EVP von Vertretern aller Fraktionen mitunterzeichnet wurde und vom Bundesrat zur Annahme empfohlen wird, zu unterst\u00fctzen, sodass wir eine Grundlage f\u00fcr den Modernisierungsdiskurs haben. So k\u00f6nnen wir zun\u00e4chst die Bed\u00fcrfnisse der betroffenen Menschen verstehen, die sich durch die heutige Einteilung in Mann und Frau offenbar diskriminiert f\u00fchlen. Sodann w\u00fcrde abgekl\u00e4rt, was diese Anpassung rechtlich f\u00fcr eine Bedeutung h\u00e4tte, und gest\u00fctzt darauf k\u00f6nnten wir \u00fcber die konkreten L\u00f6sungen diskutieren. Bitte f\u00fchren Sie sich vor Augen, dass z. B. im Gegensatz zum Pass beim Fahrausweis kein Geschlecht vermerkt ist - und es funktioniert.</p>\n<p>Ich bitte Sie, diesem Bed\u00fcrfnis vieler Menschen Rechnung zu tragen und das Postulat anzunehmen.</p>\n</pd_text>","MeetingCouncilAbbreviation":"N","MeetingDate":"20180917","MeetingVerbalixOid":3042,"IdSession":"5014","SpeakerFirstName":"Sibel","SpeakerLastName":"Arslan","SpeakerFullName":"Arslan Sibel","SpeakerFunction":"Mit-F","CouncilId":1,"CouncilName":"Nationalrat","CantonId":12,"CantonName":"Basel-Stadt","CantonAbbreviation":"BS","ParlGroupName":"Gr\u00fcne Fraktion","ParlGroupAbbreviation":"G","SortOrder":1,"Start":"\/Date(1537207544640)\/","End":"\/Date(1537207863528)\/","Function":"Mit-F","DisplaySpeaker":true,"LanguageOfText":"DE","Modified":"\/Date(1774877233214)\/","StartTimeWithTimezone":"\/Date(1537207544640+0120)\/","EndTimeWithTimezone":"\/Date(1537207863527+0120)\/","VoteBusinessNumber":null,"VoteBusinessShortNumber":null,"VoteBusinessTitle":null}]},"ID":"44049","Language":"DE","IdMeeting":"4099","VerbalixOid":572657,"SortOrder":90,"Modified":"\/Date(1774877233209)\/"}}