{"d":{"__metadata":{"id":"https://ws.parlament.ch/OData.svc/Subject(ID=4405L,Language='DE')","uri":"https://ws.parlament.ch/OData.svc/Subject(ID=4405L,Language='DE')","type":"itsystems.Pd.DataServices.DataModel.Subject"},"Meetings":{"__metadata":{"id":"https://ws.parlament.ch/OData.svc/Meeting(ID=306L,Language='DE')","uri":"https://ws.parlament.ch/OData.svc/Meeting(ID=306L,Language='DE')","type":"itsystems.Pd.DataServices.DataModel.Meeting"},"Sessions":{"__deferred":{"uri":"https://ws.parlament.ch/OData.svc/Meeting(ID=306L,Language='DE')/Sessions"}},"Subjects":{"__deferred":{"uri":"https://ws.parlament.ch/OData.svc/Meeting(ID=306L,Language='DE')/Subjects"}},"ID":"306","Language":"DE","MeetingNumber":16,"IdSession":4614,"SessionNumber":14,"SessionName":"Sommersession 2002","Council":1,"CouncilName":"Nationalrat","CouncilAbbreviation":"NR","Date":"\/Date(1024617600000)\/","Begin":"0800","Modified":"\/Date(1447069800537)\/","LegislativePeriodNumber":46,"PublicationStatus":"final","MeetingOrderText":"Sechzehnte Sitzung","SortOrder":16,"Location":"N"},"SubjectsBusiness":{"results":[{"__metadata":{"id":"https://ws.parlament.ch/OData.svc/SubjectBusiness(BusinessNumber=20020031,IdSubject=4405L,Language='DE')","uri":"https://ws.parlament.ch/OData.svc/SubjectBusiness(BusinessNumber=20020031,IdSubject=4405L,Language='DE')","type":"itsystems.Pd.DataServices.DataModel.SubjectBusiness"},"Subjects":{"__deferred":{"uri":"https://ws.parlament.ch/OData.svc/SubjectBusiness(BusinessNumber=20020031,IdSubject=4405L,Language='DE')/Subjects"}},"Businesses":{"__deferred":{"uri":"https://ws.parlament.ch/OData.svc/SubjectBusiness(BusinessNumber=20020031,IdSubject=4405L,Language='DE')/Businesses"}},"IdSubject":"4405","BusinessNumber":20020031,"Language":"DE","BusinessShortNumber":"02.031","Title":"Umsatzabgabe. Verl\u00e4ngerung der dringlichen Massnahmen","SortOrder":1,"PublishedNotes":"Schlussabstimmung - Vote final\n","Modified":"\/Date(1447069172336)\/","TitleDE":"Umsatzabgabe.\nVerl\u00e4ngerung\nder dringlichen Massnahmen","TitleFR":"Droit de timbre de n\u00e9gociation.\nProrogation\ndes mesures urgentes","TitleIT":null}]},"Transcripts":{"results":[{"__metadata":{"id":"https://ws.parlament.ch/OData.svc/Transcript(ID=23633L,Language='DE')","uri":"https://ws.parlament.ch/OData.svc/Transcript(ID=23633L,Language='DE')","type":"itsystems.Pd.DataServices.DataModel.Transcript"},"Subjects":{"__deferred":{"uri":"https://ws.parlament.ch/OData.svc/Transcript(ID=23633L,Language='DE')/Subjects"}},"MembersCouncil":{"__deferred":{"uri":"https://ws.parlament.ch/OData.svc/Transcript(ID=23633L,Language='DE')/MembersCouncil"}},"Businesses":{"__deferred":{"uri":"https://ws.parlament.ch/OData.svc/Transcript(ID=23633L,Language='DE')/Businesses"}},"ID":"23633","Language":"DE","IdSubject":"4405","VoteId":null,"PersonNumber":341,"Type":1,"Text":"<pd_text><p><b>1. Bundesgesetz \u00fcber die \u00c4nderung des Bundesbeschlusses \u00fcber dringliche Massnahmen im Bereich der Umsatzabgabe </b></p>\n<p><b>1. Loi f\u00e9d\u00e9rale modifiant l'arr\u00eat\u00e9 f\u00e9d\u00e9ral concernant des mesures urgentes dans le domaine du droit de timbre de n\u00e9gociation </b></p>\n<p>[VS]</p>\n<p><i>Abstimmung - Vote</i></p>\n<p>F\u00fcr Annahme des Entwurfes .... 165 Stimmen</p>\n<p>Dagegen .... 18 Stimmen</p>\n<p>[VS]</p>\n<p>[VS]</p>\n<p><b>2. Bundesgesetz \u00fcber neue dringliche Massnahmen im Bereich der Umsatzabgabe  </b></p>\n<p><b>2. Loi f\u00e9d\u00e9rale instaurant de nouvelles mesures urgentes dans le domaine du droit de timbre de n\u00e9gociation </b></p>\n<p>[VS]</p>\n<p><i>Abstimmung - Vote</i></p>\n<p>F\u00fcr Annahme des Entwurfes .... 163 Stimmen</p>\n<p>Dagegen .... 18 Stimmen</p>\n<p>[PAGE 1140] </p>\n</pd_text>","MeetingCouncilAbbreviation":"N","MeetingDate":"20020621","MeetingVerbalixOid":943,"IdSession":"4614","SpeakerFirstName":"Liliane","SpeakerLastName":"Maury Pasquier","SpeakerFullName":"Maury Pasquier Liliane","SpeakerFunction":"P-F","CouncilId":1,"CouncilName":"Nationalrat","CantonId":25,"CantonName":"Genf","CantonAbbreviation":"GE","ParlGroupName":"Sozialdemokratische Fraktion","ParlGroupAbbreviation":"S","SortOrder":1,"Start":"\/Date(1024649411723)\/","End":"\/Date(1024649595419)\/","Function":"","DisplaySpeaker":false,"LanguageOfText":null,"Modified":"\/Date(1774878186222)\/","StartTimeWithTimezone":"\/Date(1024649411723+0120)\/","EndTimeWithTimezone":"\/Date(1024649595420+0120)\/","VoteBusinessNumber":null,"VoteBusinessShortNumber":null,"VoteBusinessTitle":null}]},"ID":"4405","Language":"DE","IdMeeting":"306","VerbalixOid":62793,"SortOrder":101,"Modified":"\/Date(1774878186218)\/"}}