{"d":{"__metadata":{"id":"https://ws.parlament.ch/OData.svc/Subject(ID=4416L,Language='DE')","uri":"https://ws.parlament.ch/OData.svc/Subject(ID=4416L,Language='DE')","type":"itsystems.Pd.DataServices.DataModel.Subject"},"Meetings":{"__metadata":{"id":"https://ws.parlament.ch/OData.svc/Meeting(ID=308L,Language='DE')","uri":"https://ws.parlament.ch/OData.svc/Meeting(ID=308L,Language='DE')","type":"itsystems.Pd.DataServices.DataModel.Meeting"},"Sessions":{"__deferred":{"uri":"https://ws.parlament.ch/OData.svc/Meeting(ID=308L,Language='DE')/Sessions"}},"Subjects":{"__deferred":{"uri":"https://ws.parlament.ch/OData.svc/Meeting(ID=308L,Language='DE')/Subjects"}},"ID":"308","Language":"DE","MeetingNumber":2,"IdSession":4614,"SessionNumber":14,"SessionName":"Sommersession 2002","Council":2,"CouncilName":"St\u00e4nderat","CouncilAbbreviation":"SR","Date":"\/Date(1023148800000)\/","Begin":"0800","Modified":"\/Date(1447069801373)\/","LegislativePeriodNumber":46,"PublicationStatus":"final","MeetingOrderText":"Zweite Sitzung","SortOrder":2,"Location":"S"},"SubjectsBusiness":{"results":[{"__metadata":{"id":"https://ws.parlament.ch/OData.svc/SubjectBusiness(BusinessNumber=19980038,IdSubject=4416L,Language='DE')","uri":"https://ws.parlament.ch/OData.svc/SubjectBusiness(BusinessNumber=19980038,IdSubject=4416L,Language='DE')","type":"itsystems.Pd.DataServices.DataModel.SubjectBusiness"},"Subjects":{"__deferred":{"uri":"https://ws.parlament.ch/OData.svc/SubjectBusiness(BusinessNumber=19980038,IdSubject=4416L,Language='DE')/Subjects"}},"Businesses":{"__deferred":{"uri":"https://ws.parlament.ch/OData.svc/SubjectBusiness(BusinessNumber=19980038,IdSubject=4416L,Language='DE')/Businesses"}},"IdSubject":"4416","BusinessNumber":19980038,"Language":"DE","BusinessShortNumber":"98.038","Title":"StGB, MStG und Bundesgesetz \u00fcber das Jugendstrafrecht. \u00c4nderung","SortOrder":1,"PublishedNotes":"Differenzen - Divergences\n","Modified":"\/Date(1447069086900)\/","TitleDE":"Schweizerisches Strafgesetzbuch\nund Milit\u00e4rstrafgesetz.\n\u00c4nderung","TitleFR":"Code p\u00e9nal suisse\net Code p\u00e9nal militaire.\nModification","TitleIT":null}]},"Transcripts":{"results":[{"__metadata":{"id":"https://ws.parlament.ch/OData.svc/Transcript(ID=23705L,Language='DE')","uri":"https://ws.parlament.ch/OData.svc/Transcript(ID=23705L,Language='DE')","type":"itsystems.Pd.DataServices.DataModel.Transcript"},"Subjects":{"__deferred":{"uri":"https://ws.parlament.ch/OData.svc/Transcript(ID=23705L,Language='DE')/Subjects"}},"MembersCouncil":{"__deferred":{"uri":"https://ws.parlament.ch/OData.svc/Transcript(ID=23705L,Language='DE')/MembersCouncil"}},"Businesses":{"__deferred":{"uri":"https://ws.parlament.ch/OData.svc/Transcript(ID=23705L,Language='DE')/Businesses"}},"ID":"23705","Language":"DE","IdSubject":"4416","VoteId":null,"PersonNumber":null,"Type":3,"Text":"<pd_text><p><i>Angenommen - Adopt\u00e9</i></p>\n<p>[PAGE 304] [VS]</p>\n<p><b>Art. 37 Abs. 2; 39 Abs. 2</b></p>\n<p><i>Antrag der Kommission</i></p>\n<p>Zustimmung zum Beschluss des Nationalrates</p>\n<p>[VS]</p>\n<p><b>Art. 37 al. 2; 39 al. 2</b></p>\n<p><i>Proposition de la commission</i></p>\n<p>Adh\u00e9rer \u00e0 la d\u00e9cision du Conseil national</p>\n<p>[VS]</p>\n<p><i>Angenommen - Adopt\u00e9</i></p>\n</pd_text>","MeetingCouncilAbbreviation":"S","MeetingDate":"20020604","MeetingVerbalixOid":945,"IdSession":"4614","SpeakerFirstName":null,"SpeakerLastName":null,"SpeakerFullName":"","SpeakerFunction":null,"CouncilId":null,"CouncilName":null,"CantonId":null,"CantonName":null,"CantonAbbreviation":null,"ParlGroupName":null,"ParlGroupAbbreviation":null,"SortOrder":9,"Start":"\/Date(1023189713593)\/","End":"\/Date(1023189745233)\/","Function":null,"DisplaySpeaker":null,"LanguageOfText":"DE","Modified":"\/Date(1510849363787)\/","StartTimeWithTimezone":"\/Date(1023189713593+0120)\/","EndTimeWithTimezone":"\/Date(1023189745233+0120)\/","VoteBusinessNumber":null,"VoteBusinessShortNumber":null,"VoteBusinessTitle":null},{"__metadata":{"id":"https://ws.parlament.ch/OData.svc/Transcript(ID=23706L,Language='DE')","uri":"https://ws.parlament.ch/OData.svc/Transcript(ID=23706L,Language='DE')","type":"itsystems.Pd.DataServices.DataModel.Transcript"},"Subjects":{"__deferred":{"uri":"https://ws.parlament.ch/OData.svc/Transcript(ID=23706L,Language='DE')/Subjects"}},"MembersCouncil":{"__deferred":{"uri":"https://ws.parlament.ch/OData.svc/Transcript(ID=23706L,Language='DE')/MembersCouncil"}},"Businesses":{"__deferred":{"uri":"https://ws.parlament.ch/OData.svc/Transcript(ID=23706L,Language='DE')/Businesses"}},"ID":"23706","Language":"DE","IdSubject":"4416","VoteId":null,"PersonNumber":72,"Type":1,"Text":"<pd_text><p>L'article 35 concerne la prescription, \"die Verj\u00e4hrung\" en allemand. Le Conseil national a introduit un alin\u00e9a 2 et un alin\u00e9a 3, qui ont comme objectif d'allonger la dur\u00e9e de prescription, dans la mesure o\u00f9 il s'agit d'une infraction grave qui a \u00e9t\u00e9 commise sur un enfant de moins de 16 ans, et notamment lorsqu'il s'agit d'actes d'ordre sexuel. Selon le Conseil national, la prescription court jusqu'\u00e0 ce que la victime ait 25 ans.</p>\n<p>Nous estimons que la d\u00e9cision du Conseil national, m\u00eame si elle est l\u00e9gitime dans son principe, ne peut \u00eatre accept\u00e9e, d'une part, parce que nous avons durci les dispositions de la partie g\u00e9n\u00e9rale du Code p\u00e9nal afin de prot\u00e9ger les victimes et, d'autre part, surtout parce que cette d\u00e9cision cr\u00e9e des entorses difficilement acceptables. Je vous donne un exemple: pour un jeune qui a 17 ans et 11 mois et qui commet un acte d\u00e9lictueux avec une fille de 10 ans, la prescription sera de cinq ans selon l'article 35 alin\u00e9a 1er dans la version du Conseil national; par contre, s'il a 18 ans et un jour et qu'il commet le m\u00eame acte avec une fille de 10 ans, la prescription courra pendant quinze ans.</p>\n<p>Nous estimons que ces diff\u00e9rences de traitement sont choquantes et qu'il vaut mieux s'en tenir au projet du Conseil f\u00e9d\u00e9ral concernant la prescription.</p>\n</pd_text>","MeetingCouncilAbbreviation":"S","MeetingDate":"20020604","MeetingVerbalixOid":945,"IdSession":"4614","SpeakerFirstName":"Simon","SpeakerLastName":"Epiney","SpeakerFullName":"Epiney Simon","SpeakerFunction":"","CouncilId":2,"CouncilName":"St\u00e4nderat","CantonId":23,"CantonName":"Wallis","CantonAbbreviation":"VS","ParlGroupName":"Christlichdemokratische Fraktion","ParlGroupAbbreviation":"M-E","SortOrder":8,"Start":"\/Date(1023189579497)\/","End":"\/Date(1023189713593)\/","Function":"*","DisplaySpeaker":true,"LanguageOfText":"FR","Modified":"\/Date(1510849363770)\/","StartTimeWithTimezone":"\/Date(1023189579497+0120)\/","EndTimeWithTimezone":"\/Date(1023189713593+0120)\/","VoteBusinessNumber":null,"VoteBusinessShortNumber":null,"VoteBusinessTitle":null},{"__metadata":{"id":"https://ws.parlament.ch/OData.svc/Transcript(ID=23707L,Language='DE')","uri":"https://ws.parlament.ch/OData.svc/Transcript(ID=23707L,Language='DE')","type":"itsystems.Pd.DataServices.DataModel.Transcript"},"Subjects":{"__deferred":{"uri":"https://ws.parlament.ch/OData.svc/Transcript(ID=23707L,Language='DE')/Subjects"}},"MembersCouncil":{"__deferred":{"uri":"https://ws.parlament.ch/OData.svc/Transcript(ID=23707L,Language='DE')/MembersCouncil"}},"Businesses":{"__deferred":{"uri":"https://ws.parlament.ch/OData.svc/Transcript(ID=23707L,Language='DE')/Businesses"}},"ID":"23707","Language":"DE","IdSubject":"4416","VoteId":null,"PersonNumber":null,"Type":3,"Text":"<pd_text><p><b>Art. 27 Abs. 4</b></p>\n<p><i>Antrag der Kommission</i></p>\n<p>Zustimmung zum Beschluss des Nationalrates</p>\n<p>[VS]</p>\n<p><b>Art. 27 al. 4</b></p>\n<p><i>Proposition de la commission</i></p>\n<p>Adh\u00e9rer \u00e0 la d\u00e9cision du Conseil national</p>\n<p>[VS]</p>\n<p><i>Angenommen - Adopt\u00e9</i></p>\n<p>[VS]</p>\n<p><b>Art. 35 Abs. 2, 3</b></p>\n<p><i>Antrag der Kommission</i></p>\n<p>Streichen</p>\n<p>[VS]</p>\n<p><b>Art. 35 al. 2, 3</b></p>\n<p><i>Proposition de la commission</i></p>\n<p>Biffer</p>\n</pd_text>","MeetingCouncilAbbreviation":"S","MeetingDate":"20020604","MeetingVerbalixOid":945,"IdSession":"4614","SpeakerFirstName":null,"SpeakerLastName":null,"SpeakerFullName":"","SpeakerFunction":null,"CouncilId":null,"CouncilName":null,"CantonId":null,"CantonName":null,"CantonAbbreviation":null,"ParlGroupName":null,"ParlGroupAbbreviation":null,"SortOrder":7,"Start":null,"End":null,"Function":null,"DisplaySpeaker":null,"LanguageOfText":"DE","Modified":"\/Date(1510849363770)\/","StartTimeWithTimezone":null,"EndTimeWithTimezone":null,"VoteBusinessNumber":null,"VoteBusinessShortNumber":null,"VoteBusinessTitle":null},{"__metadata":{"id":"https://ws.parlament.ch/OData.svc/Transcript(ID=23708L,Language='DE')","uri":"https://ws.parlament.ch/OData.svc/Transcript(ID=23708L,Language='DE')","type":"itsystems.Pd.DataServices.DataModel.Transcript"},"Subjects":{"__deferred":{"uri":"https://ws.parlament.ch/OData.svc/Transcript(ID=23708L,Language='DE')/Subjects"}},"MembersCouncil":{"__deferred":{"uri":"https://ws.parlament.ch/OData.svc/Transcript(ID=23708L,Language='DE')/MembersCouncil"}},"Businesses":{"__deferred":{"uri":"https://ws.parlament.ch/OData.svc/Transcript(ID=23708L,Language='DE')/Businesses"}},"ID":"23708","Language":"DE","IdSubject":"4416","VoteId":null,"PersonNumber":72,"Type":1,"Text":"<pd_text><p>A l'article 23 alin\u00e9a 5 il y a une erreur dans le d\u00e9pliant: il n'y a pas de divergence.</p>\n</pd_text>","MeetingCouncilAbbreviation":"S","MeetingDate":"20020604","MeetingVerbalixOid":945,"IdSession":"4614","SpeakerFirstName":"Simon","SpeakerLastName":"Epiney","SpeakerFullName":"Epiney Simon","SpeakerFunction":"","CouncilId":2,"CouncilName":"St\u00e4nderat","CantonId":23,"CantonName":"Wallis","CantonAbbreviation":"VS","ParlGroupName":"Christlichdemokratische Fraktion","ParlGroupAbbreviation":"M-E","SortOrder":6,"Start":"\/Date(1023189713593)\/","End":"\/Date(1023189745233)\/","Function":"*","DisplaySpeaker":true,"LanguageOfText":"FR","Modified":"\/Date(1510849363770)\/","StartTimeWithTimezone":"\/Date(1023189713593+0120)\/","EndTimeWithTimezone":"\/Date(1023189745233+0120)\/","VoteBusinessNumber":null,"VoteBusinessShortNumber":null,"VoteBusinessTitle":null},{"__metadata":{"id":"https://ws.parlament.ch/OData.svc/Transcript(ID=23709L,Language='DE')","uri":"https://ws.parlament.ch/OData.svc/Transcript(ID=23709L,Language='DE')","type":"itsystems.Pd.DataServices.DataModel.Transcript"},"Subjects":{"__deferred":{"uri":"https://ws.parlament.ch/OData.svc/Transcript(ID=23709L,Language='DE')/Subjects"}},"MembersCouncil":{"__deferred":{"uri":"https://ws.parlament.ch/OData.svc/Transcript(ID=23709L,Language='DE')/MembersCouncil"}},"Businesses":{"__deferred":{"uri":"https://ws.parlament.ch/OData.svc/Transcript(ID=23709L,Language='DE')/Businesses"}},"ID":"23709","Language":"DE","IdSubject":"4416","VoteId":null,"PersonNumber":49,"Type":1,"Text":"<pd_text><p><i>Angenommen - Adopt\u00e9</i></p>\n<p>[VS]</p>\n<p><b>Art. 19 Abs. 2 Bst. c; 20 Abs. 3; 21 Abs. 2; 22 Abs. 1</b></p>\n<p><i>Antrag der Kommission</i></p>\n<p>Zustimmung zum Beschluss des Nationalrates</p>\n<p>[VS]</p>\n<p><b>Art. 19 al. 2 let. c; 20 al. 3; 21 al. 2; 22 al. 1</b></p>\n<p><i>Proposition de la commission</i></p>\n<p>Adh\u00e9rer \u00e0 la d\u00e9cision du Conseil national</p>\n<p>[VS]</p>\n<p><i>Angenommen - Adopt\u00e9</i></p>\n</pd_text>","MeetingCouncilAbbreviation":"S","MeetingDate":"20020604","MeetingVerbalixOid":945,"IdSession":"4614","SpeakerFirstName":"Anton","SpeakerLastName":"Cottier","SpeakerFullName":"Cottier Anton","SpeakerFunction":"P-M","CouncilId":2,"CouncilName":"St\u00e4nderat","CantonId":10,"CantonName":"Freiburg","CantonAbbreviation":"FR","ParlGroupName":"Christlichdemokratische Fraktion","ParlGroupAbbreviation":"M-E","SortOrder":5,"Start":"\/Date(1023189487593)\/","End":"\/Date(1023189579497)\/","Function":"","DisplaySpeaker":false,"LanguageOfText":null,"Modified":"\/Date(1510849363770)\/","StartTimeWithTimezone":"\/Date(1023189487593+0120)\/","EndTimeWithTimezone":"\/Date(1023189579497+0120)\/","VoteBusinessNumber":null,"VoteBusinessShortNumber":null,"VoteBusinessTitle":null},{"__metadata":{"id":"https://ws.parlament.ch/OData.svc/Transcript(ID=23710L,Language='DE')","uri":"https://ws.parlament.ch/OData.svc/Transcript(ID=23710L,Language='DE')","type":"itsystems.Pd.DataServices.DataModel.Transcript"},"Subjects":{"__deferred":{"uri":"https://ws.parlament.ch/OData.svc/Transcript(ID=23710L,Language='DE')/Subjects"}},"MembersCouncil":{"__deferred":{"uri":"https://ws.parlament.ch/OData.svc/Transcript(ID=23710L,Language='DE')/MembersCouncil"}},"Businesses":{"__deferred":{"uri":"https://ws.parlament.ch/OData.svc/Transcript(ID=23710L,Language='DE')/Businesses"}},"ID":"23710","Language":"DE","IdSubject":"4416","VoteId":null,"PersonNumber":72,"Type":1,"Text":"<pd_text><p>La deuxi\u00e8me divergence se situe \u00e0 l'article 18 alin\u00e9a 2. Les d\u00e9tenteurs de l'autorit\u00e9 parentale ou les parents nourriciers en proie \u00e0 des difficult\u00e9s avec un mineur sont assist\u00e9s par un service sp\u00e9cialis\u00e9 disposant d'un droit de regard. Au besoin, une assistance personnelle peut \u00eatre fournie aux parents pour les seconder dans leur t\u00e2che \u00e9ducative. </p>\n<p>Le Conseil national veut prolonger ce service au-del\u00e0 de 18 ans, m\u00eame sans l'accord de l'int\u00e9ress\u00e9, alors que l'article 11 alin\u00e9a 3 pr\u00e9cise bien qu'\"aucune surveillance ne peut \u00eatre ordonn\u00e9e apr\u00e8s la majorit\u00e9 de l'int\u00e9ress\u00e9 sans son accord\". Il y a donc une incoh\u00e9rence entre l'article 11 alin\u00e9a 3 et la d\u00e9cision du Conseil national \u00e0 l'article 18 alin\u00e9a 2.</p>\n<p>Ensuite, il ne faut pas m\u00e9langer les notions de minorit\u00e9 et de majorit\u00e9. A partir de 18 ans, un jeune devient majeur. S'il y a des probl\u00e8mes avec ce jeune, il convient de prendre des mesures tut\u00e9laires, mais c'est aller \u00e0 l'encontre de la notion de minorit\u00e9 et de majorit\u00e9 que de pouvoir imposer apr\u00e8s 18 ans de telles mesures. D'ailleurs, c'est vraisemblablement contreproductif de vouloir appliquer des mesures \u00e0 un mineur sans son consentement.</p>\n<p>C'est pour cette raison que la commission propose de maintenir notre d\u00e9cision \u00e0 l'article 18 alin\u00e9a 2.</p>\n</pd_text>","MeetingCouncilAbbreviation":"S","MeetingDate":"20020604","MeetingVerbalixOid":945,"IdSession":"4614","SpeakerFirstName":"Simon","SpeakerLastName":"Epiney","SpeakerFullName":"Epiney Simon","SpeakerFunction":"","CouncilId":2,"CouncilName":"St\u00e4nderat","CantonId":23,"CantonName":"Wallis","CantonAbbreviation":"VS","ParlGroupName":"Christlichdemokratische Fraktion","ParlGroupAbbreviation":"M-E","SortOrder":4,"Start":"\/Date(1023189372107)\/","End":"\/Date(1023189487593)\/","Function":"*","DisplaySpeaker":true,"LanguageOfText":"FR","Modified":"\/Date(1510849363770)\/","StartTimeWithTimezone":"\/Date(1023189372107+0120)\/","EndTimeWithTimezone":"\/Date(1023189487593+0120)\/","VoteBusinessNumber":null,"VoteBusinessShortNumber":null,"VoteBusinessTitle":null},{"__metadata":{"id":"https://ws.parlament.ch/OData.svc/Transcript(ID=23711L,Language='DE')","uri":"https://ws.parlament.ch/OData.svc/Transcript(ID=23711L,Language='DE')","type":"itsystems.Pd.DataServices.DataModel.Transcript"},"Subjects":{"__deferred":{"uri":"https://ws.parlament.ch/OData.svc/Transcript(ID=23711L,Language='DE')/Subjects"}},"MembersCouncil":{"__deferred":{"uri":"https://ws.parlament.ch/OData.svc/Transcript(ID=23711L,Language='DE')/MembersCouncil"}},"Businesses":{"__deferred":{"uri":"https://ws.parlament.ch/OData.svc/Transcript(ID=23711L,Language='DE')/Businesses"}},"ID":"23711","Language":"DE","IdSubject":"4416","VoteId":null,"PersonNumber":49,"Type":1,"Text":"<pd_text><p><i>Angenommen - Adopt\u00e9</i></p>\n<p>[VS]</p>\n<p><b>Art. 3 Abs. 2; 7bis Abs. 1 Bst. c; 8 Abs. 3; 11 Abs. 1; 12 Abs. 2; 13 Abs. 1</b></p>\n<p><i>Antrag der Kommission</i></p>\n<p>Zustimmung zum Beschluss des Nationalrates</p>\n<p>[VS]</p>\n<p><b>Art. 3 al. 2; 7bis al. 1 let. c; 8 al. 3; 11 al. 1; 12 al. 2; 13 al. 1</b></p>\n<p><i>Proposition de la commission</i></p>\n<p>Adh\u00e9rer \u00e0 la d\u00e9cision du Conseil national</p>\n<p>[VS]</p>\n<p><i>Angenommen - Adopt\u00e9</i></p>\n<p>[VS]</p>\n<p><b>Art. 18 Abs. 2</b></p>\n<p><i>Antrag der Kommission</i></p>\n<p>Festhalten</p>\n<p>[VS]</p>\n<p><b>Art. 18 al. 2</b></p>\n<p><i>Proposition de la commission</i></p>\n<p>Maintenir</p>\n</pd_text>","MeetingCouncilAbbreviation":"S","MeetingDate":"20020604","MeetingVerbalixOid":945,"IdSession":"4614","SpeakerFirstName":"Anton","SpeakerLastName":"Cottier","SpeakerFullName":"Cottier Anton","SpeakerFunction":"P-M","CouncilId":2,"CouncilName":"St\u00e4nderat","CantonId":10,"CantonName":"Freiburg","CantonAbbreviation":"FR","ParlGroupName":"Christlichdemokratische Fraktion","ParlGroupAbbreviation":"M-E","SortOrder":3,"Start":"\/Date(1023189362967)\/","End":"\/Date(1023189372107)\/","Function":"","DisplaySpeaker":false,"LanguageOfText":null,"Modified":"\/Date(1510849363770)\/","StartTimeWithTimezone":"\/Date(1023189362967+0120)\/","EndTimeWithTimezone":"\/Date(1023189372107+0120)\/","VoteBusinessNumber":null,"VoteBusinessShortNumber":null,"VoteBusinessTitle":null},{"__metadata":{"id":"https://ws.parlament.ch/OData.svc/Transcript(ID=23712L,Language='DE')","uri":"https://ws.parlament.ch/OData.svc/Transcript(ID=23712L,Language='DE')","type":"itsystems.Pd.DataServices.DataModel.Transcript"},"Subjects":{"__deferred":{"uri":"https://ws.parlament.ch/OData.svc/Transcript(ID=23712L,Language='DE')/Subjects"}},"MembersCouncil":{"__deferred":{"uri":"https://ws.parlament.ch/OData.svc/Transcript(ID=23712L,Language='DE')/MembersCouncil"}},"Businesses":{"__deferred":{"uri":"https://ws.parlament.ch/OData.svc/Transcript(ID=23712L,Language='DE')/Businesses"}},"ID":"23712","Language":"DE","IdSubject":"4416","VoteId":null,"PersonNumber":72,"Type":1,"Text":"<pd_text><p>Nous sommes donc effectivement au stade de l'\u00e9limination des divergences. Il y a trois divergences avec le Conseil national.</p>\n<p>D'abord, l'article 2 alin\u00e9a 3 pr\u00e9voit, dans la version du Conseil f\u00e9d\u00e9ral: \"Les personnes charg\u00e9es d'appliquer la pr\u00e9sente loi doivent disposer de comp\u00e9tences \u00e9ducatives.\" Le Conseil des Etats avait biff\u00e9 cet alin\u00e9a 3. La commission vous propose de maintenir notre d\u00e9cision. En effet, il n'est pas coutumier de pr\u00e9ciser dans une loi quelles sont les comp\u00e9tences que doivent avoir les juges. Les juges doivent par d\u00e9finition \u00eatre comp\u00e9tents, mais on ne doit pas pr\u00e9ciser quelle sorte de comp\u00e9tence ils doivent avoir puisqu'il n'y a pas seulement des comp\u00e9tences \u00e9ducatives, mais il peut y avoir bien s\u00fbr, et d'abord, des comp\u00e9tences professionnelles.</p>\n<p>D\u00e8s lors, il ne faut pas \u00e0 notre avis \u00eatre restrictif dans cette loi et il vaut mieux biffer l'alin\u00e9a 3, car que signifie \"disposer de comp\u00e9tences \u00e9ducatives\"? Est-ce qu'un juge qui a des enfants \u00e0 probl\u00e8mes, ou qui est c\u00e9libataire, ou homosexuel ou qui a \u00e9t\u00e9 mari\u00e9 plusieurs fois, sera qualifi\u00e9 d'incapable d'\u00eatre juge des mineurs? Donc, nous estimons que cette qualification des comp\u00e9tences du juge des mineurs est maladroite et ne doit pas figurer dans la loi.</p>\n</pd_text>","MeetingCouncilAbbreviation":"S","MeetingDate":"20020604","MeetingVerbalixOid":945,"IdSession":"4614","SpeakerFirstName":"Simon","SpeakerLastName":"Epiney","SpeakerFullName":"Epiney Simon","SpeakerFunction":"","CouncilId":2,"CouncilName":"St\u00e4nderat","CantonId":23,"CantonName":"Wallis","CantonAbbreviation":"VS","ParlGroupName":"Christlichdemokratische Fraktion","ParlGroupAbbreviation":"M-E","SortOrder":2,"Start":"\/Date(1023189241717)\/","End":"\/Date(1023189362967)\/","Function":"*","DisplaySpeaker":true,"LanguageOfText":"FR","Modified":"\/Date(1510849363770)\/","StartTimeWithTimezone":"\/Date(1023189241717+0120)\/","EndTimeWithTimezone":"\/Date(1023189362967+0120)\/","VoteBusinessNumber":null,"VoteBusinessShortNumber":null,"VoteBusinessTitle":null},{"__metadata":{"id":"https://ws.parlament.ch/OData.svc/Transcript(ID=23713L,Language='DE')","uri":"https://ws.parlament.ch/OData.svc/Transcript(ID=23713L,Language='DE')","type":"itsystems.Pd.DataServices.DataModel.Transcript"},"Subjects":{"__deferred":{"uri":"https://ws.parlament.ch/OData.svc/Transcript(ID=23713L,Language='DE')/Subjects"}},"MembersCouncil":{"__deferred":{"uri":"https://ws.parlament.ch/OData.svc/Transcript(ID=23713L,Language='DE')/MembersCouncil"}},"Businesses":{"__deferred":{"uri":"https://ws.parlament.ch/OData.svc/Transcript(ID=23713L,Language='DE')/Businesses"}},"ID":"23713","Language":"DE","IdSubject":"4416","VoteId":null,"PersonNumber":49,"Type":1,"Text":"<pd_text><p><b>3. Bundesgesetz \u00fcber das Jugendstrafrecht </b></p>\n<p><b>3. Loi f\u00e9d\u00e9rale r\u00e9gissant la condition p\u00e9nale des mineurs </b></p>\n<p>[VS]</p>\n<p><b>Art. 1 Abs. 2 Bst. c, i</b></p>\n<p><i>Antrag der Kommission</i></p>\n<p>Zustimmung zum Beschluss des Nationalrates</p>\n<p>[PAGE 303] [VS]</p>\n<p><b>Art. 1 al. 2 let. c, i</b></p>\n<p><i>Proposition de la commission</i></p>\n<p>Adh\u00e9rer \u00e0 la d\u00e9cision du Conseil national</p>\n<p>[VS]</p>\n<p><i>Angenommen - Adopt\u00e9</i></p>\n<p>[VS]</p>\n<p><b>Art. 2</b></p>\n<p><i>Antrag der Kommission</i></p>\n<p><i>Abs. 2</i></p>\n<p>Zustimmung zum Beschluss des Nationalrates</p>\n<p><i>Abs. 3</i></p>\n<p>Festhalten</p>\n<p>[VS]</p>\n<p><b>Art. 2</b></p>\n<p><i>Proposition de la commission</i></p>\n<p><i>Al. 2</i></p>\n<p>Adh\u00e9rer \u00e0 la d\u00e9cision du Conseil national</p>\n<p><i>Al. 3</i></p>\n<p>Maintenir</p>\n</pd_text>","MeetingCouncilAbbreviation":"S","MeetingDate":"20020604","MeetingVerbalixOid":945,"IdSession":"4614","SpeakerFirstName":"Anton","SpeakerLastName":"Cottier","SpeakerFullName":"Cottier Anton","SpeakerFunction":"P-M","CouncilId":2,"CouncilName":"St\u00e4nderat","CantonId":10,"CantonName":"Freiburg","CantonAbbreviation":"FR","ParlGroupName":"Christlichdemokratische Fraktion","ParlGroupAbbreviation":"M-E","SortOrder":1,"Start":"\/Date(1023189223700)\/","End":"\/Date(1023189241717)\/","Function":"","DisplaySpeaker":false,"LanguageOfText":null,"Modified":"\/Date(1510849363770)\/","StartTimeWithTimezone":"\/Date(1023189223700+0120)\/","EndTimeWithTimezone":"\/Date(1023189241717+0120)\/","VoteBusinessNumber":null,"VoteBusinessShortNumber":null,"VoteBusinessTitle":null}]},"ID":"4416","Language":"DE","IdMeeting":"308","VerbalixOid":58610,"SortOrder":8,"Modified":"\/Date(1510849363770)\/"}}